{"id":1646,"date":"2024-08-10T19:32:54","date_gmt":"2024-08-10T22:32:54","guid":{"rendered":"https:\/\/noticiasdefato.net\/?p=1646"},"modified":"2024-08-12T11:00:50","modified_gmt":"2024-08-12T14:00:50","slug":"denuncia-grave-causa-da-queda-do-aviao-em-vinhedo","status":"publish","type":"post","link":"https:\/\/noticiasdefato.net\/?p=1646","title":{"rendered":"DEN\u00daNCIA GRAVE: CAUSA DA QUEDA DO AVI\u00c3O EM VINHEDO"},"content":{"rendered":"\n<p><em>Negativa de torre de controle para piloto sair da condi\u00e7\u00e3o de gelo severo pode ser a causa do acidente.<\/em><\/p>\n\n\n\n<p>O advogado Jeffrey Chiquini publicou um v\u00eddeo onde afirma ter recebido den\u00fancias de pilotos que sobrevoavam \u00e1reas pr\u00f3ximas da aeronave que caiu em Vinhedo-SP. No v\u00eddeo h\u00e1 depoimento de um suposto piloto que sobrevoava pr\u00f3ximo, e que ouviu uma comunica\u00e7\u00e3o entre o piloto do avi\u00e3o que caiu e a torre de controle.<\/p>\n\n\n\n<p>Segundo narrado no \u00e1udio, o piloto da aeronave que caiu chegou a pedir para descer de n\u00edvel, alegando que havia condi\u00e7\u00e3o severa de gelo. Entretanto, houve negativa da torre de controle. O piloto n\u00e3o desobedeceu a torre, ou seja, manteve o n\u00edvel, e provavelmente n\u00e3o declarou emerg\u00eancia para poder descer de n\u00edvel, e se o fez, possivelmente j\u00e1 era tarde demais para que n\u00e3o acumulasse gelo sobre as asas do avi\u00e3o.<\/p>\n\n\n\n<figure class=\"wp-block-embed is-type-video is-provider-youtube wp-block-embed-youtube wp-embed-aspect-4-3 wp-has-aspect-ratio\"><div class=\"wp-block-embed__wrapper\">\n<iframe title=\"DENUNCIA GRAVE: Poss\u00edvel causa da queda do avi\u00e3o em Vinhedo-SP\" width=\"720\" height=\"540\" src=\"https:\/\/www.youtube.com\/embed\/OmhN-URFybU?feature=oembed\" frameborder=\"0\" allow=\"accelerometer; autoplay; clipboard-write; encrypted-media; gyroscope; picture-in-picture; web-share\" referrerpolicy=\"strict-origin-when-cross-origin\" allowfullscreen><\/iframe>\n<\/div><\/figure>\n\n\n\n<p>A aeronave era equipada com o sistema de descongelamento, entretanto, a atua\u00e7\u00e3o do sistema n\u00e3o foi suficiente na condi\u00e7\u00e3o severa em que se encontrava a aeronave.<\/p>\n\n\n\n<p>Por \u00f3bvio, o CENIPA, \u00f3rg\u00e3o respons\u00e1vel pela investiga\u00e7\u00e3o de acidentes a\u00e9reos, analisar\u00e1 as duas caixas pretas, al\u00e9m de investigar a din\u00e2mica do acidente antes de emitir uma conclus\u00e3o. Mas, com base nos depoimentos de supostos pilotos, \u00e9 prov\u00e1vel que o acidente tenha ocorrido motivado pela negativa da torre de controle, e pelo piloto n\u00e3o ter declarado emerg\u00eancia, ou t\u00ea-lo feito tardiamente.<\/p>\n","protected":false},"excerpt":{"rendered":"<p>Negativa de torre de controle para piloto sair da condi\u00e7\u00e3o de gelo severo pode ser a causa do acidente. <a href=\"https:\/\/noticiasdefato.net\/?p=1646\" class=\"more-link\">Continuar lendo <span class=\"screen-reader-text\">DEN\u00daNCIA GRAVE: CAUSA DA QUEDA DO AVI\u00c3O EM VINHEDO<\/span><\/a><\/p>\n","protected":false},"author":1,"featured_media":1647,"comment_status":"open","ping_status":"open","sticky":false,"template":"","format":"standard","meta":{"footnotes":""},"categories":[1],"tags":[],"class_list":["post-1646","post","type-post","status-publish","format-standard","has-post-thumbnail","hentry","category-geral"],"yoast_head":"<!-- This site is optimized with the Yoast SEO plugin v23.2 - https:\/\/yoast.com\/wordpress\/plugins\/seo\/ -->\n<title>DEN\u00daNCIA GRAVE: CAUSA DA QUEDA DO AVI\u00c3O EM VINHEDO - Not\u00edcias de Fato<\/title>\n<meta name=\"description\" content=\"Negativa de torre de controle para piloto sair da condi\u00e7\u00e3o de gelo severo pode ser a causa do acidente.\" \/>\n<meta name=\"robots\" content=\"index, follow, max-snippet:-1, max-image-preview:large, max-video-preview:-1\" \/>\n<link rel=\"canonical\" href=\"https:\/\/noticiasdefato.net\/?p=1646\" \/>\n<meta property=\"og:locale\" content=\"pt_BR\" \/>\n<meta property=\"og:type\" content=\"article\" \/>\n<meta property=\"og:title\" content=\"DEN\u00daNCIA GRAVE: CAUSA DA QUEDA DO AVI\u00c3O EM VINHEDO - Not\u00edcias de Fato\" \/>\n<meta property=\"og:description\" content=\"Negativa de torre de controle para piloto sair da condi\u00e7\u00e3o de gelo severo pode ser a causa do acidente.\" \/>\n<meta property=\"og:url\" content=\"https:\/\/noticiasdefato.net\/?p=1646\" \/>\n<meta property=\"og:site_name\" content=\"Not\u00edcias de Fato\" \/>\n<meta property=\"article:publisher\" content=\"https:\/\/fb.com\/noticiasdefato.jornal\" \/>\n<meta property=\"article:author\" content=\"http:\/\/fb.com\/\/noticiasdefato.jornal\" \/>\n<meta property=\"article:published_time\" content=\"2024-08-10T22:32:54+00:00\" \/>\n<meta property=\"article:modified_time\" content=\"2024-08-12T14:00:50+00:00\" \/>\n<meta property=\"og:image\" content=\"https:\/\/noticiasdefato.net\/wp-content\/uploads\/2024\/08\/Screenshot_20240810-1927432.png\" \/>\n\t<meta property=\"og:image:width\" content=\"1080\" \/>\n\t<meta property=\"og:image:height\" content=\"705\" \/>\n\t<meta property=\"og:image:type\" content=\"image\/png\" \/>\n<meta name=\"author\" content=\"Noticias de Fato\" \/>\n<meta name=\"twitter:card\" content=\"summary_large_image\" \/>\n<meta name=\"twitter:creator\" content=\"@https:\/\/twitter.com\/NoticiasDeFato_\" \/>\n<meta name=\"twitter:site\" content=\"@noticiasdefato_\" \/>\n<meta name=\"twitter:label1\" content=\"Escrito por\" \/>\n\t<meta name=\"twitter:data1\" content=\"Noticias de Fato\" \/>\n\t<meta name=\"twitter:label2\" content=\"Est. tempo de leitura\" \/>\n\t<meta name=\"twitter:data2\" content=\"2 minutos\" \/>\n<script type=\"application\/ld+json\" class=\"yoast-schema-graph\">{\"@context\":\"https:\/\/schema.org\",\"@graph\":[{\"@type\":\"Article\",\"@id\":\"https:\/\/noticiasdefato.net\/?p=1646#article\",\"isPartOf\":{\"@id\":\"https:\/\/noticiasdefato.net\/?p=1646\"},\"author\":{\"name\":\"Noticias de Fato\",\"@id\":\"https:\/\/noticiasdefato.net\/#\/schema\/person\/982ce60211d95acf059cd702aa260d08\"},\"headline\":\"DEN\u00daNCIA GRAVE: CAUSA DA QUEDA DO AVI\u00c3O EM VINHEDO\",\"datePublished\":\"2024-08-10T22:32:54+00:00\",\"dateModified\":\"2024-08-12T14:00:50+00:00\",\"mainEntityOfPage\":{\"@id\":\"https:\/\/noticiasdefato.net\/?p=1646\"},\"wordCount\":279,\"commentCount\":0,\"publisher\":{\"@id\":\"https:\/\/noticiasdefato.net\/#organization\"},\"image\":{\"@id\":\"https:\/\/noticiasdefato.net\/?p=1646#primaryimage\"},\"thumbnailUrl\":\"https:\/\/noticiasdefato.net\/wp-content\/uploads\/2024\/08\/Screenshot_20240810-1927432.png\",\"articleSection\":[\"Geral\"],\"inLanguage\":\"pt-BR\",\"potentialAction\":[{\"@type\":\"CommentAction\",\"name\":\"Comment\",\"target\":[\"https:\/\/noticiasdefato.net\/?p=1646#respond\"]}]},{\"@type\":\"WebPage\",\"@id\":\"https:\/\/noticiasdefato.net\/?p=1646\",\"url\":\"https:\/\/noticiasdefato.net\/?p=1646\",\"name\":\"DEN\u00daNCIA GRAVE: CAUSA DA QUEDA DO AVI\u00c3O EM VINHEDO - Not\u00edcias de Fato\",\"isPartOf\":{\"@id\":\"https:\/\/noticiasdefato.net\/#website\"},\"primaryImageOfPage\":{\"@id\":\"https:\/\/noticiasdefato.net\/?p=1646#primaryimage\"},\"image\":{\"@id\":\"https:\/\/noticiasdefato.net\/?p=1646#primaryimage\"},\"thumbnailUrl\":\"https:\/\/noticiasdefato.net\/wp-content\/uploads\/2024\/08\/Screenshot_20240810-1927432.png\",\"datePublished\":\"2024-08-10T22:32:54+00:00\",\"dateModified\":\"2024-08-12T14:00:50+00:00\",\"description\":\"Negativa de torre de controle para piloto sair da condi\u00e7\u00e3o de gelo severo pode ser a causa do acidente.\",\"breadcrumb\":{\"@id\":\"https:\/\/noticiasdefato.net\/?p=1646#breadcrumb\"},\"inLanguage\":\"pt-BR\",\"potentialAction\":[{\"@type\":\"ReadAction\",\"target\":[\"https:\/\/noticiasdefato.net\/?p=1646\"]}]},{\"@type\":\"ImageObject\",\"inLanguage\":\"pt-BR\",\"@id\":\"https:\/\/noticiasdefato.net\/?p=1646#primaryimage\",\"url\":\"https:\/\/noticiasdefato.net\/wp-content\/uploads\/2024\/08\/Screenshot_20240810-1927432.png\",\"contentUrl\":\"https:\/\/noticiasdefato.net\/wp-content\/uploads\/2024\/08\/Screenshot_20240810-1927432.png\",\"width\":1080,\"height\":705},{\"@type\":\"BreadcrumbList\",\"@id\":\"https:\/\/noticiasdefato.net\/?p=1646#breadcrumb\",\"itemListElement\":[{\"@type\":\"ListItem\",\"position\":1,\"name\":\"In\u00edcio\",\"item\":\"https:\/\/noticiasdefato.net\/\"},{\"@type\":\"ListItem\",\"position\":2,\"name\":\"DEN\u00daNCIA GRAVE: CAUSA DA QUEDA DO AVI\u00c3O EM VINHEDO\"}]},{\"@type\":\"WebSite\",\"@id\":\"https:\/\/noticiasdefato.net\/#website\",\"url\":\"https:\/\/noticiasdefato.net\/\",\"name\":\"Not\u00edcias de Fato\",\"description\":\"Trabalhamos com honestidade, seriedade e com a verdade.\",\"publisher\":{\"@id\":\"https:\/\/noticiasdefato.net\/#organization\"},\"potentialAction\":[{\"@type\":\"SearchAction\",\"target\":{\"@type\":\"EntryPoint\",\"urlTemplate\":\"https:\/\/noticiasdefato.net\/?s={search_term_string}\"},\"query-input\":\"required name=search_term_string\"}],\"inLanguage\":\"pt-BR\"},{\"@type\":\"Organization\",\"@id\":\"https:\/\/noticiasdefato.net\/#organization\",\"name\":\"Not\u00edcias de Fato\",\"url\":\"https:\/\/noticiasdefato.net\/\",\"logo\":{\"@type\":\"ImageObject\",\"inLanguage\":\"pt-BR\",\"@id\":\"https:\/\/noticiasdefato.net\/#\/schema\/logo\/image\/\",\"url\":\"https:\/\/noticiasdefato.net\/wp-content\/uploads\/2024\/02\/cropped-logo_topo.png\",\"contentUrl\":\"https:\/\/noticiasdefato.net\/wp-content\/uploads\/2024\/02\/cropped-logo_topo.png\",\"width\":1948,\"height\":665,\"caption\":\"Not\u00edcias de Fato\"},\"image\":{\"@id\":\"https:\/\/noticiasdefato.net\/#\/schema\/logo\/image\/\"},\"sameAs\":[\"https:\/\/fb.com\/noticiasdefato.jornal\",\"https:\/\/x.com\/noticiasdefato_\",\"https:\/\/instagram.com\/noticiasdefato.jornal\",\"https:\/\/youtube.com\/@JornalNoticiasDeFato\"]},{\"@type\":\"Person\",\"@id\":\"https:\/\/noticiasdefato.net\/#\/schema\/person\/982ce60211d95acf059cd702aa260d08\",\"name\":\"Noticias de Fato\",\"image\":{\"@type\":\"ImageObject\",\"inLanguage\":\"pt-BR\",\"@id\":\"https:\/\/noticiasdefato.net\/#\/schema\/person\/image\/\",\"url\":\"https:\/\/secure.gravatar.com\/avatar\/700227fab2316f0366a1b5d4988d10f847249cf13293450527ac9553c994611a?s=96&d=mm&r=g\",\"contentUrl\":\"https:\/\/secure.gravatar.com\/avatar\/700227fab2316f0366a1b5d4988d10f847249cf13293450527ac9553c994611a?s=96&d=mm&r=g\",\"caption\":\"Noticias de Fato\"},\"sameAs\":[\"https:\/\/noticiasdefato.net\",\"http:\/\/fb.com\/\/noticiasdefato.jornal\",\"https:\/\/x.com\/https:\/\/twitter.com\/NoticiasDeFato_\"],\"url\":\"https:\/\/noticiasdefato.net\/?author=1\"}]}<\/script>\n<!-- \/ Yoast SEO plugin. -->","yoast_head_json":{"title":"DEN\u00daNCIA GRAVE: CAUSA DA QUEDA DO AVI\u00c3O EM VINHEDO - Not\u00edcias de Fato","description":"Negativa de torre de controle para piloto sair da condi\u00e7\u00e3o de gelo severo pode ser a causa do acidente.","robots":{"index":"index","follow":"follow","max-snippet":"max-snippet:-1","max-image-preview":"max-image-preview:large","max-video-preview":"max-video-preview:-1"},"canonical":"https:\/\/noticiasdefato.net\/?p=1646","og_locale":"pt_BR","og_type":"article","og_title":"DEN\u00daNCIA GRAVE: CAUSA DA QUEDA DO AVI\u00c3O EM VINHEDO - Not\u00edcias de Fato","og_description":"Negativa de torre de controle para piloto sair da condi\u00e7\u00e3o de gelo severo pode ser a causa do acidente.","og_url":"https:\/\/noticiasdefato.net\/?p=1646","og_site_name":"Not\u00edcias de Fato","article_publisher":"https:\/\/fb.com\/noticiasdefato.jornal","article_author":"http:\/\/fb.com\/\/noticiasdefato.jornal","article_published_time":"2024-08-10T22:32:54+00:00","article_modified_time":"2024-08-12T14:00:50+00:00","og_image":[{"width":1080,"height":705,"url":"https:\/\/noticiasdefato.net\/wp-content\/uploads\/2024\/08\/Screenshot_20240810-1927432.png","type":"image\/png"}],"author":"Noticias de Fato","twitter_card":"summary_large_image","twitter_creator":"@https:\/\/twitter.com\/NoticiasDeFato_","twitter_site":"@noticiasdefato_","twitter_misc":{"Escrito por":"Noticias de Fato","Est. tempo de leitura":"2 minutos"},"schema":{"@context":"https:\/\/schema.org","@graph":[{"@type":"Article","@id":"https:\/\/noticiasdefato.net\/?p=1646#article","isPartOf":{"@id":"https:\/\/noticiasdefato.net\/?p=1646"},"author":{"name":"Noticias de Fato","@id":"https:\/\/noticiasdefato.net\/#\/schema\/person\/982ce60211d95acf059cd702aa260d08"},"headline":"DEN\u00daNCIA GRAVE: CAUSA DA QUEDA DO AVI\u00c3O EM VINHEDO","datePublished":"2024-08-10T22:32:54+00:00","dateModified":"2024-08-12T14:00:50+00:00","mainEntityOfPage":{"@id":"https:\/\/noticiasdefato.net\/?p=1646"},"wordCount":279,"commentCount":0,"publisher":{"@id":"https:\/\/noticiasdefato.net\/#organization"},"image":{"@id":"https:\/\/noticiasdefato.net\/?p=1646#primaryimage"},"thumbnailUrl":"https:\/\/noticiasdefato.net\/wp-content\/uploads\/2024\/08\/Screenshot_20240810-1927432.png","articleSection":["Geral"],"inLanguage":"pt-BR","potentialAction":[{"@type":"CommentAction","name":"Comment","target":["https:\/\/noticiasdefato.net\/?p=1646#respond"]}]},{"@type":"WebPage","@id":"https:\/\/noticiasdefato.net\/?p=1646","url":"https:\/\/noticiasdefato.net\/?p=1646","name":"DEN\u00daNCIA GRAVE: CAUSA DA QUEDA DO AVI\u00c3O EM VINHEDO - Not\u00edcias de Fato","isPartOf":{"@id":"https:\/\/noticiasdefato.net\/#website"},"primaryImageOfPage":{"@id":"https:\/\/noticiasdefato.net\/?p=1646#primaryimage"},"image":{"@id":"https:\/\/noticiasdefato.net\/?p=1646#primaryimage"},"thumbnailUrl":"https:\/\/noticiasdefato.net\/wp-content\/uploads\/2024\/08\/Screenshot_20240810-1927432.png","datePublished":"2024-08-10T22:32:54+00:00","dateModified":"2024-08-12T14:00:50+00:00","description":"Negativa de torre de controle para piloto sair da condi\u00e7\u00e3o de gelo severo pode ser a causa do acidente.","breadcrumb":{"@id":"https:\/\/noticiasdefato.net\/?p=1646#breadcrumb"},"inLanguage":"pt-BR","potentialAction":[{"@type":"ReadAction","target":["https:\/\/noticiasdefato.net\/?p=1646"]}]},{"@type":"ImageObject","inLanguage":"pt-BR","@id":"https:\/\/noticiasdefato.net\/?p=1646#primaryimage","url":"https:\/\/noticiasdefato.net\/wp-content\/uploads\/2024\/08\/Screenshot_20240810-1927432.png","contentUrl":"https:\/\/noticiasdefato.net\/wp-content\/uploads\/2024\/08\/Screenshot_20240810-1927432.png","width":1080,"height":705},{"@type":"BreadcrumbList","@id":"https:\/\/noticiasdefato.net\/?p=1646#breadcrumb","itemListElement":[{"@type":"ListItem","position":1,"name":"In\u00edcio","item":"https:\/\/noticiasdefato.net\/"},{"@type":"ListItem","position":2,"name":"DEN\u00daNCIA GRAVE: CAUSA DA QUEDA DO AVI\u00c3O EM VINHEDO"}]},{"@type":"WebSite","@id":"https:\/\/noticiasdefato.net\/#website","url":"https:\/\/noticiasdefato.net\/","name":"Not\u00edcias de Fato","description":"Trabalhamos com honestidade, seriedade e com a verdade.","publisher":{"@id":"https:\/\/noticiasdefato.net\/#organization"},"potentialAction":[{"@type":"SearchAction","target":{"@type":"EntryPoint","urlTemplate":"https:\/\/noticiasdefato.net\/?s={search_term_string}"},"query-input":"required name=search_term_string"}],"inLanguage":"pt-BR"},{"@type":"Organization","@id":"https:\/\/noticiasdefato.net\/#organization","name":"Not\u00edcias de Fato","url":"https:\/\/noticiasdefato.net\/","logo":{"@type":"ImageObject","inLanguage":"pt-BR","@id":"https:\/\/noticiasdefato.net\/#\/schema\/logo\/image\/","url":"https:\/\/noticiasdefato.net\/wp-content\/uploads\/2024\/02\/cropped-logo_topo.png","contentUrl":"https:\/\/noticiasdefato.net\/wp-content\/uploads\/2024\/02\/cropped-logo_topo.png","width":1948,"height":665,"caption":"Not\u00edcias de Fato"},"image":{"@id":"https:\/\/noticiasdefato.net\/#\/schema\/logo\/image\/"},"sameAs":["https:\/\/fb.com\/noticiasdefato.jornal","https:\/\/x.com\/noticiasdefato_","https:\/\/instagram.com\/noticiasdefato.jornal","https:\/\/youtube.com\/@JornalNoticiasDeFato"]},{"@type":"Person","@id":"https:\/\/noticiasdefato.net\/#\/schema\/person\/982ce60211d95acf059cd702aa260d08","name":"Noticias de Fato","image":{"@type":"ImageObject","inLanguage":"pt-BR","@id":"https:\/\/noticiasdefato.net\/#\/schema\/person\/image\/","url":"https:\/\/secure.gravatar.com\/avatar\/700227fab2316f0366a1b5d4988d10f847249cf13293450527ac9553c994611a?s=96&d=mm&r=g","contentUrl":"https:\/\/secure.gravatar.com\/avatar\/700227fab2316f0366a1b5d4988d10f847249cf13293450527ac9553c994611a?s=96&d=mm&r=g","caption":"Noticias de Fato"},"sameAs":["https:\/\/noticiasdefato.net","http:\/\/fb.com\/\/noticiasdefato.jornal","https:\/\/x.com\/https:\/\/twitter.com\/NoticiasDeFato_"],"url":"https:\/\/noticiasdefato.net\/?author=1"}]}},"_links":{"self":[{"href":"https:\/\/noticiasdefato.net\/index.php?rest_route=\/wp\/v2\/posts\/1646","targetHints":{"allow":["GET"]}}],"collection":[{"href":"https:\/\/noticiasdefato.net\/index.php?rest_route=\/wp\/v2\/posts"}],"about":[{"href":"https:\/\/noticiasdefato.net\/index.php?rest_route=\/wp\/v2\/types\/post"}],"author":[{"embeddable":true,"href":"https:\/\/noticiasdefato.net\/index.php?rest_route=\/wp\/v2\/users\/1"}],"replies":[{"embeddable":true,"href":"https:\/\/noticiasdefato.net\/index.php?rest_route=%2Fwp%2Fv2%2Fcomments&post=1646"}],"version-history":[{"count":4,"href":"https:\/\/noticiasdefato.net\/index.php?rest_route=\/wp\/v2\/posts\/1646\/revisions"}],"predecessor-version":[{"id":1652,"href":"https:\/\/noticiasdefato.net\/index.php?rest_route=\/wp\/v2\/posts\/1646\/revisions\/1652"}],"wp:featuredmedia":[{"embeddable":true,"href":"https:\/\/noticiasdefato.net\/index.php?rest_route=\/wp\/v2\/media\/1647"}],"wp:attachment":[{"href":"https:\/\/noticiasdefato.net\/index.php?rest_route=%2Fwp%2Fv2%2Fmedia&parent=1646"}],"wp:term":[{"taxonomy":"category","embeddable":true,"href":"https:\/\/noticiasdefato.net\/index.php?rest_route=%2Fwp%2Fv2%2Fcategories&post=1646"},{"taxonomy":"post_tag","embeddable":true,"href":"https:\/\/noticiasdefato.net\/index.php?rest_route=%2Fwp%2Fv2%2Ftags&post=1646"}],"curies":[{"name":"wp","href":"https:\/\/api.w.org\/{rel}","templated":true}]}}