{"id":1673,"date":"2024-08-21T15:01:09","date_gmt":"2024-08-21T18:01:09","guid":{"rendered":"https:\/\/noticiasdefato.net\/?p=1673"},"modified":"2024-10-01T12:29:05","modified_gmt":"2024-10-01T15:29:05","slug":"policia-civil-de-minas-abre-concurso","status":"publish","type":"post","link":"https:\/\/noticiasdefato.net\/?p=1673","title":{"rendered":"POL\u00cdCIA CIVIL DE MINAS ABRE CONCURSO"},"content":{"rendered":"\n<p><em>Ser\u00e3o 255 vagas para carreira policial.<\/em><\/p>\n\n\n\n<p>As inscri\u00e7\u00f5es podem ser realizadas dos dias 21 de outubro at\u00e9 19 de novembro, pelo site https:\/\/conhecimento.fgv.br\/concursos\/pcmg24 . O valor da taxa de inscri\u00e7\u00e3o \u00e9 de R$ 220,00 para delegado e m\u00e9dico-legista; R$ 105,00 para perito; e R$ 85,00 para investigador.<\/p>\n\n\n\n<p>Vencimentos<\/p>\n\n\n\n<p>Para o cargo de delegado de pol\u00edcia o vencimento \u00e9 de R$14.931,31; para m\u00e9dico-legista e perito criminal, R$ 11.547,07; e para a carreira de investigador de pol\u00edcia, R$ 5.332,62. A carga hor\u00e1ria \u00e9 de 40 horas semanais. As provas objetivas est\u00e3o previstas para serem realizadas no dia 26 de janeiro de 2025.<\/p>\n\n\n\n<p>Com a publica\u00e7\u00e3o dos editais, a chefe da Pol\u00edcia Civil, delegada-geral Let\u00edcia Gamboge, faz um convite a todos os aspirantes a ingressarem na institui\u00e7\u00e3o. \u201cEsperamos que voc\u00ea, que estava ansioso por essa not\u00edcia, que fa\u00e7a a sua inscri\u00e7\u00e3o, que estude, que se prepare bastante e que venha fazer parte da Pol\u00edcia Civil\u201d.<\/p>\n\n\n\n<p>Confira os editais :<\/p>\n\n\n\n<p>Delegado de Pol\u00edcia: clique <a href=\"https:\/\/acadepol.policiacivil.mg.gov.br\/concurso\/exibir\/2193161?carreira=999156\">AQUI<\/a><\/p>\n\n\n\n<p>M\u00e9dico-Legista: clique <a href=\"https:\/\/acadepol.policiacivil.mg.gov.br\/concurso\/exibir\/2193162?carreira=999152\">AQUI<\/a><\/p>\n\n\n\n<p>Perito Criminal: clique <a href=\"https:\/\/acadepol.policiacivil.mg.gov.br\/concurso\/exibir\/2193163?carreira=999153\">AQUI<\/a><\/p>\n\n\n\n<p>Investigador de Pol\u00edcia:\u00a0clique\u00a0<a href=\"https:\/\/acadepol.policiacivil.mg.gov.br\/concurso\/listarCarreiras\/2193164\">AQUI<\/a><\/p>\n\n\n\n<p><\/p>\n","protected":false},"excerpt":{"rendered":"<p>Ser\u00e3o 255 vagas para carreira policial. <a href=\"https:\/\/noticiasdefato.net\/?p=1673\" class=\"more-link\">Continuar lendo <span class=\"screen-reader-text\">POL\u00cdCIA CIVIL DE MINAS ABRE CONCURSO<\/span><\/a><\/p>\n","protected":false},"author":1,"featured_media":1674,"comment_status":"open","ping_status":"open","sticky":false,"template":"","format":"standard","meta":{"footnotes":""},"categories":[1],"tags":[],"class_list":["post-1673","post","type-post","status-publish","format-standard","has-post-thumbnail","hentry","category-geral"],"yoast_head":"<!-- This site is optimized with the Yoast SEO plugin v23.2 - https:\/\/yoast.com\/wordpress\/plugins\/seo\/ -->\n<title>POL\u00cdCIA CIVIL DE MINAS ABRE CONCURSO - Not\u00edcias de Fato<\/title>\n<meta name=\"description\" content=\"Ser\u00e3o 255 vagas para carreira policial.\" \/>\n<meta name=\"robots\" content=\"index, follow, max-snippet:-1, max-image-preview:large, max-video-preview:-1\" \/>\n<link rel=\"canonical\" href=\"https:\/\/noticiasdefato.net\/?p=1673\" \/>\n<meta property=\"og:locale\" content=\"pt_BR\" \/>\n<meta property=\"og:type\" content=\"article\" \/>\n<meta property=\"og:title\" content=\"POL\u00cdCIA CIVIL DE MINAS ABRE CONCURSO - Not\u00edcias de Fato\" \/>\n<meta property=\"og:description\" content=\"Ser\u00e3o 255 vagas para carreira policial.\" \/>\n<meta property=\"og:url\" content=\"https:\/\/noticiasdefato.net\/?p=1673\" \/>\n<meta property=\"og:site_name\" content=\"Not\u00edcias de Fato\" \/>\n<meta property=\"article:publisher\" content=\"https:\/\/fb.com\/noticiasdefato.jornal\" \/>\n<meta property=\"article:author\" content=\"http:\/\/fb.com\/\/noticiasdefato.jornal\" \/>\n<meta property=\"article:published_time\" content=\"2024-08-21T18:01:09+00:00\" \/>\n<meta property=\"article:modified_time\" content=\"2024-10-01T15:29:05+00:00\" \/>\n<meta property=\"og:image\" content=\"https:\/\/noticiasdefato.net\/wp-content\/uploads\/2024\/08\/Imagem-do-WhatsApp-de-2024-08-21-as-13.23.16_7798bab1.jpg\" \/>\n\t<meta property=\"og:image:width\" content=\"800\" \/>\n\t<meta property=\"og:image:height\" content=\"630\" \/>\n\t<meta property=\"og:image:type\" content=\"image\/jpeg\" \/>\n<meta name=\"author\" content=\"Noticias de Fato\" \/>\n<meta name=\"twitter:card\" content=\"summary_large_image\" \/>\n<meta name=\"twitter:creator\" content=\"@https:\/\/twitter.com\/NoticiasDeFato_\" \/>\n<meta name=\"twitter:site\" content=\"@noticiasdefato_\" \/>\n<meta name=\"twitter:label1\" content=\"Escrito por\" \/>\n\t<meta name=\"twitter:data1\" content=\"Noticias de Fato\" \/>\n\t<meta name=\"twitter:label2\" content=\"Est. tempo de leitura\" \/>\n\t<meta name=\"twitter:data2\" content=\"2 minutos\" \/>\n<script type=\"application\/ld+json\" class=\"yoast-schema-graph\">{\"@context\":\"https:\/\/schema.org\",\"@graph\":[{\"@type\":\"Article\",\"@id\":\"https:\/\/noticiasdefato.net\/?p=1673#article\",\"isPartOf\":{\"@id\":\"https:\/\/noticiasdefato.net\/?p=1673\"},\"author\":{\"name\":\"Noticias de Fato\",\"@id\":\"https:\/\/noticiasdefato.net\/#\/schema\/person\/982ce60211d95acf059cd702aa260d08\"},\"headline\":\"POL\u00cdCIA CIVIL DE MINAS ABRE CONCURSO\",\"datePublished\":\"2024-08-21T18:01:09+00:00\",\"dateModified\":\"2024-10-01T15:29:05+00:00\",\"mainEntityOfPage\":{\"@id\":\"https:\/\/noticiasdefato.net\/?p=1673\"},\"wordCount\":189,\"commentCount\":0,\"publisher\":{\"@id\":\"https:\/\/noticiasdefato.net\/#organization\"},\"image\":{\"@id\":\"https:\/\/noticiasdefato.net\/?p=1673#primaryimage\"},\"thumbnailUrl\":\"https:\/\/noticiasdefato.net\/wp-content\/uploads\/2024\/08\/Imagem-do-WhatsApp-de-2024-08-21-as-13.23.16_7798bab1.jpg\",\"articleSection\":[\"Geral\"],\"inLanguage\":\"pt-BR\",\"potentialAction\":[{\"@type\":\"CommentAction\",\"name\":\"Comment\",\"target\":[\"https:\/\/noticiasdefato.net\/?p=1673#respond\"]}]},{\"@type\":\"WebPage\",\"@id\":\"https:\/\/noticiasdefato.net\/?p=1673\",\"url\":\"https:\/\/noticiasdefato.net\/?p=1673\",\"name\":\"POL\u00cdCIA CIVIL DE MINAS ABRE CONCURSO - Not\u00edcias de Fato\",\"isPartOf\":{\"@id\":\"https:\/\/noticiasdefato.net\/#website\"},\"primaryImageOfPage\":{\"@id\":\"https:\/\/noticiasdefato.net\/?p=1673#primaryimage\"},\"image\":{\"@id\":\"https:\/\/noticiasdefato.net\/?p=1673#primaryimage\"},\"thumbnailUrl\":\"https:\/\/noticiasdefato.net\/wp-content\/uploads\/2024\/08\/Imagem-do-WhatsApp-de-2024-08-21-as-13.23.16_7798bab1.jpg\",\"datePublished\":\"2024-08-21T18:01:09+00:00\",\"dateModified\":\"2024-10-01T15:29:05+00:00\",\"description\":\"Ser\u00e3o 255 vagas para carreira policial.\",\"breadcrumb\":{\"@id\":\"https:\/\/noticiasdefato.net\/?p=1673#breadcrumb\"},\"inLanguage\":\"pt-BR\",\"potentialAction\":[{\"@type\":\"ReadAction\",\"target\":[\"https:\/\/noticiasdefato.net\/?p=1673\"]}]},{\"@type\":\"ImageObject\",\"inLanguage\":\"pt-BR\",\"@id\":\"https:\/\/noticiasdefato.net\/?p=1673#primaryimage\",\"url\":\"https:\/\/noticiasdefato.net\/wp-content\/uploads\/2024\/08\/Imagem-do-WhatsApp-de-2024-08-21-as-13.23.16_7798bab1.jpg\",\"contentUrl\":\"https:\/\/noticiasdefato.net\/wp-content\/uploads\/2024\/08\/Imagem-do-WhatsApp-de-2024-08-21-as-13.23.16_7798bab1.jpg\",\"width\":800,\"height\":630},{\"@type\":\"BreadcrumbList\",\"@id\":\"https:\/\/noticiasdefato.net\/?p=1673#breadcrumb\",\"itemListElement\":[{\"@type\":\"ListItem\",\"position\":1,\"name\":\"In\u00edcio\",\"item\":\"https:\/\/noticiasdefato.net\/\"},{\"@type\":\"ListItem\",\"position\":2,\"name\":\"POL\u00cdCIA CIVIL DE MINAS ABRE CONCURSO\"}]},{\"@type\":\"WebSite\",\"@id\":\"https:\/\/noticiasdefato.net\/#website\",\"url\":\"https:\/\/noticiasdefato.net\/\",\"name\":\"Not\u00edcias de Fato\",\"description\":\"Trabalhamos com honestidade, seriedade e com a verdade.\",\"publisher\":{\"@id\":\"https:\/\/noticiasdefato.net\/#organization\"},\"potentialAction\":[{\"@type\":\"SearchAction\",\"target\":{\"@type\":\"EntryPoint\",\"urlTemplate\":\"https:\/\/noticiasdefato.net\/?s={search_term_string}\"},\"query-input\":\"required name=search_term_string\"}],\"inLanguage\":\"pt-BR\"},{\"@type\":\"Organization\",\"@id\":\"https:\/\/noticiasdefato.net\/#organization\",\"name\":\"Not\u00edcias de Fato\",\"url\":\"https:\/\/noticiasdefato.net\/\",\"logo\":{\"@type\":\"ImageObject\",\"inLanguage\":\"pt-BR\",\"@id\":\"https:\/\/noticiasdefato.net\/#\/schema\/logo\/image\/\",\"url\":\"https:\/\/noticiasdefato.net\/wp-content\/uploads\/2024\/02\/cropped-logo_topo.png\",\"contentUrl\":\"https:\/\/noticiasdefato.net\/wp-content\/uploads\/2024\/02\/cropped-logo_topo.png\",\"width\":1948,\"height\":665,\"caption\":\"Not\u00edcias de Fato\"},\"image\":{\"@id\":\"https:\/\/noticiasdefato.net\/#\/schema\/logo\/image\/\"},\"sameAs\":[\"https:\/\/fb.com\/noticiasdefato.jornal\",\"https:\/\/x.com\/noticiasdefato_\",\"https:\/\/instagram.com\/noticiasdefato.jornal\",\"https:\/\/youtube.com\/@JornalNoticiasDeFato\"]},{\"@type\":\"Person\",\"@id\":\"https:\/\/noticiasdefato.net\/#\/schema\/person\/982ce60211d95acf059cd702aa260d08\",\"name\":\"Noticias de Fato\",\"image\":{\"@type\":\"ImageObject\",\"inLanguage\":\"pt-BR\",\"@id\":\"https:\/\/noticiasdefato.net\/#\/schema\/person\/image\/\",\"url\":\"https:\/\/secure.gravatar.com\/avatar\/700227fab2316f0366a1b5d4988d10f847249cf13293450527ac9553c994611a?s=96&d=mm&r=g\",\"contentUrl\":\"https:\/\/secure.gravatar.com\/avatar\/700227fab2316f0366a1b5d4988d10f847249cf13293450527ac9553c994611a?s=96&d=mm&r=g\",\"caption\":\"Noticias de Fato\"},\"sameAs\":[\"https:\/\/noticiasdefato.net\",\"http:\/\/fb.com\/\/noticiasdefato.jornal\",\"https:\/\/x.com\/https:\/\/twitter.com\/NoticiasDeFato_\"],\"url\":\"https:\/\/noticiasdefato.net\/?author=1\"}]}<\/script>\n<!-- \/ Yoast SEO plugin. -->","yoast_head_json":{"title":"POL\u00cdCIA CIVIL DE MINAS ABRE CONCURSO - Not\u00edcias de Fato","description":"Ser\u00e3o 255 vagas para carreira policial.","robots":{"index":"index","follow":"follow","max-snippet":"max-snippet:-1","max-image-preview":"max-image-preview:large","max-video-preview":"max-video-preview:-1"},"canonical":"https:\/\/noticiasdefato.net\/?p=1673","og_locale":"pt_BR","og_type":"article","og_title":"POL\u00cdCIA CIVIL DE MINAS ABRE CONCURSO - Not\u00edcias de Fato","og_description":"Ser\u00e3o 255 vagas para carreira policial.","og_url":"https:\/\/noticiasdefato.net\/?p=1673","og_site_name":"Not\u00edcias de Fato","article_publisher":"https:\/\/fb.com\/noticiasdefato.jornal","article_author":"http:\/\/fb.com\/\/noticiasdefato.jornal","article_published_time":"2024-08-21T18:01:09+00:00","article_modified_time":"2024-10-01T15:29:05+00:00","og_image":[{"width":800,"height":630,"url":"https:\/\/noticiasdefato.net\/wp-content\/uploads\/2024\/08\/Imagem-do-WhatsApp-de-2024-08-21-as-13.23.16_7798bab1.jpg","type":"image\/jpeg"}],"author":"Noticias de Fato","twitter_card":"summary_large_image","twitter_creator":"@https:\/\/twitter.com\/NoticiasDeFato_","twitter_site":"@noticiasdefato_","twitter_misc":{"Escrito por":"Noticias de Fato","Est. tempo de leitura":"2 minutos"},"schema":{"@context":"https:\/\/schema.org","@graph":[{"@type":"Article","@id":"https:\/\/noticiasdefato.net\/?p=1673#article","isPartOf":{"@id":"https:\/\/noticiasdefato.net\/?p=1673"},"author":{"name":"Noticias de Fato","@id":"https:\/\/noticiasdefato.net\/#\/schema\/person\/982ce60211d95acf059cd702aa260d08"},"headline":"POL\u00cdCIA CIVIL DE MINAS ABRE CONCURSO","datePublished":"2024-08-21T18:01:09+00:00","dateModified":"2024-10-01T15:29:05+00:00","mainEntityOfPage":{"@id":"https:\/\/noticiasdefato.net\/?p=1673"},"wordCount":189,"commentCount":0,"publisher":{"@id":"https:\/\/noticiasdefato.net\/#organization"},"image":{"@id":"https:\/\/noticiasdefato.net\/?p=1673#primaryimage"},"thumbnailUrl":"https:\/\/noticiasdefato.net\/wp-content\/uploads\/2024\/08\/Imagem-do-WhatsApp-de-2024-08-21-as-13.23.16_7798bab1.jpg","articleSection":["Geral"],"inLanguage":"pt-BR","potentialAction":[{"@type":"CommentAction","name":"Comment","target":["https:\/\/noticiasdefato.net\/?p=1673#respond"]}]},{"@type":"WebPage","@id":"https:\/\/noticiasdefato.net\/?p=1673","url":"https:\/\/noticiasdefato.net\/?p=1673","name":"POL\u00cdCIA CIVIL DE MINAS ABRE CONCURSO - Not\u00edcias de Fato","isPartOf":{"@id":"https:\/\/noticiasdefato.net\/#website"},"primaryImageOfPage":{"@id":"https:\/\/noticiasdefato.net\/?p=1673#primaryimage"},"image":{"@id":"https:\/\/noticiasdefato.net\/?p=1673#primaryimage"},"thumbnailUrl":"https:\/\/noticiasdefato.net\/wp-content\/uploads\/2024\/08\/Imagem-do-WhatsApp-de-2024-08-21-as-13.23.16_7798bab1.jpg","datePublished":"2024-08-21T18:01:09+00:00","dateModified":"2024-10-01T15:29:05+00:00","description":"Ser\u00e3o 255 vagas para carreira policial.","breadcrumb":{"@id":"https:\/\/noticiasdefato.net\/?p=1673#breadcrumb"},"inLanguage":"pt-BR","potentialAction":[{"@type":"ReadAction","target":["https:\/\/noticiasdefato.net\/?p=1673"]}]},{"@type":"ImageObject","inLanguage":"pt-BR","@id":"https:\/\/noticiasdefato.net\/?p=1673#primaryimage","url":"https:\/\/noticiasdefato.net\/wp-content\/uploads\/2024\/08\/Imagem-do-WhatsApp-de-2024-08-21-as-13.23.16_7798bab1.jpg","contentUrl":"https:\/\/noticiasdefato.net\/wp-content\/uploads\/2024\/08\/Imagem-do-WhatsApp-de-2024-08-21-as-13.23.16_7798bab1.jpg","width":800,"height":630},{"@type":"BreadcrumbList","@id":"https:\/\/noticiasdefato.net\/?p=1673#breadcrumb","itemListElement":[{"@type":"ListItem","position":1,"name":"In\u00edcio","item":"https:\/\/noticiasdefato.net\/"},{"@type":"ListItem","position":2,"name":"POL\u00cdCIA CIVIL DE MINAS ABRE CONCURSO"}]},{"@type":"WebSite","@id":"https:\/\/noticiasdefato.net\/#website","url":"https:\/\/noticiasdefato.net\/","name":"Not\u00edcias de Fato","description":"Trabalhamos com honestidade, seriedade e com a verdade.","publisher":{"@id":"https:\/\/noticiasdefato.net\/#organization"},"potentialAction":[{"@type":"SearchAction","target":{"@type":"EntryPoint","urlTemplate":"https:\/\/noticiasdefato.net\/?s={search_term_string}"},"query-input":"required name=search_term_string"}],"inLanguage":"pt-BR"},{"@type":"Organization","@id":"https:\/\/noticiasdefato.net\/#organization","name":"Not\u00edcias de Fato","url":"https:\/\/noticiasdefato.net\/","logo":{"@type":"ImageObject","inLanguage":"pt-BR","@id":"https:\/\/noticiasdefato.net\/#\/schema\/logo\/image\/","url":"https:\/\/noticiasdefato.net\/wp-content\/uploads\/2024\/02\/cropped-logo_topo.png","contentUrl":"https:\/\/noticiasdefato.net\/wp-content\/uploads\/2024\/02\/cropped-logo_topo.png","width":1948,"height":665,"caption":"Not\u00edcias de Fato"},"image":{"@id":"https:\/\/noticiasdefato.net\/#\/schema\/logo\/image\/"},"sameAs":["https:\/\/fb.com\/noticiasdefato.jornal","https:\/\/x.com\/noticiasdefato_","https:\/\/instagram.com\/noticiasdefato.jornal","https:\/\/youtube.com\/@JornalNoticiasDeFato"]},{"@type":"Person","@id":"https:\/\/noticiasdefato.net\/#\/schema\/person\/982ce60211d95acf059cd702aa260d08","name":"Noticias de Fato","image":{"@type":"ImageObject","inLanguage":"pt-BR","@id":"https:\/\/noticiasdefato.net\/#\/schema\/person\/image\/","url":"https:\/\/secure.gravatar.com\/avatar\/700227fab2316f0366a1b5d4988d10f847249cf13293450527ac9553c994611a?s=96&d=mm&r=g","contentUrl":"https:\/\/secure.gravatar.com\/avatar\/700227fab2316f0366a1b5d4988d10f847249cf13293450527ac9553c994611a?s=96&d=mm&r=g","caption":"Noticias de Fato"},"sameAs":["https:\/\/noticiasdefato.net","http:\/\/fb.com\/\/noticiasdefato.jornal","https:\/\/x.com\/https:\/\/twitter.com\/NoticiasDeFato_"],"url":"https:\/\/noticiasdefato.net\/?author=1"}]}},"_links":{"self":[{"href":"https:\/\/noticiasdefato.net\/index.php?rest_route=\/wp\/v2\/posts\/1673","targetHints":{"allow":["GET"]}}],"collection":[{"href":"https:\/\/noticiasdefato.net\/index.php?rest_route=\/wp\/v2\/posts"}],"about":[{"href":"https:\/\/noticiasdefato.net\/index.php?rest_route=\/wp\/v2\/types\/post"}],"author":[{"embeddable":true,"href":"https:\/\/noticiasdefato.net\/index.php?rest_route=\/wp\/v2\/users\/1"}],"replies":[{"embeddable":true,"href":"https:\/\/noticiasdefato.net\/index.php?rest_route=%2Fwp%2Fv2%2Fcomments&post=1673"}],"version-history":[{"count":1,"href":"https:\/\/noticiasdefato.net\/index.php?rest_route=\/wp\/v2\/posts\/1673\/revisions"}],"predecessor-version":[{"id":1675,"href":"https:\/\/noticiasdefato.net\/index.php?rest_route=\/wp\/v2\/posts\/1673\/revisions\/1675"}],"wp:featuredmedia":[{"embeddable":true,"href":"https:\/\/noticiasdefato.net\/index.php?rest_route=\/wp\/v2\/media\/1674"}],"wp:attachment":[{"href":"https:\/\/noticiasdefato.net\/index.php?rest_route=%2Fwp%2Fv2%2Fmedia&parent=1673"}],"wp:term":[{"taxonomy":"category","embeddable":true,"href":"https:\/\/noticiasdefato.net\/index.php?rest_route=%2Fwp%2Fv2%2Fcategories&post=1673"},{"taxonomy":"post_tag","embeddable":true,"href":"https:\/\/noticiasdefato.net\/index.php?rest_route=%2Fwp%2Fv2%2Ftags&post=1673"}],"curies":[{"name":"wp","href":"https:\/\/api.w.org\/{rel}","templated":true}]}}