{"id":1681,"date":"2024-08-23T14:59:15","date_gmt":"2024-08-23T17:59:15","guid":{"rendered":"https:\/\/noticiasdefato.net\/?p=1681"},"modified":"2024-10-01T12:32:43","modified_gmt":"2024-10-01T15:32:43","slug":"alfenascampanha-comeca-com-empate-tecnico-ptxpl","status":"publish","type":"post","link":"https:\/\/noticiasdefato.net\/?p=1681","title":{"rendered":"ALFENAS:CAMPANHA COME\u00c7A COM EMPATE T\u00c9CNICO PTxPL"},"content":{"rendered":"\n<p><em>F\u00e1bio da Oncologia e Amadeu Peloso est\u00e3o empatados tecnicamente. Candidato petista aparece na pesquisa estimulada com 37% dos votos e o candidato do PL com 34%.<\/em><\/p>\n\n\n\n<p>O instituto Precis\u00e3o Pesquisa e Assessoria de Comunica\u00e7\u00e3o realizou nos dias 17 e 18 de agosto uma pesquisa eleitoral no munic\u00edpio de Alfenas. A pesquisa apontou um empate t\u00e9cnico, no cen\u00e1rio onde estimula as chapas, entre F\u00e1bio da Oncologia (PT) e Eliacim (vice), que aparecem com 37% e a chapa formada por Amadeu Peloso (PL) e Toninho Munhoz (vice) que tem 34% das inten\u00e7\u00f5es de voto.<\/p>\n\n\n<div class=\"wp-block-image\">\n<figure class=\"aligncenter size-large\"><img fetchpriority=\"high\" decoding=\"async\" width=\"1024\" height=\"576\" src=\"https:\/\/noticiasdefato.net\/wp-content\/uploads\/2024\/08\/image-56-1024x576.png\" alt=\"\" class=\"wp-image-1684\" srcset=\"https:\/\/noticiasdefato.net\/wp-content\/uploads\/2024\/08\/image-56-1024x576.png 1024w, https:\/\/noticiasdefato.net\/wp-content\/uploads\/2024\/08\/image-56-300x169.png 300w, https:\/\/noticiasdefato.net\/wp-content\/uploads\/2024\/08\/image-56-768x432.png 768w, https:\/\/noticiasdefato.net\/wp-content\/uploads\/2024\/08\/image-56-1536x864.png 1536w, https:\/\/noticiasdefato.net\/wp-content\/uploads\/2024\/08\/image-56-160x90.png 160w, https:\/\/noticiasdefato.net\/wp-content\/uploads\/2024\/08\/image-56.png 2000w\" sizes=\"(max-width: 1024px) 100vw, 1024px\" \/><\/figure>\n<\/div>\n\n\n<p>O terceiro lugar, com 14,8%, fica com a chapa que tem como candidatos Jaime Daniel (Uni\u00e3o Brasil) e Rose da Caixa (vice), a chapa formada por Itamar (Mobiliza) e Pastor Max Richard (vice) aparece com 1% da inten\u00e7\u00f5es de votos. 8,2% n\u00e3o sabiam ou n\u00e3o responderam e 5% n\u00e3o votaria em nenhum deles.<\/p>\n\n\n\n<p>A Pesquisa, que foi registrada no TSE (Tribunal Superior Eleitoral) pela empresa Guilherme Pompeu Goncalves &#8211; Precis\u00e3o &#8211; Pesquisa e Assessoria de Comunica\u00e7\u00e3o, sob o n\u00b0 de processo MG-03159\/2024, foi realizada nos dias 17 e 18 de agosto de 2024. Foram entrevistados 500 eleitores. A margem de erro m\u00e1xima estimada foi de 4,36 pontos percentuais para mais ou para menos, para um intervalo de confian\u00e7a&nbsp;de&nbsp;95%.<\/p>\n","protected":false},"excerpt":{"rendered":"<p>F\u00e1bio da Oncologia e Amadeu Peloso est\u00e3o empatados tecnicamente. Candidato petista aparece na pesquisa estimulada com 37% dos votos e o candidato do PL com 34%. <a href=\"https:\/\/noticiasdefato.net\/?p=1681\" class=\"more-link\">Continuar lendo <span class=\"screen-reader-text\">ALFENAS:CAMPANHA COME\u00c7A COM EMPATE T\u00c9CNICO PTxPL<\/span><\/a><\/p>\n","protected":false},"author":1,"featured_media":1687,"comment_status":"open","ping_status":"open","sticky":false,"template":"","format":"standard","meta":{"footnotes":""},"categories":[18],"tags":[],"class_list":["post-1681","post","type-post","status-publish","format-standard","has-post-thumbnail","hentry","category-politica"],"yoast_head":"<!-- This site is optimized with the Yoast SEO plugin v23.2 - https:\/\/yoast.com\/wordpress\/plugins\/seo\/ -->\n<title>ALFENAS:CAMPANHA COME\u00c7A COM EMPATE T\u00c9CNICO PTxPL - Not\u00edcias de Fato<\/title>\n<meta name=\"description\" content=\"F\u00e1bio da Oncologia e Amadeu Peloso est\u00e3o empatados tecnicamente. Candidato petista aparece na pesquisa estimulada com 37% dos votos e o candidato do PL com 34%.\" \/>\n<meta name=\"robots\" content=\"index, follow, max-snippet:-1, max-image-preview:large, max-video-preview:-1\" \/>\n<link rel=\"canonical\" href=\"https:\/\/noticiasdefato.net\/?p=1681\" \/>\n<meta property=\"og:locale\" content=\"pt_BR\" \/>\n<meta property=\"og:type\" content=\"article\" \/>\n<meta property=\"og:title\" content=\"ALFENAS:CAMPANHA COME\u00c7A COM EMPATE T\u00c9CNICO PTxPL - Not\u00edcias de Fato\" \/>\n<meta property=\"og:description\" content=\"F\u00e1bio da Oncologia e Amadeu Peloso est\u00e3o empatados tecnicamente. Candidato petista aparece na pesquisa estimulada com 37% dos votos e o candidato do PL com 34%.\" \/>\n<meta property=\"og:url\" content=\"https:\/\/noticiasdefato.net\/?p=1681\" \/>\n<meta property=\"og:site_name\" content=\"Not\u00edcias de Fato\" \/>\n<meta property=\"article:publisher\" content=\"https:\/\/fb.com\/noticiasdefato.jornal\" \/>\n<meta property=\"article:author\" content=\"http:\/\/fb.com\/\/noticiasdefato.jornal\" \/>\n<meta property=\"article:published_time\" content=\"2024-08-23T17:59:15+00:00\" \/>\n<meta property=\"article:modified_time\" content=\"2024-10-01T15:32:43+00:00\" \/>\n<meta property=\"og:image\" content=\"https:\/\/noticiasdefato.net\/wp-content\/uploads\/2024\/08\/image-58-1024x373.png\" \/>\n\t<meta property=\"og:image:width\" content=\"1024\" \/>\n\t<meta property=\"og:image:height\" content=\"373\" \/>\n\t<meta property=\"og:image:type\" content=\"image\/png\" \/>\n<meta name=\"author\" content=\"Noticias de Fato\" \/>\n<meta name=\"twitter:card\" content=\"summary_large_image\" \/>\n<meta name=\"twitter:creator\" content=\"@https:\/\/twitter.com\/NoticiasDeFato_\" \/>\n<meta name=\"twitter:site\" content=\"@noticiasdefato_\" \/>\n<meta name=\"twitter:label1\" content=\"Escrito por\" \/>\n\t<meta name=\"twitter:data1\" content=\"Noticias de Fato\" \/>\n\t<meta name=\"twitter:label2\" content=\"Est. tempo de leitura\" \/>\n\t<meta name=\"twitter:data2\" content=\"2 minutos\" \/>\n<script type=\"application\/ld+json\" class=\"yoast-schema-graph\">{\"@context\":\"https:\/\/schema.org\",\"@graph\":[{\"@type\":\"Article\",\"@id\":\"https:\/\/noticiasdefato.net\/?p=1681#article\",\"isPartOf\":{\"@id\":\"https:\/\/noticiasdefato.net\/?p=1681\"},\"author\":{\"name\":\"Noticias de Fato\",\"@id\":\"https:\/\/noticiasdefato.net\/#\/schema\/person\/982ce60211d95acf059cd702aa260d08\"},\"headline\":\"ALFENAS:CAMPANHA COME\u00c7A COM EMPATE T\u00c9CNICO PTxPL\",\"datePublished\":\"2024-08-23T17:59:15+00:00\",\"dateModified\":\"2024-10-01T15:32:43+00:00\",\"mainEntityOfPage\":{\"@id\":\"https:\/\/noticiasdefato.net\/?p=1681\"},\"wordCount\":225,\"commentCount\":0,\"publisher\":{\"@id\":\"https:\/\/noticiasdefato.net\/#organization\"},\"image\":{\"@id\":\"https:\/\/noticiasdefato.net\/?p=1681#primaryimage\"},\"thumbnailUrl\":\"https:\/\/noticiasdefato.net\/wp-content\/uploads\/2024\/08\/image-58.png\",\"articleSection\":[\"Pol\u00edtica\"],\"inLanguage\":\"pt-BR\",\"potentialAction\":[{\"@type\":\"CommentAction\",\"name\":\"Comment\",\"target\":[\"https:\/\/noticiasdefato.net\/?p=1681#respond\"]}]},{\"@type\":\"WebPage\",\"@id\":\"https:\/\/noticiasdefato.net\/?p=1681\",\"url\":\"https:\/\/noticiasdefato.net\/?p=1681\",\"name\":\"ALFENAS:CAMPANHA COME\u00c7A COM EMPATE T\u00c9CNICO PTxPL - Not\u00edcias de Fato\",\"isPartOf\":{\"@id\":\"https:\/\/noticiasdefato.net\/#website\"},\"primaryImageOfPage\":{\"@id\":\"https:\/\/noticiasdefato.net\/?p=1681#primaryimage\"},\"image\":{\"@id\":\"https:\/\/noticiasdefato.net\/?p=1681#primaryimage\"},\"thumbnailUrl\":\"https:\/\/noticiasdefato.net\/wp-content\/uploads\/2024\/08\/image-58.png\",\"datePublished\":\"2024-08-23T17:59:15+00:00\",\"dateModified\":\"2024-10-01T15:32:43+00:00\",\"description\":\"F\u00e1bio da Oncologia e Amadeu Peloso est\u00e3o empatados tecnicamente. Candidato petista aparece na pesquisa estimulada com 37% dos votos e o candidato do PL com 34%.\",\"breadcrumb\":{\"@id\":\"https:\/\/noticiasdefato.net\/?p=1681#breadcrumb\"},\"inLanguage\":\"pt-BR\",\"potentialAction\":[{\"@type\":\"ReadAction\",\"target\":[\"https:\/\/noticiasdefato.net\/?p=1681\"]}]},{\"@type\":\"ImageObject\",\"inLanguage\":\"pt-BR\",\"@id\":\"https:\/\/noticiasdefato.net\/?p=1681#primaryimage\",\"url\":\"https:\/\/noticiasdefato.net\/wp-content\/uploads\/2024\/08\/image-58.png\",\"contentUrl\":\"https:\/\/noticiasdefato.net\/wp-content\/uploads\/2024\/08\/image-58.png\",\"width\":1860,\"height\":677},{\"@type\":\"BreadcrumbList\",\"@id\":\"https:\/\/noticiasdefato.net\/?p=1681#breadcrumb\",\"itemListElement\":[{\"@type\":\"ListItem\",\"position\":1,\"name\":\"In\u00edcio\",\"item\":\"https:\/\/noticiasdefato.net\/\"},{\"@type\":\"ListItem\",\"position\":2,\"name\":\"ALFENAS:CAMPANHA COME\u00c7A COM EMPATE T\u00c9CNICO PTxPL\"}]},{\"@type\":\"WebSite\",\"@id\":\"https:\/\/noticiasdefato.net\/#website\",\"url\":\"https:\/\/noticiasdefato.net\/\",\"name\":\"Not\u00edcias de Fato\",\"description\":\"Trabalhamos com honestidade, seriedade e com a verdade.\",\"publisher\":{\"@id\":\"https:\/\/noticiasdefato.net\/#organization\"},\"potentialAction\":[{\"@type\":\"SearchAction\",\"target\":{\"@type\":\"EntryPoint\",\"urlTemplate\":\"https:\/\/noticiasdefato.net\/?s={search_term_string}\"},\"query-input\":\"required name=search_term_string\"}],\"inLanguage\":\"pt-BR\"},{\"@type\":\"Organization\",\"@id\":\"https:\/\/noticiasdefato.net\/#organization\",\"name\":\"Not\u00edcias de Fato\",\"url\":\"https:\/\/noticiasdefato.net\/\",\"logo\":{\"@type\":\"ImageObject\",\"inLanguage\":\"pt-BR\",\"@id\":\"https:\/\/noticiasdefato.net\/#\/schema\/logo\/image\/\",\"url\":\"https:\/\/noticiasdefato.net\/wp-content\/uploads\/2024\/02\/cropped-logo_topo.png\",\"contentUrl\":\"https:\/\/noticiasdefato.net\/wp-content\/uploads\/2024\/02\/cropped-logo_topo.png\",\"width\":1948,\"height\":665,\"caption\":\"Not\u00edcias de Fato\"},\"image\":{\"@id\":\"https:\/\/noticiasdefato.net\/#\/schema\/logo\/image\/\"},\"sameAs\":[\"https:\/\/fb.com\/noticiasdefato.jornal\",\"https:\/\/x.com\/noticiasdefato_\",\"https:\/\/instagram.com\/noticiasdefato.jornal\",\"https:\/\/youtube.com\/@JornalNoticiasDeFato\"]},{\"@type\":\"Person\",\"@id\":\"https:\/\/noticiasdefato.net\/#\/schema\/person\/982ce60211d95acf059cd702aa260d08\",\"name\":\"Noticias de Fato\",\"image\":{\"@type\":\"ImageObject\",\"inLanguage\":\"pt-BR\",\"@id\":\"https:\/\/noticiasdefato.net\/#\/schema\/person\/image\/\",\"url\":\"https:\/\/secure.gravatar.com\/avatar\/700227fab2316f0366a1b5d4988d10f847249cf13293450527ac9553c994611a?s=96&d=mm&r=g\",\"contentUrl\":\"https:\/\/secure.gravatar.com\/avatar\/700227fab2316f0366a1b5d4988d10f847249cf13293450527ac9553c994611a?s=96&d=mm&r=g\",\"caption\":\"Noticias de Fato\"},\"sameAs\":[\"https:\/\/noticiasdefato.net\",\"http:\/\/fb.com\/\/noticiasdefato.jornal\",\"https:\/\/x.com\/https:\/\/twitter.com\/NoticiasDeFato_\"],\"url\":\"https:\/\/noticiasdefato.net\/?author=1\"}]}<\/script>\n<!-- \/ Yoast SEO plugin. -->","yoast_head_json":{"title":"ALFENAS:CAMPANHA COME\u00c7A COM EMPATE T\u00c9CNICO PTxPL - Not\u00edcias de Fato","description":"F\u00e1bio da Oncologia e Amadeu Peloso est\u00e3o empatados tecnicamente. Candidato petista aparece na pesquisa estimulada com 37% dos votos e o candidato do PL com 34%.","robots":{"index":"index","follow":"follow","max-snippet":"max-snippet:-1","max-image-preview":"max-image-preview:large","max-video-preview":"max-video-preview:-1"},"canonical":"https:\/\/noticiasdefato.net\/?p=1681","og_locale":"pt_BR","og_type":"article","og_title":"ALFENAS:CAMPANHA COME\u00c7A COM EMPATE T\u00c9CNICO PTxPL - Not\u00edcias de Fato","og_description":"F\u00e1bio da Oncologia e Amadeu Peloso est\u00e3o empatados tecnicamente. Candidato petista aparece na pesquisa estimulada com 37% dos votos e o candidato do PL com 34%.","og_url":"https:\/\/noticiasdefato.net\/?p=1681","og_site_name":"Not\u00edcias de Fato","article_publisher":"https:\/\/fb.com\/noticiasdefato.jornal","article_author":"http:\/\/fb.com\/\/noticiasdefato.jornal","article_published_time":"2024-08-23T17:59:15+00:00","article_modified_time":"2024-10-01T15:32:43+00:00","og_image":[{"width":1024,"height":373,"url":"https:\/\/noticiasdefato.net\/wp-content\/uploads\/2024\/08\/image-58-1024x373.png","type":"image\/png"}],"author":"Noticias de Fato","twitter_card":"summary_large_image","twitter_creator":"@https:\/\/twitter.com\/NoticiasDeFato_","twitter_site":"@noticiasdefato_","twitter_misc":{"Escrito por":"Noticias de Fato","Est. tempo de leitura":"2 minutos"},"schema":{"@context":"https:\/\/schema.org","@graph":[{"@type":"Article","@id":"https:\/\/noticiasdefato.net\/?p=1681#article","isPartOf":{"@id":"https:\/\/noticiasdefato.net\/?p=1681"},"author":{"name":"Noticias de Fato","@id":"https:\/\/noticiasdefato.net\/#\/schema\/person\/982ce60211d95acf059cd702aa260d08"},"headline":"ALFENAS:CAMPANHA COME\u00c7A COM EMPATE T\u00c9CNICO PTxPL","datePublished":"2024-08-23T17:59:15+00:00","dateModified":"2024-10-01T15:32:43+00:00","mainEntityOfPage":{"@id":"https:\/\/noticiasdefato.net\/?p=1681"},"wordCount":225,"commentCount":0,"publisher":{"@id":"https:\/\/noticiasdefato.net\/#organization"},"image":{"@id":"https:\/\/noticiasdefato.net\/?p=1681#primaryimage"},"thumbnailUrl":"https:\/\/noticiasdefato.net\/wp-content\/uploads\/2024\/08\/image-58.png","articleSection":["Pol\u00edtica"],"inLanguage":"pt-BR","potentialAction":[{"@type":"CommentAction","name":"Comment","target":["https:\/\/noticiasdefato.net\/?p=1681#respond"]}]},{"@type":"WebPage","@id":"https:\/\/noticiasdefato.net\/?p=1681","url":"https:\/\/noticiasdefato.net\/?p=1681","name":"ALFENAS:CAMPANHA COME\u00c7A COM EMPATE T\u00c9CNICO PTxPL - Not\u00edcias de Fato","isPartOf":{"@id":"https:\/\/noticiasdefato.net\/#website"},"primaryImageOfPage":{"@id":"https:\/\/noticiasdefato.net\/?p=1681#primaryimage"},"image":{"@id":"https:\/\/noticiasdefato.net\/?p=1681#primaryimage"},"thumbnailUrl":"https:\/\/noticiasdefato.net\/wp-content\/uploads\/2024\/08\/image-58.png","datePublished":"2024-08-23T17:59:15+00:00","dateModified":"2024-10-01T15:32:43+00:00","description":"F\u00e1bio da Oncologia e Amadeu Peloso est\u00e3o empatados tecnicamente. Candidato petista aparece na pesquisa estimulada com 37% dos votos e o candidato do PL com 34%.","breadcrumb":{"@id":"https:\/\/noticiasdefato.net\/?p=1681#breadcrumb"},"inLanguage":"pt-BR","potentialAction":[{"@type":"ReadAction","target":["https:\/\/noticiasdefato.net\/?p=1681"]}]},{"@type":"ImageObject","inLanguage":"pt-BR","@id":"https:\/\/noticiasdefato.net\/?p=1681#primaryimage","url":"https:\/\/noticiasdefato.net\/wp-content\/uploads\/2024\/08\/image-58.png","contentUrl":"https:\/\/noticiasdefato.net\/wp-content\/uploads\/2024\/08\/image-58.png","width":1860,"height":677},{"@type":"BreadcrumbList","@id":"https:\/\/noticiasdefato.net\/?p=1681#breadcrumb","itemListElement":[{"@type":"ListItem","position":1,"name":"In\u00edcio","item":"https:\/\/noticiasdefato.net\/"},{"@type":"ListItem","position":2,"name":"ALFENAS:CAMPANHA COME\u00c7A COM EMPATE T\u00c9CNICO PTxPL"}]},{"@type":"WebSite","@id":"https:\/\/noticiasdefato.net\/#website","url":"https:\/\/noticiasdefato.net\/","name":"Not\u00edcias de Fato","description":"Trabalhamos com honestidade, seriedade e com a verdade.","publisher":{"@id":"https:\/\/noticiasdefato.net\/#organization"},"potentialAction":[{"@type":"SearchAction","target":{"@type":"EntryPoint","urlTemplate":"https:\/\/noticiasdefato.net\/?s={search_term_string}"},"query-input":"required name=search_term_string"}],"inLanguage":"pt-BR"},{"@type":"Organization","@id":"https:\/\/noticiasdefato.net\/#organization","name":"Not\u00edcias de Fato","url":"https:\/\/noticiasdefato.net\/","logo":{"@type":"ImageObject","inLanguage":"pt-BR","@id":"https:\/\/noticiasdefato.net\/#\/schema\/logo\/image\/","url":"https:\/\/noticiasdefato.net\/wp-content\/uploads\/2024\/02\/cropped-logo_topo.png","contentUrl":"https:\/\/noticiasdefato.net\/wp-content\/uploads\/2024\/02\/cropped-logo_topo.png","width":1948,"height":665,"caption":"Not\u00edcias de Fato"},"image":{"@id":"https:\/\/noticiasdefato.net\/#\/schema\/logo\/image\/"},"sameAs":["https:\/\/fb.com\/noticiasdefato.jornal","https:\/\/x.com\/noticiasdefato_","https:\/\/instagram.com\/noticiasdefato.jornal","https:\/\/youtube.com\/@JornalNoticiasDeFato"]},{"@type":"Person","@id":"https:\/\/noticiasdefato.net\/#\/schema\/person\/982ce60211d95acf059cd702aa260d08","name":"Noticias de Fato","image":{"@type":"ImageObject","inLanguage":"pt-BR","@id":"https:\/\/noticiasdefato.net\/#\/schema\/person\/image\/","url":"https:\/\/secure.gravatar.com\/avatar\/700227fab2316f0366a1b5d4988d10f847249cf13293450527ac9553c994611a?s=96&d=mm&r=g","contentUrl":"https:\/\/secure.gravatar.com\/avatar\/700227fab2316f0366a1b5d4988d10f847249cf13293450527ac9553c994611a?s=96&d=mm&r=g","caption":"Noticias de Fato"},"sameAs":["https:\/\/noticiasdefato.net","http:\/\/fb.com\/\/noticiasdefato.jornal","https:\/\/x.com\/https:\/\/twitter.com\/NoticiasDeFato_"],"url":"https:\/\/noticiasdefato.net\/?author=1"}]}},"_links":{"self":[{"href":"https:\/\/noticiasdefato.net\/index.php?rest_route=\/wp\/v2\/posts\/1681","targetHints":{"allow":["GET"]}}],"collection":[{"href":"https:\/\/noticiasdefato.net\/index.php?rest_route=\/wp\/v2\/posts"}],"about":[{"href":"https:\/\/noticiasdefato.net\/index.php?rest_route=\/wp\/v2\/types\/post"}],"author":[{"embeddable":true,"href":"https:\/\/noticiasdefato.net\/index.php?rest_route=\/wp\/v2\/users\/1"}],"replies":[{"embeddable":true,"href":"https:\/\/noticiasdefato.net\/index.php?rest_route=%2Fwp%2Fv2%2Fcomments&post=1681"}],"version-history":[{"count":2,"href":"https:\/\/noticiasdefato.net\/index.php?rest_route=\/wp\/v2\/posts\/1681\/revisions"}],"predecessor-version":[{"id":1688,"href":"https:\/\/noticiasdefato.net\/index.php?rest_route=\/wp\/v2\/posts\/1681\/revisions\/1688"}],"wp:featuredmedia":[{"embeddable":true,"href":"https:\/\/noticiasdefato.net\/index.php?rest_route=\/wp\/v2\/media\/1687"}],"wp:attachment":[{"href":"https:\/\/noticiasdefato.net\/index.php?rest_route=%2Fwp%2Fv2%2Fmedia&parent=1681"}],"wp:term":[{"taxonomy":"category","embeddable":true,"href":"https:\/\/noticiasdefato.net\/index.php?rest_route=%2Fwp%2Fv2%2Fcategories&post=1681"},{"taxonomy":"post_tag","embeddable":true,"href":"https:\/\/noticiasdefato.net\/index.php?rest_route=%2Fwp%2Fv2%2Ftags&post=1681"}],"curies":[{"name":"wp","href":"https:\/\/api.w.org\/{rel}","templated":true}]}}