{"id":1689,"date":"2024-08-25T22:08:55","date_gmt":"2024-08-26T01:08:55","guid":{"rendered":"https:\/\/noticiasdefato.net\/?p=1689"},"modified":"2024-08-25T22:23:54","modified_gmt":"2024-08-26T01:23:54","slug":"bola-fora-petistas-colam-adesivo-sem-autorizacao","status":"publish","type":"post","link":"https:\/\/noticiasdefato.net\/?p=1689","title":{"rendered":"BOLA FORA: PETISTAS COLAM ADESIVO SEM AUTORIZA\u00c7\u00c3O"},"content":{"rendered":"\n<p><em>Adesivos de campanha eleitoral colados sem autoriza\u00e7\u00e3o podem render multa \u00e0 campanha.<\/em><\/p>\n\n\n\n<p>Neste domingo, 25, ocorreu um fato lament\u00e1vel protagonizado por petistas apoiadores da campanha do atual prefeito do PT, Fabio Flor\u00eancio. Segundo narrou o Sr. Alexandre Jos\u00e9 Silva (candidato Sargento Alexandre Bombeiro), ele estava em caminhada pela feira livre de Alfenas, quando foi abordado pelos petistas Rodolfo Chaib (PCdoB) e Mac Johson. Pr\u00f3ximo a eles tamb\u00e9m estavam o candidato a reelei\u00e7\u00e3o e prefeito F\u00e1bio Flor\u00eancio (PT), o deputado Luizinho (PT), o presidente da C\u00e2mara de Alfenas, Carlinho Vardem\u00e1 (PSB), entre outros.<\/p>\n\n\n\n<p>Na abordagem, Rodolfo e Mac perguntaram algo sobre a hist\u00f3ria de Alexandre enquanto ainda atuava como bombeiro militar. Enquanto ele conversava com os dois, algum dos presentes colou um adesivo de campanha \u00e0 reelei\u00e7\u00e3o do prefeito F\u00e1bio Flor\u00eancio (PT), sem a sua autoria\u00e7\u00e3o, consentimento e percep\u00e7\u00e3o.<\/p>\n\n\n\n<p>Depois de encerrada a conversa, o Sr Alexandre relata que continuou a caminhada pela feira livre, quando encontrou seus correligion\u00e1rios de partido (Uni\u00e3o Brasil). Foi, ent\u00e3o, que um deles o alertou sobre o adesivo de campanha do PT colado em suas costas.<\/p>\n\n\n\n<p>Com muita insatisfa\u00e7\u00e3o pela adesiva\u00e7\u00e3o n\u00e3o autorizada, o Sargento Alexandre Bombeiro enviou um \u00e1udio nos grupos de whatsapp, indignado com tal situa\u00e7\u00e3o, pedindo que o \u00e1udio fosse encaminhado adiante para todos os grupos, com o objetivo de alertar as pessoas que o viram com adesivo do PT, que aquilo n\u00e3o representa a realidade, que foi tra\u00eddo pelo grupo que o chamou para conversa, uma vez que o Sr. Alexandre Bombeiro apoia o candidato de seu partido, Jaime Daniel.<\/p>\n\n\n\n<p>Abaixo, segue a manifesta\u00e7\u00e3o do Sr. Alexandre Bombeiro, na \u00edntegra:<\/p>\n\n\n\n<figure class=\"wp-block-embed is-type-video is-provider-youtube wp-block-embed-youtube wp-embed-aspect-16-9 wp-has-aspect-ratio\"><div class=\"wp-block-embed__wrapper\">\n<iframe title=\"BOLA FORA: PETISTAS COLAM ADESIVO SEM AUTORIZA\u00c7\u00c3O\" width=\"720\" height=\"405\" src=\"https:\/\/www.youtube.com\/embed\/CUykHFsKvT8?feature=oembed\" frameborder=\"0\" allow=\"accelerometer; autoplay; clipboard-write; encrypted-media; gyroscope; picture-in-picture; web-share\" referrerpolicy=\"strict-origin-when-cross-origin\" allowfullscreen><\/iframe>\n<\/div><\/figure>\n\n\n\n<p><strong>Campanha irregular<\/strong><\/p>\n\n\n\n<p>De acordo com a legisla\u00e7\u00e3o eleitoral vigente, a propaganda eleitoral deve ser de forma espont\u00e2nea, gratuita e ainda \u00e9 aconselh\u00e1vel uma declara\u00e7\u00e3o de autoriza\u00e7\u00e3o do propriet\u00e1rio. Caso nenhum desses crit\u00e9rios seja observado podem incorrer em multa que varia de R$ 5.000 a R$ 25 mil.<\/p>\n\n\n\n<p>Procurado para comentar o assunto, o Sr. Alexandre Bombeiro disse que n\u00e3o viu quem colou o adesivo, e que nao far\u00e1 representa\u00e7\u00e3o na justi\u00e7a eleitoral por n\u00e3o saber quem foi o autor da colagem.<\/p>\n","protected":false},"excerpt":{"rendered":"<p>Adesivos de campanha eleitoral colados sem autoriza\u00e7\u00e3o podem render multa \u00e0 campanha. <a href=\"https:\/\/noticiasdefato.net\/?p=1689\" class=\"more-link\">Continuar lendo <span class=\"screen-reader-text\">BOLA FORA: PETISTAS COLAM ADESIVO SEM AUTORIZA\u00c7\u00c3O<\/span><\/a><\/p>\n","protected":false},"author":1,"featured_media":1691,"comment_status":"open","ping_status":"open","sticky":false,"template":"","format":"standard","meta":{"footnotes":""},"categories":[18],"tags":[],"class_list":["post-1689","post","type-post","status-publish","format-standard","has-post-thumbnail","hentry","category-politica"],"yoast_head":"<!-- This site is optimized with the Yoast SEO plugin v23.2 - https:\/\/yoast.com\/wordpress\/plugins\/seo\/ -->\n<title>BOLA FORA: PETISTAS COLAM ADESIVO SEM AUTORIZA\u00c7\u00c3O - Not\u00edcias de Fato<\/title>\n<meta name=\"description\" content=\"Adesivos de campanha eleitoral colados sem autoriza\u00e7\u00e3o podem render multa \u00e0 campanha.\" \/>\n<meta name=\"robots\" content=\"index, follow, max-snippet:-1, max-image-preview:large, max-video-preview:-1\" \/>\n<link rel=\"canonical\" href=\"https:\/\/noticiasdefato.net\/?p=1689\" \/>\n<meta property=\"og:locale\" content=\"pt_BR\" \/>\n<meta property=\"og:type\" content=\"article\" \/>\n<meta property=\"og:title\" content=\"BOLA FORA: PETISTAS COLAM ADESIVO SEM AUTORIZA\u00c7\u00c3O - Not\u00edcias de Fato\" \/>\n<meta property=\"og:description\" content=\"Adesivos de campanha eleitoral colados sem autoriza\u00e7\u00e3o podem render multa \u00e0 campanha.\" \/>\n<meta property=\"og:url\" content=\"https:\/\/noticiasdefato.net\/?p=1689\" \/>\n<meta property=\"og:site_name\" content=\"Not\u00edcias de Fato\" \/>\n<meta property=\"article:publisher\" content=\"https:\/\/fb.com\/noticiasdefato.jornal\" \/>\n<meta property=\"article:author\" content=\"http:\/\/fb.com\/\/noticiasdefato.jornal\" \/>\n<meta property=\"article:published_time\" content=\"2024-08-26T01:08:55+00:00\" \/>\n<meta property=\"article:modified_time\" content=\"2024-08-26T01:23:54+00:00\" \/>\n<meta property=\"og:image\" content=\"https:\/\/noticiasdefato.net\/wp-content\/uploads\/2024\/08\/image_2024-08-25_213713113.png\" \/>\n\t<meta property=\"og:image:width\" content=\"538\" \/>\n\t<meta property=\"og:image:height\" content=\"424\" \/>\n\t<meta property=\"og:image:type\" content=\"image\/png\" \/>\n<meta name=\"author\" content=\"Noticias de Fato\" \/>\n<meta name=\"twitter:card\" content=\"summary_large_image\" \/>\n<meta name=\"twitter:creator\" content=\"@https:\/\/twitter.com\/NoticiasDeFato_\" \/>\n<meta name=\"twitter:site\" content=\"@noticiasdefato_\" \/>\n<meta name=\"twitter:label1\" content=\"Escrito por\" \/>\n\t<meta name=\"twitter:data1\" content=\"Noticias de Fato\" \/>\n\t<meta name=\"twitter:label2\" content=\"Est. tempo de leitura\" \/>\n\t<meta name=\"twitter:data2\" content=\"3 minutos\" \/>\n<script type=\"application\/ld+json\" class=\"yoast-schema-graph\">{\"@context\":\"https:\/\/schema.org\",\"@graph\":[{\"@type\":\"Article\",\"@id\":\"https:\/\/noticiasdefato.net\/?p=1689#article\",\"isPartOf\":{\"@id\":\"https:\/\/noticiasdefato.net\/?p=1689\"},\"author\":{\"name\":\"Noticias de Fato\",\"@id\":\"https:\/\/noticiasdefato.net\/#\/schema\/person\/982ce60211d95acf059cd702aa260d08\"},\"headline\":\"BOLA FORA: PETISTAS COLAM ADESIVO SEM AUTORIZA\u00c7\u00c3O\",\"datePublished\":\"2024-08-26T01:08:55+00:00\",\"dateModified\":\"2024-08-26T01:23:54+00:00\",\"mainEntityOfPage\":{\"@id\":\"https:\/\/noticiasdefato.net\/?p=1689\"},\"wordCount\":391,\"commentCount\":0,\"publisher\":{\"@id\":\"https:\/\/noticiasdefato.net\/#organization\"},\"image\":{\"@id\":\"https:\/\/noticiasdefato.net\/?p=1689#primaryimage\"},\"thumbnailUrl\":\"https:\/\/noticiasdefato.net\/wp-content\/uploads\/2024\/08\/image_2024-08-25_213713113.png\",\"articleSection\":[\"Pol\u00edtica\"],\"inLanguage\":\"pt-BR\",\"potentialAction\":[{\"@type\":\"CommentAction\",\"name\":\"Comment\",\"target\":[\"https:\/\/noticiasdefato.net\/?p=1689#respond\"]}]},{\"@type\":\"WebPage\",\"@id\":\"https:\/\/noticiasdefato.net\/?p=1689\",\"url\":\"https:\/\/noticiasdefato.net\/?p=1689\",\"name\":\"BOLA FORA: PETISTAS COLAM ADESIVO SEM AUTORIZA\u00c7\u00c3O - Not\u00edcias de Fato\",\"isPartOf\":{\"@id\":\"https:\/\/noticiasdefato.net\/#website\"},\"primaryImageOfPage\":{\"@id\":\"https:\/\/noticiasdefato.net\/?p=1689#primaryimage\"},\"image\":{\"@id\":\"https:\/\/noticiasdefato.net\/?p=1689#primaryimage\"},\"thumbnailUrl\":\"https:\/\/noticiasdefato.net\/wp-content\/uploads\/2024\/08\/image_2024-08-25_213713113.png\",\"datePublished\":\"2024-08-26T01:08:55+00:00\",\"dateModified\":\"2024-08-26T01:23:54+00:00\",\"description\":\"Adesivos de campanha eleitoral colados sem autoriza\u00e7\u00e3o podem render multa \u00e0 campanha.\",\"breadcrumb\":{\"@id\":\"https:\/\/noticiasdefato.net\/?p=1689#breadcrumb\"},\"inLanguage\":\"pt-BR\",\"potentialAction\":[{\"@type\":\"ReadAction\",\"target\":[\"https:\/\/noticiasdefato.net\/?p=1689\"]}]},{\"@type\":\"ImageObject\",\"inLanguage\":\"pt-BR\",\"@id\":\"https:\/\/noticiasdefato.net\/?p=1689#primaryimage\",\"url\":\"https:\/\/noticiasdefato.net\/wp-content\/uploads\/2024\/08\/image_2024-08-25_213713113.png\",\"contentUrl\":\"https:\/\/noticiasdefato.net\/wp-content\/uploads\/2024\/08\/image_2024-08-25_213713113.png\",\"width\":538,\"height\":424},{\"@type\":\"BreadcrumbList\",\"@id\":\"https:\/\/noticiasdefato.net\/?p=1689#breadcrumb\",\"itemListElement\":[{\"@type\":\"ListItem\",\"position\":1,\"name\":\"In\u00edcio\",\"item\":\"https:\/\/noticiasdefato.net\/\"},{\"@type\":\"ListItem\",\"position\":2,\"name\":\"BOLA FORA: PETISTAS COLAM ADESIVO SEM AUTORIZA\u00c7\u00c3O\"}]},{\"@type\":\"WebSite\",\"@id\":\"https:\/\/noticiasdefato.net\/#website\",\"url\":\"https:\/\/noticiasdefato.net\/\",\"name\":\"Not\u00edcias de Fato\",\"description\":\"Trabalhamos com honestidade, seriedade e com a verdade.\",\"publisher\":{\"@id\":\"https:\/\/noticiasdefato.net\/#organization\"},\"potentialAction\":[{\"@type\":\"SearchAction\",\"target\":{\"@type\":\"EntryPoint\",\"urlTemplate\":\"https:\/\/noticiasdefato.net\/?s={search_term_string}\"},\"query-input\":\"required name=search_term_string\"}],\"inLanguage\":\"pt-BR\"},{\"@type\":\"Organization\",\"@id\":\"https:\/\/noticiasdefato.net\/#organization\",\"name\":\"Not\u00edcias de Fato\",\"url\":\"https:\/\/noticiasdefato.net\/\",\"logo\":{\"@type\":\"ImageObject\",\"inLanguage\":\"pt-BR\",\"@id\":\"https:\/\/noticiasdefato.net\/#\/schema\/logo\/image\/\",\"url\":\"https:\/\/noticiasdefato.net\/wp-content\/uploads\/2024\/02\/cropped-logo_topo.png\",\"contentUrl\":\"https:\/\/noticiasdefato.net\/wp-content\/uploads\/2024\/02\/cropped-logo_topo.png\",\"width\":1948,\"height\":665,\"caption\":\"Not\u00edcias de Fato\"},\"image\":{\"@id\":\"https:\/\/noticiasdefato.net\/#\/schema\/logo\/image\/\"},\"sameAs\":[\"https:\/\/fb.com\/noticiasdefato.jornal\",\"https:\/\/x.com\/noticiasdefato_\",\"https:\/\/instagram.com\/noticiasdefato.jornal\",\"https:\/\/youtube.com\/@JornalNoticiasDeFato\"]},{\"@type\":\"Person\",\"@id\":\"https:\/\/noticiasdefato.net\/#\/schema\/person\/982ce60211d95acf059cd702aa260d08\",\"name\":\"Noticias de Fato\",\"image\":{\"@type\":\"ImageObject\",\"inLanguage\":\"pt-BR\",\"@id\":\"https:\/\/noticiasdefato.net\/#\/schema\/person\/image\/\",\"url\":\"https:\/\/secure.gravatar.com\/avatar\/700227fab2316f0366a1b5d4988d10f847249cf13293450527ac9553c994611a?s=96&d=mm&r=g\",\"contentUrl\":\"https:\/\/secure.gravatar.com\/avatar\/700227fab2316f0366a1b5d4988d10f847249cf13293450527ac9553c994611a?s=96&d=mm&r=g\",\"caption\":\"Noticias de Fato\"},\"sameAs\":[\"https:\/\/noticiasdefato.net\",\"http:\/\/fb.com\/\/noticiasdefato.jornal\",\"https:\/\/x.com\/https:\/\/twitter.com\/NoticiasDeFato_\"],\"url\":\"https:\/\/noticiasdefato.net\/?author=1\"}]}<\/script>\n<!-- \/ Yoast SEO plugin. -->","yoast_head_json":{"title":"BOLA FORA: PETISTAS COLAM ADESIVO SEM AUTORIZA\u00c7\u00c3O - Not\u00edcias de Fato","description":"Adesivos de campanha eleitoral colados sem autoriza\u00e7\u00e3o podem render multa \u00e0 campanha.","robots":{"index":"index","follow":"follow","max-snippet":"max-snippet:-1","max-image-preview":"max-image-preview:large","max-video-preview":"max-video-preview:-1"},"canonical":"https:\/\/noticiasdefato.net\/?p=1689","og_locale":"pt_BR","og_type":"article","og_title":"BOLA FORA: PETISTAS COLAM ADESIVO SEM AUTORIZA\u00c7\u00c3O - Not\u00edcias de Fato","og_description":"Adesivos de campanha eleitoral colados sem autoriza\u00e7\u00e3o podem render multa \u00e0 campanha.","og_url":"https:\/\/noticiasdefato.net\/?p=1689","og_site_name":"Not\u00edcias de Fato","article_publisher":"https:\/\/fb.com\/noticiasdefato.jornal","article_author":"http:\/\/fb.com\/\/noticiasdefato.jornal","article_published_time":"2024-08-26T01:08:55+00:00","article_modified_time":"2024-08-26T01:23:54+00:00","og_image":[{"width":538,"height":424,"url":"https:\/\/noticiasdefato.net\/wp-content\/uploads\/2024\/08\/image_2024-08-25_213713113.png","type":"image\/png"}],"author":"Noticias de Fato","twitter_card":"summary_large_image","twitter_creator":"@https:\/\/twitter.com\/NoticiasDeFato_","twitter_site":"@noticiasdefato_","twitter_misc":{"Escrito por":"Noticias de Fato","Est. tempo de leitura":"3 minutos"},"schema":{"@context":"https:\/\/schema.org","@graph":[{"@type":"Article","@id":"https:\/\/noticiasdefato.net\/?p=1689#article","isPartOf":{"@id":"https:\/\/noticiasdefato.net\/?p=1689"},"author":{"name":"Noticias de Fato","@id":"https:\/\/noticiasdefato.net\/#\/schema\/person\/982ce60211d95acf059cd702aa260d08"},"headline":"BOLA FORA: PETISTAS COLAM ADESIVO SEM AUTORIZA\u00c7\u00c3O","datePublished":"2024-08-26T01:08:55+00:00","dateModified":"2024-08-26T01:23:54+00:00","mainEntityOfPage":{"@id":"https:\/\/noticiasdefato.net\/?p=1689"},"wordCount":391,"commentCount":0,"publisher":{"@id":"https:\/\/noticiasdefato.net\/#organization"},"image":{"@id":"https:\/\/noticiasdefato.net\/?p=1689#primaryimage"},"thumbnailUrl":"https:\/\/noticiasdefato.net\/wp-content\/uploads\/2024\/08\/image_2024-08-25_213713113.png","articleSection":["Pol\u00edtica"],"inLanguage":"pt-BR","potentialAction":[{"@type":"CommentAction","name":"Comment","target":["https:\/\/noticiasdefato.net\/?p=1689#respond"]}]},{"@type":"WebPage","@id":"https:\/\/noticiasdefato.net\/?p=1689","url":"https:\/\/noticiasdefato.net\/?p=1689","name":"BOLA FORA: PETISTAS COLAM ADESIVO SEM AUTORIZA\u00c7\u00c3O - Not\u00edcias de Fato","isPartOf":{"@id":"https:\/\/noticiasdefato.net\/#website"},"primaryImageOfPage":{"@id":"https:\/\/noticiasdefato.net\/?p=1689#primaryimage"},"image":{"@id":"https:\/\/noticiasdefato.net\/?p=1689#primaryimage"},"thumbnailUrl":"https:\/\/noticiasdefato.net\/wp-content\/uploads\/2024\/08\/image_2024-08-25_213713113.png","datePublished":"2024-08-26T01:08:55+00:00","dateModified":"2024-08-26T01:23:54+00:00","description":"Adesivos de campanha eleitoral colados sem autoriza\u00e7\u00e3o podem render multa \u00e0 campanha.","breadcrumb":{"@id":"https:\/\/noticiasdefato.net\/?p=1689#breadcrumb"},"inLanguage":"pt-BR","potentialAction":[{"@type":"ReadAction","target":["https:\/\/noticiasdefato.net\/?p=1689"]}]},{"@type":"ImageObject","inLanguage":"pt-BR","@id":"https:\/\/noticiasdefato.net\/?p=1689#primaryimage","url":"https:\/\/noticiasdefato.net\/wp-content\/uploads\/2024\/08\/image_2024-08-25_213713113.png","contentUrl":"https:\/\/noticiasdefato.net\/wp-content\/uploads\/2024\/08\/image_2024-08-25_213713113.png","width":538,"height":424},{"@type":"BreadcrumbList","@id":"https:\/\/noticiasdefato.net\/?p=1689#breadcrumb","itemListElement":[{"@type":"ListItem","position":1,"name":"In\u00edcio","item":"https:\/\/noticiasdefato.net\/"},{"@type":"ListItem","position":2,"name":"BOLA FORA: PETISTAS COLAM ADESIVO SEM AUTORIZA\u00c7\u00c3O"}]},{"@type":"WebSite","@id":"https:\/\/noticiasdefato.net\/#website","url":"https:\/\/noticiasdefato.net\/","name":"Not\u00edcias de Fato","description":"Trabalhamos com honestidade, seriedade e com a verdade.","publisher":{"@id":"https:\/\/noticiasdefato.net\/#organization"},"potentialAction":[{"@type":"SearchAction","target":{"@type":"EntryPoint","urlTemplate":"https:\/\/noticiasdefato.net\/?s={search_term_string}"},"query-input":"required name=search_term_string"}],"inLanguage":"pt-BR"},{"@type":"Organization","@id":"https:\/\/noticiasdefato.net\/#organization","name":"Not\u00edcias de Fato","url":"https:\/\/noticiasdefato.net\/","logo":{"@type":"ImageObject","inLanguage":"pt-BR","@id":"https:\/\/noticiasdefato.net\/#\/schema\/logo\/image\/","url":"https:\/\/noticiasdefato.net\/wp-content\/uploads\/2024\/02\/cropped-logo_topo.png","contentUrl":"https:\/\/noticiasdefato.net\/wp-content\/uploads\/2024\/02\/cropped-logo_topo.png","width":1948,"height":665,"caption":"Not\u00edcias de Fato"},"image":{"@id":"https:\/\/noticiasdefato.net\/#\/schema\/logo\/image\/"},"sameAs":["https:\/\/fb.com\/noticiasdefato.jornal","https:\/\/x.com\/noticiasdefato_","https:\/\/instagram.com\/noticiasdefato.jornal","https:\/\/youtube.com\/@JornalNoticiasDeFato"]},{"@type":"Person","@id":"https:\/\/noticiasdefato.net\/#\/schema\/person\/982ce60211d95acf059cd702aa260d08","name":"Noticias de Fato","image":{"@type":"ImageObject","inLanguage":"pt-BR","@id":"https:\/\/noticiasdefato.net\/#\/schema\/person\/image\/","url":"https:\/\/secure.gravatar.com\/avatar\/700227fab2316f0366a1b5d4988d10f847249cf13293450527ac9553c994611a?s=96&d=mm&r=g","contentUrl":"https:\/\/secure.gravatar.com\/avatar\/700227fab2316f0366a1b5d4988d10f847249cf13293450527ac9553c994611a?s=96&d=mm&r=g","caption":"Noticias de Fato"},"sameAs":["https:\/\/noticiasdefato.net","http:\/\/fb.com\/\/noticiasdefato.jornal","https:\/\/x.com\/https:\/\/twitter.com\/NoticiasDeFato_"],"url":"https:\/\/noticiasdefato.net\/?author=1"}]}},"_links":{"self":[{"href":"https:\/\/noticiasdefato.net\/index.php?rest_route=\/wp\/v2\/posts\/1689","targetHints":{"allow":["GET"]}}],"collection":[{"href":"https:\/\/noticiasdefato.net\/index.php?rest_route=\/wp\/v2\/posts"}],"about":[{"href":"https:\/\/noticiasdefato.net\/index.php?rest_route=\/wp\/v2\/types\/post"}],"author":[{"embeddable":true,"href":"https:\/\/noticiasdefato.net\/index.php?rest_route=\/wp\/v2\/users\/1"}],"replies":[{"embeddable":true,"href":"https:\/\/noticiasdefato.net\/index.php?rest_route=%2Fwp%2Fv2%2Fcomments&post=1689"}],"version-history":[{"count":2,"href":"https:\/\/noticiasdefato.net\/index.php?rest_route=\/wp\/v2\/posts\/1689\/revisions"}],"predecessor-version":[{"id":1694,"href":"https:\/\/noticiasdefato.net\/index.php?rest_route=\/wp\/v2\/posts\/1689\/revisions\/1694"}],"wp:featuredmedia":[{"embeddable":true,"href":"https:\/\/noticiasdefato.net\/index.php?rest_route=\/wp\/v2\/media\/1691"}],"wp:attachment":[{"href":"https:\/\/noticiasdefato.net\/index.php?rest_route=%2Fwp%2Fv2%2Fmedia&parent=1689"}],"wp:term":[{"taxonomy":"category","embeddable":true,"href":"https:\/\/noticiasdefato.net\/index.php?rest_route=%2Fwp%2Fv2%2Fcategories&post=1689"},{"taxonomy":"post_tag","embeddable":true,"href":"https:\/\/noticiasdefato.net\/index.php?rest_route=%2Fwp%2Fv2%2Ftags&post=1689"}],"curies":[{"name":"wp","href":"https:\/\/api.w.org\/{rel}","templated":true}]}}