{"id":1695,"date":"2024-08-26T14:09:26","date_gmt":"2024-08-26T17:09:26","guid":{"rendered":"https:\/\/noticiasdefato.net\/?p=1695"},"modified":"2024-10-01T12:29:22","modified_gmt":"2024-10-01T15:29:22","slug":"sem-provas-mdb-de-marquinho-do-sus-sofre-derrota","status":"publish","type":"post","link":"https:\/\/noticiasdefato.net\/?p=1695","title":{"rendered":"SEM PROVAS, MDB DE MARQUINHO DO SUS SOFRE DERROTA"},"content":{"rendered":"\n<p><em>Justi\u00e7a eleitoral nega pedido do presidente do partido MDB, Marquinho SUS, que pedia a remo\u00e7\u00e3o de publica\u00e7\u00f5es com a pesquisa eleitoral<\/em>.<\/p>\n\n\n\n<p>No \u00faltimo dia 23, o presidente do partido MDB de Alfenas, Marco Ant\u00f4nio Gomes de Carvalho (Marquinho do SUS), ingressou com uma peti\u00e7\u00e3o c\u00edvil na justi\u00e7a eleitoral questionando a pesquisa eleitoral contratada e divulgada por este jornal, o Not\u00edcias de Fato (NF), e pedindo que fossem removidas todas as publica\u00e7\u00f5es relacionadas ao resultado da pesquisa em quest\u00e3o. Entre suas alega\u00e7\u00f5es, ele cogita &#8220;<em>manipula\u00e7\u00e3o intencional para influenciar o eleitorado<\/em>&#8221; e &#8220;<em>lan\u00e7ou d\u00favidas acerca da rela\u00e7\u00e3o entre o contratante da pesquisa e alguns candidatos do pr\u00f3ximo pleito<\/em>&#8220;, segundo consta na decis\u00e3o judicial que derrotou a suposta tentativa de censura por parte do MDB.<\/p>\n\n\n\n<p>Na peti\u00e7\u00e3o do MDB, em momento algum foram apresentadas provas das alega\u00e7\u00f5es, principalmente no que diz respeito ao editor deste jornal, quando Marco Carvalho levanta suspeita de sua idoneidade ao afirmar que &#8220;<em>&#8230; cujo editor \u00e9 o pr\u00f3prio Sr. Thiago, conhecido por seu alinhamento p\u00fablico com a candidatura de Amadeu Peloso e Toninho Munhoz<\/em>&#8220;. A afirma\u00e7\u00e3o do Sr. Marco Carvalho cai por terra pela aus\u00eancia de comprova\u00e7\u00e3o, bem como pelo editor deste jornal, Sr Thiago Eduardo, estar publicamente posicionado de maneira neutra at\u00e9 o presente momento, uma vez que aguarda a apresenta\u00e7\u00e3o dos projetos dos candidados para escolher quem apoiar de maneira pessoal. O posicionamento neutro de Thiago \u00e9 de conhecimento at\u00e9 mesmo por pessoas ligadas a candidatura de Jaime Daniel, que \u00e9 apoiada pelo partido de Marco Carvalho, entre essas pessoas, candidatos a vereador do Uni\u00e3o Brasil e do PSD.<\/p>\n\n\n\n<p>Segue, abaixo, a \u00edntegra da decis\u00e3o que derrotou a tentativa de censura do MDB:<\/p>\n\n\n<div class=\"wp-block-image\">\n<figure class=\"aligncenter size-full\"><img fetchpriority=\"high\" decoding=\"async\" width=\"987\" height=\"697\" src=\"https:\/\/noticiasdefato.net\/wp-content\/uploads\/2024\/08\/image-59.png\" alt=\"\" class=\"wp-image-1698\" srcset=\"https:\/\/noticiasdefato.net\/wp-content\/uploads\/2024\/08\/image-59.png 987w, https:\/\/noticiasdefato.net\/wp-content\/uploads\/2024\/08\/image-59-300x212.png 300w, https:\/\/noticiasdefato.net\/wp-content\/uploads\/2024\/08\/image-59-768x542.png 768w, https:\/\/noticiasdefato.net\/wp-content\/uploads\/2024\/08\/image-59-127x90.png 127w\" sizes=\"(max-width: 987px) 100vw, 987px\" \/><figcaption class=\"wp-element-caption\">Decis\u00e3o judicial imp\u00f5e derrota ao MDB de Marquinho do SUS<\/figcaption><\/figure>\n<\/div>\n\n\n<p><strong>E A LEI GERAL DE PROTE\u00c7\u00c3O DE DADOS (LGPD &#8211; 13.709\/2018) ?<\/strong><\/p>\n\n\n\n<p>O documento <em>com dados sens\u00edveis<\/em> foi exposto ao p\u00fablico, inicialmente, atrav\u00e9s de seu colega de partido, Fabrizio Sanseverino. Posteriormente, o documento foi espalhado por outras pessoas que haviam recebido em grupo de whatsapp que Sanseverino publicou.<\/p>\n\n\n\n<p>Para ter acesso a documentos, na \u00edntegra, conforme foi compartilhado, precisa ser um advogado com cadastro no sistema PJE da Justi\u00e7a Eleitoral, profiss\u00e3o essa que n\u00e3o \u00e9 do Sr. Fabrizio Sanseverino. Ou seja, algu\u00e9m com acesso restrito vazou o documento para o Sr Fabrizio. Todo sistema computacional possui sistema de auditoria com o objetivo de registrar quem acessou determinada funcionalidade, portanto, \u00e9 poss\u00edvel solicitar que seja verificado quem teve acesso ao documento entre a sua entrada no sistema, e a divulga\u00e7\u00e3o por Fabrizio, no s\u00e1bado pela manh\u00e3. <\/p>\n\n\n\n<p>Segundo a lei, &#8220;A divulga\u00e7\u00e3o de\u00a0informa\u00e7\u00f5es\u00a0sem autoriza\u00e7\u00e3o expressa do indiv\u00edduo e a viola\u00e7\u00e3o ao direito de privacidade s\u00e3o pass\u00edveis de indeniza\u00e7\u00e3o por danos materiais ou morais, ensejando medida cautelar para impedir ou fazer cessar qualquer viola\u00e7\u00e3o&#8221;.<\/p>\n\n\n\n<p><strong>NOTA DO EDITOR<\/strong><\/p>\n\n\n\n<p>\u00c9 lament\u00e1vel o n\u00edvel que tomou a elei\u00e7\u00e3o municipal da nossa querida Alfenas. Virou um vale tudo, ao ponto de uma pessoa tentar destruir a reputa\u00e7\u00e3o de outra por uma diverg\u00eancia de ideias. Eu nunca imaginei que uma pessoa que se apresentou como candidato no passado, que se apresenta como pessoa respeitosa na sociedade, poderia fazer uma afirma\u00e7\u00e3o t\u00e3o leviana sobre mim, sem ao menos entrar em contato comigo e, principalmente, sem me conhecer.<\/p>\n\n\n\n<p>Conhe\u00e7o a fam\u00edlia dele, e admito que jamais esperava uma atitude t\u00e3o baixa dele a meu respeito. Quando ele foi candidato nunca o agredi, em respeito ao seu pai, Daniel de Carvalho. Tamb\u00e9m n\u00e3o agredi ningu\u00e9m da chapa do candidato que o partido dele apoia, o Jaime. Inclusive gozo de respeito do pr\u00f3prio Jaime Daniel, que tenho certeza que n\u00e3o aprova o que o Marco fez. Tenho certeza que nem o Daniel de Carvalho apoiaria o que ele fez, se soubesse a quem o Marco se referia, dado o respeito que h\u00e1 do Daniel para conosco. Tentei contato com o Marco mas s\u00f3 d\u00e1 caixa postal.<\/p>\n\n\n\n<p>Por fim, quero destacar que dentro do jogo democr\u00e1tico qualquer questionamento \u00e9 v\u00e1lido, desde que seja seguido de provas, e desde que envolva os atores do pleito. Poss\u00edveis ila\u00e7\u00f5es contra terceiros, colocando sob suspeita a idoneidade, honra e retid\u00e3o, sem qualquer apresenta\u00e7\u00e3o de provas, n\u00e3o fazem parte do processo democr\u00e1tico. Principalmente com divulga\u00e7\u00e3o de dados sensiveis. Assusta, ainda, essa atitude partir de um partido de nome Movimento <strong>Democr\u00e1tico<\/strong> Brasileiro. Que democracia \u00e9 essa em que n\u00e3o se importa com a reputa\u00e7\u00e3o dos outros? Que democracia \u00e9 essa que quer censurar um ve\u00edculo de not\u00edcias porque nao concordou com algo.<\/p>\n\n\n\n<p>Finalizo rememorando Voltaire: &#8220;<em>Posso n\u00e3o concordar com nenhuma das palavras que voc\u00ea<\/em>\u00a0disser, mas defenderei at\u00e9 a morte o direito de\u00a0<em>voc\u00ea<\/em>\u00a0diz\u00ea-las.&#8221;<\/p>\n\n\n\n<p><strong>A PESQUISA ELEITORAL<\/strong><\/p>\n\n\n\n<figure class=\"wp-block-image size-large\"><img decoding=\"async\" width=\"1024\" height=\"576\" src=\"https:\/\/noticiasdefato.net\/wp-content\/uploads\/2024\/08\/image-56-1024x576.png\" alt=\"\" class=\"wp-image-1684\" srcset=\"https:\/\/noticiasdefato.net\/wp-content\/uploads\/2024\/08\/image-56-1024x576.png 1024w, https:\/\/noticiasdefato.net\/wp-content\/uploads\/2024\/08\/image-56-300x169.png 300w, https:\/\/noticiasdefato.net\/wp-content\/uploads\/2024\/08\/image-56-768x432.png 768w, https:\/\/noticiasdefato.net\/wp-content\/uploads\/2024\/08\/image-56-1536x864.png 1536w, https:\/\/noticiasdefato.net\/wp-content\/uploads\/2024\/08\/image-56-160x90.png 160w, https:\/\/noticiasdefato.net\/wp-content\/uploads\/2024\/08\/image-56.png 2000w\" sizes=\"(max-width: 1024px) 100vw, 1024px\" \/><\/figure>\n","protected":false},"excerpt":{"rendered":"<p>Justi\u00e7a eleitoral nega pedido do presidente do partido MDB, Marquinho SUS, que pedia a remo\u00e7\u00e3o de publica\u00e7\u00f5es com a pesquisa eleitoral. <a href=\"https:\/\/noticiasdefato.net\/?p=1695\" class=\"more-link\">Continuar lendo <span class=\"screen-reader-text\">SEM PROVAS, MDB DE MARQUINHO DO SUS SOFRE DERROTA<\/span><\/a><\/p>\n","protected":false},"author":1,"featured_media":1700,"comment_status":"open","ping_status":"open","sticky":false,"template":"","format":"standard","meta":{"footnotes":""},"categories":[18],"tags":[],"class_list":["post-1695","post","type-post","status-publish","format-standard","has-post-thumbnail","hentry","category-politica"],"yoast_head":"<!-- This site is optimized with the Yoast SEO plugin v23.2 - https:\/\/yoast.com\/wordpress\/plugins\/seo\/ -->\n<title>SEM PROVAS, MDB DE MARQUINHO DO SUS SOFRE DERROTA - Not\u00edcias de Fato<\/title>\n<meta name=\"description\" content=\"Justi\u00e7a eleitoral nega pedido do presidente do partido MDB, Marquinho SUS, que pedia a remo\u00e7\u00e3o de publica\u00e7\u00f5es com a pesquisa eleitoral.\" \/>\n<meta name=\"robots\" content=\"index, follow, max-snippet:-1, max-image-preview:large, max-video-preview:-1\" \/>\n<link rel=\"canonical\" href=\"https:\/\/noticiasdefato.net\/?p=1695\" \/>\n<meta property=\"og:locale\" content=\"pt_BR\" \/>\n<meta property=\"og:type\" content=\"article\" \/>\n<meta property=\"og:title\" content=\"SEM PROVAS, MDB DE MARQUINHO DO SUS SOFRE DERROTA - Not\u00edcias de Fato\" \/>\n<meta property=\"og:description\" content=\"Justi\u00e7a eleitoral nega pedido do presidente do partido MDB, Marquinho SUS, que pedia a remo\u00e7\u00e3o de publica\u00e7\u00f5es com a pesquisa eleitoral.\" \/>\n<meta property=\"og:url\" content=\"https:\/\/noticiasdefato.net\/?p=1695\" \/>\n<meta property=\"og:site_name\" content=\"Not\u00edcias de Fato\" \/>\n<meta property=\"article:publisher\" content=\"https:\/\/fb.com\/noticiasdefato.jornal\" \/>\n<meta property=\"article:author\" content=\"http:\/\/fb.com\/\/noticiasdefato.jornal\" \/>\n<meta property=\"article:published_time\" content=\"2024-08-26T17:09:26+00:00\" \/>\n<meta property=\"article:modified_time\" content=\"2024-10-01T15:29:22+00:00\" \/>\n<meta property=\"og:image\" content=\"https:\/\/noticiasdefato.net\/wp-content\/uploads\/2024\/08\/image_2024-08-26_140710847.png\" \/>\n\t<meta property=\"og:image:width\" content=\"2002\" \/>\n\t<meta property=\"og:image:height\" content=\"1127\" \/>\n\t<meta property=\"og:image:type\" content=\"image\/png\" \/>\n<meta name=\"author\" content=\"Noticias de Fato\" \/>\n<meta name=\"twitter:card\" content=\"summary_large_image\" \/>\n<meta name=\"twitter:creator\" content=\"@https:\/\/twitter.com\/NoticiasDeFato_\" \/>\n<meta name=\"twitter:site\" content=\"@noticiasdefato_\" \/>\n<meta name=\"twitter:label1\" content=\"Escrito por\" \/>\n\t<meta name=\"twitter:data1\" content=\"Noticias de Fato\" \/>\n\t<meta name=\"twitter:label2\" content=\"Est. tempo de leitura\" \/>\n\t<meta name=\"twitter:data2\" content=\"5 minutos\" \/>\n<script type=\"application\/ld+json\" class=\"yoast-schema-graph\">{\"@context\":\"https:\/\/schema.org\",\"@graph\":[{\"@type\":\"Article\",\"@id\":\"https:\/\/noticiasdefato.net\/?p=1695#article\",\"isPartOf\":{\"@id\":\"https:\/\/noticiasdefato.net\/?p=1695\"},\"author\":{\"name\":\"Noticias de Fato\",\"@id\":\"https:\/\/noticiasdefato.net\/#\/schema\/person\/982ce60211d95acf059cd702aa260d08\"},\"headline\":\"SEM PROVAS, MDB DE MARQUINHO DO SUS SOFRE DERROTA\",\"datePublished\":\"2024-08-26T17:09:26+00:00\",\"dateModified\":\"2024-10-01T15:29:22+00:00\",\"mainEntityOfPage\":{\"@id\":\"https:\/\/noticiasdefato.net\/?p=1695\"},\"wordCount\":844,\"commentCount\":0,\"publisher\":{\"@id\":\"https:\/\/noticiasdefato.net\/#organization\"},\"image\":{\"@id\":\"https:\/\/noticiasdefato.net\/?p=1695#primaryimage\"},\"thumbnailUrl\":\"https:\/\/noticiasdefato.net\/wp-content\/uploads\/2024\/08\/image_2024-08-26_140710847.png\",\"articleSection\":[\"Pol\u00edtica\"],\"inLanguage\":\"pt-BR\",\"potentialAction\":[{\"@type\":\"CommentAction\",\"name\":\"Comment\",\"target\":[\"https:\/\/noticiasdefato.net\/?p=1695#respond\"]}]},{\"@type\":\"WebPage\",\"@id\":\"https:\/\/noticiasdefato.net\/?p=1695\",\"url\":\"https:\/\/noticiasdefato.net\/?p=1695\",\"name\":\"SEM PROVAS, MDB DE MARQUINHO DO SUS SOFRE DERROTA - Not\u00edcias de Fato\",\"isPartOf\":{\"@id\":\"https:\/\/noticiasdefato.net\/#website\"},\"primaryImageOfPage\":{\"@id\":\"https:\/\/noticiasdefato.net\/?p=1695#primaryimage\"},\"image\":{\"@id\":\"https:\/\/noticiasdefato.net\/?p=1695#primaryimage\"},\"thumbnailUrl\":\"https:\/\/noticiasdefato.net\/wp-content\/uploads\/2024\/08\/image_2024-08-26_140710847.png\",\"datePublished\":\"2024-08-26T17:09:26+00:00\",\"dateModified\":\"2024-10-01T15:29:22+00:00\",\"description\":\"Justi\u00e7a eleitoral nega pedido do presidente do partido MDB, Marquinho SUS, que pedia a remo\u00e7\u00e3o de publica\u00e7\u00f5es com a pesquisa eleitoral.\",\"breadcrumb\":{\"@id\":\"https:\/\/noticiasdefato.net\/?p=1695#breadcrumb\"},\"inLanguage\":\"pt-BR\",\"potentialAction\":[{\"@type\":\"ReadAction\",\"target\":[\"https:\/\/noticiasdefato.net\/?p=1695\"]}]},{\"@type\":\"ImageObject\",\"inLanguage\":\"pt-BR\",\"@id\":\"https:\/\/noticiasdefato.net\/?p=1695#primaryimage\",\"url\":\"https:\/\/noticiasdefato.net\/wp-content\/uploads\/2024\/08\/image_2024-08-26_140710847.png\",\"contentUrl\":\"https:\/\/noticiasdefato.net\/wp-content\/uploads\/2024\/08\/image_2024-08-26_140710847.png\",\"width\":2002,\"height\":1127},{\"@type\":\"BreadcrumbList\",\"@id\":\"https:\/\/noticiasdefato.net\/?p=1695#breadcrumb\",\"itemListElement\":[{\"@type\":\"ListItem\",\"position\":1,\"name\":\"In\u00edcio\",\"item\":\"https:\/\/noticiasdefato.net\/\"},{\"@type\":\"ListItem\",\"position\":2,\"name\":\"SEM PROVAS, MDB DE MARQUINHO DO SUS SOFRE DERROTA\"}]},{\"@type\":\"WebSite\",\"@id\":\"https:\/\/noticiasdefato.net\/#website\",\"url\":\"https:\/\/noticiasdefato.net\/\",\"name\":\"Not\u00edcias de Fato\",\"description\":\"Trabalhamos com honestidade, seriedade e com a verdade.\",\"publisher\":{\"@id\":\"https:\/\/noticiasdefato.net\/#organization\"},\"potentialAction\":[{\"@type\":\"SearchAction\",\"target\":{\"@type\":\"EntryPoint\",\"urlTemplate\":\"https:\/\/noticiasdefato.net\/?s={search_term_string}\"},\"query-input\":\"required name=search_term_string\"}],\"inLanguage\":\"pt-BR\"},{\"@type\":\"Organization\",\"@id\":\"https:\/\/noticiasdefato.net\/#organization\",\"name\":\"Not\u00edcias de Fato\",\"url\":\"https:\/\/noticiasdefato.net\/\",\"logo\":{\"@type\":\"ImageObject\",\"inLanguage\":\"pt-BR\",\"@id\":\"https:\/\/noticiasdefato.net\/#\/schema\/logo\/image\/\",\"url\":\"https:\/\/noticiasdefato.net\/wp-content\/uploads\/2024\/02\/cropped-logo_topo.png\",\"contentUrl\":\"https:\/\/noticiasdefato.net\/wp-content\/uploads\/2024\/02\/cropped-logo_topo.png\",\"width\":1948,\"height\":665,\"caption\":\"Not\u00edcias de Fato\"},\"image\":{\"@id\":\"https:\/\/noticiasdefato.net\/#\/schema\/logo\/image\/\"},\"sameAs\":[\"https:\/\/fb.com\/noticiasdefato.jornal\",\"https:\/\/x.com\/noticiasdefato_\",\"https:\/\/instagram.com\/noticiasdefato.jornal\",\"https:\/\/youtube.com\/@JornalNoticiasDeFato\"]},{\"@type\":\"Person\",\"@id\":\"https:\/\/noticiasdefato.net\/#\/schema\/person\/982ce60211d95acf059cd702aa260d08\",\"name\":\"Noticias de Fato\",\"image\":{\"@type\":\"ImageObject\",\"inLanguage\":\"pt-BR\",\"@id\":\"https:\/\/noticiasdefato.net\/#\/schema\/person\/image\/\",\"url\":\"https:\/\/secure.gravatar.com\/avatar\/700227fab2316f0366a1b5d4988d10f847249cf13293450527ac9553c994611a?s=96&d=mm&r=g\",\"contentUrl\":\"https:\/\/secure.gravatar.com\/avatar\/700227fab2316f0366a1b5d4988d10f847249cf13293450527ac9553c994611a?s=96&d=mm&r=g\",\"caption\":\"Noticias de Fato\"},\"sameAs\":[\"https:\/\/noticiasdefato.net\",\"http:\/\/fb.com\/\/noticiasdefato.jornal\",\"https:\/\/x.com\/https:\/\/twitter.com\/NoticiasDeFato_\"],\"url\":\"https:\/\/noticiasdefato.net\/?author=1\"}]}<\/script>\n<!-- \/ Yoast SEO plugin. -->","yoast_head_json":{"title":"SEM PROVAS, MDB DE MARQUINHO DO SUS SOFRE DERROTA - Not\u00edcias de Fato","description":"Justi\u00e7a eleitoral nega pedido do presidente do partido MDB, Marquinho SUS, que pedia a remo\u00e7\u00e3o de publica\u00e7\u00f5es com a pesquisa eleitoral.","robots":{"index":"index","follow":"follow","max-snippet":"max-snippet:-1","max-image-preview":"max-image-preview:large","max-video-preview":"max-video-preview:-1"},"canonical":"https:\/\/noticiasdefato.net\/?p=1695","og_locale":"pt_BR","og_type":"article","og_title":"SEM PROVAS, MDB DE MARQUINHO DO SUS SOFRE DERROTA - Not\u00edcias de Fato","og_description":"Justi\u00e7a eleitoral nega pedido do presidente do partido MDB, Marquinho SUS, que pedia a remo\u00e7\u00e3o de publica\u00e7\u00f5es com a pesquisa eleitoral.","og_url":"https:\/\/noticiasdefato.net\/?p=1695","og_site_name":"Not\u00edcias de Fato","article_publisher":"https:\/\/fb.com\/noticiasdefato.jornal","article_author":"http:\/\/fb.com\/\/noticiasdefato.jornal","article_published_time":"2024-08-26T17:09:26+00:00","article_modified_time":"2024-10-01T15:29:22+00:00","og_image":[{"width":2002,"height":1127,"url":"https:\/\/noticiasdefato.net\/wp-content\/uploads\/2024\/08\/image_2024-08-26_140710847.png","type":"image\/png"}],"author":"Noticias de Fato","twitter_card":"summary_large_image","twitter_creator":"@https:\/\/twitter.com\/NoticiasDeFato_","twitter_site":"@noticiasdefato_","twitter_misc":{"Escrito por":"Noticias de Fato","Est. tempo de leitura":"5 minutos"},"schema":{"@context":"https:\/\/schema.org","@graph":[{"@type":"Article","@id":"https:\/\/noticiasdefato.net\/?p=1695#article","isPartOf":{"@id":"https:\/\/noticiasdefato.net\/?p=1695"},"author":{"name":"Noticias de Fato","@id":"https:\/\/noticiasdefato.net\/#\/schema\/person\/982ce60211d95acf059cd702aa260d08"},"headline":"SEM PROVAS, MDB DE MARQUINHO DO SUS SOFRE DERROTA","datePublished":"2024-08-26T17:09:26+00:00","dateModified":"2024-10-01T15:29:22+00:00","mainEntityOfPage":{"@id":"https:\/\/noticiasdefato.net\/?p=1695"},"wordCount":844,"commentCount":0,"publisher":{"@id":"https:\/\/noticiasdefato.net\/#organization"},"image":{"@id":"https:\/\/noticiasdefato.net\/?p=1695#primaryimage"},"thumbnailUrl":"https:\/\/noticiasdefato.net\/wp-content\/uploads\/2024\/08\/image_2024-08-26_140710847.png","articleSection":["Pol\u00edtica"],"inLanguage":"pt-BR","potentialAction":[{"@type":"CommentAction","name":"Comment","target":["https:\/\/noticiasdefato.net\/?p=1695#respond"]}]},{"@type":"WebPage","@id":"https:\/\/noticiasdefato.net\/?p=1695","url":"https:\/\/noticiasdefato.net\/?p=1695","name":"SEM PROVAS, MDB DE MARQUINHO DO SUS SOFRE DERROTA - Not\u00edcias de Fato","isPartOf":{"@id":"https:\/\/noticiasdefato.net\/#website"},"primaryImageOfPage":{"@id":"https:\/\/noticiasdefato.net\/?p=1695#primaryimage"},"image":{"@id":"https:\/\/noticiasdefato.net\/?p=1695#primaryimage"},"thumbnailUrl":"https:\/\/noticiasdefato.net\/wp-content\/uploads\/2024\/08\/image_2024-08-26_140710847.png","datePublished":"2024-08-26T17:09:26+00:00","dateModified":"2024-10-01T15:29:22+00:00","description":"Justi\u00e7a eleitoral nega pedido do presidente do partido MDB, Marquinho SUS, que pedia a remo\u00e7\u00e3o de publica\u00e7\u00f5es com a pesquisa eleitoral.","breadcrumb":{"@id":"https:\/\/noticiasdefato.net\/?p=1695#breadcrumb"},"inLanguage":"pt-BR","potentialAction":[{"@type":"ReadAction","target":["https:\/\/noticiasdefato.net\/?p=1695"]}]},{"@type":"ImageObject","inLanguage":"pt-BR","@id":"https:\/\/noticiasdefato.net\/?p=1695#primaryimage","url":"https:\/\/noticiasdefato.net\/wp-content\/uploads\/2024\/08\/image_2024-08-26_140710847.png","contentUrl":"https:\/\/noticiasdefato.net\/wp-content\/uploads\/2024\/08\/image_2024-08-26_140710847.png","width":2002,"height":1127},{"@type":"BreadcrumbList","@id":"https:\/\/noticiasdefato.net\/?p=1695#breadcrumb","itemListElement":[{"@type":"ListItem","position":1,"name":"In\u00edcio","item":"https:\/\/noticiasdefato.net\/"},{"@type":"ListItem","position":2,"name":"SEM PROVAS, MDB DE MARQUINHO DO SUS SOFRE DERROTA"}]},{"@type":"WebSite","@id":"https:\/\/noticiasdefato.net\/#website","url":"https:\/\/noticiasdefato.net\/","name":"Not\u00edcias de Fato","description":"Trabalhamos com honestidade, seriedade e com a verdade.","publisher":{"@id":"https:\/\/noticiasdefato.net\/#organization"},"potentialAction":[{"@type":"SearchAction","target":{"@type":"EntryPoint","urlTemplate":"https:\/\/noticiasdefato.net\/?s={search_term_string}"},"query-input":"required name=search_term_string"}],"inLanguage":"pt-BR"},{"@type":"Organization","@id":"https:\/\/noticiasdefato.net\/#organization","name":"Not\u00edcias de Fato","url":"https:\/\/noticiasdefato.net\/","logo":{"@type":"ImageObject","inLanguage":"pt-BR","@id":"https:\/\/noticiasdefato.net\/#\/schema\/logo\/image\/","url":"https:\/\/noticiasdefato.net\/wp-content\/uploads\/2024\/02\/cropped-logo_topo.png","contentUrl":"https:\/\/noticiasdefato.net\/wp-content\/uploads\/2024\/02\/cropped-logo_topo.png","width":1948,"height":665,"caption":"Not\u00edcias de Fato"},"image":{"@id":"https:\/\/noticiasdefato.net\/#\/schema\/logo\/image\/"},"sameAs":["https:\/\/fb.com\/noticiasdefato.jornal","https:\/\/x.com\/noticiasdefato_","https:\/\/instagram.com\/noticiasdefato.jornal","https:\/\/youtube.com\/@JornalNoticiasDeFato"]},{"@type":"Person","@id":"https:\/\/noticiasdefato.net\/#\/schema\/person\/982ce60211d95acf059cd702aa260d08","name":"Noticias de Fato","image":{"@type":"ImageObject","inLanguage":"pt-BR","@id":"https:\/\/noticiasdefato.net\/#\/schema\/person\/image\/","url":"https:\/\/secure.gravatar.com\/avatar\/700227fab2316f0366a1b5d4988d10f847249cf13293450527ac9553c994611a?s=96&d=mm&r=g","contentUrl":"https:\/\/secure.gravatar.com\/avatar\/700227fab2316f0366a1b5d4988d10f847249cf13293450527ac9553c994611a?s=96&d=mm&r=g","caption":"Noticias de Fato"},"sameAs":["https:\/\/noticiasdefato.net","http:\/\/fb.com\/\/noticiasdefato.jornal","https:\/\/x.com\/https:\/\/twitter.com\/NoticiasDeFato_"],"url":"https:\/\/noticiasdefato.net\/?author=1"}]}},"_links":{"self":[{"href":"https:\/\/noticiasdefato.net\/index.php?rest_route=\/wp\/v2\/posts\/1695","targetHints":{"allow":["GET"]}}],"collection":[{"href":"https:\/\/noticiasdefato.net\/index.php?rest_route=\/wp\/v2\/posts"}],"about":[{"href":"https:\/\/noticiasdefato.net\/index.php?rest_route=\/wp\/v2\/types\/post"}],"author":[{"embeddable":true,"href":"https:\/\/noticiasdefato.net\/index.php?rest_route=\/wp\/v2\/users\/1"}],"replies":[{"embeddable":true,"href":"https:\/\/noticiasdefato.net\/index.php?rest_route=%2Fwp%2Fv2%2Fcomments&post=1695"}],"version-history":[{"count":3,"href":"https:\/\/noticiasdefato.net\/index.php?rest_route=\/wp\/v2\/posts\/1695\/revisions"}],"predecessor-version":[{"id":1701,"href":"https:\/\/noticiasdefato.net\/index.php?rest_route=\/wp\/v2\/posts\/1695\/revisions\/1701"}],"wp:featuredmedia":[{"embeddable":true,"href":"https:\/\/noticiasdefato.net\/index.php?rest_route=\/wp\/v2\/media\/1700"}],"wp:attachment":[{"href":"https:\/\/noticiasdefato.net\/index.php?rest_route=%2Fwp%2Fv2%2Fmedia&parent=1695"}],"wp:term":[{"taxonomy":"category","embeddable":true,"href":"https:\/\/noticiasdefato.net\/index.php?rest_route=%2Fwp%2Fv2%2Fcategories&post=1695"},{"taxonomy":"post_tag","embeddable":true,"href":"https:\/\/noticiasdefato.net\/index.php?rest_route=%2Fwp%2Fv2%2Ftags&post=1695"}],"curies":[{"name":"wp","href":"https:\/\/api.w.org\/{rel}","templated":true}]}}