{"id":1702,"date":"2024-08-27T09:14:30","date_gmt":"2024-08-27T12:14:30","guid":{"rendered":"https:\/\/noticiasdefato.net\/?p=1702"},"modified":"2024-10-01T12:29:26","modified_gmt":"2024-10-01T15:29:26","slug":"casa-terapeutica-denunciada-por-organizacao-criminosa","status":"publish","type":"post","link":"https:\/\/noticiasdefato.net\/?p=1702","title":{"rendered":"CASA TERAP\u00caUTICA DENUNCIADA POR ORGANIZA\u00c7\u00c3O CRIMINOSA"},"content":{"rendered":"\n<p><em>MPMG denuncia organiza\u00e7\u00e3o criminosa por tortura, c\u00e1rcere privado e tr\u00e1fico de drogas em comunidade terap\u00eautica de Machado<\/em>.<\/p>\n\n\n\n<p>O Minist\u00e9rio P\u00fablico de Minas Gerais (MPMG) ofereceu den\u00fancia contra 15 pessoas, entre diretores e funcion\u00e1rios da comunidade terap\u00eautica Caminho de Luz, localizada na zona rural de Machado, acusados de integrarem organiza\u00e7\u00e3o criminosa respons\u00e1vel pela pr\u00e1tica dos crimes de c\u00e1rcere privado, tortura, tr\u00e1fico de drogas e fornecimento de mercadoria impr\u00f3pria para o consumo.<\/p>\n\n\n\n<p><strong>No dia 7 de junho deste ano, o Jornal Not\u00edcias de Fato- JNF foi o primeiro a denunciar os fatos ocorridos na Cl\u00ednica Caminhos de Luz (confira aqui <\/strong><a href=\"https:\/\/noticiasdefato.net\/?p=1306\">INTERNOS, TRANSFERIDOS DE ALFENAS, DENUNCIAM MAUS TRATOS<\/a>)<strong> depois que recebemos o v\u00eddeo de uma m\u00e3e de um dos internos da Proesc de Alfenas que foi transferido\u00a0para\u00a0Machado.<\/strong><\/p>\n\n\n\n<p>Entre os denunciados est\u00e3o um m\u00e9dico, um psic\u00f3logo, tr\u00eas enfermeiros, al\u00e9m de supervisores e coordenadores da comunidade terap\u00eautica. Dos 15 denunciados, cinco encontram-se presos preventivamente. Conforme a den\u00fancia, ex-funcion\u00e1rios tamb\u00e9m s\u00e3o acusados de coagir v\u00edtimas, ap\u00f3s a instaura\u00e7\u00e3o da investiga\u00e7\u00e3o.<\/p>\n\n\n\n<p>Al\u00e9m da condena\u00e7\u00e3o dos denunciados pelos crimes imputados, a 2\u00aa Promotoria de Justi\u00e7a de Machado requer a fixa\u00e7\u00e3o de indeniza\u00e7\u00e3o pelos danos morais causados \u00e0s v\u00edtimas e \u00e0 coletividade.<\/p>\n\n\n\n<p>Diante da possibilidade de existirem outras v\u00edtimas, ex-internos da comunidade terap\u00eautica Caminho de Luz ainda n\u00e3o identificados, o MPMG solicitou a continuidade das investiga\u00e7\u00f5es na Delegacia de Pol\u00edcia. Assim, eventuais v\u00edtimas da mesma organiza\u00e7\u00e3o devem procurar a Pol\u00edcia Civil, em Machado.<\/p>\n\n\n<div class=\"wp-block-image\">\n<figure class=\"aligncenter size-full\"><img fetchpriority=\"high\" decoding=\"async\" width=\"450\" height=\"300\" src=\"https:\/\/noticiasdefato.net\/wp-content\/uploads\/2024\/08\/Imagem-do-WhatsApp-de-2024-08-27-as-08.52.10_3882da58.jpg\" alt=\"\" class=\"wp-image-1704\" srcset=\"https:\/\/noticiasdefato.net\/wp-content\/uploads\/2024\/08\/Imagem-do-WhatsApp-de-2024-08-27-as-08.52.10_3882da58.jpg 450w, https:\/\/noticiasdefato.net\/wp-content\/uploads\/2024\/08\/Imagem-do-WhatsApp-de-2024-08-27-as-08.52.10_3882da58-300x200.jpg 300w, https:\/\/noticiasdefato.net\/wp-content\/uploads\/2024\/08\/Imagem-do-WhatsApp-de-2024-08-27-as-08.52.10_3882da58-135x90.jpg 135w\" sizes=\"(max-width: 450px) 100vw, 450px\" \/><\/figure>\n<\/div>\n\n\n<p><strong>ENTENDA O CASO<\/strong><\/p>\n\n\n\n<p>Segundo apurado, a comunidade terap\u00eautica Caminho de Luz foi criada em maio de 2017. Com a publica\u00e7\u00e3o da Lei n\u00ba 13.840, em 2019, vedando a realiza\u00e7\u00e3o de qualquer modalidade de interna\u00e7\u00e3o nessas comunidades, a dire\u00e7\u00e3o da Caminho de Luz alterou o seu estatuto, retirando a express\u00e3o &#8220;comunidade terap\u00eautica&#8221; e mantendo a previs\u00e3o de interna\u00e7\u00e3o na entidade. Passou ent\u00e3o a se apresentar como cl\u00ednica para interna\u00e7\u00e3o e tratamento de dependentes qu\u00edmicos, apesar de n\u00e3o possuir os requisitos para ser considerada uma unidade de sa\u00fade.<\/p>\n\n\n\n<p>Al\u00e9m disso, a partir de 2020, houve expressivo aumento das a\u00e7\u00f5es judiciais de interna\u00e7\u00e3o compuls\u00f3ria na comarca, e, em muitas dessas a\u00e7\u00f5es, os autores requeriam que o tratamento fosse disponibilizado na Caminho de Luz, apresentando laudo assinado pelo m\u00e9dico da pr\u00f3pria entidade.<\/p>\n\n\n\n<p>Diante dos ind\u00edcios de pr\u00e1ticas ilegais, em junho deste ano, o MPMG realizou fiscaliza\u00e7\u00e3o na comunidade terap\u00eautica, acompanhado pelas Pol\u00edcias Militar e Civil e pela Vigil\u00e2ncia Sanit\u00e1ria municipal. Na ocasi\u00e3o, internos relataram situa\u00e7\u00f5es de tortura e c\u00e1rcere privado, e foram apreendidos instrumentos como faixas e braceletes de conten\u00e7\u00e3o, lacres de pl\u00e1stico conhecidos como &#8220;enforca-gato&#8221;, medicamentos sem autoriza\u00e7\u00e3o legal, blocos de receitu\u00e1rio em branco carimbados e assinados pelo m\u00e9dico.<\/p>\n\n\n\n<p>A Vigil\u00e2ncia Sanit\u00e1ria constatou que os alimentos oferecidos aos internos eram impr\u00f3prios para o consumo, com refei\u00e7\u00f5es produzidas a partir de produtos obtidos por um dos denunciados em refugos do com\u00e9rcio. Tamb\u00e9m foram encontrados produtos vencidos e cigarros contrabandeados, que eram vendidos aos internos por uma das pessoas denunciadas.<\/p>\n\n\n\n<p>Durante a fiscaliza\u00e7\u00e3o, o homem que se apresentou como respons\u00e1vel pela entidade tentou fugir, mas foi preso em flagrante, de posse de um envelope com cerca de R$ 85 mil. Outros quatro funcion\u00e1rios que estavam no local tamb\u00e9m foram presos em flagrante. As v\u00edtimas foram conduzidas ao Pronto Atendimento de Machado, onde foram constatadas diversas les\u00f5es corporais.<\/p>\n\n\n\n<p>Com a instaura\u00e7\u00e3o de Inqu\u00e9rito Policial, apurou-se que &#8220;sob a apar\u00eancia de uma comunidade terap\u00eautica, a Caminho de Luz constitu\u00eda uma organiza\u00e7\u00e3o criminosa. Visando a obten\u00e7\u00e3o de vantagem financeira, os denunciados se associaram para a pr\u00e1tica dos crimes de c\u00e1rcere privado, tortura, tr\u00e1fico de drogas e fornecimento de mercadoria impr\u00f3pria&nbsp;para&nbsp;consumo\u201d.<\/p>\n","protected":false},"excerpt":{"rendered":"<p>MPMG denuncia organiza\u00e7\u00e3o criminosa por tortura, c\u00e1rcere privado e tr\u00e1fico de drogas em comunidade terap\u00eautica de Machado. <a href=\"https:\/\/noticiasdefato.net\/?p=1702\" class=\"more-link\">Continuar lendo <span class=\"screen-reader-text\">CASA TERAP\u00caUTICA DENUNCIADA POR ORGANIZA\u00c7\u00c3O CRIMINOSA<\/span><\/a><\/p>\n","protected":false},"author":1,"featured_media":1703,"comment_status":"open","ping_status":"open","sticky":false,"template":"","format":"standard","meta":{"footnotes":""},"categories":[25],"tags":[],"class_list":["post-1702","post","type-post","status-publish","format-standard","has-post-thumbnail","hentry","category-policial"],"yoast_head":"<!-- This site is optimized with the Yoast SEO plugin v23.2 - https:\/\/yoast.com\/wordpress\/plugins\/seo\/ -->\n<title>CASA TERAP\u00caUTICA DENUNCIADA POR ORGANIZA\u00c7\u00c3O CRIMINOSA - Not\u00edcias de Fato<\/title>\n<meta name=\"description\" content=\"MPMG denuncia organiza\u00e7\u00e3o criminosa por tortura, c\u00e1rcere privado e tr\u00e1fico de drogas em comunidade terap\u00eautica de Machado.\" \/>\n<meta name=\"robots\" content=\"index, follow, max-snippet:-1, max-image-preview:large, max-video-preview:-1\" \/>\n<link rel=\"canonical\" href=\"https:\/\/noticiasdefato.net\/?p=1702\" \/>\n<meta property=\"og:locale\" content=\"pt_BR\" \/>\n<meta property=\"og:type\" content=\"article\" \/>\n<meta property=\"og:title\" content=\"CASA TERAP\u00caUTICA DENUNCIADA POR ORGANIZA\u00c7\u00c3O CRIMINOSA - Not\u00edcias de Fato\" \/>\n<meta property=\"og:description\" content=\"MPMG denuncia organiza\u00e7\u00e3o criminosa por tortura, c\u00e1rcere privado e tr\u00e1fico de drogas em comunidade terap\u00eautica de Machado.\" \/>\n<meta property=\"og:url\" content=\"https:\/\/noticiasdefato.net\/?p=1702\" \/>\n<meta property=\"og:site_name\" content=\"Not\u00edcias de Fato\" \/>\n<meta property=\"article:publisher\" content=\"https:\/\/fb.com\/noticiasdefato.jornal\" \/>\n<meta property=\"article:author\" content=\"http:\/\/fb.com\/\/noticiasdefato.jornal\" \/>\n<meta property=\"article:published_time\" content=\"2024-08-27T12:14:30+00:00\" \/>\n<meta property=\"article:modified_time\" content=\"2024-10-01T15:29:26+00:00\" \/>\n<meta property=\"og:image\" content=\"https:\/\/noticiasdefato.net\/wp-content\/uploads\/2024\/08\/Imagem-do-WhatsApp-de-2024-08-27-as-08.52.10_ccf9ad8a.jpg\" \/>\n\t<meta property=\"og:image:width\" content=\"450\" \/>\n\t<meta property=\"og:image:height\" content=\"300\" \/>\n\t<meta property=\"og:image:type\" content=\"image\/jpeg\" \/>\n<meta name=\"author\" content=\"Noticias de Fato\" \/>\n<meta name=\"twitter:card\" content=\"summary_large_image\" \/>\n<meta name=\"twitter:creator\" content=\"@https:\/\/twitter.com\/NoticiasDeFato_\" \/>\n<meta name=\"twitter:site\" content=\"@noticiasdefato_\" \/>\n<meta name=\"twitter:label1\" content=\"Escrito por\" \/>\n\t<meta name=\"twitter:data1\" content=\"Noticias de Fato\" \/>\n\t<meta name=\"twitter:label2\" content=\"Est. tempo de leitura\" \/>\n\t<meta name=\"twitter:data2\" content=\"4 minutos\" \/>\n<script type=\"application\/ld+json\" class=\"yoast-schema-graph\">{\"@context\":\"https:\/\/schema.org\",\"@graph\":[{\"@type\":\"Article\",\"@id\":\"https:\/\/noticiasdefato.net\/?p=1702#article\",\"isPartOf\":{\"@id\":\"https:\/\/noticiasdefato.net\/?p=1702\"},\"author\":{\"name\":\"Noticias de Fato\",\"@id\":\"https:\/\/noticiasdefato.net\/#\/schema\/person\/982ce60211d95acf059cd702aa260d08\"},\"headline\":\"CASA TERAP\u00caUTICA DENUNCIADA POR ORGANIZA\u00c7\u00c3O CRIMINOSA\",\"datePublished\":\"2024-08-27T12:14:30+00:00\",\"dateModified\":\"2024-10-01T15:29:26+00:00\",\"mainEntityOfPage\":{\"@id\":\"https:\/\/noticiasdefato.net\/?p=1702\"},\"wordCount\":697,\"commentCount\":0,\"publisher\":{\"@id\":\"https:\/\/noticiasdefato.net\/#organization\"},\"image\":{\"@id\":\"https:\/\/noticiasdefato.net\/?p=1702#primaryimage\"},\"thumbnailUrl\":\"https:\/\/noticiasdefato.net\/wp-content\/uploads\/2024\/08\/Imagem-do-WhatsApp-de-2024-08-27-as-08.52.10_ccf9ad8a.jpg\",\"articleSection\":[\"Policial\"],\"inLanguage\":\"pt-BR\",\"potentialAction\":[{\"@type\":\"CommentAction\",\"name\":\"Comment\",\"target\":[\"https:\/\/noticiasdefato.net\/?p=1702#respond\"]}]},{\"@type\":\"WebPage\",\"@id\":\"https:\/\/noticiasdefato.net\/?p=1702\",\"url\":\"https:\/\/noticiasdefato.net\/?p=1702\",\"name\":\"CASA TERAP\u00caUTICA DENUNCIADA POR ORGANIZA\u00c7\u00c3O CRIMINOSA - Not\u00edcias de Fato\",\"isPartOf\":{\"@id\":\"https:\/\/noticiasdefato.net\/#website\"},\"primaryImageOfPage\":{\"@id\":\"https:\/\/noticiasdefato.net\/?p=1702#primaryimage\"},\"image\":{\"@id\":\"https:\/\/noticiasdefato.net\/?p=1702#primaryimage\"},\"thumbnailUrl\":\"https:\/\/noticiasdefato.net\/wp-content\/uploads\/2024\/08\/Imagem-do-WhatsApp-de-2024-08-27-as-08.52.10_ccf9ad8a.jpg\",\"datePublished\":\"2024-08-27T12:14:30+00:00\",\"dateModified\":\"2024-10-01T15:29:26+00:00\",\"description\":\"MPMG denuncia organiza\u00e7\u00e3o criminosa por tortura, c\u00e1rcere privado e tr\u00e1fico de drogas em comunidade terap\u00eautica de Machado.\",\"breadcrumb\":{\"@id\":\"https:\/\/noticiasdefato.net\/?p=1702#breadcrumb\"},\"inLanguage\":\"pt-BR\",\"potentialAction\":[{\"@type\":\"ReadAction\",\"target\":[\"https:\/\/noticiasdefato.net\/?p=1702\"]}]},{\"@type\":\"ImageObject\",\"inLanguage\":\"pt-BR\",\"@id\":\"https:\/\/noticiasdefato.net\/?p=1702#primaryimage\",\"url\":\"https:\/\/noticiasdefato.net\/wp-content\/uploads\/2024\/08\/Imagem-do-WhatsApp-de-2024-08-27-as-08.52.10_ccf9ad8a.jpg\",\"contentUrl\":\"https:\/\/noticiasdefato.net\/wp-content\/uploads\/2024\/08\/Imagem-do-WhatsApp-de-2024-08-27-as-08.52.10_ccf9ad8a.jpg\",\"width\":450,\"height\":300},{\"@type\":\"BreadcrumbList\",\"@id\":\"https:\/\/noticiasdefato.net\/?p=1702#breadcrumb\",\"itemListElement\":[{\"@type\":\"ListItem\",\"position\":1,\"name\":\"In\u00edcio\",\"item\":\"https:\/\/noticiasdefato.net\/\"},{\"@type\":\"ListItem\",\"position\":2,\"name\":\"CASA TERAP\u00caUTICA DENUNCIADA POR ORGANIZA\u00c7\u00c3O CRIMINOSA\"}]},{\"@type\":\"WebSite\",\"@id\":\"https:\/\/noticiasdefato.net\/#website\",\"url\":\"https:\/\/noticiasdefato.net\/\",\"name\":\"Not\u00edcias de Fato\",\"description\":\"Trabalhamos com honestidade, seriedade e com a verdade.\",\"publisher\":{\"@id\":\"https:\/\/noticiasdefato.net\/#organization\"},\"potentialAction\":[{\"@type\":\"SearchAction\",\"target\":{\"@type\":\"EntryPoint\",\"urlTemplate\":\"https:\/\/noticiasdefato.net\/?s={search_term_string}\"},\"query-input\":\"required name=search_term_string\"}],\"inLanguage\":\"pt-BR\"},{\"@type\":\"Organization\",\"@id\":\"https:\/\/noticiasdefato.net\/#organization\",\"name\":\"Not\u00edcias de Fato\",\"url\":\"https:\/\/noticiasdefato.net\/\",\"logo\":{\"@type\":\"ImageObject\",\"inLanguage\":\"pt-BR\",\"@id\":\"https:\/\/noticiasdefato.net\/#\/schema\/logo\/image\/\",\"url\":\"https:\/\/noticiasdefato.net\/wp-content\/uploads\/2024\/02\/cropped-logo_topo.png\",\"contentUrl\":\"https:\/\/noticiasdefato.net\/wp-content\/uploads\/2024\/02\/cropped-logo_topo.png\",\"width\":1948,\"height\":665,\"caption\":\"Not\u00edcias de Fato\"},\"image\":{\"@id\":\"https:\/\/noticiasdefato.net\/#\/schema\/logo\/image\/\"},\"sameAs\":[\"https:\/\/fb.com\/noticiasdefato.jornal\",\"https:\/\/x.com\/noticiasdefato_\",\"https:\/\/instagram.com\/noticiasdefato.jornal\",\"https:\/\/youtube.com\/@JornalNoticiasDeFato\"]},{\"@type\":\"Person\",\"@id\":\"https:\/\/noticiasdefato.net\/#\/schema\/person\/982ce60211d95acf059cd702aa260d08\",\"name\":\"Noticias de Fato\",\"image\":{\"@type\":\"ImageObject\",\"inLanguage\":\"pt-BR\",\"@id\":\"https:\/\/noticiasdefato.net\/#\/schema\/person\/image\/\",\"url\":\"https:\/\/secure.gravatar.com\/avatar\/700227fab2316f0366a1b5d4988d10f847249cf13293450527ac9553c994611a?s=96&d=mm&r=g\",\"contentUrl\":\"https:\/\/secure.gravatar.com\/avatar\/700227fab2316f0366a1b5d4988d10f847249cf13293450527ac9553c994611a?s=96&d=mm&r=g\",\"caption\":\"Noticias de Fato\"},\"sameAs\":[\"https:\/\/noticiasdefato.net\",\"http:\/\/fb.com\/\/noticiasdefato.jornal\",\"https:\/\/x.com\/https:\/\/twitter.com\/NoticiasDeFato_\"],\"url\":\"https:\/\/noticiasdefato.net\/?author=1\"}]}<\/script>\n<!-- \/ Yoast SEO plugin. -->","yoast_head_json":{"title":"CASA TERAP\u00caUTICA DENUNCIADA POR ORGANIZA\u00c7\u00c3O CRIMINOSA - Not\u00edcias de Fato","description":"MPMG denuncia organiza\u00e7\u00e3o criminosa por tortura, c\u00e1rcere privado e tr\u00e1fico de drogas em comunidade terap\u00eautica de Machado.","robots":{"index":"index","follow":"follow","max-snippet":"max-snippet:-1","max-image-preview":"max-image-preview:large","max-video-preview":"max-video-preview:-1"},"canonical":"https:\/\/noticiasdefato.net\/?p=1702","og_locale":"pt_BR","og_type":"article","og_title":"CASA TERAP\u00caUTICA DENUNCIADA POR ORGANIZA\u00c7\u00c3O CRIMINOSA - Not\u00edcias de Fato","og_description":"MPMG denuncia organiza\u00e7\u00e3o criminosa por tortura, c\u00e1rcere privado e tr\u00e1fico de drogas em comunidade terap\u00eautica de Machado.","og_url":"https:\/\/noticiasdefato.net\/?p=1702","og_site_name":"Not\u00edcias de Fato","article_publisher":"https:\/\/fb.com\/noticiasdefato.jornal","article_author":"http:\/\/fb.com\/\/noticiasdefato.jornal","article_published_time":"2024-08-27T12:14:30+00:00","article_modified_time":"2024-10-01T15:29:26+00:00","og_image":[{"width":450,"height":300,"url":"https:\/\/noticiasdefato.net\/wp-content\/uploads\/2024\/08\/Imagem-do-WhatsApp-de-2024-08-27-as-08.52.10_ccf9ad8a.jpg","type":"image\/jpeg"}],"author":"Noticias de Fato","twitter_card":"summary_large_image","twitter_creator":"@https:\/\/twitter.com\/NoticiasDeFato_","twitter_site":"@noticiasdefato_","twitter_misc":{"Escrito por":"Noticias de Fato","Est. tempo de leitura":"4 minutos"},"schema":{"@context":"https:\/\/schema.org","@graph":[{"@type":"Article","@id":"https:\/\/noticiasdefato.net\/?p=1702#article","isPartOf":{"@id":"https:\/\/noticiasdefato.net\/?p=1702"},"author":{"name":"Noticias de Fato","@id":"https:\/\/noticiasdefato.net\/#\/schema\/person\/982ce60211d95acf059cd702aa260d08"},"headline":"CASA TERAP\u00caUTICA DENUNCIADA POR ORGANIZA\u00c7\u00c3O CRIMINOSA","datePublished":"2024-08-27T12:14:30+00:00","dateModified":"2024-10-01T15:29:26+00:00","mainEntityOfPage":{"@id":"https:\/\/noticiasdefato.net\/?p=1702"},"wordCount":697,"commentCount":0,"publisher":{"@id":"https:\/\/noticiasdefato.net\/#organization"},"image":{"@id":"https:\/\/noticiasdefato.net\/?p=1702#primaryimage"},"thumbnailUrl":"https:\/\/noticiasdefato.net\/wp-content\/uploads\/2024\/08\/Imagem-do-WhatsApp-de-2024-08-27-as-08.52.10_ccf9ad8a.jpg","articleSection":["Policial"],"inLanguage":"pt-BR","potentialAction":[{"@type":"CommentAction","name":"Comment","target":["https:\/\/noticiasdefato.net\/?p=1702#respond"]}]},{"@type":"WebPage","@id":"https:\/\/noticiasdefato.net\/?p=1702","url":"https:\/\/noticiasdefato.net\/?p=1702","name":"CASA TERAP\u00caUTICA DENUNCIADA POR ORGANIZA\u00c7\u00c3O CRIMINOSA - Not\u00edcias de Fato","isPartOf":{"@id":"https:\/\/noticiasdefato.net\/#website"},"primaryImageOfPage":{"@id":"https:\/\/noticiasdefato.net\/?p=1702#primaryimage"},"image":{"@id":"https:\/\/noticiasdefato.net\/?p=1702#primaryimage"},"thumbnailUrl":"https:\/\/noticiasdefato.net\/wp-content\/uploads\/2024\/08\/Imagem-do-WhatsApp-de-2024-08-27-as-08.52.10_ccf9ad8a.jpg","datePublished":"2024-08-27T12:14:30+00:00","dateModified":"2024-10-01T15:29:26+00:00","description":"MPMG denuncia organiza\u00e7\u00e3o criminosa por tortura, c\u00e1rcere privado e tr\u00e1fico de drogas em comunidade terap\u00eautica de Machado.","breadcrumb":{"@id":"https:\/\/noticiasdefato.net\/?p=1702#breadcrumb"},"inLanguage":"pt-BR","potentialAction":[{"@type":"ReadAction","target":["https:\/\/noticiasdefato.net\/?p=1702"]}]},{"@type":"ImageObject","inLanguage":"pt-BR","@id":"https:\/\/noticiasdefato.net\/?p=1702#primaryimage","url":"https:\/\/noticiasdefato.net\/wp-content\/uploads\/2024\/08\/Imagem-do-WhatsApp-de-2024-08-27-as-08.52.10_ccf9ad8a.jpg","contentUrl":"https:\/\/noticiasdefato.net\/wp-content\/uploads\/2024\/08\/Imagem-do-WhatsApp-de-2024-08-27-as-08.52.10_ccf9ad8a.jpg","width":450,"height":300},{"@type":"BreadcrumbList","@id":"https:\/\/noticiasdefato.net\/?p=1702#breadcrumb","itemListElement":[{"@type":"ListItem","position":1,"name":"In\u00edcio","item":"https:\/\/noticiasdefato.net\/"},{"@type":"ListItem","position":2,"name":"CASA TERAP\u00caUTICA DENUNCIADA POR ORGANIZA\u00c7\u00c3O CRIMINOSA"}]},{"@type":"WebSite","@id":"https:\/\/noticiasdefato.net\/#website","url":"https:\/\/noticiasdefato.net\/","name":"Not\u00edcias de Fato","description":"Trabalhamos com honestidade, seriedade e com a verdade.","publisher":{"@id":"https:\/\/noticiasdefato.net\/#organization"},"potentialAction":[{"@type":"SearchAction","target":{"@type":"EntryPoint","urlTemplate":"https:\/\/noticiasdefato.net\/?s={search_term_string}"},"query-input":"required name=search_term_string"}],"inLanguage":"pt-BR"},{"@type":"Organization","@id":"https:\/\/noticiasdefato.net\/#organization","name":"Not\u00edcias de Fato","url":"https:\/\/noticiasdefato.net\/","logo":{"@type":"ImageObject","inLanguage":"pt-BR","@id":"https:\/\/noticiasdefato.net\/#\/schema\/logo\/image\/","url":"https:\/\/noticiasdefato.net\/wp-content\/uploads\/2024\/02\/cropped-logo_topo.png","contentUrl":"https:\/\/noticiasdefato.net\/wp-content\/uploads\/2024\/02\/cropped-logo_topo.png","width":1948,"height":665,"caption":"Not\u00edcias de Fato"},"image":{"@id":"https:\/\/noticiasdefato.net\/#\/schema\/logo\/image\/"},"sameAs":["https:\/\/fb.com\/noticiasdefato.jornal","https:\/\/x.com\/noticiasdefato_","https:\/\/instagram.com\/noticiasdefato.jornal","https:\/\/youtube.com\/@JornalNoticiasDeFato"]},{"@type":"Person","@id":"https:\/\/noticiasdefato.net\/#\/schema\/person\/982ce60211d95acf059cd702aa260d08","name":"Noticias de Fato","image":{"@type":"ImageObject","inLanguage":"pt-BR","@id":"https:\/\/noticiasdefato.net\/#\/schema\/person\/image\/","url":"https:\/\/secure.gravatar.com\/avatar\/700227fab2316f0366a1b5d4988d10f847249cf13293450527ac9553c994611a?s=96&d=mm&r=g","contentUrl":"https:\/\/secure.gravatar.com\/avatar\/700227fab2316f0366a1b5d4988d10f847249cf13293450527ac9553c994611a?s=96&d=mm&r=g","caption":"Noticias de Fato"},"sameAs":["https:\/\/noticiasdefato.net","http:\/\/fb.com\/\/noticiasdefato.jornal","https:\/\/x.com\/https:\/\/twitter.com\/NoticiasDeFato_"],"url":"https:\/\/noticiasdefato.net\/?author=1"}]}},"_links":{"self":[{"href":"https:\/\/noticiasdefato.net\/index.php?rest_route=\/wp\/v2\/posts\/1702","targetHints":{"allow":["GET"]}}],"collection":[{"href":"https:\/\/noticiasdefato.net\/index.php?rest_route=\/wp\/v2\/posts"}],"about":[{"href":"https:\/\/noticiasdefato.net\/index.php?rest_route=\/wp\/v2\/types\/post"}],"author":[{"embeddable":true,"href":"https:\/\/noticiasdefato.net\/index.php?rest_route=\/wp\/v2\/users\/1"}],"replies":[{"embeddable":true,"href":"https:\/\/noticiasdefato.net\/index.php?rest_route=%2Fwp%2Fv2%2Fcomments&post=1702"}],"version-history":[{"count":1,"href":"https:\/\/noticiasdefato.net\/index.php?rest_route=\/wp\/v2\/posts\/1702\/revisions"}],"predecessor-version":[{"id":1705,"href":"https:\/\/noticiasdefato.net\/index.php?rest_route=\/wp\/v2\/posts\/1702\/revisions\/1705"}],"wp:featuredmedia":[{"embeddable":true,"href":"https:\/\/noticiasdefato.net\/index.php?rest_route=\/wp\/v2\/media\/1703"}],"wp:attachment":[{"href":"https:\/\/noticiasdefato.net\/index.php?rest_route=%2Fwp%2Fv2%2Fmedia&parent=1702"}],"wp:term":[{"taxonomy":"category","embeddable":true,"href":"https:\/\/noticiasdefato.net\/index.php?rest_route=%2Fwp%2Fv2%2Fcategories&post=1702"},{"taxonomy":"post_tag","embeddable":true,"href":"https:\/\/noticiasdefato.net\/index.php?rest_route=%2Fwp%2Fv2%2Ftags&post=1702"}],"curies":[{"name":"wp","href":"https:\/\/api.w.org\/{rel}","templated":true}]}}