{"id":1706,"date":"2024-08-27T13:57:48","date_gmt":"2024-08-27T16:57:48","guid":{"rendered":"https:\/\/noticiasdefato.net\/?p=1706"},"modified":"2024-10-01T12:29:32","modified_gmt":"2024-10-01T15:29:32","slug":"combate-a-queimadas","status":"publish","type":"post","link":"https:\/\/noticiasdefato.net\/?p=1706","title":{"rendered":"COMBATE A QUEIMADAS"},"content":{"rendered":"\n<p><em>Opera\u00e7\u00e3o Verde Minas refor\u00e7a o combate aos inc\u00eandios<\/em>.<\/p>\n\n\n\n<p>Provocar inc\u00eandios \u00e9 crime que esfera administrativa \u00e9 classificado como grav\u00edssimo, podendo o autor ser multado em valores que podem chegar a R$ 5.000,00 por hectare ou fra\u00e7\u00e3o queimada, dependendo do bioma.<\/p>\n\n\n\n<p>Aproximadamente 900 policiais do Batalh\u00e3o de Pol\u00edcia Militar de Meio Ambiente (BPM Mamb), da Pol\u00edcia Militar de Minas Gerais (PMMG), al\u00e9m de agentes da Coordenadoria Estadual de Defesa Civil (CEDEC), da Secretaria de Estado de Meio Ambiente e Desenvolvimento Sustent\u00e1vel (SEMAD), do Instituto Estadual de Florestas (IEF), e de outros \u00f3rg\u00e3os, atuam no combate aos inc\u00eandios em Minas, por meio da \u201cOpera\u00e7\u00e3o Verde Minas.\u201d<\/p>\n\n\n\n<p>A opera\u00e7\u00e3o acontece em unidades de conserva\u00e7\u00e3o, esta\u00e7\u00f5es e parques ecol\u00f3gicos, reservas ambientais, entre outros. Nas a\u00e7\u00f5es de preserva\u00e7\u00e3o ao meio ambiente, os militares contam com o apoio de equipamentos como drones, sistemas de monitoramento remoto, al\u00e9m de outras tecnologias.<\/p>\n\n\n\n<p>De acordo com o chefe da Se\u00e7\u00e3o de Planejamento e Opera\u00e7\u00f5es do BPM Mamb, capit\u00e3o Adenilson Brito Ferreira, al\u00e9m das a\u00e7\u00f5es repressivas, foram intensificadas as a\u00e7\u00f5es educativas com o objetivo de promover a conscientiza\u00e7\u00e3o sobre os riscos e danos decorrentes dos inc\u00eandios florestais e das queimadas irregulares em \u00e1reas urbanas e rurais. \u201cImportante salientar que o uso irregular do fogo \u00e9 pass\u00edvel de responsabiliza\u00e7\u00e3o administrativa, civil e criminal, conforme definido no C\u00f3digo Florestal\u201d, destacou.<\/p>\n\n\n\n<p>Segundo o capit\u00e3o, criminalmente, a conduta est\u00e1 especificada no artigo 41 da Lei 9.605\/98 (Lei dos Crimes ambientais). Na esfera civil, a pessoa que provocar inc\u00eandios de forma dolosa ou culposa pode ser penalizada com repara\u00e7\u00e3o pelos danos ocasionados. J\u00e1 na esfera administrativa, a pr\u00e1tica de provocar inc\u00eandio \u00e9 classificada como grav\u00edssima, podendo o autor ser multado em valores que podem chegar a R$ 5.000,00 por hectare ou fra\u00e7\u00e3o queimada, dependendo do bioma. &#8220;Tamb\u00e9m administrativamente, em \u00e2mbito municipal, a queima de lixo, fato muito corriqueiro realizado pelas pessoas e que pode provocar inc\u00eandios, \u00e9 vedada pelo C\u00f3digo de Conduta dos munic\u00edpios, podendo haver autua\u00e7\u00e3o com multa&#8221;. pontuou.<\/p>\n\n\n\n<p>A PMMG orienta a popula\u00e7\u00e3o que, caso observe algum indiv\u00edduo colocando fogo em florestas ou demais formas de vegeta\u00e7\u00e3o, acione a Pol\u00edcia Militar, no n\u00famero 190.<\/p>\n\n\n\n<p>Dicas de preven\u00e7\u00e3o a inc\u00eandios florestais<\/p>\n\n\n\n<ul class=\"wp-block-list\">\n<li>N\u00e3o jogue f\u00f3sforos ou guimbas de cigarros acesos pelas janelas de ve\u00edculo ou no ch\u00e3o em \u00e1reas rurais ou \u00e0s margens das rodovias;<\/li>\n\n\n\n<li>Descarte o lixo de forma adequada, nunca o queimando;<\/li>\n\n\n\n<li>Ap\u00f3s utilizar a fogueira durante um acampamento, apague-a com \u00e1gua e terra;<\/li>\n\n\n\n<li>Mantenha sua propriedade limpa e com aceiros para evitar a propaga\u00e7\u00e3o das chamas em um eventual inc\u00eandio em vegeta\u00e7\u00e3o;<\/li>\n\n\n\n<li>Ao utilizar m\u00e1quinas e equipamentos que produzem fa\u00edscas, como ro\u00e7adeiras e motosserras, tome precau\u00e7\u00f5es extras, especialmente em dias secos e quentes;<\/li>\n\n\n\n<li>Para realiza\u00e7\u00e3o de queimadas, solicite autoriza\u00e7\u00e3o o Instituto Estadual de Florestas.<\/li>\n<\/ul>\n\n\n\n<p><strong>Fonte:<\/strong>\u00a0<em>PMMG<\/em><\/p>\n","protected":false},"excerpt":{"rendered":"<p>Opera\u00e7\u00e3o Verde Minas refor\u00e7a o combate aos inc\u00eandios. <a href=\"https:\/\/noticiasdefato.net\/?p=1706\" class=\"more-link\">Continuar lendo <span class=\"screen-reader-text\">COMBATE A QUEIMADAS<\/span><\/a><\/p>\n","protected":false},"author":1,"featured_media":1707,"comment_status":"open","ping_status":"open","sticky":false,"template":"","format":"standard","meta":{"footnotes":""},"categories":[34],"tags":[],"class_list":["post-1706","post","type-post","status-publish","format-standard","has-post-thumbnail","hentry","category-meio-ambiente"],"yoast_head":"<!-- This site is optimized with the Yoast SEO plugin v23.2 - https:\/\/yoast.com\/wordpress\/plugins\/seo\/ -->\n<title>COMBATE A QUEIMADAS - Not\u00edcias de Fato<\/title>\n<meta name=\"description\" content=\"Opera\u00e7\u00e3o Verde Minas refor\u00e7a o combate aos inc\u00eandios\" \/>\n<meta name=\"robots\" content=\"index, follow, max-snippet:-1, max-image-preview:large, max-video-preview:-1\" \/>\n<link rel=\"canonical\" href=\"https:\/\/noticiasdefato.net\/?p=1706\" \/>\n<meta property=\"og:locale\" content=\"pt_BR\" \/>\n<meta property=\"og:type\" content=\"article\" \/>\n<meta property=\"og:title\" content=\"COMBATE A QUEIMADAS - Not\u00edcias de Fato\" \/>\n<meta property=\"og:description\" content=\"Opera\u00e7\u00e3o Verde Minas refor\u00e7a o combate aos inc\u00eandios\" \/>\n<meta property=\"og:url\" content=\"https:\/\/noticiasdefato.net\/?p=1706\" \/>\n<meta property=\"og:site_name\" content=\"Not\u00edcias de Fato\" \/>\n<meta property=\"article:publisher\" content=\"https:\/\/fb.com\/noticiasdefato.jornal\" \/>\n<meta property=\"article:author\" content=\"http:\/\/fb.com\/\/noticiasdefato.jornal\" \/>\n<meta property=\"article:published_time\" content=\"2024-08-27T16:57:48+00:00\" \/>\n<meta property=\"article:modified_time\" content=\"2024-10-01T15:29:32+00:00\" \/>\n<meta property=\"og:image\" content=\"https:\/\/noticiasdefato.net\/wp-content\/uploads\/2024\/08\/Imagem-do-WhatsApp-de-2024-08-27-as-13.49.11_8c225146.jpg\" \/>\n\t<meta property=\"og:image:width\" content=\"808\" \/>\n\t<meta property=\"og:image:height\" content=\"455\" \/>\n\t<meta property=\"og:image:type\" content=\"image\/jpeg\" \/>\n<meta name=\"author\" content=\"Noticias de Fato\" \/>\n<meta name=\"twitter:card\" content=\"summary_large_image\" \/>\n<meta name=\"twitter:creator\" content=\"@https:\/\/twitter.com\/NoticiasDeFato_\" \/>\n<meta name=\"twitter:site\" content=\"@noticiasdefato_\" \/>\n<meta name=\"twitter:label1\" content=\"Escrito por\" \/>\n\t<meta name=\"twitter:data1\" content=\"Noticias de Fato\" \/>\n\t<meta name=\"twitter:label2\" content=\"Est. tempo de leitura\" \/>\n\t<meta name=\"twitter:data2\" content=\"3 minutos\" \/>\n<script type=\"application\/ld+json\" class=\"yoast-schema-graph\">{\"@context\":\"https:\/\/schema.org\",\"@graph\":[{\"@type\":\"Article\",\"@id\":\"https:\/\/noticiasdefato.net\/?p=1706#article\",\"isPartOf\":{\"@id\":\"https:\/\/noticiasdefato.net\/?p=1706\"},\"author\":{\"name\":\"Noticias de Fato\",\"@id\":\"https:\/\/noticiasdefato.net\/#\/schema\/person\/982ce60211d95acf059cd702aa260d08\"},\"headline\":\"COMBATE A QUEIMADAS\",\"datePublished\":\"2024-08-27T16:57:48+00:00\",\"dateModified\":\"2024-10-01T15:29:32+00:00\",\"mainEntityOfPage\":{\"@id\":\"https:\/\/noticiasdefato.net\/?p=1706\"},\"wordCount\":511,\"commentCount\":0,\"publisher\":{\"@id\":\"https:\/\/noticiasdefato.net\/#organization\"},\"image\":{\"@id\":\"https:\/\/noticiasdefato.net\/?p=1706#primaryimage\"},\"thumbnailUrl\":\"https:\/\/noticiasdefato.net\/wp-content\/uploads\/2024\/08\/Imagem-do-WhatsApp-de-2024-08-27-as-13.49.11_8c225146.jpg\",\"articleSection\":[\"Meio ambiente\"],\"inLanguage\":\"pt-BR\",\"potentialAction\":[{\"@type\":\"CommentAction\",\"name\":\"Comment\",\"target\":[\"https:\/\/noticiasdefato.net\/?p=1706#respond\"]}]},{\"@type\":\"WebPage\",\"@id\":\"https:\/\/noticiasdefato.net\/?p=1706\",\"url\":\"https:\/\/noticiasdefato.net\/?p=1706\",\"name\":\"COMBATE A QUEIMADAS - Not\u00edcias de Fato\",\"isPartOf\":{\"@id\":\"https:\/\/noticiasdefato.net\/#website\"},\"primaryImageOfPage\":{\"@id\":\"https:\/\/noticiasdefato.net\/?p=1706#primaryimage\"},\"image\":{\"@id\":\"https:\/\/noticiasdefato.net\/?p=1706#primaryimage\"},\"thumbnailUrl\":\"https:\/\/noticiasdefato.net\/wp-content\/uploads\/2024\/08\/Imagem-do-WhatsApp-de-2024-08-27-as-13.49.11_8c225146.jpg\",\"datePublished\":\"2024-08-27T16:57:48+00:00\",\"dateModified\":\"2024-10-01T15:29:32+00:00\",\"description\":\"Opera\u00e7\u00e3o Verde Minas refor\u00e7a o combate aos inc\u00eandios\",\"breadcrumb\":{\"@id\":\"https:\/\/noticiasdefato.net\/?p=1706#breadcrumb\"},\"inLanguage\":\"pt-BR\",\"potentialAction\":[{\"@type\":\"ReadAction\",\"target\":[\"https:\/\/noticiasdefato.net\/?p=1706\"]}]},{\"@type\":\"ImageObject\",\"inLanguage\":\"pt-BR\",\"@id\":\"https:\/\/noticiasdefato.net\/?p=1706#primaryimage\",\"url\":\"https:\/\/noticiasdefato.net\/wp-content\/uploads\/2024\/08\/Imagem-do-WhatsApp-de-2024-08-27-as-13.49.11_8c225146.jpg\",\"contentUrl\":\"https:\/\/noticiasdefato.net\/wp-content\/uploads\/2024\/08\/Imagem-do-WhatsApp-de-2024-08-27-as-13.49.11_8c225146.jpg\",\"width\":808,\"height\":455},{\"@type\":\"BreadcrumbList\",\"@id\":\"https:\/\/noticiasdefato.net\/?p=1706#breadcrumb\",\"itemListElement\":[{\"@type\":\"ListItem\",\"position\":1,\"name\":\"In\u00edcio\",\"item\":\"https:\/\/noticiasdefato.net\/\"},{\"@type\":\"ListItem\",\"position\":2,\"name\":\"COMBATE A QUEIMADAS\"}]},{\"@type\":\"WebSite\",\"@id\":\"https:\/\/noticiasdefato.net\/#website\",\"url\":\"https:\/\/noticiasdefato.net\/\",\"name\":\"Not\u00edcias de Fato\",\"description\":\"Trabalhamos com honestidade, seriedade e com a verdade.\",\"publisher\":{\"@id\":\"https:\/\/noticiasdefato.net\/#organization\"},\"potentialAction\":[{\"@type\":\"SearchAction\",\"target\":{\"@type\":\"EntryPoint\",\"urlTemplate\":\"https:\/\/noticiasdefato.net\/?s={search_term_string}\"},\"query-input\":\"required name=search_term_string\"}],\"inLanguage\":\"pt-BR\"},{\"@type\":\"Organization\",\"@id\":\"https:\/\/noticiasdefato.net\/#organization\",\"name\":\"Not\u00edcias de Fato\",\"url\":\"https:\/\/noticiasdefato.net\/\",\"logo\":{\"@type\":\"ImageObject\",\"inLanguage\":\"pt-BR\",\"@id\":\"https:\/\/noticiasdefato.net\/#\/schema\/logo\/image\/\",\"url\":\"https:\/\/noticiasdefato.net\/wp-content\/uploads\/2024\/02\/cropped-logo_topo.png\",\"contentUrl\":\"https:\/\/noticiasdefato.net\/wp-content\/uploads\/2024\/02\/cropped-logo_topo.png\",\"width\":1948,\"height\":665,\"caption\":\"Not\u00edcias de Fato\"},\"image\":{\"@id\":\"https:\/\/noticiasdefato.net\/#\/schema\/logo\/image\/\"},\"sameAs\":[\"https:\/\/fb.com\/noticiasdefato.jornal\",\"https:\/\/x.com\/noticiasdefato_\",\"https:\/\/instagram.com\/noticiasdefato.jornal\",\"https:\/\/youtube.com\/@JornalNoticiasDeFato\"]},{\"@type\":\"Person\",\"@id\":\"https:\/\/noticiasdefato.net\/#\/schema\/person\/982ce60211d95acf059cd702aa260d08\",\"name\":\"Noticias de Fato\",\"image\":{\"@type\":\"ImageObject\",\"inLanguage\":\"pt-BR\",\"@id\":\"https:\/\/noticiasdefato.net\/#\/schema\/person\/image\/\",\"url\":\"https:\/\/secure.gravatar.com\/avatar\/700227fab2316f0366a1b5d4988d10f847249cf13293450527ac9553c994611a?s=96&d=mm&r=g\",\"contentUrl\":\"https:\/\/secure.gravatar.com\/avatar\/700227fab2316f0366a1b5d4988d10f847249cf13293450527ac9553c994611a?s=96&d=mm&r=g\",\"caption\":\"Noticias de Fato\"},\"sameAs\":[\"https:\/\/noticiasdefato.net\",\"http:\/\/fb.com\/\/noticiasdefato.jornal\",\"https:\/\/x.com\/https:\/\/twitter.com\/NoticiasDeFato_\"],\"url\":\"https:\/\/noticiasdefato.net\/?author=1\"}]}<\/script>\n<!-- \/ Yoast SEO plugin. -->","yoast_head_json":{"title":"COMBATE A QUEIMADAS - Not\u00edcias de Fato","description":"Opera\u00e7\u00e3o Verde Minas refor\u00e7a o combate aos inc\u00eandios","robots":{"index":"index","follow":"follow","max-snippet":"max-snippet:-1","max-image-preview":"max-image-preview:large","max-video-preview":"max-video-preview:-1"},"canonical":"https:\/\/noticiasdefato.net\/?p=1706","og_locale":"pt_BR","og_type":"article","og_title":"COMBATE A QUEIMADAS - Not\u00edcias de Fato","og_description":"Opera\u00e7\u00e3o Verde Minas refor\u00e7a o combate aos inc\u00eandios","og_url":"https:\/\/noticiasdefato.net\/?p=1706","og_site_name":"Not\u00edcias de Fato","article_publisher":"https:\/\/fb.com\/noticiasdefato.jornal","article_author":"http:\/\/fb.com\/\/noticiasdefato.jornal","article_published_time":"2024-08-27T16:57:48+00:00","article_modified_time":"2024-10-01T15:29:32+00:00","og_image":[{"width":808,"height":455,"url":"https:\/\/noticiasdefato.net\/wp-content\/uploads\/2024\/08\/Imagem-do-WhatsApp-de-2024-08-27-as-13.49.11_8c225146.jpg","type":"image\/jpeg"}],"author":"Noticias de Fato","twitter_card":"summary_large_image","twitter_creator":"@https:\/\/twitter.com\/NoticiasDeFato_","twitter_site":"@noticiasdefato_","twitter_misc":{"Escrito por":"Noticias de Fato","Est. tempo de leitura":"3 minutos"},"schema":{"@context":"https:\/\/schema.org","@graph":[{"@type":"Article","@id":"https:\/\/noticiasdefato.net\/?p=1706#article","isPartOf":{"@id":"https:\/\/noticiasdefato.net\/?p=1706"},"author":{"name":"Noticias de Fato","@id":"https:\/\/noticiasdefato.net\/#\/schema\/person\/982ce60211d95acf059cd702aa260d08"},"headline":"COMBATE A QUEIMADAS","datePublished":"2024-08-27T16:57:48+00:00","dateModified":"2024-10-01T15:29:32+00:00","mainEntityOfPage":{"@id":"https:\/\/noticiasdefato.net\/?p=1706"},"wordCount":511,"commentCount":0,"publisher":{"@id":"https:\/\/noticiasdefato.net\/#organization"},"image":{"@id":"https:\/\/noticiasdefato.net\/?p=1706#primaryimage"},"thumbnailUrl":"https:\/\/noticiasdefato.net\/wp-content\/uploads\/2024\/08\/Imagem-do-WhatsApp-de-2024-08-27-as-13.49.11_8c225146.jpg","articleSection":["Meio ambiente"],"inLanguage":"pt-BR","potentialAction":[{"@type":"CommentAction","name":"Comment","target":["https:\/\/noticiasdefato.net\/?p=1706#respond"]}]},{"@type":"WebPage","@id":"https:\/\/noticiasdefato.net\/?p=1706","url":"https:\/\/noticiasdefato.net\/?p=1706","name":"COMBATE A QUEIMADAS - Not\u00edcias de Fato","isPartOf":{"@id":"https:\/\/noticiasdefato.net\/#website"},"primaryImageOfPage":{"@id":"https:\/\/noticiasdefato.net\/?p=1706#primaryimage"},"image":{"@id":"https:\/\/noticiasdefato.net\/?p=1706#primaryimage"},"thumbnailUrl":"https:\/\/noticiasdefato.net\/wp-content\/uploads\/2024\/08\/Imagem-do-WhatsApp-de-2024-08-27-as-13.49.11_8c225146.jpg","datePublished":"2024-08-27T16:57:48+00:00","dateModified":"2024-10-01T15:29:32+00:00","description":"Opera\u00e7\u00e3o Verde Minas refor\u00e7a o combate aos inc\u00eandios","breadcrumb":{"@id":"https:\/\/noticiasdefato.net\/?p=1706#breadcrumb"},"inLanguage":"pt-BR","potentialAction":[{"@type":"ReadAction","target":["https:\/\/noticiasdefato.net\/?p=1706"]}]},{"@type":"ImageObject","inLanguage":"pt-BR","@id":"https:\/\/noticiasdefato.net\/?p=1706#primaryimage","url":"https:\/\/noticiasdefato.net\/wp-content\/uploads\/2024\/08\/Imagem-do-WhatsApp-de-2024-08-27-as-13.49.11_8c225146.jpg","contentUrl":"https:\/\/noticiasdefato.net\/wp-content\/uploads\/2024\/08\/Imagem-do-WhatsApp-de-2024-08-27-as-13.49.11_8c225146.jpg","width":808,"height":455},{"@type":"BreadcrumbList","@id":"https:\/\/noticiasdefato.net\/?p=1706#breadcrumb","itemListElement":[{"@type":"ListItem","position":1,"name":"In\u00edcio","item":"https:\/\/noticiasdefato.net\/"},{"@type":"ListItem","position":2,"name":"COMBATE A QUEIMADAS"}]},{"@type":"WebSite","@id":"https:\/\/noticiasdefato.net\/#website","url":"https:\/\/noticiasdefato.net\/","name":"Not\u00edcias de Fato","description":"Trabalhamos com honestidade, seriedade e com a verdade.","publisher":{"@id":"https:\/\/noticiasdefato.net\/#organization"},"potentialAction":[{"@type":"SearchAction","target":{"@type":"EntryPoint","urlTemplate":"https:\/\/noticiasdefato.net\/?s={search_term_string}"},"query-input":"required name=search_term_string"}],"inLanguage":"pt-BR"},{"@type":"Organization","@id":"https:\/\/noticiasdefato.net\/#organization","name":"Not\u00edcias de Fato","url":"https:\/\/noticiasdefato.net\/","logo":{"@type":"ImageObject","inLanguage":"pt-BR","@id":"https:\/\/noticiasdefato.net\/#\/schema\/logo\/image\/","url":"https:\/\/noticiasdefato.net\/wp-content\/uploads\/2024\/02\/cropped-logo_topo.png","contentUrl":"https:\/\/noticiasdefato.net\/wp-content\/uploads\/2024\/02\/cropped-logo_topo.png","width":1948,"height":665,"caption":"Not\u00edcias de Fato"},"image":{"@id":"https:\/\/noticiasdefato.net\/#\/schema\/logo\/image\/"},"sameAs":["https:\/\/fb.com\/noticiasdefato.jornal","https:\/\/x.com\/noticiasdefato_","https:\/\/instagram.com\/noticiasdefato.jornal","https:\/\/youtube.com\/@JornalNoticiasDeFato"]},{"@type":"Person","@id":"https:\/\/noticiasdefato.net\/#\/schema\/person\/982ce60211d95acf059cd702aa260d08","name":"Noticias de Fato","image":{"@type":"ImageObject","inLanguage":"pt-BR","@id":"https:\/\/noticiasdefato.net\/#\/schema\/person\/image\/","url":"https:\/\/secure.gravatar.com\/avatar\/700227fab2316f0366a1b5d4988d10f847249cf13293450527ac9553c994611a?s=96&d=mm&r=g","contentUrl":"https:\/\/secure.gravatar.com\/avatar\/700227fab2316f0366a1b5d4988d10f847249cf13293450527ac9553c994611a?s=96&d=mm&r=g","caption":"Noticias de Fato"},"sameAs":["https:\/\/noticiasdefato.net","http:\/\/fb.com\/\/noticiasdefato.jornal","https:\/\/x.com\/https:\/\/twitter.com\/NoticiasDeFato_"],"url":"https:\/\/noticiasdefato.net\/?author=1"}]}},"_links":{"self":[{"href":"https:\/\/noticiasdefato.net\/index.php?rest_route=\/wp\/v2\/posts\/1706","targetHints":{"allow":["GET"]}}],"collection":[{"href":"https:\/\/noticiasdefato.net\/index.php?rest_route=\/wp\/v2\/posts"}],"about":[{"href":"https:\/\/noticiasdefato.net\/index.php?rest_route=\/wp\/v2\/types\/post"}],"author":[{"embeddable":true,"href":"https:\/\/noticiasdefato.net\/index.php?rest_route=\/wp\/v2\/users\/1"}],"replies":[{"embeddable":true,"href":"https:\/\/noticiasdefato.net\/index.php?rest_route=%2Fwp%2Fv2%2Fcomments&post=1706"}],"version-history":[{"count":1,"href":"https:\/\/noticiasdefato.net\/index.php?rest_route=\/wp\/v2\/posts\/1706\/revisions"}],"predecessor-version":[{"id":1708,"href":"https:\/\/noticiasdefato.net\/index.php?rest_route=\/wp\/v2\/posts\/1706\/revisions\/1708"}],"wp:featuredmedia":[{"embeddable":true,"href":"https:\/\/noticiasdefato.net\/index.php?rest_route=\/wp\/v2\/media\/1707"}],"wp:attachment":[{"href":"https:\/\/noticiasdefato.net\/index.php?rest_route=%2Fwp%2Fv2%2Fmedia&parent=1706"}],"wp:term":[{"taxonomy":"category","embeddable":true,"href":"https:\/\/noticiasdefato.net\/index.php?rest_route=%2Fwp%2Fv2%2Fcategories&post=1706"},{"taxonomy":"post_tag","embeddable":true,"href":"https:\/\/noticiasdefato.net\/index.php?rest_route=%2Fwp%2Fv2%2Ftags&post=1706"}],"curies":[{"name":"wp","href":"https:\/\/api.w.org\/{rel}","templated":true}]}}