{"id":1723,"date":"2024-09-11T11:38:01","date_gmt":"2024-09-11T14:38:01","guid":{"rendered":"https:\/\/noticiasdefato.net\/?p=1723"},"modified":"2024-10-01T12:30:02","modified_gmt":"2024-10-01T15:30:02","slug":"transporte-da-saude-para-por-falta-de-pagamento","status":"publish","type":"post","link":"https:\/\/noticiasdefato.net\/?p=1723","title":{"rendered":"TRANSPORTE DA SA\u00daDE PARA POR FALTA DE PAGAMENTO"},"content":{"rendered":"\n<p><em>Carros da frota terceirizada da sa\u00fade est\u00e3o parados desde ontem \u00e0 noite.<\/em><\/p>\n\n\n\n<p>Pacientes que tratam da sa\u00fade fora de Alfenas n\u00e3o conseguiram fazer o tratamento hoje, pois os ve\u00edculos terceirizados da secretaria de sa\u00fade da prefeitura de Alfenas est\u00e3o parados desde ontem \u00e0 noite por falta de pagamento.<\/p>\n\n\n\n<figure class=\"wp-block-embed is-type-video is-provider-youtube wp-block-embed-youtube wp-embed-aspect-16-9 wp-has-aspect-ratio\"><div class=\"wp-block-embed__wrapper\">\n<iframe title=\"TRANSPORTE DA SA\u00daDE PARA POR FALTA DE PAGAMENTO\" width=\"720\" height=\"405\" src=\"https:\/\/www.youtube.com\/embed\/0o7lj3YzQ2U?feature=oembed\" frameborder=\"0\" allow=\"accelerometer; autoplay; clipboard-write; encrypted-media; gyroscope; picture-in-picture; web-share\" referrerpolicy=\"strict-origin-when-cross-origin\" allowfullscreen><\/iframe>\n<\/div><\/figure>\n\n\n\n<p>\u00c9 o caso da paciente Oneida Aparecida Pereira que faz tratamento de c\u00e2ncer h\u00e1 4 meses em Ja\u00fa, S\u00e3o Paulo. Ela conta que era uma hora da manh\u00e3 de hoje quando foi avisada que o ve\u00edculo da prefeitura estava com problemas, que n\u00e3o poderia lev\u00e1-la e que era para ela desmarcar a consulta que estava marcada para \u00e0s 07h de hoje em Ja\u00fa.<\/p>\n\n\n\n<p>\u201cN\u00e3o tem como a gente ficar sem transporte. N\u00e3o tem como a gente pagar um Uber para ir e voltar\u201d, justifica a mulher.<\/p>\n\n\n\n<p>Segundo ela a prefeitura oferece uma ajuda de custo de R$ 12 Reais para ela e mais R$ 12 reais para uma pessoa que a acompanha. Ela disse que n\u00e3o pega o dinheiro pois n\u00e3o tem como se locomover at\u00e9 a prefeitura para pegar o dinheiro. A mulher ainda disse que est\u00e1 em fase final do seu tratamento.<\/p>\n\n\n\n<p>Hoje de manh\u00e3 a reportagem constatou que tr\u00eas ve\u00edculos Spin da sa\u00fade estavam parados no posto credenciado com o munic\u00edpio.<\/p>\n\n\n\n<p>A informa\u00e7\u00e3o que obtivemos foi que os abastecimentos estavam bloqueados, porque a Prefeitura n\u00e3o pagou a empresa terceirizada que faz o transporte dos pacientes..<\/p>\n\n\n\n<p>Extraoficialmente fomos informados que a frota terceirizada \u00e9 composta por aproximadamente 20 carros.<\/p>\n\n\n\n<p>Hoje seriam transportados pacientes para as cidades de s\u00e3o Paulo, Ja\u00fa e Sorocaba.<\/p>\n\n\n\n<p>A reportagem est\u00e1 aberta para atualiza\u00e7\u00f5es com as justificativas&nbsp;da&nbsp;prefeitura.<\/p>\n","protected":false},"excerpt":{"rendered":"<p>Carros da frota terceirizada da sa\u00fade est\u00e3o parados desde ontem \u00e0 noite. <a href=\"https:\/\/noticiasdefato.net\/?p=1723\" class=\"more-link\">Continuar lendo <span class=\"screen-reader-text\">TRANSPORTE DA SA\u00daDE PARA POR FALTA DE PAGAMENTO<\/span><\/a><\/p>\n","protected":false},"author":1,"featured_media":0,"comment_status":"open","ping_status":"open","sticky":false,"template":"","format":"standard","meta":{"footnotes":""},"categories":[19],"tags":[],"class_list":["post-1723","post","type-post","status-publish","format-standard","hentry","category-saude"],"yoast_head":"<!-- This site is optimized with the Yoast SEO plugin v23.2 - https:\/\/yoast.com\/wordpress\/plugins\/seo\/ -->\n<title>TRANSPORTE DA SA\u00daDE PARA POR FALTA DE PAGAMENTO - Not\u00edcias de Fato<\/title>\n<meta name=\"description\" content=\"Carros da frota terceirizada da sa\u00fade est\u00e3o parados desde ontem \u00e0 noite.\" \/>\n<meta name=\"robots\" content=\"index, follow, max-snippet:-1, max-image-preview:large, max-video-preview:-1\" \/>\n<link rel=\"canonical\" href=\"https:\/\/noticiasdefato.net\/?p=1723\" \/>\n<meta property=\"og:locale\" content=\"pt_BR\" \/>\n<meta property=\"og:type\" content=\"article\" \/>\n<meta property=\"og:title\" content=\"TRANSPORTE DA SA\u00daDE PARA POR FALTA DE PAGAMENTO - Not\u00edcias de Fato\" \/>\n<meta property=\"og:description\" content=\"Carros da frota terceirizada da sa\u00fade est\u00e3o parados desde ontem \u00e0 noite.\" \/>\n<meta property=\"og:url\" content=\"https:\/\/noticiasdefato.net\/?p=1723\" \/>\n<meta property=\"og:site_name\" content=\"Not\u00edcias de Fato\" \/>\n<meta property=\"article:publisher\" content=\"https:\/\/fb.com\/noticiasdefato.jornal\" \/>\n<meta property=\"article:author\" content=\"http:\/\/fb.com\/\/noticiasdefato.jornal\" \/>\n<meta property=\"article:published_time\" content=\"2024-09-11T14:38:01+00:00\" \/>\n<meta property=\"article:modified_time\" content=\"2024-10-01T15:30:02+00:00\" \/>\n<meta name=\"author\" content=\"Noticias de Fato\" \/>\n<meta name=\"twitter:card\" content=\"summary_large_image\" \/>\n<meta name=\"twitter:creator\" content=\"@https:\/\/twitter.com\/NoticiasDeFato_\" \/>\n<meta name=\"twitter:site\" content=\"@noticiasdefato_\" \/>\n<meta name=\"twitter:label1\" content=\"Escrito por\" \/>\n\t<meta name=\"twitter:data1\" content=\"Noticias de Fato\" \/>\n\t<meta name=\"twitter:label2\" content=\"Est. tempo de leitura\" \/>\n\t<meta name=\"twitter:data2\" content=\"2 minutos\" \/>\n<script type=\"application\/ld+json\" class=\"yoast-schema-graph\">{\"@context\":\"https:\/\/schema.org\",\"@graph\":[{\"@type\":\"Article\",\"@id\":\"https:\/\/noticiasdefato.net\/?p=1723#article\",\"isPartOf\":{\"@id\":\"https:\/\/noticiasdefato.net\/?p=1723\"},\"author\":{\"name\":\"Noticias de Fato\",\"@id\":\"https:\/\/noticiasdefato.net\/#\/schema\/person\/982ce60211d95acf059cd702aa260d08\"},\"headline\":\"TRANSPORTE DA SA\u00daDE PARA POR FALTA DE PAGAMENTO\",\"datePublished\":\"2024-09-11T14:38:01+00:00\",\"dateModified\":\"2024-10-01T15:30:02+00:00\",\"mainEntityOfPage\":{\"@id\":\"https:\/\/noticiasdefato.net\/?p=1723\"},\"wordCount\":307,\"commentCount\":1,\"publisher\":{\"@id\":\"https:\/\/noticiasdefato.net\/#organization\"},\"articleSection\":[\"Sa\u00fade\"],\"inLanguage\":\"pt-BR\",\"potentialAction\":[{\"@type\":\"CommentAction\",\"name\":\"Comment\",\"target\":[\"https:\/\/noticiasdefato.net\/?p=1723#respond\"]}]},{\"@type\":\"WebPage\",\"@id\":\"https:\/\/noticiasdefato.net\/?p=1723\",\"url\":\"https:\/\/noticiasdefato.net\/?p=1723\",\"name\":\"TRANSPORTE DA SA\u00daDE PARA POR FALTA DE PAGAMENTO - Not\u00edcias de Fato\",\"isPartOf\":{\"@id\":\"https:\/\/noticiasdefato.net\/#website\"},\"datePublished\":\"2024-09-11T14:38:01+00:00\",\"dateModified\":\"2024-10-01T15:30:02+00:00\",\"description\":\"Carros da frota terceirizada da sa\u00fade est\u00e3o parados desde ontem \u00e0 noite.\",\"breadcrumb\":{\"@id\":\"https:\/\/noticiasdefato.net\/?p=1723#breadcrumb\"},\"inLanguage\":\"pt-BR\",\"potentialAction\":[{\"@type\":\"ReadAction\",\"target\":[\"https:\/\/noticiasdefato.net\/?p=1723\"]}]},{\"@type\":\"BreadcrumbList\",\"@id\":\"https:\/\/noticiasdefato.net\/?p=1723#breadcrumb\",\"itemListElement\":[{\"@type\":\"ListItem\",\"position\":1,\"name\":\"In\u00edcio\",\"item\":\"https:\/\/noticiasdefato.net\/\"},{\"@type\":\"ListItem\",\"position\":2,\"name\":\"TRANSPORTE DA SA\u00daDE PARA POR FALTA DE PAGAMENTO\"}]},{\"@type\":\"WebSite\",\"@id\":\"https:\/\/noticiasdefato.net\/#website\",\"url\":\"https:\/\/noticiasdefato.net\/\",\"name\":\"Not\u00edcias de Fato\",\"description\":\"Trabalhamos com honestidade, seriedade e com a verdade.\",\"publisher\":{\"@id\":\"https:\/\/noticiasdefato.net\/#organization\"},\"potentialAction\":[{\"@type\":\"SearchAction\",\"target\":{\"@type\":\"EntryPoint\",\"urlTemplate\":\"https:\/\/noticiasdefato.net\/?s={search_term_string}\"},\"query-input\":\"required name=search_term_string\"}],\"inLanguage\":\"pt-BR\"},{\"@type\":\"Organization\",\"@id\":\"https:\/\/noticiasdefato.net\/#organization\",\"name\":\"Not\u00edcias de Fato\",\"url\":\"https:\/\/noticiasdefato.net\/\",\"logo\":{\"@type\":\"ImageObject\",\"inLanguage\":\"pt-BR\",\"@id\":\"https:\/\/noticiasdefato.net\/#\/schema\/logo\/image\/\",\"url\":\"https:\/\/noticiasdefato.net\/wp-content\/uploads\/2024\/02\/cropped-logo_topo.png\",\"contentUrl\":\"https:\/\/noticiasdefato.net\/wp-content\/uploads\/2024\/02\/cropped-logo_topo.png\",\"width\":1948,\"height\":665,\"caption\":\"Not\u00edcias de Fato\"},\"image\":{\"@id\":\"https:\/\/noticiasdefato.net\/#\/schema\/logo\/image\/\"},\"sameAs\":[\"https:\/\/fb.com\/noticiasdefato.jornal\",\"https:\/\/x.com\/noticiasdefato_\",\"https:\/\/instagram.com\/noticiasdefato.jornal\",\"https:\/\/youtube.com\/@JornalNoticiasDeFato\"]},{\"@type\":\"Person\",\"@id\":\"https:\/\/noticiasdefato.net\/#\/schema\/person\/982ce60211d95acf059cd702aa260d08\",\"name\":\"Noticias de Fato\",\"image\":{\"@type\":\"ImageObject\",\"inLanguage\":\"pt-BR\",\"@id\":\"https:\/\/noticiasdefato.net\/#\/schema\/person\/image\/\",\"url\":\"https:\/\/secure.gravatar.com\/avatar\/700227fab2316f0366a1b5d4988d10f847249cf13293450527ac9553c994611a?s=96&d=mm&r=g\",\"contentUrl\":\"https:\/\/secure.gravatar.com\/avatar\/700227fab2316f0366a1b5d4988d10f847249cf13293450527ac9553c994611a?s=96&d=mm&r=g\",\"caption\":\"Noticias de Fato\"},\"sameAs\":[\"https:\/\/noticiasdefato.net\",\"http:\/\/fb.com\/\/noticiasdefato.jornal\",\"https:\/\/x.com\/https:\/\/twitter.com\/NoticiasDeFato_\"],\"url\":\"https:\/\/noticiasdefato.net\/?author=1\"}]}<\/script>\n<!-- \/ Yoast SEO plugin. -->","yoast_head_json":{"title":"TRANSPORTE DA SA\u00daDE PARA POR FALTA DE PAGAMENTO - Not\u00edcias de Fato","description":"Carros da frota terceirizada da sa\u00fade est\u00e3o parados desde ontem \u00e0 noite.","robots":{"index":"index","follow":"follow","max-snippet":"max-snippet:-1","max-image-preview":"max-image-preview:large","max-video-preview":"max-video-preview:-1"},"canonical":"https:\/\/noticiasdefato.net\/?p=1723","og_locale":"pt_BR","og_type":"article","og_title":"TRANSPORTE DA SA\u00daDE PARA POR FALTA DE PAGAMENTO - Not\u00edcias de Fato","og_description":"Carros da frota terceirizada da sa\u00fade est\u00e3o parados desde ontem \u00e0 noite.","og_url":"https:\/\/noticiasdefato.net\/?p=1723","og_site_name":"Not\u00edcias de Fato","article_publisher":"https:\/\/fb.com\/noticiasdefato.jornal","article_author":"http:\/\/fb.com\/\/noticiasdefato.jornal","article_published_time":"2024-09-11T14:38:01+00:00","article_modified_time":"2024-10-01T15:30:02+00:00","author":"Noticias de Fato","twitter_card":"summary_large_image","twitter_creator":"@https:\/\/twitter.com\/NoticiasDeFato_","twitter_site":"@noticiasdefato_","twitter_misc":{"Escrito por":"Noticias de Fato","Est. tempo de leitura":"2 minutos"},"schema":{"@context":"https:\/\/schema.org","@graph":[{"@type":"Article","@id":"https:\/\/noticiasdefato.net\/?p=1723#article","isPartOf":{"@id":"https:\/\/noticiasdefato.net\/?p=1723"},"author":{"name":"Noticias de Fato","@id":"https:\/\/noticiasdefato.net\/#\/schema\/person\/982ce60211d95acf059cd702aa260d08"},"headline":"TRANSPORTE DA SA\u00daDE PARA POR FALTA DE PAGAMENTO","datePublished":"2024-09-11T14:38:01+00:00","dateModified":"2024-10-01T15:30:02+00:00","mainEntityOfPage":{"@id":"https:\/\/noticiasdefato.net\/?p=1723"},"wordCount":307,"commentCount":1,"publisher":{"@id":"https:\/\/noticiasdefato.net\/#organization"},"articleSection":["Sa\u00fade"],"inLanguage":"pt-BR","potentialAction":[{"@type":"CommentAction","name":"Comment","target":["https:\/\/noticiasdefato.net\/?p=1723#respond"]}]},{"@type":"WebPage","@id":"https:\/\/noticiasdefato.net\/?p=1723","url":"https:\/\/noticiasdefato.net\/?p=1723","name":"TRANSPORTE DA SA\u00daDE PARA POR FALTA DE PAGAMENTO - Not\u00edcias de Fato","isPartOf":{"@id":"https:\/\/noticiasdefato.net\/#website"},"datePublished":"2024-09-11T14:38:01+00:00","dateModified":"2024-10-01T15:30:02+00:00","description":"Carros da frota terceirizada da sa\u00fade est\u00e3o parados desde ontem \u00e0 noite.","breadcrumb":{"@id":"https:\/\/noticiasdefato.net\/?p=1723#breadcrumb"},"inLanguage":"pt-BR","potentialAction":[{"@type":"ReadAction","target":["https:\/\/noticiasdefato.net\/?p=1723"]}]},{"@type":"BreadcrumbList","@id":"https:\/\/noticiasdefato.net\/?p=1723#breadcrumb","itemListElement":[{"@type":"ListItem","position":1,"name":"In\u00edcio","item":"https:\/\/noticiasdefato.net\/"},{"@type":"ListItem","position":2,"name":"TRANSPORTE DA SA\u00daDE PARA POR FALTA DE PAGAMENTO"}]},{"@type":"WebSite","@id":"https:\/\/noticiasdefato.net\/#website","url":"https:\/\/noticiasdefato.net\/","name":"Not\u00edcias de Fato","description":"Trabalhamos com honestidade, seriedade e com a verdade.","publisher":{"@id":"https:\/\/noticiasdefato.net\/#organization"},"potentialAction":[{"@type":"SearchAction","target":{"@type":"EntryPoint","urlTemplate":"https:\/\/noticiasdefato.net\/?s={search_term_string}"},"query-input":"required name=search_term_string"}],"inLanguage":"pt-BR"},{"@type":"Organization","@id":"https:\/\/noticiasdefato.net\/#organization","name":"Not\u00edcias de Fato","url":"https:\/\/noticiasdefato.net\/","logo":{"@type":"ImageObject","inLanguage":"pt-BR","@id":"https:\/\/noticiasdefato.net\/#\/schema\/logo\/image\/","url":"https:\/\/noticiasdefato.net\/wp-content\/uploads\/2024\/02\/cropped-logo_topo.png","contentUrl":"https:\/\/noticiasdefato.net\/wp-content\/uploads\/2024\/02\/cropped-logo_topo.png","width":1948,"height":665,"caption":"Not\u00edcias de Fato"},"image":{"@id":"https:\/\/noticiasdefato.net\/#\/schema\/logo\/image\/"},"sameAs":["https:\/\/fb.com\/noticiasdefato.jornal","https:\/\/x.com\/noticiasdefato_","https:\/\/instagram.com\/noticiasdefato.jornal","https:\/\/youtube.com\/@JornalNoticiasDeFato"]},{"@type":"Person","@id":"https:\/\/noticiasdefato.net\/#\/schema\/person\/982ce60211d95acf059cd702aa260d08","name":"Noticias de Fato","image":{"@type":"ImageObject","inLanguage":"pt-BR","@id":"https:\/\/noticiasdefato.net\/#\/schema\/person\/image\/","url":"https:\/\/secure.gravatar.com\/avatar\/700227fab2316f0366a1b5d4988d10f847249cf13293450527ac9553c994611a?s=96&d=mm&r=g","contentUrl":"https:\/\/secure.gravatar.com\/avatar\/700227fab2316f0366a1b5d4988d10f847249cf13293450527ac9553c994611a?s=96&d=mm&r=g","caption":"Noticias de Fato"},"sameAs":["https:\/\/noticiasdefato.net","http:\/\/fb.com\/\/noticiasdefato.jornal","https:\/\/x.com\/https:\/\/twitter.com\/NoticiasDeFato_"],"url":"https:\/\/noticiasdefato.net\/?author=1"}]}},"_links":{"self":[{"href":"https:\/\/noticiasdefato.net\/index.php?rest_route=\/wp\/v2\/posts\/1723","targetHints":{"allow":["GET"]}}],"collection":[{"href":"https:\/\/noticiasdefato.net\/index.php?rest_route=\/wp\/v2\/posts"}],"about":[{"href":"https:\/\/noticiasdefato.net\/index.php?rest_route=\/wp\/v2\/types\/post"}],"author":[{"embeddable":true,"href":"https:\/\/noticiasdefato.net\/index.php?rest_route=\/wp\/v2\/users\/1"}],"replies":[{"embeddable":true,"href":"https:\/\/noticiasdefato.net\/index.php?rest_route=%2Fwp%2Fv2%2Fcomments&post=1723"}],"version-history":[{"count":1,"href":"https:\/\/noticiasdefato.net\/index.php?rest_route=\/wp\/v2\/posts\/1723\/revisions"}],"predecessor-version":[{"id":1725,"href":"https:\/\/noticiasdefato.net\/index.php?rest_route=\/wp\/v2\/posts\/1723\/revisions\/1725"}],"wp:attachment":[{"href":"https:\/\/noticiasdefato.net\/index.php?rest_route=%2Fwp%2Fv2%2Fmedia&parent=1723"}],"wp:term":[{"taxonomy":"category","embeddable":true,"href":"https:\/\/noticiasdefato.net\/index.php?rest_route=%2Fwp%2Fv2%2Fcategories&post=1723"},{"taxonomy":"post_tag","embeddable":true,"href":"https:\/\/noticiasdefato.net\/index.php?rest_route=%2Fwp%2Fv2%2Ftags&post=1723"}],"curies":[{"name":"wp","href":"https:\/\/api.w.org\/{rel}","templated":true}]}}