{"id":1727,"date":"2024-09-24T18:53:43","date_gmt":"2024-09-24T21:53:43","guid":{"rendered":"https:\/\/noticiasdefato.net\/?p=1727"},"modified":"2024-10-01T12:30:11","modified_gmt":"2024-10-01T15:30:11","slug":"saude-de-alfenas-nao-tem-remedio","status":"publish","type":"post","link":"https:\/\/noticiasdefato.net\/?p=1727","title":{"rendered":"SA\u00daDE DE ALFENAS N\u00c3O TEM REM\u00c9DIO"},"content":{"rendered":"\n<p><em>Faltam rem\u00e9dios de uso cont\u00ednuo na CDM e rem\u00e9dios b\u00e1sicos nos PSFs<\/em><\/p>\n\n\n\n<p>A grav\u00edssima falta de rem\u00e9dios nos postos de sa\u00fade e no Centro de Distribui\u00e7\u00e3o de Medicamentos &#8211; CDM &#8211; de Alfenas \u00e9 um problema cr\u00f4nico e que tem piorado nos \u00faltimos meses. A solu\u00e7\u00e3o encontrada pela prefeitura foi treinar os funcion\u00e1rios do CDM a fazerem a seguinte justificativa para a popula\u00e7\u00e3o: de que \u201cos distribuidores est\u00e3o em atraso.\u201d<\/p>\n\n\n\n<p>A justificativa n\u00e3o cola mais, tanto que e a aposentada, de 79 anos, uma das afetadas pelo problema, resolveu procurar a reda\u00e7\u00e3o. A mulher conta que teve dois epis\u00f3dios de trombose e com uma pr\u00f3tese no f\u00eamur, o m\u00e9dico recomendou que ela fizesse uso cont\u00ednuo de um anticoagulante. A medica\u00e7\u00e3o custa em m\u00e9dia R$ 300 reais e ela conseguiu, por meio de medida judicial, que o munic\u00edpio lhe fornecesse o rem\u00e9dio. No entanto, os atrasos s\u00e3o constantes e a medica\u00e7\u00e3o deste m\u00eas j\u00e1 est\u00e1 atrasada h\u00e1 20 dias.<\/p>\n\n\n\n<p>Para n\u00e3o ficar sem o rem\u00e9dio, a aposentada, que recebe um sal\u00e1rio m\u00ednimo, junta reservas com a fam\u00edlia e divide o valor da compra na farm\u00e1cia do bairro.<\/p>\n\n\n<div class=\"wp-block-image\">\n<figure class=\"aligncenter size-full\"><img fetchpriority=\"high\" decoding=\"async\" width=\"540\" height=\"720\" src=\"https:\/\/noticiasdefato.net\/wp-content\/uploads\/2024\/09\/Imagem-do-WhatsApp-de-2024-09-24-as-18.08.17_f0693289.jpg\" alt=\"\" class=\"wp-image-1728\" srcset=\"https:\/\/noticiasdefato.net\/wp-content\/uploads\/2024\/09\/Imagem-do-WhatsApp-de-2024-09-24-as-18.08.17_f0693289.jpg 540w, https:\/\/noticiasdefato.net\/wp-content\/uploads\/2024\/09\/Imagem-do-WhatsApp-de-2024-09-24-as-18.08.17_f0693289-225x300.jpg 225w, https:\/\/noticiasdefato.net\/wp-content\/uploads\/2024\/09\/Imagem-do-WhatsApp-de-2024-09-24-as-18.08.17_f0693289-68x90.jpg 68w\" sizes=\"(max-width: 540px) 100vw, 540px\" \/><\/figure>\n<\/div>\n\n\n<p><strong>FALTAM REM\u00c9DIOS NOS PSFs TAMB\u00c9M<\/strong><\/p>\n\n\n\n<p>A falta de rem\u00e9dios b\u00e1sicos foi duramente criticada pelo vereador Marcio Dunga (Uni\u00e3o) durante a reuni\u00e3o da c\u00e2mara da segunda-feira, dia 23. Ele questionou o prefeito F\u00e1bio da Oncologia (PT) sobre a falta de medicamentos na rede de sa\u00fade p\u00fablica, especialmente nos PSFs.<\/p>\n\n\n\n<p>Ele disse que esteve, pela oitava vez, no PSF Pinheirinho para fiscalizar a aplica\u00e7\u00e3o de emendas de sua autoria e constatou que o dinheiro n\u00e3o foi usado, nem para melhorias das instala\u00e7\u00f5es e nem para a aquisi\u00e7\u00e3o de medicamentos, como era previsto. \u201cEmenda impositiva n\u00e3o cumprida d\u00e1 problemas para o prefeito e n\u00e3o para o vereador\u201d, alertou M\u00e1rcio Dunga.<\/p>\n\n\n\n<p>O vereador disparou: \u201cEu fui comprovar (\u2026). Eu estou desde janeiro; \u00e9 o oitavo v\u00eddeo, no Recreio Vale do Sol, no Pinheirinho e no Alvorada e est\u00e1 faltando rem\u00e9dio e coisas essenciais.\u201d<\/p>\n\n\n\n<p><strong>PERSEGUI\u00c7\u00c3O POL\u00cdTICA?<\/strong><\/p>\n\n\n\n<p>Durante a reuni\u00e3o, outra cr\u00edtica foi dirigida \u00e0 secretaria de Sa\u00fade. Desta vez, vinda do vereador Jaime Daniel (Uni\u00e3o). Ele afirmou em plen\u00e1rio que foi procurado por uma moradora do bairro Santa Edwiges que relatou ter sido coagida \u201cpela secret\u00e1ria sa\u00fade\u201d, que, segundo ele, a \u201cmaltratou e humilhou\u201d porque o ve\u00edculo da moradora tinha um adesivo de um candidato da oposi\u00e7\u00e3o. O parlamentar considerou o ato da gestora da sa\u00fade como \u201cum atentando \u00e0 democracia\u201d e disse que chegou a instruir a cidad\u00e3 \u201cque ela deveria ter feito um boletim de ocorr\u00eancia\u201d. \u201cUma pessoa que ocupa um cargo na secretaria de sa\u00fade, \u00e9 uma pessoa importante na cidade e n\u00e3o pode passar mal exemplo. (\u2026) \u00c9 direito de qualquer cidad\u00e3o escolher em quem vai votar\u201d, refletiu&nbsp;Jaime&nbsp;Daniel.<\/p>\n","protected":false},"excerpt":{"rendered":"<p>Faltam rem\u00e9dios de uso cont\u00ednuo na CDM e rem\u00e9dios b\u00e1sicos nos PSFs <a href=\"https:\/\/noticiasdefato.net\/?p=1727\" class=\"more-link\">Continuar lendo <span class=\"screen-reader-text\">SA\u00daDE DE ALFENAS N\u00c3O TEM REM\u00c9DIO<\/span><\/a><\/p>\n","protected":false},"author":1,"featured_media":1729,"comment_status":"open","ping_status":"open","sticky":false,"template":"","format":"standard","meta":{"footnotes":""},"categories":[19],"tags":[],"class_list":["post-1727","post","type-post","status-publish","format-standard","has-post-thumbnail","hentry","category-saude"],"yoast_head":"<!-- This site is optimized with the Yoast SEO plugin v23.2 - https:\/\/yoast.com\/wordpress\/plugins\/seo\/ -->\n<title>SA\u00daDE DE ALFENAS N\u00c3O TEM REM\u00c9DIO - Not\u00edcias de Fato<\/title>\n<meta name=\"description\" content=\"Faltam rem\u00e9dios de uso cont\u00ednuo na CDM e rem\u00e9dios b\u00e1sicos nos PSFs\" \/>\n<meta name=\"robots\" content=\"index, follow, max-snippet:-1, max-image-preview:large, max-video-preview:-1\" \/>\n<link rel=\"canonical\" href=\"https:\/\/noticiasdefato.net\/?p=1727\" \/>\n<meta property=\"og:locale\" content=\"pt_BR\" \/>\n<meta property=\"og:type\" content=\"article\" \/>\n<meta property=\"og:title\" content=\"SA\u00daDE DE ALFENAS N\u00c3O TEM REM\u00c9DIO - Not\u00edcias de Fato\" \/>\n<meta property=\"og:description\" content=\"Faltam rem\u00e9dios de uso cont\u00ednuo na CDM e rem\u00e9dios b\u00e1sicos nos PSFs\" \/>\n<meta property=\"og:url\" content=\"https:\/\/noticiasdefato.net\/?p=1727\" \/>\n<meta property=\"og:site_name\" content=\"Not\u00edcias de Fato\" \/>\n<meta property=\"article:publisher\" content=\"https:\/\/fb.com\/noticiasdefato.jornal\" \/>\n<meta property=\"article:author\" content=\"http:\/\/fb.com\/\/noticiasdefato.jornal\" \/>\n<meta property=\"article:published_time\" content=\"2024-09-24T21:53:43+00:00\" \/>\n<meta property=\"article:modified_time\" content=\"2024-10-01T15:30:11+00:00\" \/>\n<meta property=\"og:image\" content=\"https:\/\/noticiasdefato.net\/wp-content\/uploads\/2024\/09\/Imagem-do-WhatsApp-de-2024-09-24-as-18.08.29_b0ea4cb4.jpg\" \/>\n\t<meta property=\"og:image:width\" content=\"720\" \/>\n\t<meta property=\"og:image:height\" content=\"566\" \/>\n\t<meta property=\"og:image:type\" content=\"image\/jpeg\" \/>\n<meta name=\"author\" content=\"Noticias de Fato\" \/>\n<meta name=\"twitter:card\" content=\"summary_large_image\" \/>\n<meta name=\"twitter:creator\" content=\"@https:\/\/twitter.com\/NoticiasDeFato_\" \/>\n<meta name=\"twitter:site\" content=\"@noticiasdefato_\" \/>\n<meta name=\"twitter:label1\" content=\"Escrito por\" \/>\n\t<meta name=\"twitter:data1\" content=\"Noticias de Fato\" \/>\n\t<meta name=\"twitter:label2\" content=\"Est. tempo de leitura\" \/>\n\t<meta name=\"twitter:data2\" content=\"3 minutos\" \/>\n<script type=\"application\/ld+json\" class=\"yoast-schema-graph\">{\"@context\":\"https:\/\/schema.org\",\"@graph\":[{\"@type\":\"Article\",\"@id\":\"https:\/\/noticiasdefato.net\/?p=1727#article\",\"isPartOf\":{\"@id\":\"https:\/\/noticiasdefato.net\/?p=1727\"},\"author\":{\"name\":\"Noticias de Fato\",\"@id\":\"https:\/\/noticiasdefato.net\/#\/schema\/person\/982ce60211d95acf059cd702aa260d08\"},\"headline\":\"SA\u00daDE DE ALFENAS N\u00c3O TEM REM\u00c9DIO\",\"datePublished\":\"2024-09-24T21:53:43+00:00\",\"dateModified\":\"2024-10-01T15:30:11+00:00\",\"mainEntityOfPage\":{\"@id\":\"https:\/\/noticiasdefato.net\/?p=1727\"},\"wordCount\":522,\"commentCount\":1,\"publisher\":{\"@id\":\"https:\/\/noticiasdefato.net\/#organization\"},\"image\":{\"@id\":\"https:\/\/noticiasdefato.net\/?p=1727#primaryimage\"},\"thumbnailUrl\":\"https:\/\/noticiasdefato.net\/wp-content\/uploads\/2024\/09\/Imagem-do-WhatsApp-de-2024-09-24-as-18.08.29_b0ea4cb4.jpg\",\"articleSection\":[\"Sa\u00fade\"],\"inLanguage\":\"pt-BR\",\"potentialAction\":[{\"@type\":\"CommentAction\",\"name\":\"Comment\",\"target\":[\"https:\/\/noticiasdefato.net\/?p=1727#respond\"]}]},{\"@type\":\"WebPage\",\"@id\":\"https:\/\/noticiasdefato.net\/?p=1727\",\"url\":\"https:\/\/noticiasdefato.net\/?p=1727\",\"name\":\"SA\u00daDE DE ALFENAS N\u00c3O TEM REM\u00c9DIO - Not\u00edcias de Fato\",\"isPartOf\":{\"@id\":\"https:\/\/noticiasdefato.net\/#website\"},\"primaryImageOfPage\":{\"@id\":\"https:\/\/noticiasdefato.net\/?p=1727#primaryimage\"},\"image\":{\"@id\":\"https:\/\/noticiasdefato.net\/?p=1727#primaryimage\"},\"thumbnailUrl\":\"https:\/\/noticiasdefato.net\/wp-content\/uploads\/2024\/09\/Imagem-do-WhatsApp-de-2024-09-24-as-18.08.29_b0ea4cb4.jpg\",\"datePublished\":\"2024-09-24T21:53:43+00:00\",\"dateModified\":\"2024-10-01T15:30:11+00:00\",\"description\":\"Faltam rem\u00e9dios de uso cont\u00ednuo na CDM e rem\u00e9dios b\u00e1sicos nos PSFs\",\"breadcrumb\":{\"@id\":\"https:\/\/noticiasdefato.net\/?p=1727#breadcrumb\"},\"inLanguage\":\"pt-BR\",\"potentialAction\":[{\"@type\":\"ReadAction\",\"target\":[\"https:\/\/noticiasdefato.net\/?p=1727\"]}]},{\"@type\":\"ImageObject\",\"inLanguage\":\"pt-BR\",\"@id\":\"https:\/\/noticiasdefato.net\/?p=1727#primaryimage\",\"url\":\"https:\/\/noticiasdefato.net\/wp-content\/uploads\/2024\/09\/Imagem-do-WhatsApp-de-2024-09-24-as-18.08.29_b0ea4cb4.jpg\",\"contentUrl\":\"https:\/\/noticiasdefato.net\/wp-content\/uploads\/2024\/09\/Imagem-do-WhatsApp-de-2024-09-24-as-18.08.29_b0ea4cb4.jpg\",\"width\":720,\"height\":566},{\"@type\":\"BreadcrumbList\",\"@id\":\"https:\/\/noticiasdefato.net\/?p=1727#breadcrumb\",\"itemListElement\":[{\"@type\":\"ListItem\",\"position\":1,\"name\":\"In\u00edcio\",\"item\":\"https:\/\/noticiasdefato.net\/\"},{\"@type\":\"ListItem\",\"position\":2,\"name\":\"SA\u00daDE DE ALFENAS N\u00c3O TEM REM\u00c9DIO\"}]},{\"@type\":\"WebSite\",\"@id\":\"https:\/\/noticiasdefato.net\/#website\",\"url\":\"https:\/\/noticiasdefato.net\/\",\"name\":\"Not\u00edcias de Fato\",\"description\":\"Trabalhamos com honestidade, seriedade e com a verdade.\",\"publisher\":{\"@id\":\"https:\/\/noticiasdefato.net\/#organization\"},\"potentialAction\":[{\"@type\":\"SearchAction\",\"target\":{\"@type\":\"EntryPoint\",\"urlTemplate\":\"https:\/\/noticiasdefato.net\/?s={search_term_string}\"},\"query-input\":\"required name=search_term_string\"}],\"inLanguage\":\"pt-BR\"},{\"@type\":\"Organization\",\"@id\":\"https:\/\/noticiasdefato.net\/#organization\",\"name\":\"Not\u00edcias de Fato\",\"url\":\"https:\/\/noticiasdefato.net\/\",\"logo\":{\"@type\":\"ImageObject\",\"inLanguage\":\"pt-BR\",\"@id\":\"https:\/\/noticiasdefato.net\/#\/schema\/logo\/image\/\",\"url\":\"https:\/\/noticiasdefato.net\/wp-content\/uploads\/2024\/02\/cropped-logo_topo.png\",\"contentUrl\":\"https:\/\/noticiasdefato.net\/wp-content\/uploads\/2024\/02\/cropped-logo_topo.png\",\"width\":1948,\"height\":665,\"caption\":\"Not\u00edcias de Fato\"},\"image\":{\"@id\":\"https:\/\/noticiasdefato.net\/#\/schema\/logo\/image\/\"},\"sameAs\":[\"https:\/\/fb.com\/noticiasdefato.jornal\",\"https:\/\/x.com\/noticiasdefato_\",\"https:\/\/instagram.com\/noticiasdefato.jornal\",\"https:\/\/youtube.com\/@JornalNoticiasDeFato\"]},{\"@type\":\"Person\",\"@id\":\"https:\/\/noticiasdefato.net\/#\/schema\/person\/982ce60211d95acf059cd702aa260d08\",\"name\":\"Noticias de Fato\",\"image\":{\"@type\":\"ImageObject\",\"inLanguage\":\"pt-BR\",\"@id\":\"https:\/\/noticiasdefato.net\/#\/schema\/person\/image\/\",\"url\":\"https:\/\/secure.gravatar.com\/avatar\/700227fab2316f0366a1b5d4988d10f847249cf13293450527ac9553c994611a?s=96&d=mm&r=g\",\"contentUrl\":\"https:\/\/secure.gravatar.com\/avatar\/700227fab2316f0366a1b5d4988d10f847249cf13293450527ac9553c994611a?s=96&d=mm&r=g\",\"caption\":\"Noticias de Fato\"},\"sameAs\":[\"https:\/\/noticiasdefato.net\",\"http:\/\/fb.com\/\/noticiasdefato.jornal\",\"https:\/\/x.com\/https:\/\/twitter.com\/NoticiasDeFato_\"],\"url\":\"https:\/\/noticiasdefato.net\/?author=1\"}]}<\/script>\n<!-- \/ Yoast SEO plugin. -->","yoast_head_json":{"title":"SA\u00daDE DE ALFENAS N\u00c3O TEM REM\u00c9DIO - Not\u00edcias de Fato","description":"Faltam rem\u00e9dios de uso cont\u00ednuo na CDM e rem\u00e9dios b\u00e1sicos nos PSFs","robots":{"index":"index","follow":"follow","max-snippet":"max-snippet:-1","max-image-preview":"max-image-preview:large","max-video-preview":"max-video-preview:-1"},"canonical":"https:\/\/noticiasdefato.net\/?p=1727","og_locale":"pt_BR","og_type":"article","og_title":"SA\u00daDE DE ALFENAS N\u00c3O TEM REM\u00c9DIO - Not\u00edcias de Fato","og_description":"Faltam rem\u00e9dios de uso cont\u00ednuo na CDM e rem\u00e9dios b\u00e1sicos nos PSFs","og_url":"https:\/\/noticiasdefato.net\/?p=1727","og_site_name":"Not\u00edcias de Fato","article_publisher":"https:\/\/fb.com\/noticiasdefato.jornal","article_author":"http:\/\/fb.com\/\/noticiasdefato.jornal","article_published_time":"2024-09-24T21:53:43+00:00","article_modified_time":"2024-10-01T15:30:11+00:00","og_image":[{"width":720,"height":566,"url":"https:\/\/noticiasdefato.net\/wp-content\/uploads\/2024\/09\/Imagem-do-WhatsApp-de-2024-09-24-as-18.08.29_b0ea4cb4.jpg","type":"image\/jpeg"}],"author":"Noticias de Fato","twitter_card":"summary_large_image","twitter_creator":"@https:\/\/twitter.com\/NoticiasDeFato_","twitter_site":"@noticiasdefato_","twitter_misc":{"Escrito por":"Noticias de Fato","Est. tempo de leitura":"3 minutos"},"schema":{"@context":"https:\/\/schema.org","@graph":[{"@type":"Article","@id":"https:\/\/noticiasdefato.net\/?p=1727#article","isPartOf":{"@id":"https:\/\/noticiasdefato.net\/?p=1727"},"author":{"name":"Noticias de Fato","@id":"https:\/\/noticiasdefato.net\/#\/schema\/person\/982ce60211d95acf059cd702aa260d08"},"headline":"SA\u00daDE DE ALFENAS N\u00c3O TEM REM\u00c9DIO","datePublished":"2024-09-24T21:53:43+00:00","dateModified":"2024-10-01T15:30:11+00:00","mainEntityOfPage":{"@id":"https:\/\/noticiasdefato.net\/?p=1727"},"wordCount":522,"commentCount":1,"publisher":{"@id":"https:\/\/noticiasdefato.net\/#organization"},"image":{"@id":"https:\/\/noticiasdefato.net\/?p=1727#primaryimage"},"thumbnailUrl":"https:\/\/noticiasdefato.net\/wp-content\/uploads\/2024\/09\/Imagem-do-WhatsApp-de-2024-09-24-as-18.08.29_b0ea4cb4.jpg","articleSection":["Sa\u00fade"],"inLanguage":"pt-BR","potentialAction":[{"@type":"CommentAction","name":"Comment","target":["https:\/\/noticiasdefato.net\/?p=1727#respond"]}]},{"@type":"WebPage","@id":"https:\/\/noticiasdefato.net\/?p=1727","url":"https:\/\/noticiasdefato.net\/?p=1727","name":"SA\u00daDE DE ALFENAS N\u00c3O TEM REM\u00c9DIO - Not\u00edcias de Fato","isPartOf":{"@id":"https:\/\/noticiasdefato.net\/#website"},"primaryImageOfPage":{"@id":"https:\/\/noticiasdefato.net\/?p=1727#primaryimage"},"image":{"@id":"https:\/\/noticiasdefato.net\/?p=1727#primaryimage"},"thumbnailUrl":"https:\/\/noticiasdefato.net\/wp-content\/uploads\/2024\/09\/Imagem-do-WhatsApp-de-2024-09-24-as-18.08.29_b0ea4cb4.jpg","datePublished":"2024-09-24T21:53:43+00:00","dateModified":"2024-10-01T15:30:11+00:00","description":"Faltam rem\u00e9dios de uso cont\u00ednuo na CDM e rem\u00e9dios b\u00e1sicos nos PSFs","breadcrumb":{"@id":"https:\/\/noticiasdefato.net\/?p=1727#breadcrumb"},"inLanguage":"pt-BR","potentialAction":[{"@type":"ReadAction","target":["https:\/\/noticiasdefato.net\/?p=1727"]}]},{"@type":"ImageObject","inLanguage":"pt-BR","@id":"https:\/\/noticiasdefato.net\/?p=1727#primaryimage","url":"https:\/\/noticiasdefato.net\/wp-content\/uploads\/2024\/09\/Imagem-do-WhatsApp-de-2024-09-24-as-18.08.29_b0ea4cb4.jpg","contentUrl":"https:\/\/noticiasdefato.net\/wp-content\/uploads\/2024\/09\/Imagem-do-WhatsApp-de-2024-09-24-as-18.08.29_b0ea4cb4.jpg","width":720,"height":566},{"@type":"BreadcrumbList","@id":"https:\/\/noticiasdefato.net\/?p=1727#breadcrumb","itemListElement":[{"@type":"ListItem","position":1,"name":"In\u00edcio","item":"https:\/\/noticiasdefato.net\/"},{"@type":"ListItem","position":2,"name":"SA\u00daDE DE ALFENAS N\u00c3O TEM REM\u00c9DIO"}]},{"@type":"WebSite","@id":"https:\/\/noticiasdefato.net\/#website","url":"https:\/\/noticiasdefato.net\/","name":"Not\u00edcias de Fato","description":"Trabalhamos com honestidade, seriedade e com a verdade.","publisher":{"@id":"https:\/\/noticiasdefato.net\/#organization"},"potentialAction":[{"@type":"SearchAction","target":{"@type":"EntryPoint","urlTemplate":"https:\/\/noticiasdefato.net\/?s={search_term_string}"},"query-input":"required name=search_term_string"}],"inLanguage":"pt-BR"},{"@type":"Organization","@id":"https:\/\/noticiasdefato.net\/#organization","name":"Not\u00edcias de Fato","url":"https:\/\/noticiasdefato.net\/","logo":{"@type":"ImageObject","inLanguage":"pt-BR","@id":"https:\/\/noticiasdefato.net\/#\/schema\/logo\/image\/","url":"https:\/\/noticiasdefato.net\/wp-content\/uploads\/2024\/02\/cropped-logo_topo.png","contentUrl":"https:\/\/noticiasdefato.net\/wp-content\/uploads\/2024\/02\/cropped-logo_topo.png","width":1948,"height":665,"caption":"Not\u00edcias de Fato"},"image":{"@id":"https:\/\/noticiasdefato.net\/#\/schema\/logo\/image\/"},"sameAs":["https:\/\/fb.com\/noticiasdefato.jornal","https:\/\/x.com\/noticiasdefato_","https:\/\/instagram.com\/noticiasdefato.jornal","https:\/\/youtube.com\/@JornalNoticiasDeFato"]},{"@type":"Person","@id":"https:\/\/noticiasdefato.net\/#\/schema\/person\/982ce60211d95acf059cd702aa260d08","name":"Noticias de Fato","image":{"@type":"ImageObject","inLanguage":"pt-BR","@id":"https:\/\/noticiasdefato.net\/#\/schema\/person\/image\/","url":"https:\/\/secure.gravatar.com\/avatar\/700227fab2316f0366a1b5d4988d10f847249cf13293450527ac9553c994611a?s=96&d=mm&r=g","contentUrl":"https:\/\/secure.gravatar.com\/avatar\/700227fab2316f0366a1b5d4988d10f847249cf13293450527ac9553c994611a?s=96&d=mm&r=g","caption":"Noticias de Fato"},"sameAs":["https:\/\/noticiasdefato.net","http:\/\/fb.com\/\/noticiasdefato.jornal","https:\/\/x.com\/https:\/\/twitter.com\/NoticiasDeFato_"],"url":"https:\/\/noticiasdefato.net\/?author=1"}]}},"_links":{"self":[{"href":"https:\/\/noticiasdefato.net\/index.php?rest_route=\/wp\/v2\/posts\/1727","targetHints":{"allow":["GET"]}}],"collection":[{"href":"https:\/\/noticiasdefato.net\/index.php?rest_route=\/wp\/v2\/posts"}],"about":[{"href":"https:\/\/noticiasdefato.net\/index.php?rest_route=\/wp\/v2\/types\/post"}],"author":[{"embeddable":true,"href":"https:\/\/noticiasdefato.net\/index.php?rest_route=\/wp\/v2\/users\/1"}],"replies":[{"embeddable":true,"href":"https:\/\/noticiasdefato.net\/index.php?rest_route=%2Fwp%2Fv2%2Fcomments&post=1727"}],"version-history":[{"count":1,"href":"https:\/\/noticiasdefato.net\/index.php?rest_route=\/wp\/v2\/posts\/1727\/revisions"}],"predecessor-version":[{"id":1730,"href":"https:\/\/noticiasdefato.net\/index.php?rest_route=\/wp\/v2\/posts\/1727\/revisions\/1730"}],"wp:featuredmedia":[{"embeddable":true,"href":"https:\/\/noticiasdefato.net\/index.php?rest_route=\/wp\/v2\/media\/1729"}],"wp:attachment":[{"href":"https:\/\/noticiasdefato.net\/index.php?rest_route=%2Fwp%2Fv2%2Fmedia&parent=1727"}],"wp:term":[{"taxonomy":"category","embeddable":true,"href":"https:\/\/noticiasdefato.net\/index.php?rest_route=%2Fwp%2Fv2%2Fcategories&post=1727"},{"taxonomy":"post_tag","embeddable":true,"href":"https:\/\/noticiasdefato.net\/index.php?rest_route=%2Fwp%2Fv2%2Ftags&post=1727"}],"curies":[{"name":"wp","href":"https:\/\/api.w.org\/{rel}","templated":true}]}}