{"id":1731,"date":"2024-09-25T09:23:45","date_gmt":"2024-09-25T12:23:45","guid":{"rendered":"https:\/\/noticiasdefato.net\/?p=1731"},"modified":"2024-10-01T12:30:16","modified_gmt":"2024-10-01T15:30:16","slug":"queimadas-jaguatirica-resgatada-em-meio-a-fumaca","status":"publish","type":"post","link":"https:\/\/noticiasdefato.net\/?p=1731","title":{"rendered":"QUEIMADAS: JAGUATIRICA RESGATADA EM MEIO \u00c0 FUMA\u00c7A"},"content":{"rendered":"\n<p><em>Populares resgataram o animal durante queimada que atingiu uma mata, na segunda-feira, 23, na regi\u00e3o de Campestre.<\/em><\/p>\n\n\n\n<p>De janeiro a setembro, o Corpo de Bombeiros Militar de Minas Gerais (CBMMG) atendeu 24.276 ocorr\u00eancias de inc\u00eandios em vegeta\u00e7\u00e3o.<\/p>\n\n\n\n<p>Um filhote de jaguatirica foi resgatado na tarde de segunda-feira, 23, por populares, pr\u00f3ximo \u00e0 Fazenda Piedade, entre Campestre e Machado.<br>O animal tentava fugir em meio a fuma\u00e7a de uma queimada.&nbsp;Os moradores disseram que ele havia inalado muita fuma\u00e7a, respirava com dificuldade e apresentava desorienta\u00e7\u00e3o. Eles resgataram e hidrataram o filhote e depois acionaram a Pol\u00edcia Militar do Meio Ambiente de Alfenas.<\/p>\n\n\n\n<p>Os militares entraram em contato com o n\u00facleo de biodiversidade do IEF &#8211; Instituto Estadual de Florestas que os orientou para que encaminhassem o filhote para a veterin\u00e1ria conveniada com o instituto para os primeiros atendimentos, na cidade de Tr\u00eas Cora\u00e7\u00f5es.<\/p>\n\n\n\n<figure class=\"wp-block-embed is-type-video is-provider-youtube wp-block-embed-youtube wp-embed-aspect-16-9 wp-has-aspect-ratio\"><div class=\"wp-block-embed__wrapper\">\n<iframe title=\"QUEIMADAS: JAGUATIRICA \u00c9 RESGATADA EM MEIO \u00c0 FUMA\u00c7A\" width=\"720\" height=\"405\" src=\"https:\/\/www.youtube.com\/embed\/0BQuiBmCeT4?feature=oembed\" frameborder=\"0\" allow=\"accelerometer; autoplay; clipboard-write; encrypted-media; gyroscope; picture-in-picture; web-share\" referrerpolicy=\"strict-origin-when-cross-origin\" allowfullscreen><\/iframe>\n<\/div><\/figure>\n\n\n\n<p><strong>24.276 OCORR\u00caNCIAS EM MG<\/strong><\/p>\n\n\n\n<p>De acordo com Corpo de Bombeiros Militar de Minas Gerais (CBMMG), mais de 90% dos inc\u00eandios em vegeta\u00e7\u00e3o s\u00e3o causados por a\u00e7\u00f5es humanas.<\/p>\n\n\n\n<p>Em 2024, o estado atingiu um recorde alarmante: de janeiro a setembro, a corpora\u00e7\u00e3o atendeu 24.276 ocorr\u00eancias de inc\u00eandios em vegeta\u00e7\u00e3o. Para compara\u00e7\u00e3o, em todo o ano de 2023, foram 17.127 chamadas.<\/p>\n\n\n\n<p>Enquanto o combate \u00e0s chamas continua por meio da For\u00e7a Tarefa Previnc\u00eandio @previncendio.ief , envolvendo um trabalho conjunto entre Governo do Estado de Minas Gerais @governomg , Coordenadoria do Meia Ambiente do CBMMG, PMMG @pmmg.oficial , PCMG @pcmg.oficial , Defesa Civil @defesacivil_mg , ICMBio @icmbio , IBAMA @ibamagov , IEF @meioambienteminasgerais , brigadistas e volunt\u00e1rios, os impactos devastadores dos inc\u00eandios v\u00e3o al\u00e9m do fogo:<\/p>\n\n\n\n<p>\ud83d\udd25Destrui\u00e7\u00e3o da biodiversidade e de habitats de v\u00e1rias esp\u00e9cies;<br>\ud83d\udd25 Aumento da polui\u00e7\u00e3o do ar, afetando a sa\u00fade respirat\u00f3ria de pessoas e animais;<br>\ud83d\udd25 Danos ao solo, que leva anos para se regenerar;<br>\ud83d\udd25 Preju\u00edzos \u00e0 agricultura e \u00e0 economia local.<\/p>\n\n\n\n<p>Para den\u00fancias, ligue 181 e 190.<br>E em caso de inc\u00eandios,&nbsp;ligue&nbsp;193.<\/p>\n","protected":false},"excerpt":{"rendered":"<p>Populares resgataram o animal durante queimada que atingiu uma mata, na segunda-feira, 23, na regi\u00e3o de Campestre. <a href=\"https:\/\/noticiasdefato.net\/?p=1731\" class=\"more-link\">Continuar lendo <span class=\"screen-reader-text\">QUEIMADAS: JAGUATIRICA RESGATADA EM MEIO \u00c0 FUMA\u00c7A<\/span><\/a><\/p>\n","protected":false},"author":1,"featured_media":1732,"comment_status":"open","ping_status":"open","sticky":false,"template":"","format":"standard","meta":{"footnotes":""},"categories":[34],"tags":[],"class_list":["post-1731","post","type-post","status-publish","format-standard","has-post-thumbnail","hentry","category-meio-ambiente"],"yoast_head":"<!-- This site is optimized with the Yoast SEO plugin v23.2 - https:\/\/yoast.com\/wordpress\/plugins\/seo\/ -->\n<title>QUEIMADAS: JAGUATIRICA RESGATADA EM MEIO \u00c0 FUMA\u00c7A - Not\u00edcias de Fato<\/title>\n<meta name=\"description\" content=\"Populares resgataram o animal durante queimada que atingiu uma mata, na segunda-feira, 23, na regi\u00e3o de Campestre.\" \/>\n<meta name=\"robots\" content=\"index, follow, max-snippet:-1, max-image-preview:large, max-video-preview:-1\" \/>\n<link rel=\"canonical\" href=\"https:\/\/noticiasdefato.net\/?p=1731\" \/>\n<meta property=\"og:locale\" content=\"pt_BR\" \/>\n<meta property=\"og:type\" content=\"article\" \/>\n<meta property=\"og:title\" content=\"QUEIMADAS: JAGUATIRICA RESGATADA EM MEIO \u00c0 FUMA\u00c7A - Not\u00edcias de Fato\" \/>\n<meta property=\"og:description\" content=\"Populares resgataram o animal durante queimada que atingiu uma mata, na segunda-feira, 23, na regi\u00e3o de Campestre.\" \/>\n<meta property=\"og:url\" content=\"https:\/\/noticiasdefato.net\/?p=1731\" \/>\n<meta property=\"og:site_name\" content=\"Not\u00edcias de Fato\" \/>\n<meta property=\"article:publisher\" content=\"https:\/\/fb.com\/noticiasdefato.jornal\" \/>\n<meta property=\"article:author\" content=\"http:\/\/fb.com\/\/noticiasdefato.jornal\" \/>\n<meta property=\"article:published_time\" content=\"2024-09-25T12:23:45+00:00\" \/>\n<meta property=\"article:modified_time\" content=\"2024-10-01T15:30:16+00:00\" \/>\n<meta property=\"og:image\" content=\"https:\/\/noticiasdefato.net\/wp-content\/uploads\/2024\/09\/Imagem-do-WhatsApp-de-2024-09-25-as-09.15.30_76510a03.jpg\" \/>\n\t<meta property=\"og:image:width\" content=\"1200\" \/>\n\t<meta property=\"og:image:height\" content=\"1600\" \/>\n\t<meta property=\"og:image:type\" content=\"image\/jpeg\" \/>\n<meta name=\"author\" content=\"Noticias de Fato\" \/>\n<meta name=\"twitter:card\" content=\"summary_large_image\" \/>\n<meta name=\"twitter:creator\" content=\"@https:\/\/twitter.com\/NoticiasDeFato_\" \/>\n<meta name=\"twitter:site\" content=\"@noticiasdefato_\" \/>\n<meta name=\"twitter:label1\" content=\"Escrito por\" \/>\n\t<meta name=\"twitter:data1\" content=\"Noticias de Fato\" \/>\n\t<meta name=\"twitter:label2\" content=\"Est. tempo de leitura\" \/>\n\t<meta name=\"twitter:data2\" content=\"2 minutos\" \/>\n<script type=\"application\/ld+json\" class=\"yoast-schema-graph\">{\"@context\":\"https:\/\/schema.org\",\"@graph\":[{\"@type\":\"Article\",\"@id\":\"https:\/\/noticiasdefato.net\/?p=1731#article\",\"isPartOf\":{\"@id\":\"https:\/\/noticiasdefato.net\/?p=1731\"},\"author\":{\"name\":\"Noticias de Fato\",\"@id\":\"https:\/\/noticiasdefato.net\/#\/schema\/person\/982ce60211d95acf059cd702aa260d08\"},\"headline\":\"QUEIMADAS: JAGUATIRICA RESGATADA EM MEIO \u00c0 FUMA\u00c7A\",\"datePublished\":\"2024-09-25T12:23:45+00:00\",\"dateModified\":\"2024-10-01T15:30:16+00:00\",\"mainEntityOfPage\":{\"@id\":\"https:\/\/noticiasdefato.net\/?p=1731\"},\"wordCount\":352,\"commentCount\":0,\"publisher\":{\"@id\":\"https:\/\/noticiasdefato.net\/#organization\"},\"image\":{\"@id\":\"https:\/\/noticiasdefato.net\/?p=1731#primaryimage\"},\"thumbnailUrl\":\"https:\/\/noticiasdefato.net\/wp-content\/uploads\/2024\/09\/Imagem-do-WhatsApp-de-2024-09-25-as-09.15.30_76510a03.jpg\",\"articleSection\":[\"Meio ambiente\"],\"inLanguage\":\"pt-BR\",\"potentialAction\":[{\"@type\":\"CommentAction\",\"name\":\"Comment\",\"target\":[\"https:\/\/noticiasdefato.net\/?p=1731#respond\"]}]},{\"@type\":\"WebPage\",\"@id\":\"https:\/\/noticiasdefato.net\/?p=1731\",\"url\":\"https:\/\/noticiasdefato.net\/?p=1731\",\"name\":\"QUEIMADAS: JAGUATIRICA RESGATADA EM MEIO \u00c0 FUMA\u00c7A - Not\u00edcias de Fato\",\"isPartOf\":{\"@id\":\"https:\/\/noticiasdefato.net\/#website\"},\"primaryImageOfPage\":{\"@id\":\"https:\/\/noticiasdefato.net\/?p=1731#primaryimage\"},\"image\":{\"@id\":\"https:\/\/noticiasdefato.net\/?p=1731#primaryimage\"},\"thumbnailUrl\":\"https:\/\/noticiasdefato.net\/wp-content\/uploads\/2024\/09\/Imagem-do-WhatsApp-de-2024-09-25-as-09.15.30_76510a03.jpg\",\"datePublished\":\"2024-09-25T12:23:45+00:00\",\"dateModified\":\"2024-10-01T15:30:16+00:00\",\"description\":\"Populares resgataram o animal durante queimada que atingiu uma mata, na segunda-feira, 23, na regi\u00e3o de Campestre.\",\"breadcrumb\":{\"@id\":\"https:\/\/noticiasdefato.net\/?p=1731#breadcrumb\"},\"inLanguage\":\"pt-BR\",\"potentialAction\":[{\"@type\":\"ReadAction\",\"target\":[\"https:\/\/noticiasdefato.net\/?p=1731\"]}]},{\"@type\":\"ImageObject\",\"inLanguage\":\"pt-BR\",\"@id\":\"https:\/\/noticiasdefato.net\/?p=1731#primaryimage\",\"url\":\"https:\/\/noticiasdefato.net\/wp-content\/uploads\/2024\/09\/Imagem-do-WhatsApp-de-2024-09-25-as-09.15.30_76510a03.jpg\",\"contentUrl\":\"https:\/\/noticiasdefato.net\/wp-content\/uploads\/2024\/09\/Imagem-do-WhatsApp-de-2024-09-25-as-09.15.30_76510a03.jpg\",\"width\":1200,\"height\":1600},{\"@type\":\"BreadcrumbList\",\"@id\":\"https:\/\/noticiasdefato.net\/?p=1731#breadcrumb\",\"itemListElement\":[{\"@type\":\"ListItem\",\"position\":1,\"name\":\"In\u00edcio\",\"item\":\"https:\/\/noticiasdefato.net\/\"},{\"@type\":\"ListItem\",\"position\":2,\"name\":\"QUEIMADAS: JAGUATIRICA RESGATADA EM MEIO \u00c0 FUMA\u00c7A\"}]},{\"@type\":\"WebSite\",\"@id\":\"https:\/\/noticiasdefato.net\/#website\",\"url\":\"https:\/\/noticiasdefato.net\/\",\"name\":\"Not\u00edcias de Fato\",\"description\":\"Trabalhamos com honestidade, seriedade e com a verdade.\",\"publisher\":{\"@id\":\"https:\/\/noticiasdefato.net\/#organization\"},\"potentialAction\":[{\"@type\":\"SearchAction\",\"target\":{\"@type\":\"EntryPoint\",\"urlTemplate\":\"https:\/\/noticiasdefato.net\/?s={search_term_string}\"},\"query-input\":\"required name=search_term_string\"}],\"inLanguage\":\"pt-BR\"},{\"@type\":\"Organization\",\"@id\":\"https:\/\/noticiasdefato.net\/#organization\",\"name\":\"Not\u00edcias de Fato\",\"url\":\"https:\/\/noticiasdefato.net\/\",\"logo\":{\"@type\":\"ImageObject\",\"inLanguage\":\"pt-BR\",\"@id\":\"https:\/\/noticiasdefato.net\/#\/schema\/logo\/image\/\",\"url\":\"https:\/\/noticiasdefato.net\/wp-content\/uploads\/2024\/02\/cropped-logo_topo.png\",\"contentUrl\":\"https:\/\/noticiasdefato.net\/wp-content\/uploads\/2024\/02\/cropped-logo_topo.png\",\"width\":1948,\"height\":665,\"caption\":\"Not\u00edcias de Fato\"},\"image\":{\"@id\":\"https:\/\/noticiasdefato.net\/#\/schema\/logo\/image\/\"},\"sameAs\":[\"https:\/\/fb.com\/noticiasdefato.jornal\",\"https:\/\/x.com\/noticiasdefato_\",\"https:\/\/instagram.com\/noticiasdefato.jornal\",\"https:\/\/youtube.com\/@JornalNoticiasDeFato\"]},{\"@type\":\"Person\",\"@id\":\"https:\/\/noticiasdefato.net\/#\/schema\/person\/982ce60211d95acf059cd702aa260d08\",\"name\":\"Noticias de Fato\",\"image\":{\"@type\":\"ImageObject\",\"inLanguage\":\"pt-BR\",\"@id\":\"https:\/\/noticiasdefato.net\/#\/schema\/person\/image\/\",\"url\":\"https:\/\/secure.gravatar.com\/avatar\/700227fab2316f0366a1b5d4988d10f847249cf13293450527ac9553c994611a?s=96&d=mm&r=g\",\"contentUrl\":\"https:\/\/secure.gravatar.com\/avatar\/700227fab2316f0366a1b5d4988d10f847249cf13293450527ac9553c994611a?s=96&d=mm&r=g\",\"caption\":\"Noticias de Fato\"},\"sameAs\":[\"https:\/\/noticiasdefato.net\",\"http:\/\/fb.com\/\/noticiasdefato.jornal\",\"https:\/\/x.com\/https:\/\/twitter.com\/NoticiasDeFato_\"],\"url\":\"https:\/\/noticiasdefato.net\/?author=1\"}]}<\/script>\n<!-- \/ Yoast SEO plugin. -->","yoast_head_json":{"title":"QUEIMADAS: JAGUATIRICA RESGATADA EM MEIO \u00c0 FUMA\u00c7A - Not\u00edcias de Fato","description":"Populares resgataram o animal durante queimada que atingiu uma mata, na segunda-feira, 23, na regi\u00e3o de Campestre.","robots":{"index":"index","follow":"follow","max-snippet":"max-snippet:-1","max-image-preview":"max-image-preview:large","max-video-preview":"max-video-preview:-1"},"canonical":"https:\/\/noticiasdefato.net\/?p=1731","og_locale":"pt_BR","og_type":"article","og_title":"QUEIMADAS: JAGUATIRICA RESGATADA EM MEIO \u00c0 FUMA\u00c7A - Not\u00edcias de Fato","og_description":"Populares resgataram o animal durante queimada que atingiu uma mata, na segunda-feira, 23, na regi\u00e3o de Campestre.","og_url":"https:\/\/noticiasdefato.net\/?p=1731","og_site_name":"Not\u00edcias de Fato","article_publisher":"https:\/\/fb.com\/noticiasdefato.jornal","article_author":"http:\/\/fb.com\/\/noticiasdefato.jornal","article_published_time":"2024-09-25T12:23:45+00:00","article_modified_time":"2024-10-01T15:30:16+00:00","og_image":[{"width":1200,"height":1600,"url":"https:\/\/noticiasdefato.net\/wp-content\/uploads\/2024\/09\/Imagem-do-WhatsApp-de-2024-09-25-as-09.15.30_76510a03.jpg","type":"image\/jpeg"}],"author":"Noticias de Fato","twitter_card":"summary_large_image","twitter_creator":"@https:\/\/twitter.com\/NoticiasDeFato_","twitter_site":"@noticiasdefato_","twitter_misc":{"Escrito por":"Noticias de Fato","Est. tempo de leitura":"2 minutos"},"schema":{"@context":"https:\/\/schema.org","@graph":[{"@type":"Article","@id":"https:\/\/noticiasdefato.net\/?p=1731#article","isPartOf":{"@id":"https:\/\/noticiasdefato.net\/?p=1731"},"author":{"name":"Noticias de Fato","@id":"https:\/\/noticiasdefato.net\/#\/schema\/person\/982ce60211d95acf059cd702aa260d08"},"headline":"QUEIMADAS: JAGUATIRICA RESGATADA EM MEIO \u00c0 FUMA\u00c7A","datePublished":"2024-09-25T12:23:45+00:00","dateModified":"2024-10-01T15:30:16+00:00","mainEntityOfPage":{"@id":"https:\/\/noticiasdefato.net\/?p=1731"},"wordCount":352,"commentCount":0,"publisher":{"@id":"https:\/\/noticiasdefato.net\/#organization"},"image":{"@id":"https:\/\/noticiasdefato.net\/?p=1731#primaryimage"},"thumbnailUrl":"https:\/\/noticiasdefato.net\/wp-content\/uploads\/2024\/09\/Imagem-do-WhatsApp-de-2024-09-25-as-09.15.30_76510a03.jpg","articleSection":["Meio ambiente"],"inLanguage":"pt-BR","potentialAction":[{"@type":"CommentAction","name":"Comment","target":["https:\/\/noticiasdefato.net\/?p=1731#respond"]}]},{"@type":"WebPage","@id":"https:\/\/noticiasdefato.net\/?p=1731","url":"https:\/\/noticiasdefato.net\/?p=1731","name":"QUEIMADAS: JAGUATIRICA RESGATADA EM MEIO \u00c0 FUMA\u00c7A - Not\u00edcias de Fato","isPartOf":{"@id":"https:\/\/noticiasdefato.net\/#website"},"primaryImageOfPage":{"@id":"https:\/\/noticiasdefato.net\/?p=1731#primaryimage"},"image":{"@id":"https:\/\/noticiasdefato.net\/?p=1731#primaryimage"},"thumbnailUrl":"https:\/\/noticiasdefato.net\/wp-content\/uploads\/2024\/09\/Imagem-do-WhatsApp-de-2024-09-25-as-09.15.30_76510a03.jpg","datePublished":"2024-09-25T12:23:45+00:00","dateModified":"2024-10-01T15:30:16+00:00","description":"Populares resgataram o animal durante queimada que atingiu uma mata, na segunda-feira, 23, na regi\u00e3o de Campestre.","breadcrumb":{"@id":"https:\/\/noticiasdefato.net\/?p=1731#breadcrumb"},"inLanguage":"pt-BR","potentialAction":[{"@type":"ReadAction","target":["https:\/\/noticiasdefato.net\/?p=1731"]}]},{"@type":"ImageObject","inLanguage":"pt-BR","@id":"https:\/\/noticiasdefato.net\/?p=1731#primaryimage","url":"https:\/\/noticiasdefato.net\/wp-content\/uploads\/2024\/09\/Imagem-do-WhatsApp-de-2024-09-25-as-09.15.30_76510a03.jpg","contentUrl":"https:\/\/noticiasdefato.net\/wp-content\/uploads\/2024\/09\/Imagem-do-WhatsApp-de-2024-09-25-as-09.15.30_76510a03.jpg","width":1200,"height":1600},{"@type":"BreadcrumbList","@id":"https:\/\/noticiasdefato.net\/?p=1731#breadcrumb","itemListElement":[{"@type":"ListItem","position":1,"name":"In\u00edcio","item":"https:\/\/noticiasdefato.net\/"},{"@type":"ListItem","position":2,"name":"QUEIMADAS: JAGUATIRICA RESGATADA EM MEIO \u00c0 FUMA\u00c7A"}]},{"@type":"WebSite","@id":"https:\/\/noticiasdefato.net\/#website","url":"https:\/\/noticiasdefato.net\/","name":"Not\u00edcias de Fato","description":"Trabalhamos com honestidade, seriedade e com a verdade.","publisher":{"@id":"https:\/\/noticiasdefato.net\/#organization"},"potentialAction":[{"@type":"SearchAction","target":{"@type":"EntryPoint","urlTemplate":"https:\/\/noticiasdefato.net\/?s={search_term_string}"},"query-input":"required name=search_term_string"}],"inLanguage":"pt-BR"},{"@type":"Organization","@id":"https:\/\/noticiasdefato.net\/#organization","name":"Not\u00edcias de Fato","url":"https:\/\/noticiasdefato.net\/","logo":{"@type":"ImageObject","inLanguage":"pt-BR","@id":"https:\/\/noticiasdefato.net\/#\/schema\/logo\/image\/","url":"https:\/\/noticiasdefato.net\/wp-content\/uploads\/2024\/02\/cropped-logo_topo.png","contentUrl":"https:\/\/noticiasdefato.net\/wp-content\/uploads\/2024\/02\/cropped-logo_topo.png","width":1948,"height":665,"caption":"Not\u00edcias de Fato"},"image":{"@id":"https:\/\/noticiasdefato.net\/#\/schema\/logo\/image\/"},"sameAs":["https:\/\/fb.com\/noticiasdefato.jornal","https:\/\/x.com\/noticiasdefato_","https:\/\/instagram.com\/noticiasdefato.jornal","https:\/\/youtube.com\/@JornalNoticiasDeFato"]},{"@type":"Person","@id":"https:\/\/noticiasdefato.net\/#\/schema\/person\/982ce60211d95acf059cd702aa260d08","name":"Noticias de Fato","image":{"@type":"ImageObject","inLanguage":"pt-BR","@id":"https:\/\/noticiasdefato.net\/#\/schema\/person\/image\/","url":"https:\/\/secure.gravatar.com\/avatar\/700227fab2316f0366a1b5d4988d10f847249cf13293450527ac9553c994611a?s=96&d=mm&r=g","contentUrl":"https:\/\/secure.gravatar.com\/avatar\/700227fab2316f0366a1b5d4988d10f847249cf13293450527ac9553c994611a?s=96&d=mm&r=g","caption":"Noticias de Fato"},"sameAs":["https:\/\/noticiasdefato.net","http:\/\/fb.com\/\/noticiasdefato.jornal","https:\/\/x.com\/https:\/\/twitter.com\/NoticiasDeFato_"],"url":"https:\/\/noticiasdefato.net\/?author=1"}]}},"_links":{"self":[{"href":"https:\/\/noticiasdefato.net\/index.php?rest_route=\/wp\/v2\/posts\/1731","targetHints":{"allow":["GET"]}}],"collection":[{"href":"https:\/\/noticiasdefato.net\/index.php?rest_route=\/wp\/v2\/posts"}],"about":[{"href":"https:\/\/noticiasdefato.net\/index.php?rest_route=\/wp\/v2\/types\/post"}],"author":[{"embeddable":true,"href":"https:\/\/noticiasdefato.net\/index.php?rest_route=\/wp\/v2\/users\/1"}],"replies":[{"embeddable":true,"href":"https:\/\/noticiasdefato.net\/index.php?rest_route=%2Fwp%2Fv2%2Fcomments&post=1731"}],"version-history":[{"count":1,"href":"https:\/\/noticiasdefato.net\/index.php?rest_route=\/wp\/v2\/posts\/1731\/revisions"}],"predecessor-version":[{"id":1733,"href":"https:\/\/noticiasdefato.net\/index.php?rest_route=\/wp\/v2\/posts\/1731\/revisions\/1733"}],"wp:featuredmedia":[{"embeddable":true,"href":"https:\/\/noticiasdefato.net\/index.php?rest_route=\/wp\/v2\/media\/1732"}],"wp:attachment":[{"href":"https:\/\/noticiasdefato.net\/index.php?rest_route=%2Fwp%2Fv2%2Fmedia&parent=1731"}],"wp:term":[{"taxonomy":"category","embeddable":true,"href":"https:\/\/noticiasdefato.net\/index.php?rest_route=%2Fwp%2Fv2%2Fcategories&post=1731"},{"taxonomy":"post_tag","embeddable":true,"href":"https:\/\/noticiasdefato.net\/index.php?rest_route=%2Fwp%2Fv2%2Ftags&post=1731"}],"curies":[{"name":"wp","href":"https:\/\/api.w.org\/{rel}","templated":true}]}}