{"id":1734,"date":"2024-09-25T09:44:29","date_gmt":"2024-09-25T12:44:29","guid":{"rendered":"https:\/\/noticiasdefato.net\/?p=1734"},"modified":"2024-10-01T12:30:33","modified_gmt":"2024-10-01T15:30:33","slug":"operacao-em-alfenas-e-paraguacu","status":"publish","type":"post","link":"https:\/\/noticiasdefato.net\/?p=1734","title":{"rendered":"OPERA\u00c7\u00c3O EM ALFENAS E PARAGUA\u00c7U"},"content":{"rendered":"\n<p><em>Informa\u00e7\u00f5es preliminares relatam que o objetivo foi capturar poss\u00edveis integrantes do PCC &#8211; Primeiro Comando da Capital.<\/em><\/p>\n\n\n\n<p>Mais de 40 policiais militares e membros da GAECO est\u00e3o em atividades na regi\u00e3o, desde o in\u00edcio hoje, nas primeiras horas da manh\u00e3.<\/p>\n\n\n\n<p>Os trabalhos come\u00e7aram no residencial S\u00e3o Carlos, em Alfenas e se estenderam at\u00e9 Paragua\u00e7u, onde estaria um dos suspeitos, que possivelmente teria fugido.<br>As equipes seguem com os trabalhos.<\/p>\n\n\n\n<p><strong>ATUALIZA\u00c7\u00c3O 10:26<\/strong><\/p>\n\n\n\n<p>GAECO deflagra Opera\u00e7\u00e3o 14-BIS em sete munic\u00edpios do Esp\u00edrito Santo, Minas Gerais e S\u00e3o Paulo.<br><\/p>\n\n\n\n<div class=\"wp-block-group is-vertical is-layout-flex wp-container-core-group-is-layout-8cf370e7 wp-block-group-is-layout-flex\">\n<div class=\"wp-block-columns is-layout-flex wp-container-core-columns-is-layout-9d6595d7 wp-block-columns-is-layout-flex\">\n<div class=\"wp-block-column is-layout-flow wp-block-column-is-layout-flow\">\n<div class=\"wp-block-columns is-layout-flex wp-container-core-columns-is-layout-9d6595d7 wp-block-columns-is-layout-flex\">\n<div class=\"wp-block-column is-layout-flow wp-block-column-is-layout-flow\" style=\"flex-basis:100%\">\n<div class=\"wp-block-group\"><div class=\"wp-block-group__inner-container is-layout-constrained wp-block-group-is-layout-constrained\">\n<div class=\"wp-block-columns is-layout-flex wp-container-core-columns-is-layout-9d6595d7 wp-block-columns-is-layout-flex\">\n<div class=\"wp-block-column is-layout-flow wp-block-column-is-layout-flow\" style=\"flex-basis:100%\">\n<figure class=\"wp-block-image size-full\"><img fetchpriority=\"high\" decoding=\"async\" width=\"768\" height=\"1024\" src=\"https:\/\/noticiasdefato.net\/wp-content\/uploads\/2024\/09\/Imagem-do-WhatsApp-de-2024-09-25-as-11.24.23_2e6820da.jpg\" alt=\"\" class=\"wp-image-1739\" srcset=\"https:\/\/noticiasdefato.net\/wp-content\/uploads\/2024\/09\/Imagem-do-WhatsApp-de-2024-09-25-as-11.24.23_2e6820da.jpg 768w, https:\/\/noticiasdefato.net\/wp-content\/uploads\/2024\/09\/Imagem-do-WhatsApp-de-2024-09-25-as-11.24.23_2e6820da-225x300.jpg 225w, https:\/\/noticiasdefato.net\/wp-content\/uploads\/2024\/09\/Imagem-do-WhatsApp-de-2024-09-25-as-11.24.23_2e6820da-68x90.jpg 68w\" sizes=\"(max-width: 768px) 100vw, 768px\" \/><\/figure>\n\n\n\n<figure class=\"wp-block-image size-full\"><img decoding=\"async\" width=\"768\" height=\"615\" src=\"https:\/\/noticiasdefato.net\/wp-content\/uploads\/2024\/09\/Imagem-do-WhatsApp-de-2024-09-25-as-11.24.23_f4443523-1.jpg\" alt=\"\" class=\"wp-image-1741\" srcset=\"https:\/\/noticiasdefato.net\/wp-content\/uploads\/2024\/09\/Imagem-do-WhatsApp-de-2024-09-25-as-11.24.23_f4443523-1.jpg 768w, https:\/\/noticiasdefato.net\/wp-content\/uploads\/2024\/09\/Imagem-do-WhatsApp-de-2024-09-25-as-11.24.23_f4443523-1-300x240.jpg 300w, https:\/\/noticiasdefato.net\/wp-content\/uploads\/2024\/09\/Imagem-do-WhatsApp-de-2024-09-25-as-11.24.23_f4443523-1-112x90.jpg 112w\" sizes=\"(max-width: 768px) 100vw, 768px\" \/><\/figure>\n<\/div>\n<\/div>\n<\/div><\/div>\n<\/div>\n<\/div>\n<\/div>\n<\/div>\n<\/div>\n\n\n\n<p>O Minist\u00e9rio P\u00fablico do Estado do Esp\u00edrito Santo (MPES), por meio do Grupo de Atua\u00e7\u00e3o Especial de Combate ao Crime Organizado (GAECO-Central), com o apoio da Pol\u00edcia Militar e dos GAECOS de S\u00e3o Paulo e Minas Gerais, cumpre nesta quarta-feira (25\/09\/2024) mandados judiciais expedidos pela 2\u00aa Vara Criminal da Serra na Opera\u00e7\u00e3o 14-BIS, em face de integrantes da fac\u00e7\u00e3o criminosa Primeiro Comando da Capital (PCC) envolvidos em poss\u00edveis delitos de organiza\u00e7\u00e3o criminosa (Lei n\u00ba 12.850\/2013), crimes previstos no Estatuto do Desarmamento, tr\u00e1fico de drogas e associa\u00e7\u00e3o para o tr\u00e1fico de drogas.\u202f<\/p>\n\n\n\n<p>Esta fase consiste no cumprimento de 7 mandados de pris\u00e3o tempor\u00e1ria e 14 mandados de busca e apreens\u00e3o, nos munic\u00edpios de Vit\u00f3ria, Vila Velha, Serra, e Colatina, no Esp\u00edrito Santo, em S\u00e3o Vicente e S\u00e3o Paulo, no Estado de S\u00e3o Paulo, e Alfenas, em Minas Gerais.<\/p>\n\n\n\n<p>A investiga\u00e7\u00e3o \u00e9 relacionada a um n\u00facleo de lideran\u00e7a da fac\u00e7\u00e3o criminosa, autointitulado \u201cOs 14 do ES\u201d, grupo com papel de comando e direcionamento do setor disciplinar do PCC, bra\u00e7o armado da fac\u00e7\u00e3o criminosa. Os integrantes do setor deliberavam sobre remanejamento de armas de fogo e ve\u00edculos da fac\u00e7\u00e3o criminosa, estimulavam e apoiavam os ataques a grupos criminosos rivais e promoviam o batismo de novos integrantes, inclusive adolescentes, al\u00e9m de decidir sobre outras quest\u00f5es de relev\u00e2ncia.<\/p>\n\n\n\n<p>Os membros do GAECO do MPES foram auxiliados por policiais militares no cumprimento das dilig\u00eancias no Estado do Esp\u00edrito Santo, al\u00e9m das equipes do GAECO\/SP (N\u00facleos Santos e Capital), apoiados pelo DOPE da Pol\u00edcia Civil de S\u00e3o Paulo e do GAECO\/MG (N\u00facleo Passos), que colaboraram para a efetiva\u00e7\u00e3o das dilig\u00eancias nesses Estados.<\/p>\n\n\n\n<p><em>Fonte:<\/em> https:\/\/mpes.mp.br\/noticias\/2024\/09\/25\/gaeco-deflagra-operacao-14-bis-em-sete-municipios-do-espirito-santo-minas-gerais-e-sao-paulo\/<\/p>\n","protected":false},"excerpt":{"rendered":"<p>Informa\u00e7\u00f5es preliminares relatam que o objetivo foi capturar poss\u00edveis integrantes do PCC &#8211; Primeiro Comando da Capital. <a href=\"https:\/\/noticiasdefato.net\/?p=1734\" class=\"more-link\">Continuar lendo <span class=\"screen-reader-text\">OPERA\u00c7\u00c3O EM ALFENAS E PARAGUA\u00c7U<\/span><\/a><\/p>\n","protected":false},"author":1,"featured_media":1735,"comment_status":"open","ping_status":"open","sticky":false,"template":"","format":"standard","meta":{"footnotes":""},"categories":[25],"tags":[],"class_list":["post-1734","post","type-post","status-publish","format-standard","has-post-thumbnail","hentry","category-policial"],"yoast_head":"<!-- This site is optimized with the Yoast SEO plugin v23.2 - https:\/\/yoast.com\/wordpress\/plugins\/seo\/ -->\n<title>OPERA\u00c7\u00c3O EM ALFENAS E PARAGUA\u00c7U - Not\u00edcias de Fato<\/title>\n<meta name=\"description\" content=\"Informa\u00e7\u00f5es preliminares relatam que o objetivo foi capturar poss\u00edveis integrantes do PCC - Primeiro Comando da Capital.\" \/>\n<meta name=\"robots\" content=\"index, follow, max-snippet:-1, max-image-preview:large, max-video-preview:-1\" \/>\n<link rel=\"canonical\" href=\"https:\/\/noticiasdefato.net\/?p=1734\" \/>\n<meta property=\"og:locale\" content=\"pt_BR\" \/>\n<meta property=\"og:type\" content=\"article\" \/>\n<meta property=\"og:title\" content=\"OPERA\u00c7\u00c3O EM ALFENAS E PARAGUA\u00c7U - Not\u00edcias de Fato\" \/>\n<meta property=\"og:description\" content=\"Informa\u00e7\u00f5es preliminares relatam que o objetivo foi capturar poss\u00edveis integrantes do PCC - Primeiro Comando da Capital.\" \/>\n<meta property=\"og:url\" content=\"https:\/\/noticiasdefato.net\/?p=1734\" \/>\n<meta property=\"og:site_name\" content=\"Not\u00edcias de Fato\" \/>\n<meta property=\"article:publisher\" content=\"https:\/\/fb.com\/noticiasdefato.jornal\" \/>\n<meta property=\"article:author\" content=\"http:\/\/fb.com\/\/noticiasdefato.jornal\" \/>\n<meta property=\"article:published_time\" content=\"2024-09-25T12:44:29+00:00\" \/>\n<meta property=\"article:modified_time\" content=\"2024-10-01T15:30:33+00:00\" \/>\n<meta property=\"og:image\" content=\"https:\/\/noticiasdefato.net\/wp-content\/uploads\/2024\/09\/Imagem-do-WhatsApp-de-2024-09-25-as-09.35.09_22e17a46.jpg\" \/>\n\t<meta property=\"og:image:width\" content=\"678\" \/>\n\t<meta property=\"og:image:height\" content=\"452\" \/>\n\t<meta property=\"og:image:type\" content=\"image\/jpeg\" \/>\n<meta name=\"author\" content=\"Noticias de Fato\" \/>\n<meta name=\"twitter:card\" content=\"summary_large_image\" \/>\n<meta name=\"twitter:creator\" content=\"@https:\/\/twitter.com\/NoticiasDeFato_\" \/>\n<meta name=\"twitter:site\" content=\"@noticiasdefato_\" \/>\n<meta name=\"twitter:label1\" content=\"Escrito por\" \/>\n\t<meta name=\"twitter:data1\" content=\"Noticias de Fato\" \/>\n\t<meta name=\"twitter:label2\" content=\"Est. tempo de leitura\" \/>\n\t<meta name=\"twitter:data2\" content=\"3 minutos\" \/>\n<script type=\"application\/ld+json\" class=\"yoast-schema-graph\">{\"@context\":\"https:\/\/schema.org\",\"@graph\":[{\"@type\":\"Article\",\"@id\":\"https:\/\/noticiasdefato.net\/?p=1734#article\",\"isPartOf\":{\"@id\":\"https:\/\/noticiasdefato.net\/?p=1734\"},\"author\":{\"name\":\"Noticias de Fato\",\"@id\":\"https:\/\/noticiasdefato.net\/#\/schema\/person\/982ce60211d95acf059cd702aa260d08\"},\"headline\":\"OPERA\u00c7\u00c3O EM ALFENAS E PARAGUA\u00c7U\",\"datePublished\":\"2024-09-25T12:44:29+00:00\",\"dateModified\":\"2024-10-01T15:30:33+00:00\",\"mainEntityOfPage\":{\"@id\":\"https:\/\/noticiasdefato.net\/?p=1734\"},\"wordCount\":414,\"commentCount\":0,\"publisher\":{\"@id\":\"https:\/\/noticiasdefato.net\/#organization\"},\"image\":{\"@id\":\"https:\/\/noticiasdefato.net\/?p=1734#primaryimage\"},\"thumbnailUrl\":\"https:\/\/noticiasdefato.net\/wp-content\/uploads\/2024\/09\/Imagem-do-WhatsApp-de-2024-09-25-as-09.35.09_22e17a46.jpg\",\"articleSection\":[\"Policial\"],\"inLanguage\":\"pt-BR\",\"potentialAction\":[{\"@type\":\"CommentAction\",\"name\":\"Comment\",\"target\":[\"https:\/\/noticiasdefato.net\/?p=1734#respond\"]}]},{\"@type\":\"WebPage\",\"@id\":\"https:\/\/noticiasdefato.net\/?p=1734\",\"url\":\"https:\/\/noticiasdefato.net\/?p=1734\",\"name\":\"OPERA\u00c7\u00c3O EM ALFENAS E PARAGUA\u00c7U - Not\u00edcias de Fato\",\"isPartOf\":{\"@id\":\"https:\/\/noticiasdefato.net\/#website\"},\"primaryImageOfPage\":{\"@id\":\"https:\/\/noticiasdefato.net\/?p=1734#primaryimage\"},\"image\":{\"@id\":\"https:\/\/noticiasdefato.net\/?p=1734#primaryimage\"},\"thumbnailUrl\":\"https:\/\/noticiasdefato.net\/wp-content\/uploads\/2024\/09\/Imagem-do-WhatsApp-de-2024-09-25-as-09.35.09_22e17a46.jpg\",\"datePublished\":\"2024-09-25T12:44:29+00:00\",\"dateModified\":\"2024-10-01T15:30:33+00:00\",\"description\":\"Informa\u00e7\u00f5es preliminares relatam que o objetivo foi capturar poss\u00edveis integrantes do PCC - Primeiro Comando da Capital.\",\"breadcrumb\":{\"@id\":\"https:\/\/noticiasdefato.net\/?p=1734#breadcrumb\"},\"inLanguage\":\"pt-BR\",\"potentialAction\":[{\"@type\":\"ReadAction\",\"target\":[\"https:\/\/noticiasdefato.net\/?p=1734\"]}]},{\"@type\":\"ImageObject\",\"inLanguage\":\"pt-BR\",\"@id\":\"https:\/\/noticiasdefato.net\/?p=1734#primaryimage\",\"url\":\"https:\/\/noticiasdefato.net\/wp-content\/uploads\/2024\/09\/Imagem-do-WhatsApp-de-2024-09-25-as-09.35.09_22e17a46.jpg\",\"contentUrl\":\"https:\/\/noticiasdefato.net\/wp-content\/uploads\/2024\/09\/Imagem-do-WhatsApp-de-2024-09-25-as-09.35.09_22e17a46.jpg\",\"width\":678,\"height\":452},{\"@type\":\"BreadcrumbList\",\"@id\":\"https:\/\/noticiasdefato.net\/?p=1734#breadcrumb\",\"itemListElement\":[{\"@type\":\"ListItem\",\"position\":1,\"name\":\"In\u00edcio\",\"item\":\"https:\/\/noticiasdefato.net\/\"},{\"@type\":\"ListItem\",\"position\":2,\"name\":\"OPERA\u00c7\u00c3O EM ALFENAS E PARAGUA\u00c7U\"}]},{\"@type\":\"WebSite\",\"@id\":\"https:\/\/noticiasdefato.net\/#website\",\"url\":\"https:\/\/noticiasdefato.net\/\",\"name\":\"Not\u00edcias de Fato\",\"description\":\"Trabalhamos com honestidade, seriedade e com a verdade.\",\"publisher\":{\"@id\":\"https:\/\/noticiasdefato.net\/#organization\"},\"potentialAction\":[{\"@type\":\"SearchAction\",\"target\":{\"@type\":\"EntryPoint\",\"urlTemplate\":\"https:\/\/noticiasdefato.net\/?s={search_term_string}\"},\"query-input\":\"required name=search_term_string\"}],\"inLanguage\":\"pt-BR\"},{\"@type\":\"Organization\",\"@id\":\"https:\/\/noticiasdefato.net\/#organization\",\"name\":\"Not\u00edcias de Fato\",\"url\":\"https:\/\/noticiasdefato.net\/\",\"logo\":{\"@type\":\"ImageObject\",\"inLanguage\":\"pt-BR\",\"@id\":\"https:\/\/noticiasdefato.net\/#\/schema\/logo\/image\/\",\"url\":\"https:\/\/noticiasdefato.net\/wp-content\/uploads\/2024\/02\/cropped-logo_topo.png\",\"contentUrl\":\"https:\/\/noticiasdefato.net\/wp-content\/uploads\/2024\/02\/cropped-logo_topo.png\",\"width\":1948,\"height\":665,\"caption\":\"Not\u00edcias de Fato\"},\"image\":{\"@id\":\"https:\/\/noticiasdefato.net\/#\/schema\/logo\/image\/\"},\"sameAs\":[\"https:\/\/fb.com\/noticiasdefato.jornal\",\"https:\/\/x.com\/noticiasdefato_\",\"https:\/\/instagram.com\/noticiasdefato.jornal\",\"https:\/\/youtube.com\/@JornalNoticiasDeFato\"]},{\"@type\":\"Person\",\"@id\":\"https:\/\/noticiasdefato.net\/#\/schema\/person\/982ce60211d95acf059cd702aa260d08\",\"name\":\"Noticias de Fato\",\"image\":{\"@type\":\"ImageObject\",\"inLanguage\":\"pt-BR\",\"@id\":\"https:\/\/noticiasdefato.net\/#\/schema\/person\/image\/\",\"url\":\"https:\/\/secure.gravatar.com\/avatar\/700227fab2316f0366a1b5d4988d10f847249cf13293450527ac9553c994611a?s=96&d=mm&r=g\",\"contentUrl\":\"https:\/\/secure.gravatar.com\/avatar\/700227fab2316f0366a1b5d4988d10f847249cf13293450527ac9553c994611a?s=96&d=mm&r=g\",\"caption\":\"Noticias de Fato\"},\"sameAs\":[\"https:\/\/noticiasdefato.net\",\"http:\/\/fb.com\/\/noticiasdefato.jornal\",\"https:\/\/x.com\/https:\/\/twitter.com\/NoticiasDeFato_\"],\"url\":\"https:\/\/noticiasdefato.net\/?author=1\"}]}<\/script>\n<!-- \/ Yoast SEO plugin. -->","yoast_head_json":{"title":"OPERA\u00c7\u00c3O EM ALFENAS E PARAGUA\u00c7U - Not\u00edcias de Fato","description":"Informa\u00e7\u00f5es preliminares relatam que o objetivo foi capturar poss\u00edveis integrantes do PCC - Primeiro Comando da Capital.","robots":{"index":"index","follow":"follow","max-snippet":"max-snippet:-1","max-image-preview":"max-image-preview:large","max-video-preview":"max-video-preview:-1"},"canonical":"https:\/\/noticiasdefato.net\/?p=1734","og_locale":"pt_BR","og_type":"article","og_title":"OPERA\u00c7\u00c3O EM ALFENAS E PARAGUA\u00c7U - Not\u00edcias de Fato","og_description":"Informa\u00e7\u00f5es preliminares relatam que o objetivo foi capturar poss\u00edveis integrantes do PCC - Primeiro Comando da Capital.","og_url":"https:\/\/noticiasdefato.net\/?p=1734","og_site_name":"Not\u00edcias de Fato","article_publisher":"https:\/\/fb.com\/noticiasdefato.jornal","article_author":"http:\/\/fb.com\/\/noticiasdefato.jornal","article_published_time":"2024-09-25T12:44:29+00:00","article_modified_time":"2024-10-01T15:30:33+00:00","og_image":[{"width":678,"height":452,"url":"https:\/\/noticiasdefato.net\/wp-content\/uploads\/2024\/09\/Imagem-do-WhatsApp-de-2024-09-25-as-09.35.09_22e17a46.jpg","type":"image\/jpeg"}],"author":"Noticias de Fato","twitter_card":"summary_large_image","twitter_creator":"@https:\/\/twitter.com\/NoticiasDeFato_","twitter_site":"@noticiasdefato_","twitter_misc":{"Escrito por":"Noticias de Fato","Est. tempo de leitura":"3 minutos"},"schema":{"@context":"https:\/\/schema.org","@graph":[{"@type":"Article","@id":"https:\/\/noticiasdefato.net\/?p=1734#article","isPartOf":{"@id":"https:\/\/noticiasdefato.net\/?p=1734"},"author":{"name":"Noticias de Fato","@id":"https:\/\/noticiasdefato.net\/#\/schema\/person\/982ce60211d95acf059cd702aa260d08"},"headline":"OPERA\u00c7\u00c3O EM ALFENAS E PARAGUA\u00c7U","datePublished":"2024-09-25T12:44:29+00:00","dateModified":"2024-10-01T15:30:33+00:00","mainEntityOfPage":{"@id":"https:\/\/noticiasdefato.net\/?p=1734"},"wordCount":414,"commentCount":0,"publisher":{"@id":"https:\/\/noticiasdefato.net\/#organization"},"image":{"@id":"https:\/\/noticiasdefato.net\/?p=1734#primaryimage"},"thumbnailUrl":"https:\/\/noticiasdefato.net\/wp-content\/uploads\/2024\/09\/Imagem-do-WhatsApp-de-2024-09-25-as-09.35.09_22e17a46.jpg","articleSection":["Policial"],"inLanguage":"pt-BR","potentialAction":[{"@type":"CommentAction","name":"Comment","target":["https:\/\/noticiasdefato.net\/?p=1734#respond"]}]},{"@type":"WebPage","@id":"https:\/\/noticiasdefato.net\/?p=1734","url":"https:\/\/noticiasdefato.net\/?p=1734","name":"OPERA\u00c7\u00c3O EM ALFENAS E PARAGUA\u00c7U - Not\u00edcias de Fato","isPartOf":{"@id":"https:\/\/noticiasdefato.net\/#website"},"primaryImageOfPage":{"@id":"https:\/\/noticiasdefato.net\/?p=1734#primaryimage"},"image":{"@id":"https:\/\/noticiasdefato.net\/?p=1734#primaryimage"},"thumbnailUrl":"https:\/\/noticiasdefato.net\/wp-content\/uploads\/2024\/09\/Imagem-do-WhatsApp-de-2024-09-25-as-09.35.09_22e17a46.jpg","datePublished":"2024-09-25T12:44:29+00:00","dateModified":"2024-10-01T15:30:33+00:00","description":"Informa\u00e7\u00f5es preliminares relatam que o objetivo foi capturar poss\u00edveis integrantes do PCC - Primeiro Comando da Capital.","breadcrumb":{"@id":"https:\/\/noticiasdefato.net\/?p=1734#breadcrumb"},"inLanguage":"pt-BR","potentialAction":[{"@type":"ReadAction","target":["https:\/\/noticiasdefato.net\/?p=1734"]}]},{"@type":"ImageObject","inLanguage":"pt-BR","@id":"https:\/\/noticiasdefato.net\/?p=1734#primaryimage","url":"https:\/\/noticiasdefato.net\/wp-content\/uploads\/2024\/09\/Imagem-do-WhatsApp-de-2024-09-25-as-09.35.09_22e17a46.jpg","contentUrl":"https:\/\/noticiasdefato.net\/wp-content\/uploads\/2024\/09\/Imagem-do-WhatsApp-de-2024-09-25-as-09.35.09_22e17a46.jpg","width":678,"height":452},{"@type":"BreadcrumbList","@id":"https:\/\/noticiasdefato.net\/?p=1734#breadcrumb","itemListElement":[{"@type":"ListItem","position":1,"name":"In\u00edcio","item":"https:\/\/noticiasdefato.net\/"},{"@type":"ListItem","position":2,"name":"OPERA\u00c7\u00c3O EM ALFENAS E PARAGUA\u00c7U"}]},{"@type":"WebSite","@id":"https:\/\/noticiasdefato.net\/#website","url":"https:\/\/noticiasdefato.net\/","name":"Not\u00edcias de Fato","description":"Trabalhamos com honestidade, seriedade e com a verdade.","publisher":{"@id":"https:\/\/noticiasdefato.net\/#organization"},"potentialAction":[{"@type":"SearchAction","target":{"@type":"EntryPoint","urlTemplate":"https:\/\/noticiasdefato.net\/?s={search_term_string}"},"query-input":"required name=search_term_string"}],"inLanguage":"pt-BR"},{"@type":"Organization","@id":"https:\/\/noticiasdefato.net\/#organization","name":"Not\u00edcias de Fato","url":"https:\/\/noticiasdefato.net\/","logo":{"@type":"ImageObject","inLanguage":"pt-BR","@id":"https:\/\/noticiasdefato.net\/#\/schema\/logo\/image\/","url":"https:\/\/noticiasdefato.net\/wp-content\/uploads\/2024\/02\/cropped-logo_topo.png","contentUrl":"https:\/\/noticiasdefato.net\/wp-content\/uploads\/2024\/02\/cropped-logo_topo.png","width":1948,"height":665,"caption":"Not\u00edcias de Fato"},"image":{"@id":"https:\/\/noticiasdefato.net\/#\/schema\/logo\/image\/"},"sameAs":["https:\/\/fb.com\/noticiasdefato.jornal","https:\/\/x.com\/noticiasdefato_","https:\/\/instagram.com\/noticiasdefato.jornal","https:\/\/youtube.com\/@JornalNoticiasDeFato"]},{"@type":"Person","@id":"https:\/\/noticiasdefato.net\/#\/schema\/person\/982ce60211d95acf059cd702aa260d08","name":"Noticias de Fato","image":{"@type":"ImageObject","inLanguage":"pt-BR","@id":"https:\/\/noticiasdefato.net\/#\/schema\/person\/image\/","url":"https:\/\/secure.gravatar.com\/avatar\/700227fab2316f0366a1b5d4988d10f847249cf13293450527ac9553c994611a?s=96&d=mm&r=g","contentUrl":"https:\/\/secure.gravatar.com\/avatar\/700227fab2316f0366a1b5d4988d10f847249cf13293450527ac9553c994611a?s=96&d=mm&r=g","caption":"Noticias de Fato"},"sameAs":["https:\/\/noticiasdefato.net","http:\/\/fb.com\/\/noticiasdefato.jornal","https:\/\/x.com\/https:\/\/twitter.com\/NoticiasDeFato_"],"url":"https:\/\/noticiasdefato.net\/?author=1"}]}},"_links":{"self":[{"href":"https:\/\/noticiasdefato.net\/index.php?rest_route=\/wp\/v2\/posts\/1734","targetHints":{"allow":["GET"]}}],"collection":[{"href":"https:\/\/noticiasdefato.net\/index.php?rest_route=\/wp\/v2\/posts"}],"about":[{"href":"https:\/\/noticiasdefato.net\/index.php?rest_route=\/wp\/v2\/types\/post"}],"author":[{"embeddable":true,"href":"https:\/\/noticiasdefato.net\/index.php?rest_route=\/wp\/v2\/users\/1"}],"replies":[{"embeddable":true,"href":"https:\/\/noticiasdefato.net\/index.php?rest_route=%2Fwp%2Fv2%2Fcomments&post=1734"}],"version-history":[{"count":3,"href":"https:\/\/noticiasdefato.net\/index.php?rest_route=\/wp\/v2\/posts\/1734\/revisions"}],"predecessor-version":[{"id":1744,"href":"https:\/\/noticiasdefato.net\/index.php?rest_route=\/wp\/v2\/posts\/1734\/revisions\/1744"}],"wp:featuredmedia":[{"embeddable":true,"href":"https:\/\/noticiasdefato.net\/index.php?rest_route=\/wp\/v2\/media\/1735"}],"wp:attachment":[{"href":"https:\/\/noticiasdefato.net\/index.php?rest_route=%2Fwp%2Fv2%2Fmedia&parent=1734"}],"wp:term":[{"taxonomy":"category","embeddable":true,"href":"https:\/\/noticiasdefato.net\/index.php?rest_route=%2Fwp%2Fv2%2Fcategories&post=1734"},{"taxonomy":"post_tag","embeddable":true,"href":"https:\/\/noticiasdefato.net\/index.php?rest_route=%2Fwp%2Fv2%2Ftags&post=1734"}],"curies":[{"name":"wp","href":"https:\/\/api.w.org\/{rel}","templated":true}]}}