{"id":1745,"date":"2024-09-26T17:02:02","date_gmt":"2024-09-26T20:02:02","guid":{"rendered":"https:\/\/noticiasdefato.net\/?p=1745"},"modified":"2024-10-01T12:30:43","modified_gmt":"2024-10-01T15:30:43","slug":"urgente-jaime-daniel-anuncia-apoio-a-amadeu-peloso","status":"publish","type":"post","link":"https:\/\/noticiasdefato.net\/?p=1745","title":{"rendered":"URGENTE! JAIME DANIEL REUNIDO COM AMADEU PELOSO"},"content":{"rendered":"\n<p>Neste momento est\u00e1 ocorrendo uma reuni\u00e3o na sede do partido Uni\u00e3o Brasil, com a presen\u00e7a de Jaime Daniel, Rose Junqueira, Amadeu Peloso, Toninho Munhoz e vereadores da base de Jaime Daniel. Informa\u00e7\u00f5es colhidas nos batidores, tratam de que a reuni\u00e3o ocorre para anunciar a ren\u00fancia de Jaime Daniel da candidatura \u00e0 prefeitura, e apoio a chapa Amadeu e Toninho Munhoz.<\/p>\n\n\n\n<p>Mais informa\u00e7\u00f5es a qualquer momento.  <\/p>\n","protected":false},"excerpt":{"rendered":"<p>Neste momento est\u00e1 ocorrendo uma reuni\u00e3o na sede do partido Uni\u00e3o Brasil para realizar o an\u00fancio. <a href=\"https:\/\/noticiasdefato.net\/?p=1745\" class=\"more-link\">Continuar lendo <span class=\"screen-reader-text\">URGENTE! JAIME DANIEL REUNIDO COM AMADEU PELOSO<\/span><\/a><\/p>\n","protected":false},"author":1,"featured_media":1746,"comment_status":"open","ping_status":"open","sticky":false,"template":"","format":"standard","meta":{"footnotes":""},"categories":[18],"tags":[],"class_list":["post-1745","post","type-post","status-publish","format-standard","has-post-thumbnail","hentry","category-politica"],"yoast_head":"<!-- This site is optimized with the Yoast SEO plugin v23.2 - https:\/\/yoast.com\/wordpress\/plugins\/seo\/ -->\n<title>URGENTE! JAIME DANIEL REUNIDO COM AMADEU PELOSO - Not\u00edcias de Fato<\/title>\n<meta name=\"description\" content=\"Neste momento est\u00e1 ocorrendo uma reuni\u00e3o na sede do partido Uni\u00e3o Brasil para realizar o an\u00fancio.\" \/>\n<meta name=\"robots\" content=\"index, follow, max-snippet:-1, max-image-preview:large, max-video-preview:-1\" \/>\n<link rel=\"canonical\" href=\"https:\/\/noticiasdefato.net\/?p=1745\" \/>\n<meta property=\"og:locale\" content=\"pt_BR\" \/>\n<meta property=\"og:type\" content=\"article\" \/>\n<meta property=\"og:title\" content=\"URGENTE! JAIME DANIEL REUNIDO COM AMADEU PELOSO - Not\u00edcias de Fato\" \/>\n<meta property=\"og:description\" content=\"Neste momento est\u00e1 ocorrendo uma reuni\u00e3o na sede do partido Uni\u00e3o Brasil para realizar o an\u00fancio.\" \/>\n<meta property=\"og:url\" content=\"https:\/\/noticiasdefato.net\/?p=1745\" \/>\n<meta property=\"og:site_name\" content=\"Not\u00edcias de Fato\" \/>\n<meta property=\"article:publisher\" content=\"https:\/\/fb.com\/noticiasdefato.jornal\" \/>\n<meta property=\"article:author\" content=\"http:\/\/fb.com\/\/noticiasdefato.jornal\" \/>\n<meta property=\"article:published_time\" content=\"2024-09-26T20:02:02+00:00\" \/>\n<meta property=\"article:modified_time\" content=\"2024-10-01T15:30:43+00:00\" \/>\n<meta property=\"og:image\" content=\"https:\/\/noticiasdefato.net\/wp-content\/uploads\/2024\/09\/Imagem-do-WhatsApp-de-2024-09-26-as-16.47.09_55867631.jpg\" \/>\n\t<meta property=\"og:image:width\" content=\"719\" \/>\n\t<meta property=\"og:image:height\" content=\"1280\" \/>\n\t<meta property=\"og:image:type\" content=\"image\/jpeg\" \/>\n<meta name=\"author\" content=\"Noticias de Fato\" \/>\n<meta name=\"twitter:card\" content=\"summary_large_image\" \/>\n<meta name=\"twitter:creator\" content=\"@https:\/\/twitter.com\/NoticiasDeFato_\" \/>\n<meta name=\"twitter:site\" content=\"@noticiasdefato_\" \/>\n<meta name=\"twitter:label1\" content=\"Escrito por\" \/>\n\t<meta name=\"twitter:data1\" content=\"Noticias de Fato\" \/>\n\t<meta name=\"twitter:label2\" content=\"Est. tempo de leitura\" \/>\n\t<meta name=\"twitter:data2\" content=\"1 minuto\" \/>\n<script type=\"application\/ld+json\" class=\"yoast-schema-graph\">{\"@context\":\"https:\/\/schema.org\",\"@graph\":[{\"@type\":\"Article\",\"@id\":\"https:\/\/noticiasdefato.net\/?p=1745#article\",\"isPartOf\":{\"@id\":\"https:\/\/noticiasdefato.net\/?p=1745\"},\"author\":{\"name\":\"Noticias de Fato\",\"@id\":\"https:\/\/noticiasdefato.net\/#\/schema\/person\/982ce60211d95acf059cd702aa260d08\"},\"headline\":\"URGENTE! JAIME DANIEL REUNIDO COM AMADEU PELOSO\",\"datePublished\":\"2024-09-26T20:02:02+00:00\",\"dateModified\":\"2024-10-01T15:30:43+00:00\",\"mainEntityOfPage\":{\"@id\":\"https:\/\/noticiasdefato.net\/?p=1745\"},\"wordCount\":78,\"commentCount\":0,\"publisher\":{\"@id\":\"https:\/\/noticiasdefato.net\/#organization\"},\"image\":{\"@id\":\"https:\/\/noticiasdefato.net\/?p=1745#primaryimage\"},\"thumbnailUrl\":\"https:\/\/noticiasdefato.net\/wp-content\/uploads\/2024\/09\/Imagem-do-WhatsApp-de-2024-09-26-as-16.47.09_55867631.jpg\",\"articleSection\":[\"Pol\u00edtica\"],\"inLanguage\":\"pt-BR\",\"potentialAction\":[{\"@type\":\"CommentAction\",\"name\":\"Comment\",\"target\":[\"https:\/\/noticiasdefato.net\/?p=1745#respond\"]}]},{\"@type\":\"WebPage\",\"@id\":\"https:\/\/noticiasdefato.net\/?p=1745\",\"url\":\"https:\/\/noticiasdefato.net\/?p=1745\",\"name\":\"URGENTE! JAIME DANIEL REUNIDO COM AMADEU PELOSO - Not\u00edcias de Fato\",\"isPartOf\":{\"@id\":\"https:\/\/noticiasdefato.net\/#website\"},\"primaryImageOfPage\":{\"@id\":\"https:\/\/noticiasdefato.net\/?p=1745#primaryimage\"},\"image\":{\"@id\":\"https:\/\/noticiasdefato.net\/?p=1745#primaryimage\"},\"thumbnailUrl\":\"https:\/\/noticiasdefato.net\/wp-content\/uploads\/2024\/09\/Imagem-do-WhatsApp-de-2024-09-26-as-16.47.09_55867631.jpg\",\"datePublished\":\"2024-09-26T20:02:02+00:00\",\"dateModified\":\"2024-10-01T15:30:43+00:00\",\"description\":\"Neste momento est\u00e1 ocorrendo uma reuni\u00e3o na sede do partido Uni\u00e3o Brasil para realizar o an\u00fancio.\",\"breadcrumb\":{\"@id\":\"https:\/\/noticiasdefato.net\/?p=1745#breadcrumb\"},\"inLanguage\":\"pt-BR\",\"potentialAction\":[{\"@type\":\"ReadAction\",\"target\":[\"https:\/\/noticiasdefato.net\/?p=1745\"]}]},{\"@type\":\"ImageObject\",\"inLanguage\":\"pt-BR\",\"@id\":\"https:\/\/noticiasdefato.net\/?p=1745#primaryimage\",\"url\":\"https:\/\/noticiasdefato.net\/wp-content\/uploads\/2024\/09\/Imagem-do-WhatsApp-de-2024-09-26-as-16.47.09_55867631.jpg\",\"contentUrl\":\"https:\/\/noticiasdefato.net\/wp-content\/uploads\/2024\/09\/Imagem-do-WhatsApp-de-2024-09-26-as-16.47.09_55867631.jpg\",\"width\":719,\"height\":1280},{\"@type\":\"BreadcrumbList\",\"@id\":\"https:\/\/noticiasdefato.net\/?p=1745#breadcrumb\",\"itemListElement\":[{\"@type\":\"ListItem\",\"position\":1,\"name\":\"In\u00edcio\",\"item\":\"https:\/\/noticiasdefato.net\/\"},{\"@type\":\"ListItem\",\"position\":2,\"name\":\"URGENTE! JAIME DANIEL REUNIDO COM AMADEU PELOSO\"}]},{\"@type\":\"WebSite\",\"@id\":\"https:\/\/noticiasdefato.net\/#website\",\"url\":\"https:\/\/noticiasdefato.net\/\",\"name\":\"Not\u00edcias de Fato\",\"description\":\"Trabalhamos com honestidade, seriedade e com a verdade.\",\"publisher\":{\"@id\":\"https:\/\/noticiasdefato.net\/#organization\"},\"potentialAction\":[{\"@type\":\"SearchAction\",\"target\":{\"@type\":\"EntryPoint\",\"urlTemplate\":\"https:\/\/noticiasdefato.net\/?s={search_term_string}\"},\"query-input\":\"required name=search_term_string\"}],\"inLanguage\":\"pt-BR\"},{\"@type\":\"Organization\",\"@id\":\"https:\/\/noticiasdefato.net\/#organization\",\"name\":\"Not\u00edcias de Fato\",\"url\":\"https:\/\/noticiasdefato.net\/\",\"logo\":{\"@type\":\"ImageObject\",\"inLanguage\":\"pt-BR\",\"@id\":\"https:\/\/noticiasdefato.net\/#\/schema\/logo\/image\/\",\"url\":\"https:\/\/noticiasdefato.net\/wp-content\/uploads\/2024\/02\/cropped-logo_topo.png\",\"contentUrl\":\"https:\/\/noticiasdefato.net\/wp-content\/uploads\/2024\/02\/cropped-logo_topo.png\",\"width\":1948,\"height\":665,\"caption\":\"Not\u00edcias de Fato\"},\"image\":{\"@id\":\"https:\/\/noticiasdefato.net\/#\/schema\/logo\/image\/\"},\"sameAs\":[\"https:\/\/fb.com\/noticiasdefato.jornal\",\"https:\/\/x.com\/noticiasdefato_\",\"https:\/\/instagram.com\/noticiasdefato.jornal\",\"https:\/\/youtube.com\/@JornalNoticiasDeFato\"]},{\"@type\":\"Person\",\"@id\":\"https:\/\/noticiasdefato.net\/#\/schema\/person\/982ce60211d95acf059cd702aa260d08\",\"name\":\"Noticias de Fato\",\"image\":{\"@type\":\"ImageObject\",\"inLanguage\":\"pt-BR\",\"@id\":\"https:\/\/noticiasdefato.net\/#\/schema\/person\/image\/\",\"url\":\"https:\/\/secure.gravatar.com\/avatar\/700227fab2316f0366a1b5d4988d10f847249cf13293450527ac9553c994611a?s=96&d=mm&r=g\",\"contentUrl\":\"https:\/\/secure.gravatar.com\/avatar\/700227fab2316f0366a1b5d4988d10f847249cf13293450527ac9553c994611a?s=96&d=mm&r=g\",\"caption\":\"Noticias de Fato\"},\"sameAs\":[\"https:\/\/noticiasdefato.net\",\"http:\/\/fb.com\/\/noticiasdefato.jornal\",\"https:\/\/x.com\/https:\/\/twitter.com\/NoticiasDeFato_\"],\"url\":\"https:\/\/noticiasdefato.net\/?author=1\"}]}<\/script>\n<!-- \/ Yoast SEO plugin. -->","yoast_head_json":{"title":"URGENTE! JAIME DANIEL REUNIDO COM AMADEU PELOSO - Not\u00edcias de Fato","description":"Neste momento est\u00e1 ocorrendo uma reuni\u00e3o na sede do partido Uni\u00e3o Brasil para realizar o an\u00fancio.","robots":{"index":"index","follow":"follow","max-snippet":"max-snippet:-1","max-image-preview":"max-image-preview:large","max-video-preview":"max-video-preview:-1"},"canonical":"https:\/\/noticiasdefato.net\/?p=1745","og_locale":"pt_BR","og_type":"article","og_title":"URGENTE! JAIME DANIEL REUNIDO COM AMADEU PELOSO - Not\u00edcias de Fato","og_description":"Neste momento est\u00e1 ocorrendo uma reuni\u00e3o na sede do partido Uni\u00e3o Brasil para realizar o an\u00fancio.","og_url":"https:\/\/noticiasdefato.net\/?p=1745","og_site_name":"Not\u00edcias de Fato","article_publisher":"https:\/\/fb.com\/noticiasdefato.jornal","article_author":"http:\/\/fb.com\/\/noticiasdefato.jornal","article_published_time":"2024-09-26T20:02:02+00:00","article_modified_time":"2024-10-01T15:30:43+00:00","og_image":[{"width":719,"height":1280,"url":"https:\/\/noticiasdefato.net\/wp-content\/uploads\/2024\/09\/Imagem-do-WhatsApp-de-2024-09-26-as-16.47.09_55867631.jpg","type":"image\/jpeg"}],"author":"Noticias de Fato","twitter_card":"summary_large_image","twitter_creator":"@https:\/\/twitter.com\/NoticiasDeFato_","twitter_site":"@noticiasdefato_","twitter_misc":{"Escrito por":"Noticias de Fato","Est. tempo de leitura":"1 minuto"},"schema":{"@context":"https:\/\/schema.org","@graph":[{"@type":"Article","@id":"https:\/\/noticiasdefato.net\/?p=1745#article","isPartOf":{"@id":"https:\/\/noticiasdefato.net\/?p=1745"},"author":{"name":"Noticias de Fato","@id":"https:\/\/noticiasdefato.net\/#\/schema\/person\/982ce60211d95acf059cd702aa260d08"},"headline":"URGENTE! JAIME DANIEL REUNIDO COM AMADEU PELOSO","datePublished":"2024-09-26T20:02:02+00:00","dateModified":"2024-10-01T15:30:43+00:00","mainEntityOfPage":{"@id":"https:\/\/noticiasdefato.net\/?p=1745"},"wordCount":78,"commentCount":0,"publisher":{"@id":"https:\/\/noticiasdefato.net\/#organization"},"image":{"@id":"https:\/\/noticiasdefato.net\/?p=1745#primaryimage"},"thumbnailUrl":"https:\/\/noticiasdefato.net\/wp-content\/uploads\/2024\/09\/Imagem-do-WhatsApp-de-2024-09-26-as-16.47.09_55867631.jpg","articleSection":["Pol\u00edtica"],"inLanguage":"pt-BR","potentialAction":[{"@type":"CommentAction","name":"Comment","target":["https:\/\/noticiasdefato.net\/?p=1745#respond"]}]},{"@type":"WebPage","@id":"https:\/\/noticiasdefato.net\/?p=1745","url":"https:\/\/noticiasdefato.net\/?p=1745","name":"URGENTE! JAIME DANIEL REUNIDO COM AMADEU PELOSO - Not\u00edcias de Fato","isPartOf":{"@id":"https:\/\/noticiasdefato.net\/#website"},"primaryImageOfPage":{"@id":"https:\/\/noticiasdefato.net\/?p=1745#primaryimage"},"image":{"@id":"https:\/\/noticiasdefato.net\/?p=1745#primaryimage"},"thumbnailUrl":"https:\/\/noticiasdefato.net\/wp-content\/uploads\/2024\/09\/Imagem-do-WhatsApp-de-2024-09-26-as-16.47.09_55867631.jpg","datePublished":"2024-09-26T20:02:02+00:00","dateModified":"2024-10-01T15:30:43+00:00","description":"Neste momento est\u00e1 ocorrendo uma reuni\u00e3o na sede do partido Uni\u00e3o Brasil para realizar o an\u00fancio.","breadcrumb":{"@id":"https:\/\/noticiasdefato.net\/?p=1745#breadcrumb"},"inLanguage":"pt-BR","potentialAction":[{"@type":"ReadAction","target":["https:\/\/noticiasdefato.net\/?p=1745"]}]},{"@type":"ImageObject","inLanguage":"pt-BR","@id":"https:\/\/noticiasdefato.net\/?p=1745#primaryimage","url":"https:\/\/noticiasdefato.net\/wp-content\/uploads\/2024\/09\/Imagem-do-WhatsApp-de-2024-09-26-as-16.47.09_55867631.jpg","contentUrl":"https:\/\/noticiasdefato.net\/wp-content\/uploads\/2024\/09\/Imagem-do-WhatsApp-de-2024-09-26-as-16.47.09_55867631.jpg","width":719,"height":1280},{"@type":"BreadcrumbList","@id":"https:\/\/noticiasdefato.net\/?p=1745#breadcrumb","itemListElement":[{"@type":"ListItem","position":1,"name":"In\u00edcio","item":"https:\/\/noticiasdefato.net\/"},{"@type":"ListItem","position":2,"name":"URGENTE! JAIME DANIEL REUNIDO COM AMADEU PELOSO"}]},{"@type":"WebSite","@id":"https:\/\/noticiasdefato.net\/#website","url":"https:\/\/noticiasdefato.net\/","name":"Not\u00edcias de Fato","description":"Trabalhamos com honestidade, seriedade e com a verdade.","publisher":{"@id":"https:\/\/noticiasdefato.net\/#organization"},"potentialAction":[{"@type":"SearchAction","target":{"@type":"EntryPoint","urlTemplate":"https:\/\/noticiasdefato.net\/?s={search_term_string}"},"query-input":"required name=search_term_string"}],"inLanguage":"pt-BR"},{"@type":"Organization","@id":"https:\/\/noticiasdefato.net\/#organization","name":"Not\u00edcias de Fato","url":"https:\/\/noticiasdefato.net\/","logo":{"@type":"ImageObject","inLanguage":"pt-BR","@id":"https:\/\/noticiasdefato.net\/#\/schema\/logo\/image\/","url":"https:\/\/noticiasdefato.net\/wp-content\/uploads\/2024\/02\/cropped-logo_topo.png","contentUrl":"https:\/\/noticiasdefato.net\/wp-content\/uploads\/2024\/02\/cropped-logo_topo.png","width":1948,"height":665,"caption":"Not\u00edcias de Fato"},"image":{"@id":"https:\/\/noticiasdefato.net\/#\/schema\/logo\/image\/"},"sameAs":["https:\/\/fb.com\/noticiasdefato.jornal","https:\/\/x.com\/noticiasdefato_","https:\/\/instagram.com\/noticiasdefato.jornal","https:\/\/youtube.com\/@JornalNoticiasDeFato"]},{"@type":"Person","@id":"https:\/\/noticiasdefato.net\/#\/schema\/person\/982ce60211d95acf059cd702aa260d08","name":"Noticias de Fato","image":{"@type":"ImageObject","inLanguage":"pt-BR","@id":"https:\/\/noticiasdefato.net\/#\/schema\/person\/image\/","url":"https:\/\/secure.gravatar.com\/avatar\/700227fab2316f0366a1b5d4988d10f847249cf13293450527ac9553c994611a?s=96&d=mm&r=g","contentUrl":"https:\/\/secure.gravatar.com\/avatar\/700227fab2316f0366a1b5d4988d10f847249cf13293450527ac9553c994611a?s=96&d=mm&r=g","caption":"Noticias de Fato"},"sameAs":["https:\/\/noticiasdefato.net","http:\/\/fb.com\/\/noticiasdefato.jornal","https:\/\/x.com\/https:\/\/twitter.com\/NoticiasDeFato_"],"url":"https:\/\/noticiasdefato.net\/?author=1"}]}},"_links":{"self":[{"href":"https:\/\/noticiasdefato.net\/index.php?rest_route=\/wp\/v2\/posts\/1745","targetHints":{"allow":["GET"]}}],"collection":[{"href":"https:\/\/noticiasdefato.net\/index.php?rest_route=\/wp\/v2\/posts"}],"about":[{"href":"https:\/\/noticiasdefato.net\/index.php?rest_route=\/wp\/v2\/types\/post"}],"author":[{"embeddable":true,"href":"https:\/\/noticiasdefato.net\/index.php?rest_route=\/wp\/v2\/users\/1"}],"replies":[{"embeddable":true,"href":"https:\/\/noticiasdefato.net\/index.php?rest_route=%2Fwp%2Fv2%2Fcomments&post=1745"}],"version-history":[{"count":2,"href":"https:\/\/noticiasdefato.net\/index.php?rest_route=\/wp\/v2\/posts\/1745\/revisions"}],"predecessor-version":[{"id":1748,"href":"https:\/\/noticiasdefato.net\/index.php?rest_route=\/wp\/v2\/posts\/1745\/revisions\/1748"}],"wp:featuredmedia":[{"embeddable":true,"href":"https:\/\/noticiasdefato.net\/index.php?rest_route=\/wp\/v2\/media\/1746"}],"wp:attachment":[{"href":"https:\/\/noticiasdefato.net\/index.php?rest_route=%2Fwp%2Fv2%2Fmedia&parent=1745"}],"wp:term":[{"taxonomy":"category","embeddable":true,"href":"https:\/\/noticiasdefato.net\/index.php?rest_route=%2Fwp%2Fv2%2Fcategories&post=1745"},{"taxonomy":"post_tag","embeddable":true,"href":"https:\/\/noticiasdefato.net\/index.php?rest_route=%2Fwp%2Fv2%2Ftags&post=1745"}],"curies":[{"name":"wp","href":"https:\/\/api.w.org\/{rel}","templated":true}]}}