{"id":1749,"date":"2024-09-27T09:24:29","date_gmt":"2024-09-27T12:24:29","guid":{"rendered":"https:\/\/noticiasdefato.net\/?p=1749"},"modified":"2024-10-08T14:24:45","modified_gmt":"2024-10-08T17:24:45","slug":"jaime-daniel-desiste-da-candidatura-e-apoia-amadeu","status":"publish","type":"post","link":"https:\/\/noticiasdefato.net\/?p=1749","title":{"rendered":"JAIME DANIEL DESISTE DA CANDIDATURA E APOIA AMADEU"},"content":{"rendered":"\n<p><em>Partido Uni\u00e3o vai protocolar, hoje, a ren\u00fancia na Justi\u00e7a Eleitoral.<\/em><\/p>\n\n\n\n<p>Jaime Daniel (Uni\u00e3o) desistiu de sua candidatura \u00e0 prefeitura de Alfenas para apoiar a chapa Amadeu Peloso e Toninho Minhoz, ambos do PL. A ren\u00fancia foi anunciada na tarde de quinta-feira, 26, depois de uma reuni\u00e3o realizada, entre os candidatos, na sede do partido Uni\u00e3o em Alfenas.<\/p>\n\n\n\n<p>Segundo a dire\u00e7\u00e3o do partido, a desist\u00eancia ser\u00e1 protocolada, ainda hoje, na justi\u00e7a eleitoral.<\/p>\n\n\n\n<p>Ainda na tarde de ontem, os candidatos gravaram v\u00eddeos: Jaime Daniel justificando a sua desist\u00eancia e Amadeu Peloso falando da ades\u00e3o do ent\u00e3o candidato \u00e0 sua candidatura. Confira \ud83d\udc47\ud83c\udffc<\/p>\n\n\n\n<figure class=\"wp-block-embed is-type-video is-provider-youtube wp-block-embed-youtube wp-embed-aspect-16-9 wp-has-aspect-ratio\"><div class=\"wp-block-embed__wrapper\">\n<iframe title=\"JAIME DANIEL DESISTE DA CANDIDATURA E APOIA AMADEU PELOSO\" width=\"720\" height=\"405\" src=\"https:\/\/www.youtube.com\/embed\/ORamTEiusV0?feature=oembed\" frameborder=\"0\" allow=\"accelerometer; autoplay; clipboard-write; encrypted-media; gyroscope; picture-in-picture; web-share\" referrerpolicy=\"strict-origin-when-cross-origin\" allowfullscreen><\/iframe>\n<\/div><\/figure>\n\n\n\n<p>Ontem tamb\u00e9m, Itamar Silva (Mobiliza) voltou atr\u00e1s e decidiu manter sua candidatura \u00e0 prefeitura. No dia 15 de setembro, Itamar tinha anunciado que deixaria \u00e0s elei\u00e7\u00f5es, mas n\u00e3o chegou a protocolar sua desist\u00eancia na Jussti\u00e7a&nbsp;Eleitoral.<\/p>\n\n\n\n<p><\/p>\n","protected":false},"excerpt":{"rendered":"<p>Partido Uni\u00e3o vai protocolar, hoje, a ren\u00fancia na Justi\u00e7a Eleitoral. <a href=\"https:\/\/noticiasdefato.net\/?p=1749\" class=\"more-link\">Continuar lendo <span class=\"screen-reader-text\">JAIME DANIEL DESISTE DA CANDIDATURA E APOIA AMADEU<\/span><\/a><\/p>\n","protected":false},"author":1,"featured_media":1746,"comment_status":"open","ping_status":"open","sticky":false,"template":"","format":"standard","meta":{"footnotes":""},"categories":[18],"tags":[],"class_list":["post-1749","post","type-post","status-publish","format-standard","has-post-thumbnail","hentry","category-politica"],"yoast_head":"<!-- This site is optimized with the Yoast SEO plugin v23.2 - https:\/\/yoast.com\/wordpress\/plugins\/seo\/ -->\n<title>JAIME DANIEL DESISTE DA CANDIDATURA E APOIA AMADEU - Not\u00edcias de Fato<\/title>\n<meta name=\"description\" content=\"Partido Uni\u00e3o vai protocolar, hoje, a ren\u00fancia na Justi\u00e7a Eleitoral.\" \/>\n<meta name=\"robots\" content=\"index, follow, max-snippet:-1, max-image-preview:large, max-video-preview:-1\" \/>\n<link rel=\"canonical\" href=\"https:\/\/noticiasdefato.net\/?p=1749\" \/>\n<meta property=\"og:locale\" content=\"pt_BR\" \/>\n<meta property=\"og:type\" content=\"article\" \/>\n<meta property=\"og:title\" content=\"JAIME DANIEL DESISTE DA CANDIDATURA E APOIA AMADEU - Not\u00edcias de Fato\" \/>\n<meta property=\"og:description\" content=\"Partido Uni\u00e3o vai protocolar, hoje, a ren\u00fancia na Justi\u00e7a Eleitoral.\" \/>\n<meta property=\"og:url\" content=\"https:\/\/noticiasdefato.net\/?p=1749\" \/>\n<meta property=\"og:site_name\" content=\"Not\u00edcias de Fato\" \/>\n<meta property=\"article:publisher\" content=\"https:\/\/fb.com\/noticiasdefato.jornal\" \/>\n<meta property=\"article:author\" content=\"http:\/\/fb.com\/\/noticiasdefato.jornal\" \/>\n<meta property=\"article:published_time\" content=\"2024-09-27T12:24:29+00:00\" \/>\n<meta property=\"article:modified_time\" content=\"2024-10-08T17:24:45+00:00\" \/>\n<meta property=\"og:image\" content=\"https:\/\/noticiasdefato.net\/wp-content\/uploads\/2024\/09\/Imagem-do-WhatsApp-de-2024-09-26-as-16.47.09_55867631.jpg\" \/>\n\t<meta property=\"og:image:width\" content=\"719\" \/>\n\t<meta property=\"og:image:height\" content=\"1280\" \/>\n\t<meta property=\"og:image:type\" content=\"image\/jpeg\" \/>\n<meta name=\"author\" content=\"Noticias de Fato\" \/>\n<meta name=\"twitter:card\" content=\"summary_large_image\" \/>\n<meta name=\"twitter:creator\" content=\"@https:\/\/twitter.com\/NoticiasDeFato_\" \/>\n<meta name=\"twitter:site\" content=\"@noticiasdefato_\" \/>\n<meta name=\"twitter:label1\" content=\"Escrito por\" \/>\n\t<meta name=\"twitter:data1\" content=\"Noticias de Fato\" \/>\n\t<meta name=\"twitter:label2\" content=\"Est. tempo de leitura\" \/>\n\t<meta name=\"twitter:data2\" content=\"1 minuto\" \/>\n<script type=\"application\/ld+json\" class=\"yoast-schema-graph\">{\"@context\":\"https:\/\/schema.org\",\"@graph\":[{\"@type\":\"Article\",\"@id\":\"https:\/\/noticiasdefato.net\/?p=1749#article\",\"isPartOf\":{\"@id\":\"https:\/\/noticiasdefato.net\/?p=1749\"},\"author\":{\"name\":\"Noticias de Fato\",\"@id\":\"https:\/\/noticiasdefato.net\/#\/schema\/person\/982ce60211d95acf059cd702aa260d08\"},\"headline\":\"JAIME DANIEL DESISTE DA CANDIDATURA E APOIA AMADEU\",\"datePublished\":\"2024-09-27T12:24:29+00:00\",\"dateModified\":\"2024-10-08T17:24:45+00:00\",\"mainEntityOfPage\":{\"@id\":\"https:\/\/noticiasdefato.net\/?p=1749\"},\"wordCount\":163,\"commentCount\":0,\"publisher\":{\"@id\":\"https:\/\/noticiasdefato.net\/#organization\"},\"image\":{\"@id\":\"https:\/\/noticiasdefato.net\/?p=1749#primaryimage\"},\"thumbnailUrl\":\"https:\/\/noticiasdefato.net\/wp-content\/uploads\/2024\/09\/Imagem-do-WhatsApp-de-2024-09-26-as-16.47.09_55867631.jpg\",\"articleSection\":[\"Pol\u00edtica\"],\"inLanguage\":\"pt-BR\",\"potentialAction\":[{\"@type\":\"CommentAction\",\"name\":\"Comment\",\"target\":[\"https:\/\/noticiasdefato.net\/?p=1749#respond\"]}]},{\"@type\":\"WebPage\",\"@id\":\"https:\/\/noticiasdefato.net\/?p=1749\",\"url\":\"https:\/\/noticiasdefato.net\/?p=1749\",\"name\":\"JAIME DANIEL DESISTE DA CANDIDATURA E APOIA AMADEU - Not\u00edcias de Fato\",\"isPartOf\":{\"@id\":\"https:\/\/noticiasdefato.net\/#website\"},\"primaryImageOfPage\":{\"@id\":\"https:\/\/noticiasdefato.net\/?p=1749#primaryimage\"},\"image\":{\"@id\":\"https:\/\/noticiasdefato.net\/?p=1749#primaryimage\"},\"thumbnailUrl\":\"https:\/\/noticiasdefato.net\/wp-content\/uploads\/2024\/09\/Imagem-do-WhatsApp-de-2024-09-26-as-16.47.09_55867631.jpg\",\"datePublished\":\"2024-09-27T12:24:29+00:00\",\"dateModified\":\"2024-10-08T17:24:45+00:00\",\"description\":\"Partido Uni\u00e3o vai protocolar, hoje, a ren\u00fancia na Justi\u00e7a Eleitoral.\",\"breadcrumb\":{\"@id\":\"https:\/\/noticiasdefato.net\/?p=1749#breadcrumb\"},\"inLanguage\":\"pt-BR\",\"potentialAction\":[{\"@type\":\"ReadAction\",\"target\":[\"https:\/\/noticiasdefato.net\/?p=1749\"]}]},{\"@type\":\"ImageObject\",\"inLanguage\":\"pt-BR\",\"@id\":\"https:\/\/noticiasdefato.net\/?p=1749#primaryimage\",\"url\":\"https:\/\/noticiasdefato.net\/wp-content\/uploads\/2024\/09\/Imagem-do-WhatsApp-de-2024-09-26-as-16.47.09_55867631.jpg\",\"contentUrl\":\"https:\/\/noticiasdefato.net\/wp-content\/uploads\/2024\/09\/Imagem-do-WhatsApp-de-2024-09-26-as-16.47.09_55867631.jpg\",\"width\":719,\"height\":1280},{\"@type\":\"BreadcrumbList\",\"@id\":\"https:\/\/noticiasdefato.net\/?p=1749#breadcrumb\",\"itemListElement\":[{\"@type\":\"ListItem\",\"position\":1,\"name\":\"In\u00edcio\",\"item\":\"https:\/\/noticiasdefato.net\/\"},{\"@type\":\"ListItem\",\"position\":2,\"name\":\"JAIME DANIEL DESISTE DA CANDIDATURA E APOIA AMADEU\"}]},{\"@type\":\"WebSite\",\"@id\":\"https:\/\/noticiasdefato.net\/#website\",\"url\":\"https:\/\/noticiasdefato.net\/\",\"name\":\"Not\u00edcias de Fato\",\"description\":\"Trabalhamos com honestidade, seriedade e com a verdade.\",\"publisher\":{\"@id\":\"https:\/\/noticiasdefato.net\/#organization\"},\"potentialAction\":[{\"@type\":\"SearchAction\",\"target\":{\"@type\":\"EntryPoint\",\"urlTemplate\":\"https:\/\/noticiasdefato.net\/?s={search_term_string}\"},\"query-input\":\"required name=search_term_string\"}],\"inLanguage\":\"pt-BR\"},{\"@type\":\"Organization\",\"@id\":\"https:\/\/noticiasdefato.net\/#organization\",\"name\":\"Not\u00edcias de Fato\",\"url\":\"https:\/\/noticiasdefato.net\/\",\"logo\":{\"@type\":\"ImageObject\",\"inLanguage\":\"pt-BR\",\"@id\":\"https:\/\/noticiasdefato.net\/#\/schema\/logo\/image\/\",\"url\":\"https:\/\/noticiasdefato.net\/wp-content\/uploads\/2024\/02\/cropped-logo_topo.png\",\"contentUrl\":\"https:\/\/noticiasdefato.net\/wp-content\/uploads\/2024\/02\/cropped-logo_topo.png\",\"width\":1948,\"height\":665,\"caption\":\"Not\u00edcias de Fato\"},\"image\":{\"@id\":\"https:\/\/noticiasdefato.net\/#\/schema\/logo\/image\/\"},\"sameAs\":[\"https:\/\/fb.com\/noticiasdefato.jornal\",\"https:\/\/x.com\/noticiasdefato_\",\"https:\/\/instagram.com\/noticiasdefato.jornal\",\"https:\/\/youtube.com\/@JornalNoticiasDeFato\"]},{\"@type\":\"Person\",\"@id\":\"https:\/\/noticiasdefato.net\/#\/schema\/person\/982ce60211d95acf059cd702aa260d08\",\"name\":\"Noticias de Fato\",\"image\":{\"@type\":\"ImageObject\",\"inLanguage\":\"pt-BR\",\"@id\":\"https:\/\/noticiasdefato.net\/#\/schema\/person\/image\/\",\"url\":\"https:\/\/secure.gravatar.com\/avatar\/700227fab2316f0366a1b5d4988d10f847249cf13293450527ac9553c994611a?s=96&d=mm&r=g\",\"contentUrl\":\"https:\/\/secure.gravatar.com\/avatar\/700227fab2316f0366a1b5d4988d10f847249cf13293450527ac9553c994611a?s=96&d=mm&r=g\",\"caption\":\"Noticias de Fato\"},\"sameAs\":[\"https:\/\/noticiasdefato.net\",\"http:\/\/fb.com\/\/noticiasdefato.jornal\",\"https:\/\/x.com\/https:\/\/twitter.com\/NoticiasDeFato_\"],\"url\":\"https:\/\/noticiasdefato.net\/?author=1\"}]}<\/script>\n<!-- \/ Yoast SEO plugin. -->","yoast_head_json":{"title":"JAIME DANIEL DESISTE DA CANDIDATURA E APOIA AMADEU - Not\u00edcias de Fato","description":"Partido Uni\u00e3o vai protocolar, hoje, a ren\u00fancia na Justi\u00e7a Eleitoral.","robots":{"index":"index","follow":"follow","max-snippet":"max-snippet:-1","max-image-preview":"max-image-preview:large","max-video-preview":"max-video-preview:-1"},"canonical":"https:\/\/noticiasdefato.net\/?p=1749","og_locale":"pt_BR","og_type":"article","og_title":"JAIME DANIEL DESISTE DA CANDIDATURA E APOIA AMADEU - Not\u00edcias de Fato","og_description":"Partido Uni\u00e3o vai protocolar, hoje, a ren\u00fancia na Justi\u00e7a Eleitoral.","og_url":"https:\/\/noticiasdefato.net\/?p=1749","og_site_name":"Not\u00edcias de Fato","article_publisher":"https:\/\/fb.com\/noticiasdefato.jornal","article_author":"http:\/\/fb.com\/\/noticiasdefato.jornal","article_published_time":"2024-09-27T12:24:29+00:00","article_modified_time":"2024-10-08T17:24:45+00:00","og_image":[{"width":719,"height":1280,"url":"https:\/\/noticiasdefato.net\/wp-content\/uploads\/2024\/09\/Imagem-do-WhatsApp-de-2024-09-26-as-16.47.09_55867631.jpg","type":"image\/jpeg"}],"author":"Noticias de Fato","twitter_card":"summary_large_image","twitter_creator":"@https:\/\/twitter.com\/NoticiasDeFato_","twitter_site":"@noticiasdefato_","twitter_misc":{"Escrito por":"Noticias de Fato","Est. tempo de leitura":"1 minuto"},"schema":{"@context":"https:\/\/schema.org","@graph":[{"@type":"Article","@id":"https:\/\/noticiasdefato.net\/?p=1749#article","isPartOf":{"@id":"https:\/\/noticiasdefato.net\/?p=1749"},"author":{"name":"Noticias de Fato","@id":"https:\/\/noticiasdefato.net\/#\/schema\/person\/982ce60211d95acf059cd702aa260d08"},"headline":"JAIME DANIEL DESISTE DA CANDIDATURA E APOIA AMADEU","datePublished":"2024-09-27T12:24:29+00:00","dateModified":"2024-10-08T17:24:45+00:00","mainEntityOfPage":{"@id":"https:\/\/noticiasdefato.net\/?p=1749"},"wordCount":163,"commentCount":0,"publisher":{"@id":"https:\/\/noticiasdefato.net\/#organization"},"image":{"@id":"https:\/\/noticiasdefato.net\/?p=1749#primaryimage"},"thumbnailUrl":"https:\/\/noticiasdefato.net\/wp-content\/uploads\/2024\/09\/Imagem-do-WhatsApp-de-2024-09-26-as-16.47.09_55867631.jpg","articleSection":["Pol\u00edtica"],"inLanguage":"pt-BR","potentialAction":[{"@type":"CommentAction","name":"Comment","target":["https:\/\/noticiasdefato.net\/?p=1749#respond"]}]},{"@type":"WebPage","@id":"https:\/\/noticiasdefato.net\/?p=1749","url":"https:\/\/noticiasdefato.net\/?p=1749","name":"JAIME DANIEL DESISTE DA CANDIDATURA E APOIA AMADEU - Not\u00edcias de Fato","isPartOf":{"@id":"https:\/\/noticiasdefato.net\/#website"},"primaryImageOfPage":{"@id":"https:\/\/noticiasdefato.net\/?p=1749#primaryimage"},"image":{"@id":"https:\/\/noticiasdefato.net\/?p=1749#primaryimage"},"thumbnailUrl":"https:\/\/noticiasdefato.net\/wp-content\/uploads\/2024\/09\/Imagem-do-WhatsApp-de-2024-09-26-as-16.47.09_55867631.jpg","datePublished":"2024-09-27T12:24:29+00:00","dateModified":"2024-10-08T17:24:45+00:00","description":"Partido Uni\u00e3o vai protocolar, hoje, a ren\u00fancia na Justi\u00e7a Eleitoral.","breadcrumb":{"@id":"https:\/\/noticiasdefato.net\/?p=1749#breadcrumb"},"inLanguage":"pt-BR","potentialAction":[{"@type":"ReadAction","target":["https:\/\/noticiasdefato.net\/?p=1749"]}]},{"@type":"ImageObject","inLanguage":"pt-BR","@id":"https:\/\/noticiasdefato.net\/?p=1749#primaryimage","url":"https:\/\/noticiasdefato.net\/wp-content\/uploads\/2024\/09\/Imagem-do-WhatsApp-de-2024-09-26-as-16.47.09_55867631.jpg","contentUrl":"https:\/\/noticiasdefato.net\/wp-content\/uploads\/2024\/09\/Imagem-do-WhatsApp-de-2024-09-26-as-16.47.09_55867631.jpg","width":719,"height":1280},{"@type":"BreadcrumbList","@id":"https:\/\/noticiasdefato.net\/?p=1749#breadcrumb","itemListElement":[{"@type":"ListItem","position":1,"name":"In\u00edcio","item":"https:\/\/noticiasdefato.net\/"},{"@type":"ListItem","position":2,"name":"JAIME DANIEL DESISTE DA CANDIDATURA E APOIA AMADEU"}]},{"@type":"WebSite","@id":"https:\/\/noticiasdefato.net\/#website","url":"https:\/\/noticiasdefato.net\/","name":"Not\u00edcias de Fato","description":"Trabalhamos com honestidade, seriedade e com a verdade.","publisher":{"@id":"https:\/\/noticiasdefato.net\/#organization"},"potentialAction":[{"@type":"SearchAction","target":{"@type":"EntryPoint","urlTemplate":"https:\/\/noticiasdefato.net\/?s={search_term_string}"},"query-input":"required name=search_term_string"}],"inLanguage":"pt-BR"},{"@type":"Organization","@id":"https:\/\/noticiasdefato.net\/#organization","name":"Not\u00edcias de Fato","url":"https:\/\/noticiasdefato.net\/","logo":{"@type":"ImageObject","inLanguage":"pt-BR","@id":"https:\/\/noticiasdefato.net\/#\/schema\/logo\/image\/","url":"https:\/\/noticiasdefato.net\/wp-content\/uploads\/2024\/02\/cropped-logo_topo.png","contentUrl":"https:\/\/noticiasdefato.net\/wp-content\/uploads\/2024\/02\/cropped-logo_topo.png","width":1948,"height":665,"caption":"Not\u00edcias de Fato"},"image":{"@id":"https:\/\/noticiasdefato.net\/#\/schema\/logo\/image\/"},"sameAs":["https:\/\/fb.com\/noticiasdefato.jornal","https:\/\/x.com\/noticiasdefato_","https:\/\/instagram.com\/noticiasdefato.jornal","https:\/\/youtube.com\/@JornalNoticiasDeFato"]},{"@type":"Person","@id":"https:\/\/noticiasdefato.net\/#\/schema\/person\/982ce60211d95acf059cd702aa260d08","name":"Noticias de Fato","image":{"@type":"ImageObject","inLanguage":"pt-BR","@id":"https:\/\/noticiasdefato.net\/#\/schema\/person\/image\/","url":"https:\/\/secure.gravatar.com\/avatar\/700227fab2316f0366a1b5d4988d10f847249cf13293450527ac9553c994611a?s=96&d=mm&r=g","contentUrl":"https:\/\/secure.gravatar.com\/avatar\/700227fab2316f0366a1b5d4988d10f847249cf13293450527ac9553c994611a?s=96&d=mm&r=g","caption":"Noticias de Fato"},"sameAs":["https:\/\/noticiasdefato.net","http:\/\/fb.com\/\/noticiasdefato.jornal","https:\/\/x.com\/https:\/\/twitter.com\/NoticiasDeFato_"],"url":"https:\/\/noticiasdefato.net\/?author=1"}]}},"_links":{"self":[{"href":"https:\/\/noticiasdefato.net\/index.php?rest_route=\/wp\/v2\/posts\/1749","targetHints":{"allow":["GET"]}}],"collection":[{"href":"https:\/\/noticiasdefato.net\/index.php?rest_route=\/wp\/v2\/posts"}],"about":[{"href":"https:\/\/noticiasdefato.net\/index.php?rest_route=\/wp\/v2\/types\/post"}],"author":[{"embeddable":true,"href":"https:\/\/noticiasdefato.net\/index.php?rest_route=\/wp\/v2\/users\/1"}],"replies":[{"embeddable":true,"href":"https:\/\/noticiasdefato.net\/index.php?rest_route=%2Fwp%2Fv2%2Fcomments&post=1749"}],"version-history":[{"count":1,"href":"https:\/\/noticiasdefato.net\/index.php?rest_route=\/wp\/v2\/posts\/1749\/revisions"}],"predecessor-version":[{"id":1750,"href":"https:\/\/noticiasdefato.net\/index.php?rest_route=\/wp\/v2\/posts\/1749\/revisions\/1750"}],"wp:featuredmedia":[{"embeddable":true,"href":"https:\/\/noticiasdefato.net\/index.php?rest_route=\/wp\/v2\/media\/1746"}],"wp:attachment":[{"href":"https:\/\/noticiasdefato.net\/index.php?rest_route=%2Fwp%2Fv2%2Fmedia&parent=1749"}],"wp:term":[{"taxonomy":"category","embeddable":true,"href":"https:\/\/noticiasdefato.net\/index.php?rest_route=%2Fwp%2Fv2%2Fcategories&post=1749"},{"taxonomy":"post_tag","embeddable":true,"href":"https:\/\/noticiasdefato.net\/index.php?rest_route=%2Fwp%2Fv2%2Ftags&post=1749"}],"curies":[{"name":"wp","href":"https:\/\/api.w.org\/{rel}","templated":true}]}}