{"id":1752,"date":"2024-09-30T11:35:59","date_gmt":"2024-09-30T14:35:59","guid":{"rendered":"https:\/\/noticiasdefato.net\/?p=1752"},"modified":"2024-10-08T14:24:57","modified_gmt":"2024-10-08T17:24:57","slug":"sob-fabio-pt-educacao-emprego-e-saude-derretem","status":"publish","type":"post","link":"https:\/\/noticiasdefato.net\/?p=1752","title":{"rendered":"SOB FABIO (PT), EDUCA\u00c7\u00c3O, EMPREGO E SA\u00daDE DERRETEM"},"content":{"rendered":"\n<p><em>Segundo \u00edndices oficiais do governo federal, de 2021 para 2023, Alfenas caiu em \u00edndices de educa\u00e7\u00e3o, fechou postos de trabalho, faltam rem\u00e9dios fornecidos pela prefeitura para a popula\u00e7\u00e3o carente, carros da sa\u00fade parados por falta de combust\u00edvel, e d\u00edvida com o Hospital Alzira Velano continua.<\/em><\/p>\n\n\n\n<p><strong>EDUCA\u00c7\u00c3O &#8211; PIORA NO ENSINO E NO APRENDIZADO DOS ALUNOS<\/strong><\/p>\n\n\n\n<p>Segundo dados oficiais divulgados pelo Minist\u00e9rio da Educa\u00e7\u00e3o do governo federal, Alfenas perdeu posi\u00e7\u00f5es no \u00cdndice de Desenvolvimento da Educa\u00e7\u00e3o B\u00e1sica (IDEB), e no Sistema de Avalia\u00e7\u00e3o da Educa\u00e7\u00e3o B\u00e1sica (SAEB).<\/p>\n\n\n\n<p>Em 2021, antes do prefeito F\u00e1bio assumir a Prefeitura de Alfenas, o munic\u00edpio apresentava um \u00edndice de 5,8, em 10, para o IDEB. J\u00e1 em rela\u00e7\u00e3o ao SAEB, F\u00e1bio assumiu a cidade com um \u00edndice de 269,15, mas, em 2023, esse \u00edndice caiu para 245,79, demonstrando que os alunos alfenenses tiveram uma queda do aprendizado.<\/p>\n\n\n<div class=\"wp-block-image\">\n<figure class=\"aligncenter size-large\"><img fetchpriority=\"high\" decoding=\"async\" width=\"1024\" height=\"616\" src=\"https:\/\/noticiasdefato.net\/wp-content\/uploads\/2024\/09\/image-4-1024x616.png\" alt=\"\" class=\"wp-image-1755\" srcset=\"https:\/\/noticiasdefato.net\/wp-content\/uploads\/2024\/09\/image-4-1024x616.png 1024w, https:\/\/noticiasdefato.net\/wp-content\/uploads\/2024\/09\/image-4-300x180.png 300w, https:\/\/noticiasdefato.net\/wp-content\/uploads\/2024\/09\/image-4-768x462.png 768w, https:\/\/noticiasdefato.net\/wp-content\/uploads\/2024\/09\/image-4-1536x924.png 1536w, https:\/\/noticiasdefato.net\/wp-content\/uploads\/2024\/09\/image-4-150x90.png 150w, https:\/\/noticiasdefato.net\/wp-content\/uploads\/2024\/09\/image-4.png 1870w\" sizes=\"(max-width: 1024px) 100vw, 1024px\" \/><\/figure>\n<\/div>\n\n\n<p><\/p>\n\n\n\n<p><strong>EMPREGOS &#8211; ALFENAS LIDERA NO FECHAMENTO DE POSTOS DE TRABALHO, ENQUANTO CIDADES DA REGI\u00c3O EST\u00c3O ENTRE AS QUE MAIS GERARAM EMPREGOS<\/strong><\/p>\n\n\n\n<p>J\u00e1 em rela\u00e7\u00e3o a gera\u00e7\u00e3o de empregos, Alfenas foi um desastre. A cidade est\u00e1 na lanterna da regi\u00e3o, para o m\u00eas de junho, apresentando um saldo negativo de 97 postos de trabalho, o que significa quase 100 demiss\u00f5es a mais do que contrata\u00e7\u00f5es no per\u00edodo. Entretanto, cidades da regi\u00e3o como Varginha, Pouso Alegre, e at\u00e9 cidades menores do que Alfenas, como Campo do Meio e Juruaia, est\u00e3o entre as que mais criaram vagas de emprego, conforme ilustrado abaixo:<\/p>\n\n\n\n<figure class=\"wp-block-image size-large\"><img decoding=\"async\" width=\"1024\" height=\"504\" src=\"https:\/\/noticiasdefato.net\/wp-content\/uploads\/2024\/09\/image-2-1024x504.png\" alt=\"\" class=\"wp-image-1753\" srcset=\"https:\/\/noticiasdefato.net\/wp-content\/uploads\/2024\/09\/image-2-1024x504.png 1024w, https:\/\/noticiasdefato.net\/wp-content\/uploads\/2024\/09\/image-2-300x148.png 300w, https:\/\/noticiasdefato.net\/wp-content\/uploads\/2024\/09\/image-2-768x378.png 768w, https:\/\/noticiasdefato.net\/wp-content\/uploads\/2024\/09\/image-2-1536x756.png 1536w, https:\/\/noticiasdefato.net\/wp-content\/uploads\/2024\/09\/image-2-183x90.png 183w, https:\/\/noticiasdefato.net\/wp-content\/uploads\/2024\/09\/image-2.png 1892w\" sizes=\"(max-width: 1024px) 100vw, 1024px\" \/><\/figure>\n\n\n\n<p><\/p>\n\n\n\n<p>Quando leva-se em considera\u00e7\u00e3o o primeiro semestre deste ano, Alfenas sequer aparece no ranking das 10 cidades que mais geraram empregos, enquanto que 7 cidades da regi\u00e3o aparecem nesse ranking como as maiores geradoras de empregos:<\/p>\n\n\n<div class=\"wp-block-image\">\n<figure class=\"aligncenter size-large is-resized\"><img decoding=\"async\" width=\"814\" height=\"1024\" src=\"https:\/\/noticiasdefato.net\/wp-content\/uploads\/2024\/09\/image-22-814x1024.png\" alt=\"\" class=\"wp-image-1802\" style=\"width:386px;height:auto\" srcset=\"https:\/\/noticiasdefato.net\/wp-content\/uploads\/2024\/09\/image-22-814x1024.png 814w, https:\/\/noticiasdefato.net\/wp-content\/uploads\/2024\/09\/image-22-238x300.png 238w, https:\/\/noticiasdefato.net\/wp-content\/uploads\/2024\/09\/image-22-768x966.png 768w, https:\/\/noticiasdefato.net\/wp-content\/uploads\/2024\/09\/image-22-72x90.png 72w, https:\/\/noticiasdefato.net\/wp-content\/uploads\/2024\/09\/image-22.png 1080w\" sizes=\"(max-width: 814px) 100vw, 814px\" \/><\/figure>\n<\/div>\n\n\n<p><\/p>\n\n\n\n<p><strong>SAUDE NA UTI &#8211; FALTAM REM\u00c9DIOS E D\u00cdVIDA COM ALZIRA VELANO N\u00c3O \u00c9 PAGA<\/strong><\/p>\n\n\n\n<p>Nos \u00faltimos dias, o NF noticiou mat\u00e9rias que demonstram a precariedade que se encontra o sistema de sa\u00fade de Alfenas. Um dos exemplos \u00e9 a falta de rem\u00e9dios, inclusive os b\u00e1sicos, para a popula\u00e7\u00e3o carente. Nem mesmo as ordens judiciais para fornecimento de rem\u00e9dios estaria, supostamente, sendo cumpridas, conforme mat\u00e9ria <a href=\"https:\/\/noticiasdefato.net\/?p=1727\">SA\u00daDE DE ALFENAS N\u00c3O TEM REM\u00c9DIO &#8211; Not\u00edcias de Fato (noticiasdefato.net)<\/a>.<\/p>\n\n\n\n<p>Outra not\u00edcia triste da sa\u00fade de Alfenas veiculada recentemente pelo NF, foi sobre os pacientes de c\u00e2ncer que perderam tratamento porque a Prefeitura de Alfenas n\u00e3o estava em dia com fornecedores, o que impediu que os ve\u00edculos que transportariam os passageiros seguisse viagem, conforme trazido na mat\u00e9ria <a href=\"https:\/\/noticiasdefato.net\/?p=1723\">TRANSPORTE DA SA\u00daDE PARA POR FALTA DE PAGAMENTO &#8211; Not\u00edcias de Fato (noticiasdefato.net)<\/a>.<\/p>\n\n\n\n<p>Tamb\u00e9m, Alfenas viveu uma epidemia de dengue, com hospitais e postos de sa\u00fade lotados. A Prefeitura de Alfenas agiu tardiamente para abrir, no ambulat\u00f3rio Dr. Pl\u00ednio, um hospital de campanha com o objetivo de desafogar o pronto socorro dos hospitais.<\/p>\n\n\n\n<p><\/p>\n\n\n\n<p><strong>POUSO ALEGRE, EXEMPLO A SER SEGUIDO<\/strong><\/p>\n\n\n\n<p>Em 2016 a popula\u00e7\u00e3o de Pouso Alegre vivia o mesmo caos na cidade, que a popula\u00e7\u00e3o de Alfenas vive hoje. Sob o governo de Agnaldo Perugini (PT), a cidade sofria com falta de medicamentos, bairros sem cuidado, estradas rurais em p\u00e9ssima condi\u00e7\u00e3o de circula\u00e7\u00e3o, ruas esburacadas ou com asfalto &#8216;casca de ovo&#8217;, prefeitura endividada e, consequentemente, falta de assist\u00eancia social aos mais necessitados por parte do governo petista.<\/p>\n\n\n\n<p>Entretanto, esse cen\u00e1rio mudou por completo, quando a cidade elegeu um prefeito mais alinhado com a direita, Rafael Sim\u00f5es, \u00e0 \u00e9poca no PSDB. De l\u00e1 para c\u00e1, Pouso Alegre tem se destacado na amplia\u00e7\u00e3o de infraestrutura, do sistema de sa\u00fade, do sistema de educa\u00e7\u00e3o, os servi\u00e7os prestados pela prefeitura deixaram de ser lentos e passaram a ser r\u00e1pidos e efetivos, e a cidade tem se destacado fortemente na atra\u00e7\u00e3o de ind\u00fastrias e, consequentemente, na gera\u00e7\u00e3o de empregos, conforme relata o professor Fernando Batista Pereira, do Instituto de Ci\u00eancias Sociais Aplicadas da UNIFAL-MG, ao portal G1, e reproduzido pelo site da Universidade de Alfenas (UNIFAL): &#8220;Em Minas Gerais, a cidade de Pouso Alegre ficou entre as 9 cidades que mais geraram emprego.&#8221;(Acesse a reportagem completa:\u00a0<a href=\"https:\/\/globoplay.globo.com\/v\/12314218\/\">https:\/\/globoplay.globo.com\/v\/12314218\/<\/a>).<\/p>\n\n\n\n<p>Em Alfenas, o sentimento de mudan\u00e7a \u00e9 visto nas movimenta\u00e7\u00f5es pol\u00edticas locais. Na \u00faltima semana, o segundo colocado nas pesquisas, Amadeu Peloso (PL), e o terceiro colocado, Jaime Daniel (Uni\u00e3o Brasil), se reuniram, e fecharam o apoio de Jaime Daniel \u00e0 candidatura de Amadeu Peloso e Toninho Munhoz. Esse movimento ocorre com os anseios de mudan\u00e7a na pol\u00edtica da cidade, tanto pelos apoiadores de Amadeu, como pelos apoiadores de Jaime, para somar for\u00e7as e tirar do poder o grupo pol\u00edtico petista que, at\u00e9 ent\u00e3o, estavam em primeiro lugar nas pesquisas.<\/p>\n\n\n\n<p>Assim que Jaime Daniel formalizou apoio a Amadeu Peloso, petistas come\u00e7aram a atacar ambos, tanto \u00e0 honra pessoal, quanto com fake news. Pela cidade o sentimento \u00e9 que os ataques s\u00e3o tentativas desesperadas de n\u00e3o deixar que o grupo petista saia do poder, e os que proferem ataques, percam as duas &#8216;tetas&#8217; em cargos comissionados ou contratos com a prefeitura.<\/p>\n","protected":false},"excerpt":{"rendered":"<p>Segundo \u00edndices oficiais do governo federal, de 2021 para 2023, Alfenas caiu em \u00edndices de educa\u00e7\u00e3o, fechou postos de trabalho, faltam rem\u00e9dios fornecidos pela prefeitura para a popula\u00e7\u00e3o carente, carros da sa\u00fade parados por falta de combust\u00edvel, e d\u00edvida com o Hospital Alzira Velano continua. EDUCA\u00c7\u00c3O &#8211; PIORA NO ENSINO E NO APRENDIZADO DOS ALUNOS Segundo dados oficiais divulgados pelo Minist\u00e9rio da Educa\u00e7\u00e3o do governo &hellip; <a href=\"https:\/\/noticiasdefato.net\/?p=1752\" class=\"more-link\">Continuar lendo <span class=\"screen-reader-text\">SOB FABIO (PT), EDUCA\u00c7\u00c3O, EMPREGO E SA\u00daDE DERRETEM<\/span><\/a><\/p>\n","protected":false},"author":3,"featured_media":1525,"comment_status":"open","ping_status":"open","sticky":false,"template":"","format":"standard","meta":{"footnotes":""},"categories":[17,20,19],"tags":[],"class_list":["post-1752","post","type-post","status-publish","format-standard","has-post-thumbnail","hentry","category-economia","category-educacao","category-saude"],"yoast_head":"<!-- This site is optimized with the Yoast SEO plugin v23.2 - https:\/\/yoast.com\/wordpress\/plugins\/seo\/ -->\n<title>SOB FABIO (PT), EDUCA\u00c7\u00c3O, EMPREGO E SA\u00daDE DERRETEM - Not\u00edcias de Fato<\/title>\n<meta name=\"robots\" content=\"index, follow, max-snippet:-1, max-image-preview:large, max-video-preview:-1\" \/>\n<link rel=\"canonical\" href=\"https:\/\/noticiasdefato.net\/?p=1752\" \/>\n<meta property=\"og:locale\" content=\"pt_BR\" \/>\n<meta property=\"og:type\" content=\"article\" \/>\n<meta property=\"og:title\" content=\"SOB FABIO (PT), EDUCA\u00c7\u00c3O, EMPREGO E SA\u00daDE DERRETEM - Not\u00edcias de Fato\" \/>\n<meta property=\"og:description\" content=\"Segundo \u00edndices oficiais do governo federal, de 2021 para 2023, Alfenas caiu em \u00edndices de educa\u00e7\u00e3o, fechou postos de trabalho, faltam rem\u00e9dios fornecidos pela prefeitura para a popula\u00e7\u00e3o carente, carros da sa\u00fade parados por falta de combust\u00edvel, e d\u00edvida com o Hospital Alzira Velano continua. EDUCA\u00c7\u00c3O &#8211; PIORA NO ENSINO E NO APRENDIZADO DOS ALUNOS Segundo dados oficiais divulgados pelo Minist\u00e9rio da Educa\u00e7\u00e3o do governo &hellip;\" \/>\n<meta property=\"og:url\" content=\"https:\/\/noticiasdefato.net\/?p=1752\" \/>\n<meta property=\"og:site_name\" content=\"Not\u00edcias de Fato\" \/>\n<meta property=\"article:publisher\" content=\"https:\/\/fb.com\/noticiasdefato.jornal\" \/>\n<meta property=\"article:published_time\" content=\"2024-09-30T14:35:59+00:00\" \/>\n<meta property=\"article:modified_time\" content=\"2024-10-08T17:24:57+00:00\" \/>\n<meta property=\"og:image\" content=\"https:\/\/noticiasdefato.net\/wp-content\/uploads\/2024\/08\/image-5.png\" \/>\n\t<meta property=\"og:image:width\" content=\"259\" \/>\n\t<meta property=\"og:image:height\" content=\"238\" \/>\n\t<meta property=\"og:image:type\" content=\"image\/png\" \/>\n<meta name=\"author\" content=\"Thiago Eduardo\" \/>\n<meta name=\"twitter:card\" content=\"summary_large_image\" \/>\n<meta name=\"twitter:creator\" content=\"@noticiasdefato_\" \/>\n<meta name=\"twitter:site\" content=\"@noticiasdefato_\" \/>\n<meta name=\"twitter:label1\" content=\"Escrito por\" \/>\n\t<meta name=\"twitter:data1\" content=\"Thiago Eduardo\" \/>\n\t<meta name=\"twitter:label2\" content=\"Est. tempo de leitura\" \/>\n\t<meta name=\"twitter:data2\" content=\"6 minutos\" \/>\n<script type=\"application\/ld+json\" class=\"yoast-schema-graph\">{\"@context\":\"https:\/\/schema.org\",\"@graph\":[{\"@type\":\"Article\",\"@id\":\"https:\/\/noticiasdefato.net\/?p=1752#article\",\"isPartOf\":{\"@id\":\"https:\/\/noticiasdefato.net\/?p=1752\"},\"author\":{\"name\":\"Thiago Eduardo\",\"@id\":\"https:\/\/noticiasdefato.net\/#\/schema\/person\/991aa25c94399b45050a06ad540c702f\"},\"headline\":\"SOB FABIO (PT), EDUCA\u00c7\u00c3O, EMPREGO E SA\u00daDE DERRETEM\",\"datePublished\":\"2024-09-30T14:35:59+00:00\",\"dateModified\":\"2024-10-08T17:24:57+00:00\",\"mainEntityOfPage\":{\"@id\":\"https:\/\/noticiasdefato.net\/?p=1752\"},\"wordCount\":883,\"commentCount\":0,\"publisher\":{\"@id\":\"https:\/\/noticiasdefato.net\/#organization\"},\"image\":{\"@id\":\"https:\/\/noticiasdefato.net\/?p=1752#primaryimage\"},\"thumbnailUrl\":\"https:\/\/noticiasdefato.net\/wp-content\/uploads\/2024\/08\/image-5.png\",\"articleSection\":[\"Economia\",\"Educa\u00e7\u00e3o\",\"Sa\u00fade\"],\"inLanguage\":\"pt-BR\",\"potentialAction\":[{\"@type\":\"CommentAction\",\"name\":\"Comment\",\"target\":[\"https:\/\/noticiasdefato.net\/?p=1752#respond\"]}]},{\"@type\":\"WebPage\",\"@id\":\"https:\/\/noticiasdefato.net\/?p=1752\",\"url\":\"https:\/\/noticiasdefato.net\/?p=1752\",\"name\":\"SOB FABIO (PT), EDUCA\u00c7\u00c3O, EMPREGO E SA\u00daDE DERRETEM - Not\u00edcias de Fato\",\"isPartOf\":{\"@id\":\"https:\/\/noticiasdefato.net\/#website\"},\"primaryImageOfPage\":{\"@id\":\"https:\/\/noticiasdefato.net\/?p=1752#primaryimage\"},\"image\":{\"@id\":\"https:\/\/noticiasdefato.net\/?p=1752#primaryimage\"},\"thumbnailUrl\":\"https:\/\/noticiasdefato.net\/wp-content\/uploads\/2024\/08\/image-5.png\",\"datePublished\":\"2024-09-30T14:35:59+00:00\",\"dateModified\":\"2024-10-08T17:24:57+00:00\",\"breadcrumb\":{\"@id\":\"https:\/\/noticiasdefato.net\/?p=1752#breadcrumb\"},\"inLanguage\":\"pt-BR\",\"potentialAction\":[{\"@type\":\"ReadAction\",\"target\":[\"https:\/\/noticiasdefato.net\/?p=1752\"]}]},{\"@type\":\"ImageObject\",\"inLanguage\":\"pt-BR\",\"@id\":\"https:\/\/noticiasdefato.net\/?p=1752#primaryimage\",\"url\":\"https:\/\/noticiasdefato.net\/wp-content\/uploads\/2024\/08\/image-5.png\",\"contentUrl\":\"https:\/\/noticiasdefato.net\/wp-content\/uploads\/2024\/08\/image-5.png\",\"width\":259,\"height\":238},{\"@type\":\"BreadcrumbList\",\"@id\":\"https:\/\/noticiasdefato.net\/?p=1752#breadcrumb\",\"itemListElement\":[{\"@type\":\"ListItem\",\"position\":1,\"name\":\"In\u00edcio\",\"item\":\"https:\/\/noticiasdefato.net\/\"},{\"@type\":\"ListItem\",\"position\":2,\"name\":\"SOB FABIO (PT), EDUCA\u00c7\u00c3O, EMPREGO E SA\u00daDE DERRETEM\"}]},{\"@type\":\"WebSite\",\"@id\":\"https:\/\/noticiasdefato.net\/#website\",\"url\":\"https:\/\/noticiasdefato.net\/\",\"name\":\"Not\u00edcias de Fato\",\"description\":\"Trabalhamos com honestidade, seriedade e com a verdade.\",\"publisher\":{\"@id\":\"https:\/\/noticiasdefato.net\/#organization\"},\"potentialAction\":[{\"@type\":\"SearchAction\",\"target\":{\"@type\":\"EntryPoint\",\"urlTemplate\":\"https:\/\/noticiasdefato.net\/?s={search_term_string}\"},\"query-input\":\"required name=search_term_string\"}],\"inLanguage\":\"pt-BR\"},{\"@type\":\"Organization\",\"@id\":\"https:\/\/noticiasdefato.net\/#organization\",\"name\":\"Not\u00edcias de Fato\",\"url\":\"https:\/\/noticiasdefato.net\/\",\"logo\":{\"@type\":\"ImageObject\",\"inLanguage\":\"pt-BR\",\"@id\":\"https:\/\/noticiasdefato.net\/#\/schema\/logo\/image\/\",\"url\":\"https:\/\/noticiasdefato.net\/wp-content\/uploads\/2024\/02\/cropped-logo_topo.png\",\"contentUrl\":\"https:\/\/noticiasdefato.net\/wp-content\/uploads\/2024\/02\/cropped-logo_topo.png\",\"width\":1948,\"height\":665,\"caption\":\"Not\u00edcias de Fato\"},\"image\":{\"@id\":\"https:\/\/noticiasdefato.net\/#\/schema\/logo\/image\/\"},\"sameAs\":[\"https:\/\/fb.com\/noticiasdefato.jornal\",\"https:\/\/x.com\/noticiasdefato_\",\"https:\/\/instagram.com\/noticiasdefato.jornal\",\"https:\/\/youtube.com\/@JornalNoticiasDeFato\"]},{\"@type\":\"Person\",\"@id\":\"https:\/\/noticiasdefato.net\/#\/schema\/person\/991aa25c94399b45050a06ad540c702f\",\"name\":\"Thiago Eduardo\",\"image\":{\"@type\":\"ImageObject\",\"inLanguage\":\"pt-BR\",\"@id\":\"https:\/\/noticiasdefato.net\/#\/schema\/person\/image\/\",\"url\":\"https:\/\/secure.gravatar.com\/avatar\/b565c072bf1bd0d79efe2c48ab82d1a8df93488df89f920926d6ea2e77d319ba?s=96&d=mm&r=g\",\"contentUrl\":\"https:\/\/secure.gravatar.com\/avatar\/b565c072bf1bd0d79efe2c48ab82d1a8df93488df89f920926d6ea2e77d319ba?s=96&d=mm&r=g\",\"caption\":\"Thiago Eduardo\"},\"url\":\"https:\/\/noticiasdefato.net\/?author=3\"}]}<\/script>\n<!-- \/ Yoast SEO plugin. -->","yoast_head_json":{"title":"SOB FABIO (PT), EDUCA\u00c7\u00c3O, EMPREGO E SA\u00daDE DERRETEM - Not\u00edcias de Fato","robots":{"index":"index","follow":"follow","max-snippet":"max-snippet:-1","max-image-preview":"max-image-preview:large","max-video-preview":"max-video-preview:-1"},"canonical":"https:\/\/noticiasdefato.net\/?p=1752","og_locale":"pt_BR","og_type":"article","og_title":"SOB FABIO (PT), EDUCA\u00c7\u00c3O, EMPREGO E SA\u00daDE DERRETEM - Not\u00edcias de Fato","og_description":"Segundo \u00edndices oficiais do governo federal, de 2021 para 2023, Alfenas caiu em \u00edndices de educa\u00e7\u00e3o, fechou postos de trabalho, faltam rem\u00e9dios fornecidos pela prefeitura para a popula\u00e7\u00e3o carente, carros da sa\u00fade parados por falta de combust\u00edvel, e d\u00edvida com o Hospital Alzira Velano continua. EDUCA\u00c7\u00c3O &#8211; PIORA NO ENSINO E NO APRENDIZADO DOS ALUNOS Segundo dados oficiais divulgados pelo Minist\u00e9rio da Educa\u00e7\u00e3o do governo &hellip;","og_url":"https:\/\/noticiasdefato.net\/?p=1752","og_site_name":"Not\u00edcias de Fato","article_publisher":"https:\/\/fb.com\/noticiasdefato.jornal","article_published_time":"2024-09-30T14:35:59+00:00","article_modified_time":"2024-10-08T17:24:57+00:00","og_image":[{"width":259,"height":238,"url":"https:\/\/noticiasdefato.net\/wp-content\/uploads\/2024\/08\/image-5.png","type":"image\/png"}],"author":"Thiago Eduardo","twitter_card":"summary_large_image","twitter_creator":"@noticiasdefato_","twitter_site":"@noticiasdefato_","twitter_misc":{"Escrito por":"Thiago Eduardo","Est. tempo de leitura":"6 minutos"},"schema":{"@context":"https:\/\/schema.org","@graph":[{"@type":"Article","@id":"https:\/\/noticiasdefato.net\/?p=1752#article","isPartOf":{"@id":"https:\/\/noticiasdefato.net\/?p=1752"},"author":{"name":"Thiago Eduardo","@id":"https:\/\/noticiasdefato.net\/#\/schema\/person\/991aa25c94399b45050a06ad540c702f"},"headline":"SOB FABIO (PT), EDUCA\u00c7\u00c3O, EMPREGO E SA\u00daDE DERRETEM","datePublished":"2024-09-30T14:35:59+00:00","dateModified":"2024-10-08T17:24:57+00:00","mainEntityOfPage":{"@id":"https:\/\/noticiasdefato.net\/?p=1752"},"wordCount":883,"commentCount":0,"publisher":{"@id":"https:\/\/noticiasdefato.net\/#organization"},"image":{"@id":"https:\/\/noticiasdefato.net\/?p=1752#primaryimage"},"thumbnailUrl":"https:\/\/noticiasdefato.net\/wp-content\/uploads\/2024\/08\/image-5.png","articleSection":["Economia","Educa\u00e7\u00e3o","Sa\u00fade"],"inLanguage":"pt-BR","potentialAction":[{"@type":"CommentAction","name":"Comment","target":["https:\/\/noticiasdefato.net\/?p=1752#respond"]}]},{"@type":"WebPage","@id":"https:\/\/noticiasdefato.net\/?p=1752","url":"https:\/\/noticiasdefato.net\/?p=1752","name":"SOB FABIO (PT), EDUCA\u00c7\u00c3O, EMPREGO E SA\u00daDE DERRETEM - Not\u00edcias de Fato","isPartOf":{"@id":"https:\/\/noticiasdefato.net\/#website"},"primaryImageOfPage":{"@id":"https:\/\/noticiasdefato.net\/?p=1752#primaryimage"},"image":{"@id":"https:\/\/noticiasdefato.net\/?p=1752#primaryimage"},"thumbnailUrl":"https:\/\/noticiasdefato.net\/wp-content\/uploads\/2024\/08\/image-5.png","datePublished":"2024-09-30T14:35:59+00:00","dateModified":"2024-10-08T17:24:57+00:00","breadcrumb":{"@id":"https:\/\/noticiasdefato.net\/?p=1752#breadcrumb"},"inLanguage":"pt-BR","potentialAction":[{"@type":"ReadAction","target":["https:\/\/noticiasdefato.net\/?p=1752"]}]},{"@type":"ImageObject","inLanguage":"pt-BR","@id":"https:\/\/noticiasdefato.net\/?p=1752#primaryimage","url":"https:\/\/noticiasdefato.net\/wp-content\/uploads\/2024\/08\/image-5.png","contentUrl":"https:\/\/noticiasdefato.net\/wp-content\/uploads\/2024\/08\/image-5.png","width":259,"height":238},{"@type":"BreadcrumbList","@id":"https:\/\/noticiasdefato.net\/?p=1752#breadcrumb","itemListElement":[{"@type":"ListItem","position":1,"name":"In\u00edcio","item":"https:\/\/noticiasdefato.net\/"},{"@type":"ListItem","position":2,"name":"SOB FABIO (PT), EDUCA\u00c7\u00c3O, EMPREGO E SA\u00daDE DERRETEM"}]},{"@type":"WebSite","@id":"https:\/\/noticiasdefato.net\/#website","url":"https:\/\/noticiasdefato.net\/","name":"Not\u00edcias de Fato","description":"Trabalhamos com honestidade, seriedade e com a verdade.","publisher":{"@id":"https:\/\/noticiasdefato.net\/#organization"},"potentialAction":[{"@type":"SearchAction","target":{"@type":"EntryPoint","urlTemplate":"https:\/\/noticiasdefato.net\/?s={search_term_string}"},"query-input":"required name=search_term_string"}],"inLanguage":"pt-BR"},{"@type":"Organization","@id":"https:\/\/noticiasdefato.net\/#organization","name":"Not\u00edcias de Fato","url":"https:\/\/noticiasdefato.net\/","logo":{"@type":"ImageObject","inLanguage":"pt-BR","@id":"https:\/\/noticiasdefato.net\/#\/schema\/logo\/image\/","url":"https:\/\/noticiasdefato.net\/wp-content\/uploads\/2024\/02\/cropped-logo_topo.png","contentUrl":"https:\/\/noticiasdefato.net\/wp-content\/uploads\/2024\/02\/cropped-logo_topo.png","width":1948,"height":665,"caption":"Not\u00edcias de Fato"},"image":{"@id":"https:\/\/noticiasdefato.net\/#\/schema\/logo\/image\/"},"sameAs":["https:\/\/fb.com\/noticiasdefato.jornal","https:\/\/x.com\/noticiasdefato_","https:\/\/instagram.com\/noticiasdefato.jornal","https:\/\/youtube.com\/@JornalNoticiasDeFato"]},{"@type":"Person","@id":"https:\/\/noticiasdefato.net\/#\/schema\/person\/991aa25c94399b45050a06ad540c702f","name":"Thiago Eduardo","image":{"@type":"ImageObject","inLanguage":"pt-BR","@id":"https:\/\/noticiasdefato.net\/#\/schema\/person\/image\/","url":"https:\/\/secure.gravatar.com\/avatar\/b565c072bf1bd0d79efe2c48ab82d1a8df93488df89f920926d6ea2e77d319ba?s=96&d=mm&r=g","contentUrl":"https:\/\/secure.gravatar.com\/avatar\/b565c072bf1bd0d79efe2c48ab82d1a8df93488df89f920926d6ea2e77d319ba?s=96&d=mm&r=g","caption":"Thiago Eduardo"},"url":"https:\/\/noticiasdefato.net\/?author=3"}]}},"_links":{"self":[{"href":"https:\/\/noticiasdefato.net\/index.php?rest_route=\/wp\/v2\/posts\/1752","targetHints":{"allow":["GET"]}}],"collection":[{"href":"https:\/\/noticiasdefato.net\/index.php?rest_route=\/wp\/v2\/posts"}],"about":[{"href":"https:\/\/noticiasdefato.net\/index.php?rest_route=\/wp\/v2\/types\/post"}],"author":[{"embeddable":true,"href":"https:\/\/noticiasdefato.net\/index.php?rest_route=\/wp\/v2\/users\/3"}],"replies":[{"embeddable":true,"href":"https:\/\/noticiasdefato.net\/index.php?rest_route=%2Fwp%2Fv2%2Fcomments&post=1752"}],"version-history":[{"count":4,"href":"https:\/\/noticiasdefato.net\/index.php?rest_route=\/wp\/v2\/posts\/1752\/revisions"}],"predecessor-version":[{"id":1807,"href":"https:\/\/noticiasdefato.net\/index.php?rest_route=\/wp\/v2\/posts\/1752\/revisions\/1807"}],"wp:featuredmedia":[{"embeddable":true,"href":"https:\/\/noticiasdefato.net\/index.php?rest_route=\/wp\/v2\/media\/1525"}],"wp:attachment":[{"href":"https:\/\/noticiasdefato.net\/index.php?rest_route=%2Fwp%2Fv2%2Fmedia&parent=1752"}],"wp:term":[{"taxonomy":"category","embeddable":true,"href":"https:\/\/noticiasdefato.net\/index.php?rest_route=%2Fwp%2Fv2%2Fcategories&post=1752"},{"taxonomy":"post_tag","embeddable":true,"href":"https:\/\/noticiasdefato.net\/index.php?rest_route=%2Fwp%2Fv2%2Ftags&post=1752"}],"curies":[{"name":"wp","href":"https:\/\/api.w.org\/{rel}","templated":true}]}}