{"id":1808,"date":"2024-10-01T14:36:15","date_gmt":"2024-10-01T17:36:15","guid":{"rendered":"https:\/\/noticiasdefato.net\/?p=1808"},"modified":"2024-10-08T14:25:09","modified_gmt":"2024-10-08T17:25:09","slug":"quem-e-o-candidato-do-pt-a-prefeitura-fabio-ou-luizinho","status":"publish","type":"post","link":"https:\/\/noticiasdefato.net\/?p=1808","title":{"rendered":"QUEM \u00c9 O CANDIDATO DO PT \u00c0 PREFEITURA: FABIO OU LUIZINHO?"},"content":{"rendered":"\n<p><em>Deputado estadual, Luizinho, parece ter abdicado de seu mandato para fazer campanha de prefeito. Impopularidade do atual prefeito, F\u00e1bio, seria o motivo de Luizinho estar nas ruas pedindo voto e fazendo alian\u00e7as.<\/em><\/p>\n\n\n\n<p>Nos \u00faltimos dias da campanha para prefeito de Alfenas, os cidad\u00e3os t\u00eam estranhado a presen\u00e7a di\u00e1ria do deputado estadual, Luiz Ant\u00f4nio da Silva (Luizinho), na cidade. Isso porque o deputado deveria desenvolver atividades na capital mineira, Belo Horizonte, e n\u00e3o est\u00e1 atualmente em recesso parlamentar.<\/p>\n\n\n\n<p>Nas rede sociais, a impress\u00e3o que fica \u00e9 a de que seja Luizinho o candidato que est\u00e1 na disputa pela prefeitura, e n\u00e3o F\u00e1bio. Segundo populares, &#8220;o Luizinho tem que pedir voto mesmo, porque ningu\u00e9m conhece o F\u00e1bio, ou se conhece, est\u00e3o cansados de precisarem de rem\u00e9dio e n\u00e3o ter, de receberem cesta b\u00e1sica s\u00f3 em elei\u00e7ao&#8221;.<\/p>\n\n\n\n<p>No que depender de populares e da internet livre, o cabo eleitoral de F\u00e1bio pode ser um pesadelo para ele. Isso porque est\u00e3o sendo resgatados problemas relacionados ao per\u00edodo em que Luizinho foi prefeito de Alfenas, e publicados com o suposto objetivo de relembrar as pessoas que o cabo eleitoral de F\u00e1bio, escreveu p\u00e1ginas tristes na hist\u00f3ria de Alfenas em sua passagem pela prefeitura. <\/p>\n\n\n\n<p><strong>PASSADO VEM \u00c0 TONA<\/strong><\/p>\n\n\n\n<p>O fato de Luizinho estar em evid\u00eancia na campanha do atual prefeito F\u00e1bio, fez circular nas redes sociais alguns v\u00eddeos e fatos relacionados a \u00e9poca em que ele era prefeito. Em um desses v\u00eddeos, Luizinho defende bandido que rouba carro de trabalhador para vender por apenas mil reais, para pagar d\u00edvida de droga. Para Luizinho, n\u00e3o s\u00e3o bandidos, mas doentes sociais. Confira o v\u00eddeo abaixo:<\/p>\n\n\n\n<figure class=\"wp-block-embed is-type-video is-provider-youtube wp-block-embed-youtube wp-embed-aspect-16-9 wp-has-aspect-ratio\"><div class=\"wp-block-embed__wrapper\">\n<iframe title=\"Luizinho diz que quem rouba carro para pagar d\u00edvida de drogas nao \u00e9 bandido, mas um &#039;doente social&#039;\" width=\"720\" height=\"405\" src=\"https:\/\/www.youtube.com\/embed\/hGSdfNLqWH4?feature=oembed\" frameborder=\"0\" allow=\"accelerometer; autoplay; clipboard-write; encrypted-media; gyroscope; picture-in-picture; web-share\" referrerpolicy=\"strict-origin-when-cross-origin\" allowfullscreen><\/iframe>\n<\/div><figcaption class=\"wp-element-caption\">Fonte: Redes sociais<\/figcaption><\/figure>\n\n\n\n<p><\/p>\n\n\n\n<p>Outro v\u00eddeo que circula nas redes sociais est\u00e1 relacionado ao per\u00edodo da pandemia, quando Luizinho diz que bobo \u00e9 quem est\u00e1 doente, entubado. Durante a pandemia, as pessoas que contra\u00edram Covid-19 e estavam em estado grave, eram internadas e entubadas, de modo que muitas pessoas perderam a vida enquanto estavam entubadas. Confira o v\u00eddeo abaixo:<\/p>\n\n\n\n<figure class=\"wp-block-embed is-type-video is-provider-youtube wp-block-embed-youtube wp-embed-aspect-16-9 wp-has-aspect-ratio\"><div class=\"wp-block-embed__wrapper\">\n<iframe title=\"Luizinho diz que bobo \u00e9 quem est\u00e1 entubado\" width=\"720\" height=\"405\" src=\"https:\/\/www.youtube.com\/embed\/cX4Z7uRlV5Y?feature=oembed\" frameborder=\"0\" allow=\"accelerometer; autoplay; clipboard-write; encrypted-media; gyroscope; picture-in-picture; web-share\" referrerpolicy=\"strict-origin-when-cross-origin\" allowfullscreen><\/iframe>\n<\/div><figcaption class=\"wp-element-caption\">Fonte: Redes sociais<\/figcaption><\/figure>\n\n\n\n<p><\/p>\n\n\n\n<p>Tamb\u00e9m, no per\u00edodo da pandemia, Luizinho fez uma afirma\u00e7\u00e3o preconceituosa contra pessoas que pertencem ao expectro autista. Na oportunidade, Luizinho disse que &#8220;o autista \u00e9 aquele que n\u00e3o tem sentimento para com o outro&#8230; O autista pode ver outra pessoa sofrer que ele n\u00e3o sente nada&#8221;. Al\u00e9m disso, quando tentou vincular o ex-presidente Bolsonaro a psicopatia, Luizinho disse que isso seria pelo fato de ele estar &#8220;no meio&#8221; do expectro autista. Confira o v\u00eddeo abaixo: <\/p>\n\n\n\n<figure class=\"wp-block-embed is-type-video is-provider-youtube wp-block-embed-youtube wp-embed-aspect-16-9 wp-has-aspect-ratio\"><div class=\"wp-block-embed__wrapper\">\n<iframe title=\"Luizinho diz que autista n\u00e3o tem sentimento\" width=\"720\" height=\"405\" src=\"https:\/\/www.youtube.com\/embed\/Ta7n_RSwwjU?feature=oembed\" frameborder=\"0\" allow=\"accelerometer; autoplay; clipboard-write; encrypted-media; gyroscope; picture-in-picture; web-share\" referrerpolicy=\"strict-origin-when-cross-origin\" allowfullscreen><\/iframe>\n<\/div><figcaption class=\"wp-element-caption\">Fonte: Redes sociais<\/figcaption><\/figure>\n\n\n\n<p><\/p>\n\n\n\n<p>Ainda, durante a pandemia, apesar de Luizinho decretar lockdown e amea\u00e7ar cassar o alvar\u00e1 de comerciantes que abrissem o com\u00e9rcio, Luizinho foi flagrado, aparentemente muito alcoolizado, em um bar. Confira abaixo:<\/p>\n\n\n\n<figure class=\"wp-block-embed is-type-video is-provider-youtube wp-block-embed-youtube wp-embed-aspect-16-9 wp-has-aspect-ratio\"><div class=\"wp-block-embed__wrapper\">\n<iframe title=\"Luizinho em bar durante a pandemia, depois de ter amea\u00e7ado cassar alvar\u00e1 de quem abrisse o com\u00e9rcio\" width=\"720\" height=\"405\" src=\"https:\/\/www.youtube.com\/embed\/CAs79Gg05qo?feature=oembed\" frameborder=\"0\" allow=\"accelerometer; autoplay; clipboard-write; encrypted-media; gyroscope; picture-in-picture; web-share\" referrerpolicy=\"strict-origin-when-cross-origin\" allowfullscreen><\/iframe>\n<\/div><\/figure>\n\n\n\n<p><\/p>\n\n\n\n<p>Outro fato passado, relacionado a Luizinho e que circula nas redes, foi uma deten\u00e7\u00e3o que ocorreu em 2018, durante as elei\u00e7\u00f5es, quando ele foi pego em flagrante, fazendo boca de urna. Confira a imagem abaixo:<\/p>\n\n\n<div class=\"wp-block-image\">\n<figure class=\"aligncenter size-full\"><img fetchpriority=\"high\" decoding=\"async\" width=\"162\" height=\"349\" src=\"https:\/\/noticiasdefato.net\/wp-content\/uploads\/2024\/10\/image.png\" alt=\"\" class=\"wp-image-1809\" srcset=\"https:\/\/noticiasdefato.net\/wp-content\/uploads\/2024\/10\/image.png 162w, https:\/\/noticiasdefato.net\/wp-content\/uploads\/2024\/10\/image-139x300.png 139w, https:\/\/noticiasdefato.net\/wp-content\/uploads\/2024\/10\/image-42x90.png 42w\" sizes=\"(max-width: 162px) 100vw, 162px\" \/><figcaption class=\"wp-element-caption\">Fonte: Redes sociais<\/figcaption><\/figure>\n<\/div>\n\n\n<p><\/p>\n\n\n\n<p>Por fim, um fato n\u00e3o t\u00e3o antigo que voltou a circular, \u00e9 que Luizinho \u00e9 r\u00e9u, acusado pelo Minist\u00e9rio p\u00fablico de chefiar uma organiza\u00e7\u00e3o criminosa no munic\u00edpio de Alfenas, conforme mat\u00e9ria ja publicada anteriormente pelo NF (<a href=\"https:\/\/noticiasdefato.net\/?p=1551\">https:\/\/noticiasdefato.net\/?p=1551<\/a>), e ilustrada abaixo:<\/p>\n\n\n\n<figure class=\"wp-block-embed is-type-video is-provider-youtube wp-block-embed-youtube wp-embed-aspect-16-9 wp-has-aspect-ratio\"><div class=\"wp-block-embed__wrapper\">\n<iframe title=\"FRAUDES E CRIMES CONTRA A ADMINISTRA\u00c7\u00c3O P\u00daBLICA\" width=\"720\" height=\"405\" src=\"https:\/\/www.youtube.com\/embed\/iMWjCjRhubI?feature=oembed\" frameborder=\"0\" allow=\"accelerometer; autoplay; clipboard-write; encrypted-media; gyroscope; picture-in-picture; web-share\" referrerpolicy=\"strict-origin-when-cross-origin\" allowfullscreen><\/iframe>\n<\/div><\/figure>\n","protected":false},"excerpt":{"rendered":"<p>Deputado estadual, Luizinho, parece ter abdicado de seu mandato para fazer campanha de prefeito. Impopularidade do atual prefeito, F\u00e1bio, seria o motivo de Luizinho estar nas ruas pedindo voto e fazendo alian\u00e7as. Nos \u00faltimos dias da campanha para prefeito de Alfenas, os cidad\u00e3os t\u00eam estranhado a presen\u00e7a di\u00e1ria do deputado estadual, Luiz Ant\u00f4nio da Silva (Luizinho), na cidade. Isso porque o deputado deveria desenvolver atividades &hellip; <a href=\"https:\/\/noticiasdefato.net\/?p=1808\" class=\"more-link\">Continuar lendo <span class=\"screen-reader-text\">QUEM \u00c9 O CANDIDATO DO PT \u00c0 PREFEITURA: FABIO OU LUIZINHO?<\/span><\/a><\/p>\n","protected":false},"author":1,"featured_media":1816,"comment_status":"open","ping_status":"open","sticky":false,"template":"","format":"standard","meta":{"footnotes":""},"categories":[18],"tags":[],"class_list":["post-1808","post","type-post","status-publish","format-standard","has-post-thumbnail","hentry","category-politica"],"yoast_head":"<!-- This site is optimized with the Yoast SEO plugin v23.2 - https:\/\/yoast.com\/wordpress\/plugins\/seo\/ -->\n<title>QUEM \u00c9 O CANDIDATO DO PT \u00c0 PREFEITURA: FABIO OU LUIZINHO? - Not\u00edcias de Fato<\/title>\n<meta name=\"robots\" content=\"index, follow, max-snippet:-1, max-image-preview:large, max-video-preview:-1\" \/>\n<link rel=\"canonical\" href=\"https:\/\/noticiasdefato.net\/?p=1808\" \/>\n<meta property=\"og:locale\" content=\"pt_BR\" \/>\n<meta property=\"og:type\" content=\"article\" \/>\n<meta property=\"og:title\" content=\"QUEM \u00c9 O CANDIDATO DO PT \u00c0 PREFEITURA: FABIO OU LUIZINHO? - Not\u00edcias de Fato\" \/>\n<meta property=\"og:description\" content=\"Deputado estadual, Luizinho, parece ter abdicado de seu mandato para fazer campanha de prefeito. Impopularidade do atual prefeito, F\u00e1bio, seria o motivo de Luizinho estar nas ruas pedindo voto e fazendo alian\u00e7as. Nos \u00faltimos dias da campanha para prefeito de Alfenas, os cidad\u00e3os t\u00eam estranhado a presen\u00e7a di\u00e1ria do deputado estadual, Luiz Ant\u00f4nio da Silva (Luizinho), na cidade. Isso porque o deputado deveria desenvolver atividades &hellip;\" \/>\n<meta property=\"og:url\" content=\"https:\/\/noticiasdefato.net\/?p=1808\" \/>\n<meta property=\"og:site_name\" content=\"Not\u00edcias de Fato\" \/>\n<meta property=\"article:publisher\" content=\"https:\/\/fb.com\/noticiasdefato.jornal\" \/>\n<meta property=\"article:author\" content=\"http:\/\/fb.com\/\/noticiasdefato.jornal\" \/>\n<meta property=\"article:published_time\" content=\"2024-10-01T17:36:15+00:00\" \/>\n<meta property=\"article:modified_time\" content=\"2024-10-08T17:25:09+00:00\" \/>\n<meta property=\"og:image\" content=\"https:\/\/noticiasdefato.net\/wp-content\/uploads\/2024\/10\/image-1.png\" \/>\n\t<meta property=\"og:image:width\" content=\"406\" \/>\n\t<meta property=\"og:image:height\" content=\"305\" \/>\n\t<meta property=\"og:image:type\" content=\"image\/png\" \/>\n<meta name=\"author\" content=\"Noticias de Fato\" \/>\n<meta name=\"twitter:card\" content=\"summary_large_image\" \/>\n<meta name=\"twitter:creator\" content=\"@https:\/\/twitter.com\/NoticiasDeFato_\" \/>\n<meta name=\"twitter:site\" content=\"@noticiasdefato_\" \/>\n<meta name=\"twitter:label1\" content=\"Escrito por\" \/>\n\t<meta name=\"twitter:data1\" content=\"Noticias de Fato\" \/>\n\t<meta name=\"twitter:label2\" content=\"Est. tempo de leitura\" \/>\n\t<meta name=\"twitter:data2\" content=\"4 minutos\" \/>\n<script type=\"application\/ld+json\" class=\"yoast-schema-graph\">{\"@context\":\"https:\/\/schema.org\",\"@graph\":[{\"@type\":\"Article\",\"@id\":\"https:\/\/noticiasdefato.net\/?p=1808#article\",\"isPartOf\":{\"@id\":\"https:\/\/noticiasdefato.net\/?p=1808\"},\"author\":{\"name\":\"Noticias de Fato\",\"@id\":\"https:\/\/noticiasdefato.net\/#\/schema\/person\/982ce60211d95acf059cd702aa260d08\"},\"headline\":\"QUEM \u00c9 O CANDIDATO DO PT \u00c0 PREFEITURA: FABIO OU LUIZINHO?\",\"datePublished\":\"2024-10-01T17:36:15+00:00\",\"dateModified\":\"2024-10-08T17:25:09+00:00\",\"mainEntityOfPage\":{\"@id\":\"https:\/\/noticiasdefato.net\/?p=1808\"},\"wordCount\":602,\"commentCount\":0,\"publisher\":{\"@id\":\"https:\/\/noticiasdefato.net\/#organization\"},\"image\":{\"@id\":\"https:\/\/noticiasdefato.net\/?p=1808#primaryimage\"},\"thumbnailUrl\":\"https:\/\/noticiasdefato.net\/wp-content\/uploads\/2024\/10\/image-1.png\",\"articleSection\":[\"Pol\u00edtica\"],\"inLanguage\":\"pt-BR\",\"potentialAction\":[{\"@type\":\"CommentAction\",\"name\":\"Comment\",\"target\":[\"https:\/\/noticiasdefato.net\/?p=1808#respond\"]}]},{\"@type\":\"WebPage\",\"@id\":\"https:\/\/noticiasdefato.net\/?p=1808\",\"url\":\"https:\/\/noticiasdefato.net\/?p=1808\",\"name\":\"QUEM \u00c9 O CANDIDATO DO PT \u00c0 PREFEITURA: FABIO OU LUIZINHO? - Not\u00edcias de Fato\",\"isPartOf\":{\"@id\":\"https:\/\/noticiasdefato.net\/#website\"},\"primaryImageOfPage\":{\"@id\":\"https:\/\/noticiasdefato.net\/?p=1808#primaryimage\"},\"image\":{\"@id\":\"https:\/\/noticiasdefato.net\/?p=1808#primaryimage\"},\"thumbnailUrl\":\"https:\/\/noticiasdefato.net\/wp-content\/uploads\/2024\/10\/image-1.png\",\"datePublished\":\"2024-10-01T17:36:15+00:00\",\"dateModified\":\"2024-10-08T17:25:09+00:00\",\"breadcrumb\":{\"@id\":\"https:\/\/noticiasdefato.net\/?p=1808#breadcrumb\"},\"inLanguage\":\"pt-BR\",\"potentialAction\":[{\"@type\":\"ReadAction\",\"target\":[\"https:\/\/noticiasdefato.net\/?p=1808\"]}]},{\"@type\":\"ImageObject\",\"inLanguage\":\"pt-BR\",\"@id\":\"https:\/\/noticiasdefato.net\/?p=1808#primaryimage\",\"url\":\"https:\/\/noticiasdefato.net\/wp-content\/uploads\/2024\/10\/image-1.png\",\"contentUrl\":\"https:\/\/noticiasdefato.net\/wp-content\/uploads\/2024\/10\/image-1.png\",\"width\":406,\"height\":305},{\"@type\":\"BreadcrumbList\",\"@id\":\"https:\/\/noticiasdefato.net\/?p=1808#breadcrumb\",\"itemListElement\":[{\"@type\":\"ListItem\",\"position\":1,\"name\":\"In\u00edcio\",\"item\":\"https:\/\/noticiasdefato.net\/\"},{\"@type\":\"ListItem\",\"position\":2,\"name\":\"QUEM \u00c9 O CANDIDATO DO PT \u00c0 PREFEITURA: FABIO OU LUIZINHO?\"}]},{\"@type\":\"WebSite\",\"@id\":\"https:\/\/noticiasdefato.net\/#website\",\"url\":\"https:\/\/noticiasdefato.net\/\",\"name\":\"Not\u00edcias de Fato\",\"description\":\"Trabalhamos com honestidade, seriedade e com a verdade.\",\"publisher\":{\"@id\":\"https:\/\/noticiasdefato.net\/#organization\"},\"potentialAction\":[{\"@type\":\"SearchAction\",\"target\":{\"@type\":\"EntryPoint\",\"urlTemplate\":\"https:\/\/noticiasdefato.net\/?s={search_term_string}\"},\"query-input\":\"required name=search_term_string\"}],\"inLanguage\":\"pt-BR\"},{\"@type\":\"Organization\",\"@id\":\"https:\/\/noticiasdefato.net\/#organization\",\"name\":\"Not\u00edcias de Fato\",\"url\":\"https:\/\/noticiasdefato.net\/\",\"logo\":{\"@type\":\"ImageObject\",\"inLanguage\":\"pt-BR\",\"@id\":\"https:\/\/noticiasdefato.net\/#\/schema\/logo\/image\/\",\"url\":\"https:\/\/noticiasdefato.net\/wp-content\/uploads\/2024\/02\/cropped-logo_topo.png\",\"contentUrl\":\"https:\/\/noticiasdefato.net\/wp-content\/uploads\/2024\/02\/cropped-logo_topo.png\",\"width\":1948,\"height\":665,\"caption\":\"Not\u00edcias de Fato\"},\"image\":{\"@id\":\"https:\/\/noticiasdefato.net\/#\/schema\/logo\/image\/\"},\"sameAs\":[\"https:\/\/fb.com\/noticiasdefato.jornal\",\"https:\/\/x.com\/noticiasdefato_\",\"https:\/\/instagram.com\/noticiasdefato.jornal\",\"https:\/\/youtube.com\/@JornalNoticiasDeFato\"]},{\"@type\":\"Person\",\"@id\":\"https:\/\/noticiasdefato.net\/#\/schema\/person\/982ce60211d95acf059cd702aa260d08\",\"name\":\"Noticias de Fato\",\"image\":{\"@type\":\"ImageObject\",\"inLanguage\":\"pt-BR\",\"@id\":\"https:\/\/noticiasdefato.net\/#\/schema\/person\/image\/\",\"url\":\"https:\/\/secure.gravatar.com\/avatar\/700227fab2316f0366a1b5d4988d10f847249cf13293450527ac9553c994611a?s=96&d=mm&r=g\",\"contentUrl\":\"https:\/\/secure.gravatar.com\/avatar\/700227fab2316f0366a1b5d4988d10f847249cf13293450527ac9553c994611a?s=96&d=mm&r=g\",\"caption\":\"Noticias de Fato\"},\"sameAs\":[\"https:\/\/noticiasdefato.net\",\"http:\/\/fb.com\/\/noticiasdefato.jornal\",\"https:\/\/x.com\/https:\/\/twitter.com\/NoticiasDeFato_\"],\"url\":\"https:\/\/noticiasdefato.net\/?author=1\"}]}<\/script>\n<!-- \/ Yoast SEO plugin. -->","yoast_head_json":{"title":"QUEM \u00c9 O CANDIDATO DO PT \u00c0 PREFEITURA: FABIO OU LUIZINHO? - Not\u00edcias de Fato","robots":{"index":"index","follow":"follow","max-snippet":"max-snippet:-1","max-image-preview":"max-image-preview:large","max-video-preview":"max-video-preview:-1"},"canonical":"https:\/\/noticiasdefato.net\/?p=1808","og_locale":"pt_BR","og_type":"article","og_title":"QUEM \u00c9 O CANDIDATO DO PT \u00c0 PREFEITURA: FABIO OU LUIZINHO? - Not\u00edcias de Fato","og_description":"Deputado estadual, Luizinho, parece ter abdicado de seu mandato para fazer campanha de prefeito. Impopularidade do atual prefeito, F\u00e1bio, seria o motivo de Luizinho estar nas ruas pedindo voto e fazendo alian\u00e7as. Nos \u00faltimos dias da campanha para prefeito de Alfenas, os cidad\u00e3os t\u00eam estranhado a presen\u00e7a di\u00e1ria do deputado estadual, Luiz Ant\u00f4nio da Silva (Luizinho), na cidade. Isso porque o deputado deveria desenvolver atividades &hellip;","og_url":"https:\/\/noticiasdefato.net\/?p=1808","og_site_name":"Not\u00edcias de Fato","article_publisher":"https:\/\/fb.com\/noticiasdefato.jornal","article_author":"http:\/\/fb.com\/\/noticiasdefato.jornal","article_published_time":"2024-10-01T17:36:15+00:00","article_modified_time":"2024-10-08T17:25:09+00:00","og_image":[{"width":406,"height":305,"url":"https:\/\/noticiasdefato.net\/wp-content\/uploads\/2024\/10\/image-1.png","type":"image\/png"}],"author":"Noticias de Fato","twitter_card":"summary_large_image","twitter_creator":"@https:\/\/twitter.com\/NoticiasDeFato_","twitter_site":"@noticiasdefato_","twitter_misc":{"Escrito por":"Noticias de Fato","Est. tempo de leitura":"4 minutos"},"schema":{"@context":"https:\/\/schema.org","@graph":[{"@type":"Article","@id":"https:\/\/noticiasdefato.net\/?p=1808#article","isPartOf":{"@id":"https:\/\/noticiasdefato.net\/?p=1808"},"author":{"name":"Noticias de Fato","@id":"https:\/\/noticiasdefato.net\/#\/schema\/person\/982ce60211d95acf059cd702aa260d08"},"headline":"QUEM \u00c9 O CANDIDATO DO PT \u00c0 PREFEITURA: FABIO OU LUIZINHO?","datePublished":"2024-10-01T17:36:15+00:00","dateModified":"2024-10-08T17:25:09+00:00","mainEntityOfPage":{"@id":"https:\/\/noticiasdefato.net\/?p=1808"},"wordCount":602,"commentCount":0,"publisher":{"@id":"https:\/\/noticiasdefato.net\/#organization"},"image":{"@id":"https:\/\/noticiasdefato.net\/?p=1808#primaryimage"},"thumbnailUrl":"https:\/\/noticiasdefato.net\/wp-content\/uploads\/2024\/10\/image-1.png","articleSection":["Pol\u00edtica"],"inLanguage":"pt-BR","potentialAction":[{"@type":"CommentAction","name":"Comment","target":["https:\/\/noticiasdefato.net\/?p=1808#respond"]}]},{"@type":"WebPage","@id":"https:\/\/noticiasdefato.net\/?p=1808","url":"https:\/\/noticiasdefato.net\/?p=1808","name":"QUEM \u00c9 O CANDIDATO DO PT \u00c0 PREFEITURA: FABIO OU LUIZINHO? - Not\u00edcias de Fato","isPartOf":{"@id":"https:\/\/noticiasdefato.net\/#website"},"primaryImageOfPage":{"@id":"https:\/\/noticiasdefato.net\/?p=1808#primaryimage"},"image":{"@id":"https:\/\/noticiasdefato.net\/?p=1808#primaryimage"},"thumbnailUrl":"https:\/\/noticiasdefato.net\/wp-content\/uploads\/2024\/10\/image-1.png","datePublished":"2024-10-01T17:36:15+00:00","dateModified":"2024-10-08T17:25:09+00:00","breadcrumb":{"@id":"https:\/\/noticiasdefato.net\/?p=1808#breadcrumb"},"inLanguage":"pt-BR","potentialAction":[{"@type":"ReadAction","target":["https:\/\/noticiasdefato.net\/?p=1808"]}]},{"@type":"ImageObject","inLanguage":"pt-BR","@id":"https:\/\/noticiasdefato.net\/?p=1808#primaryimage","url":"https:\/\/noticiasdefato.net\/wp-content\/uploads\/2024\/10\/image-1.png","contentUrl":"https:\/\/noticiasdefato.net\/wp-content\/uploads\/2024\/10\/image-1.png","width":406,"height":305},{"@type":"BreadcrumbList","@id":"https:\/\/noticiasdefato.net\/?p=1808#breadcrumb","itemListElement":[{"@type":"ListItem","position":1,"name":"In\u00edcio","item":"https:\/\/noticiasdefato.net\/"},{"@type":"ListItem","position":2,"name":"QUEM \u00c9 O CANDIDATO DO PT \u00c0 PREFEITURA: FABIO OU LUIZINHO?"}]},{"@type":"WebSite","@id":"https:\/\/noticiasdefato.net\/#website","url":"https:\/\/noticiasdefato.net\/","name":"Not\u00edcias de Fato","description":"Trabalhamos com honestidade, seriedade e com a verdade.","publisher":{"@id":"https:\/\/noticiasdefato.net\/#organization"},"potentialAction":[{"@type":"SearchAction","target":{"@type":"EntryPoint","urlTemplate":"https:\/\/noticiasdefato.net\/?s={search_term_string}"},"query-input":"required name=search_term_string"}],"inLanguage":"pt-BR"},{"@type":"Organization","@id":"https:\/\/noticiasdefato.net\/#organization","name":"Not\u00edcias de Fato","url":"https:\/\/noticiasdefato.net\/","logo":{"@type":"ImageObject","inLanguage":"pt-BR","@id":"https:\/\/noticiasdefato.net\/#\/schema\/logo\/image\/","url":"https:\/\/noticiasdefato.net\/wp-content\/uploads\/2024\/02\/cropped-logo_topo.png","contentUrl":"https:\/\/noticiasdefato.net\/wp-content\/uploads\/2024\/02\/cropped-logo_topo.png","width":1948,"height":665,"caption":"Not\u00edcias de Fato"},"image":{"@id":"https:\/\/noticiasdefato.net\/#\/schema\/logo\/image\/"},"sameAs":["https:\/\/fb.com\/noticiasdefato.jornal","https:\/\/x.com\/noticiasdefato_","https:\/\/instagram.com\/noticiasdefato.jornal","https:\/\/youtube.com\/@JornalNoticiasDeFato"]},{"@type":"Person","@id":"https:\/\/noticiasdefato.net\/#\/schema\/person\/982ce60211d95acf059cd702aa260d08","name":"Noticias de Fato","image":{"@type":"ImageObject","inLanguage":"pt-BR","@id":"https:\/\/noticiasdefato.net\/#\/schema\/person\/image\/","url":"https:\/\/secure.gravatar.com\/avatar\/700227fab2316f0366a1b5d4988d10f847249cf13293450527ac9553c994611a?s=96&d=mm&r=g","contentUrl":"https:\/\/secure.gravatar.com\/avatar\/700227fab2316f0366a1b5d4988d10f847249cf13293450527ac9553c994611a?s=96&d=mm&r=g","caption":"Noticias de Fato"},"sameAs":["https:\/\/noticiasdefato.net","http:\/\/fb.com\/\/noticiasdefato.jornal","https:\/\/x.com\/https:\/\/twitter.com\/NoticiasDeFato_"],"url":"https:\/\/noticiasdefato.net\/?author=1"}]}},"_links":{"self":[{"href":"https:\/\/noticiasdefato.net\/index.php?rest_route=\/wp\/v2\/posts\/1808","targetHints":{"allow":["GET"]}}],"collection":[{"href":"https:\/\/noticiasdefato.net\/index.php?rest_route=\/wp\/v2\/posts"}],"about":[{"href":"https:\/\/noticiasdefato.net\/index.php?rest_route=\/wp\/v2\/types\/post"}],"author":[{"embeddable":true,"href":"https:\/\/noticiasdefato.net\/index.php?rest_route=\/wp\/v2\/users\/1"}],"replies":[{"embeddable":true,"href":"https:\/\/noticiasdefato.net\/index.php?rest_route=%2Fwp%2Fv2%2Fcomments&post=1808"}],"version-history":[{"count":9,"href":"https:\/\/noticiasdefato.net\/index.php?rest_route=\/wp\/v2\/posts\/1808\/revisions"}],"predecessor-version":[{"id":1824,"href":"https:\/\/noticiasdefato.net\/index.php?rest_route=\/wp\/v2\/posts\/1808\/revisions\/1824"}],"wp:featuredmedia":[{"embeddable":true,"href":"https:\/\/noticiasdefato.net\/index.php?rest_route=\/wp\/v2\/media\/1816"}],"wp:attachment":[{"href":"https:\/\/noticiasdefato.net\/index.php?rest_route=%2Fwp%2Fv2%2Fmedia&parent=1808"}],"wp:term":[{"taxonomy":"category","embeddable":true,"href":"https:\/\/noticiasdefato.net\/index.php?rest_route=%2Fwp%2Fv2%2Fcategories&post=1808"},{"taxonomy":"post_tag","embeddable":true,"href":"https:\/\/noticiasdefato.net\/index.php?rest_route=%2Fwp%2Fv2%2Ftags&post=1808"}],"curies":[{"name":"wp","href":"https:\/\/api.w.org\/{rel}","templated":true}]}}