{"id":1813,"date":"2024-10-01T12:04:49","date_gmt":"2024-10-01T15:04:49","guid":{"rendered":"https:\/\/noticiasdefato.net\/?p=1813"},"modified":"2024-10-10T10:32:31","modified_gmt":"2024-10-10T13:32:31","slug":"sobe-a-conta-de-luz-governo-aciona-bandeira-vermelha","status":"publish","type":"post","link":"https:\/\/noticiasdefato.net\/?p=1813","title":{"rendered":"SOBE A CONTA DE LUZ: GOVERNO ACIONA BANDEIRA VERMELHA"},"content":{"rendered":"\n<p><em>Decis\u00e3o foi anunciada pela Aneel nesta sexta-feira, 30.<\/em><\/p>\n\n\n\n<p>Ag\u00eancia Nacional de Energia El\u00e9trica (Aneel) decidiu acionar novamente a bandeira tarif\u00e1ria vermelha, o que implica em um aumento significa de R$ 7,88 a cada 100 quilowatt-hora (kWh) consumidos na conta de luz. O motivo \u00e9 a estiagem e o baixo n\u00edvel dos reservat\u00f3rios.<\/p>\n\n\n\n<p>O consumo m\u00e9dio em uma resid\u00eancia urbana brasileira gira em torno de 150 kWh a 200 kWh, o que torna esse aumento especialmente significativo.<\/p>\n\n\n\n<p>O acionamento de usinas termel\u00e9tricas continuar\u00e1 sendo uma necessidade cara para atender \u00e0 demanda de energia, sobretudo durante os hor\u00e1rios de pico.<\/p>\n\n\n\n<p>Os consumidores devem se preparar para um impacto cont\u00ednuo no valor das contas de luz enquanto a situa\u00e7\u00e3o dos reservat\u00f3rios n\u00e3o for normalizada.<\/p>\n\n\n\n<p>A ado\u00e7\u00e3o de medidas para economizar energia pode ajudar a mitigar os custos adicionais durante esse per\u00edodo desafiador.<\/p>\n\n\n\n<p><strong>ENTENDA AS BANDEIRAS TARIF\u00c1RIAS<\/strong><\/p>\n\n\n\n<p><strong>Bandeira verde:<\/strong> sem custo extra, quando h\u00e1 condi\u00e7\u00f5es favor\u00e1veis para a gera\u00e7\u00e3o de energia.<\/p>\n\n\n\n<p><strong>Bandeira amarela:<\/strong> condi\u00e7\u00f5es menos favor\u00e1veis, com redu\u00e7\u00e3o de 37% em rela\u00e7\u00e3o ao valor anterior. A tarifa ser\u00e1 de R$ 18,85 por MWh (megawatt-hora) utilizado, ou R$ 1,88 a cada 100 kWh.<\/p>\n\n\n\n<p><strong>Bandeira vermelha patamar 1:<\/strong> condi\u00e7\u00f5es desfavor\u00e1veis, com redu\u00e7\u00e3o de 31% em rela\u00e7\u00e3o ao valor anterior. A tarifa ser\u00e1 de R$ 44,63 por MWh utilizado, ou R$ 4,46 a cada 100 kWh.<\/p>\n\n\n\n<p><strong>Bandeira vermelha patamar 2:<\/strong> condi\u00e7\u00f5es muito desfavor\u00e1veis, com redu\u00e7\u00e3o de 20% em rela\u00e7\u00e3o ao valor anterior. A tarifa ser\u00e1 de R$ 78,77 por MWh utilizado, ou R$ 7,88 a cada 100 kWh.<\/p>\n\n\n\n<p><strong>FONTE:<\/strong>\u00a0Ag\u00eancia\u00a0Brasil<\/p>\n","protected":false},"excerpt":{"rendered":"<p>Decis\u00e3o foi anunciada pela Aneel nesta sexta-feira, 30. <a href=\"https:\/\/noticiasdefato.net\/?p=1813\" class=\"more-link\">Continuar lendo <span class=\"screen-reader-text\">SOBE A CONTA DE LUZ: GOVERNO ACIONA BANDEIRA VERMELHA<\/span><\/a><\/p>\n","protected":false},"author":1,"featured_media":1814,"comment_status":"open","ping_status":"open","sticky":false,"template":"","format":"standard","meta":{"footnotes":""},"categories":[1],"tags":[],"class_list":["post-1813","post","type-post","status-publish","format-standard","has-post-thumbnail","hentry","category-geral"],"yoast_head":"<!-- This site is optimized with the Yoast SEO plugin v23.2 - https:\/\/yoast.com\/wordpress\/plugins\/seo\/ -->\n<title>SOBE A CONTA DE LUZ: GOVERNO ACIONA BANDEIRA VERMELHA - Not\u00edcias de Fato<\/title>\n<meta name=\"description\" content=\"Decis\u00e3o foi anunciada pela Aneel nesta sexta-feira, 30.\" \/>\n<meta name=\"robots\" content=\"index, follow, max-snippet:-1, max-image-preview:large, max-video-preview:-1\" \/>\n<link rel=\"canonical\" href=\"https:\/\/noticiasdefato.net\/?p=1813\" \/>\n<meta property=\"og:locale\" content=\"pt_BR\" \/>\n<meta property=\"og:type\" content=\"article\" \/>\n<meta property=\"og:title\" content=\"SOBE A CONTA DE LUZ: GOVERNO ACIONA BANDEIRA VERMELHA - Not\u00edcias de Fato\" \/>\n<meta property=\"og:description\" content=\"Decis\u00e3o foi anunciada pela Aneel nesta sexta-feira, 30.\" \/>\n<meta property=\"og:url\" content=\"https:\/\/noticiasdefato.net\/?p=1813\" \/>\n<meta property=\"og:site_name\" content=\"Not\u00edcias de Fato\" \/>\n<meta property=\"article:publisher\" content=\"https:\/\/fb.com\/noticiasdefato.jornal\" \/>\n<meta property=\"article:author\" content=\"http:\/\/fb.com\/\/noticiasdefato.jornal\" \/>\n<meta property=\"article:published_time\" content=\"2024-10-01T15:04:49+00:00\" \/>\n<meta property=\"article:modified_time\" content=\"2024-10-10T13:32:31+00:00\" \/>\n<meta property=\"og:image\" content=\"https:\/\/noticiasdefato.net\/wp-content\/uploads\/2024\/10\/Imagem-do-WhatsApp-de-2024-10-01-as-06.55.17_17a1fdb7.jpg\" \/>\n\t<meta property=\"og:image:width\" content=\"1024\" \/>\n\t<meta property=\"og:image:height\" content=\"576\" \/>\n\t<meta property=\"og:image:type\" content=\"image\/jpeg\" \/>\n<meta name=\"author\" content=\"Noticias de Fato\" \/>\n<meta name=\"twitter:card\" content=\"summary_large_image\" \/>\n<meta name=\"twitter:creator\" content=\"@https:\/\/twitter.com\/NoticiasDeFato_\" \/>\n<meta name=\"twitter:site\" content=\"@noticiasdefato_\" \/>\n<meta name=\"twitter:label1\" content=\"Escrito por\" \/>\n\t<meta name=\"twitter:data1\" content=\"Noticias de Fato\" \/>\n\t<meta name=\"twitter:label2\" content=\"Est. tempo de leitura\" \/>\n\t<meta name=\"twitter:data2\" content=\"2 minutos\" \/>\n<script type=\"application\/ld+json\" class=\"yoast-schema-graph\">{\"@context\":\"https:\/\/schema.org\",\"@graph\":[{\"@type\":\"Article\",\"@id\":\"https:\/\/noticiasdefato.net\/?p=1813#article\",\"isPartOf\":{\"@id\":\"https:\/\/noticiasdefato.net\/?p=1813\"},\"author\":{\"name\":\"Noticias de Fato\",\"@id\":\"https:\/\/noticiasdefato.net\/#\/schema\/person\/982ce60211d95acf059cd702aa260d08\"},\"headline\":\"SOBE A CONTA DE LUZ: GOVERNO ACIONA BANDEIRA VERMELHA\",\"datePublished\":\"2024-10-01T15:04:49+00:00\",\"dateModified\":\"2024-10-10T13:32:31+00:00\",\"mainEntityOfPage\":{\"@id\":\"https:\/\/noticiasdefato.net\/?p=1813\"},\"wordCount\":275,\"commentCount\":0,\"publisher\":{\"@id\":\"https:\/\/noticiasdefato.net\/#organization\"},\"image\":{\"@id\":\"https:\/\/noticiasdefato.net\/?p=1813#primaryimage\"},\"thumbnailUrl\":\"https:\/\/noticiasdefato.net\/wp-content\/uploads\/2024\/10\/Imagem-do-WhatsApp-de-2024-10-01-as-06.55.17_17a1fdb7.jpg\",\"articleSection\":[\"Geral\"],\"inLanguage\":\"pt-BR\",\"potentialAction\":[{\"@type\":\"CommentAction\",\"name\":\"Comment\",\"target\":[\"https:\/\/noticiasdefato.net\/?p=1813#respond\"]}]},{\"@type\":\"WebPage\",\"@id\":\"https:\/\/noticiasdefato.net\/?p=1813\",\"url\":\"https:\/\/noticiasdefato.net\/?p=1813\",\"name\":\"SOBE A CONTA DE LUZ: GOVERNO ACIONA BANDEIRA VERMELHA - Not\u00edcias de Fato\",\"isPartOf\":{\"@id\":\"https:\/\/noticiasdefato.net\/#website\"},\"primaryImageOfPage\":{\"@id\":\"https:\/\/noticiasdefato.net\/?p=1813#primaryimage\"},\"image\":{\"@id\":\"https:\/\/noticiasdefato.net\/?p=1813#primaryimage\"},\"thumbnailUrl\":\"https:\/\/noticiasdefato.net\/wp-content\/uploads\/2024\/10\/Imagem-do-WhatsApp-de-2024-10-01-as-06.55.17_17a1fdb7.jpg\",\"datePublished\":\"2024-10-01T15:04:49+00:00\",\"dateModified\":\"2024-10-10T13:32:31+00:00\",\"description\":\"Decis\u00e3o foi anunciada pela Aneel nesta sexta-feira, 30.\",\"breadcrumb\":{\"@id\":\"https:\/\/noticiasdefato.net\/?p=1813#breadcrumb\"},\"inLanguage\":\"pt-BR\",\"potentialAction\":[{\"@type\":\"ReadAction\",\"target\":[\"https:\/\/noticiasdefato.net\/?p=1813\"]}]},{\"@type\":\"ImageObject\",\"inLanguage\":\"pt-BR\",\"@id\":\"https:\/\/noticiasdefato.net\/?p=1813#primaryimage\",\"url\":\"https:\/\/noticiasdefato.net\/wp-content\/uploads\/2024\/10\/Imagem-do-WhatsApp-de-2024-10-01-as-06.55.17_17a1fdb7.jpg\",\"contentUrl\":\"https:\/\/noticiasdefato.net\/wp-content\/uploads\/2024\/10\/Imagem-do-WhatsApp-de-2024-10-01-as-06.55.17_17a1fdb7.jpg\",\"width\":1024,\"height\":576},{\"@type\":\"BreadcrumbList\",\"@id\":\"https:\/\/noticiasdefato.net\/?p=1813#breadcrumb\",\"itemListElement\":[{\"@type\":\"ListItem\",\"position\":1,\"name\":\"In\u00edcio\",\"item\":\"https:\/\/noticiasdefato.net\/\"},{\"@type\":\"ListItem\",\"position\":2,\"name\":\"SOBE A CONTA DE LUZ: GOVERNO ACIONA BANDEIRA VERMELHA\"}]},{\"@type\":\"WebSite\",\"@id\":\"https:\/\/noticiasdefato.net\/#website\",\"url\":\"https:\/\/noticiasdefato.net\/\",\"name\":\"Not\u00edcias de Fato\",\"description\":\"Trabalhamos com honestidade, seriedade e com a verdade.\",\"publisher\":{\"@id\":\"https:\/\/noticiasdefato.net\/#organization\"},\"potentialAction\":[{\"@type\":\"SearchAction\",\"target\":{\"@type\":\"EntryPoint\",\"urlTemplate\":\"https:\/\/noticiasdefato.net\/?s={search_term_string}\"},\"query-input\":\"required name=search_term_string\"}],\"inLanguage\":\"pt-BR\"},{\"@type\":\"Organization\",\"@id\":\"https:\/\/noticiasdefato.net\/#organization\",\"name\":\"Not\u00edcias de Fato\",\"url\":\"https:\/\/noticiasdefato.net\/\",\"logo\":{\"@type\":\"ImageObject\",\"inLanguage\":\"pt-BR\",\"@id\":\"https:\/\/noticiasdefato.net\/#\/schema\/logo\/image\/\",\"url\":\"https:\/\/noticiasdefato.net\/wp-content\/uploads\/2024\/02\/cropped-logo_topo.png\",\"contentUrl\":\"https:\/\/noticiasdefato.net\/wp-content\/uploads\/2024\/02\/cropped-logo_topo.png\",\"width\":1948,\"height\":665,\"caption\":\"Not\u00edcias de Fato\"},\"image\":{\"@id\":\"https:\/\/noticiasdefato.net\/#\/schema\/logo\/image\/\"},\"sameAs\":[\"https:\/\/fb.com\/noticiasdefato.jornal\",\"https:\/\/x.com\/noticiasdefato_\",\"https:\/\/instagram.com\/noticiasdefato.jornal\",\"https:\/\/youtube.com\/@JornalNoticiasDeFato\"]},{\"@type\":\"Person\",\"@id\":\"https:\/\/noticiasdefato.net\/#\/schema\/person\/982ce60211d95acf059cd702aa260d08\",\"name\":\"Noticias de Fato\",\"image\":{\"@type\":\"ImageObject\",\"inLanguage\":\"pt-BR\",\"@id\":\"https:\/\/noticiasdefato.net\/#\/schema\/person\/image\/\",\"url\":\"https:\/\/secure.gravatar.com\/avatar\/700227fab2316f0366a1b5d4988d10f847249cf13293450527ac9553c994611a?s=96&d=mm&r=g\",\"contentUrl\":\"https:\/\/secure.gravatar.com\/avatar\/700227fab2316f0366a1b5d4988d10f847249cf13293450527ac9553c994611a?s=96&d=mm&r=g\",\"caption\":\"Noticias de Fato\"},\"sameAs\":[\"https:\/\/noticiasdefato.net\",\"http:\/\/fb.com\/\/noticiasdefato.jornal\",\"https:\/\/x.com\/https:\/\/twitter.com\/NoticiasDeFato_\"],\"url\":\"https:\/\/noticiasdefato.net\/?author=1\"}]}<\/script>\n<!-- \/ Yoast SEO plugin. -->","yoast_head_json":{"title":"SOBE A CONTA DE LUZ: GOVERNO ACIONA BANDEIRA VERMELHA - Not\u00edcias de Fato","description":"Decis\u00e3o foi anunciada pela Aneel nesta sexta-feira, 30.","robots":{"index":"index","follow":"follow","max-snippet":"max-snippet:-1","max-image-preview":"max-image-preview:large","max-video-preview":"max-video-preview:-1"},"canonical":"https:\/\/noticiasdefato.net\/?p=1813","og_locale":"pt_BR","og_type":"article","og_title":"SOBE A CONTA DE LUZ: GOVERNO ACIONA BANDEIRA VERMELHA - Not\u00edcias de Fato","og_description":"Decis\u00e3o foi anunciada pela Aneel nesta sexta-feira, 30.","og_url":"https:\/\/noticiasdefato.net\/?p=1813","og_site_name":"Not\u00edcias de Fato","article_publisher":"https:\/\/fb.com\/noticiasdefato.jornal","article_author":"http:\/\/fb.com\/\/noticiasdefato.jornal","article_published_time":"2024-10-01T15:04:49+00:00","article_modified_time":"2024-10-10T13:32:31+00:00","og_image":[{"width":1024,"height":576,"url":"https:\/\/noticiasdefato.net\/wp-content\/uploads\/2024\/10\/Imagem-do-WhatsApp-de-2024-10-01-as-06.55.17_17a1fdb7.jpg","type":"image\/jpeg"}],"author":"Noticias de Fato","twitter_card":"summary_large_image","twitter_creator":"@https:\/\/twitter.com\/NoticiasDeFato_","twitter_site":"@noticiasdefato_","twitter_misc":{"Escrito por":"Noticias de Fato","Est. tempo de leitura":"2 minutos"},"schema":{"@context":"https:\/\/schema.org","@graph":[{"@type":"Article","@id":"https:\/\/noticiasdefato.net\/?p=1813#article","isPartOf":{"@id":"https:\/\/noticiasdefato.net\/?p=1813"},"author":{"name":"Noticias de Fato","@id":"https:\/\/noticiasdefato.net\/#\/schema\/person\/982ce60211d95acf059cd702aa260d08"},"headline":"SOBE A CONTA DE LUZ: GOVERNO ACIONA BANDEIRA VERMELHA","datePublished":"2024-10-01T15:04:49+00:00","dateModified":"2024-10-10T13:32:31+00:00","mainEntityOfPage":{"@id":"https:\/\/noticiasdefato.net\/?p=1813"},"wordCount":275,"commentCount":0,"publisher":{"@id":"https:\/\/noticiasdefato.net\/#organization"},"image":{"@id":"https:\/\/noticiasdefato.net\/?p=1813#primaryimage"},"thumbnailUrl":"https:\/\/noticiasdefato.net\/wp-content\/uploads\/2024\/10\/Imagem-do-WhatsApp-de-2024-10-01-as-06.55.17_17a1fdb7.jpg","articleSection":["Geral"],"inLanguage":"pt-BR","potentialAction":[{"@type":"CommentAction","name":"Comment","target":["https:\/\/noticiasdefato.net\/?p=1813#respond"]}]},{"@type":"WebPage","@id":"https:\/\/noticiasdefato.net\/?p=1813","url":"https:\/\/noticiasdefato.net\/?p=1813","name":"SOBE A CONTA DE LUZ: GOVERNO ACIONA BANDEIRA VERMELHA - Not\u00edcias de Fato","isPartOf":{"@id":"https:\/\/noticiasdefato.net\/#website"},"primaryImageOfPage":{"@id":"https:\/\/noticiasdefato.net\/?p=1813#primaryimage"},"image":{"@id":"https:\/\/noticiasdefato.net\/?p=1813#primaryimage"},"thumbnailUrl":"https:\/\/noticiasdefato.net\/wp-content\/uploads\/2024\/10\/Imagem-do-WhatsApp-de-2024-10-01-as-06.55.17_17a1fdb7.jpg","datePublished":"2024-10-01T15:04:49+00:00","dateModified":"2024-10-10T13:32:31+00:00","description":"Decis\u00e3o foi anunciada pela Aneel nesta sexta-feira, 30.","breadcrumb":{"@id":"https:\/\/noticiasdefato.net\/?p=1813#breadcrumb"},"inLanguage":"pt-BR","potentialAction":[{"@type":"ReadAction","target":["https:\/\/noticiasdefato.net\/?p=1813"]}]},{"@type":"ImageObject","inLanguage":"pt-BR","@id":"https:\/\/noticiasdefato.net\/?p=1813#primaryimage","url":"https:\/\/noticiasdefato.net\/wp-content\/uploads\/2024\/10\/Imagem-do-WhatsApp-de-2024-10-01-as-06.55.17_17a1fdb7.jpg","contentUrl":"https:\/\/noticiasdefato.net\/wp-content\/uploads\/2024\/10\/Imagem-do-WhatsApp-de-2024-10-01-as-06.55.17_17a1fdb7.jpg","width":1024,"height":576},{"@type":"BreadcrumbList","@id":"https:\/\/noticiasdefato.net\/?p=1813#breadcrumb","itemListElement":[{"@type":"ListItem","position":1,"name":"In\u00edcio","item":"https:\/\/noticiasdefato.net\/"},{"@type":"ListItem","position":2,"name":"SOBE A CONTA DE LUZ: GOVERNO ACIONA BANDEIRA VERMELHA"}]},{"@type":"WebSite","@id":"https:\/\/noticiasdefato.net\/#website","url":"https:\/\/noticiasdefato.net\/","name":"Not\u00edcias de Fato","description":"Trabalhamos com honestidade, seriedade e com a verdade.","publisher":{"@id":"https:\/\/noticiasdefato.net\/#organization"},"potentialAction":[{"@type":"SearchAction","target":{"@type":"EntryPoint","urlTemplate":"https:\/\/noticiasdefato.net\/?s={search_term_string}"},"query-input":"required name=search_term_string"}],"inLanguage":"pt-BR"},{"@type":"Organization","@id":"https:\/\/noticiasdefato.net\/#organization","name":"Not\u00edcias de Fato","url":"https:\/\/noticiasdefato.net\/","logo":{"@type":"ImageObject","inLanguage":"pt-BR","@id":"https:\/\/noticiasdefato.net\/#\/schema\/logo\/image\/","url":"https:\/\/noticiasdefato.net\/wp-content\/uploads\/2024\/02\/cropped-logo_topo.png","contentUrl":"https:\/\/noticiasdefato.net\/wp-content\/uploads\/2024\/02\/cropped-logo_topo.png","width":1948,"height":665,"caption":"Not\u00edcias de Fato"},"image":{"@id":"https:\/\/noticiasdefato.net\/#\/schema\/logo\/image\/"},"sameAs":["https:\/\/fb.com\/noticiasdefato.jornal","https:\/\/x.com\/noticiasdefato_","https:\/\/instagram.com\/noticiasdefato.jornal","https:\/\/youtube.com\/@JornalNoticiasDeFato"]},{"@type":"Person","@id":"https:\/\/noticiasdefato.net\/#\/schema\/person\/982ce60211d95acf059cd702aa260d08","name":"Noticias de Fato","image":{"@type":"ImageObject","inLanguage":"pt-BR","@id":"https:\/\/noticiasdefato.net\/#\/schema\/person\/image\/","url":"https:\/\/secure.gravatar.com\/avatar\/700227fab2316f0366a1b5d4988d10f847249cf13293450527ac9553c994611a?s=96&d=mm&r=g","contentUrl":"https:\/\/secure.gravatar.com\/avatar\/700227fab2316f0366a1b5d4988d10f847249cf13293450527ac9553c994611a?s=96&d=mm&r=g","caption":"Noticias de Fato"},"sameAs":["https:\/\/noticiasdefato.net","http:\/\/fb.com\/\/noticiasdefato.jornal","https:\/\/x.com\/https:\/\/twitter.com\/NoticiasDeFato_"],"url":"https:\/\/noticiasdefato.net\/?author=1"}]}},"_links":{"self":[{"href":"https:\/\/noticiasdefato.net\/index.php?rest_route=\/wp\/v2\/posts\/1813","targetHints":{"allow":["GET"]}}],"collection":[{"href":"https:\/\/noticiasdefato.net\/index.php?rest_route=\/wp\/v2\/posts"}],"about":[{"href":"https:\/\/noticiasdefato.net\/index.php?rest_route=\/wp\/v2\/types\/post"}],"author":[{"embeddable":true,"href":"https:\/\/noticiasdefato.net\/index.php?rest_route=\/wp\/v2\/users\/1"}],"replies":[{"embeddable":true,"href":"https:\/\/noticiasdefato.net\/index.php?rest_route=%2Fwp%2Fv2%2Fcomments&post=1813"}],"version-history":[{"count":1,"href":"https:\/\/noticiasdefato.net\/index.php?rest_route=\/wp\/v2\/posts\/1813\/revisions"}],"predecessor-version":[{"id":1815,"href":"https:\/\/noticiasdefato.net\/index.php?rest_route=\/wp\/v2\/posts\/1813\/revisions\/1815"}],"wp:featuredmedia":[{"embeddable":true,"href":"https:\/\/noticiasdefato.net\/index.php?rest_route=\/wp\/v2\/media\/1814"}],"wp:attachment":[{"href":"https:\/\/noticiasdefato.net\/index.php?rest_route=%2Fwp%2Fv2%2Fmedia&parent=1813"}],"wp:term":[{"taxonomy":"category","embeddable":true,"href":"https:\/\/noticiasdefato.net\/index.php?rest_route=%2Fwp%2Fv2%2Fcategories&post=1813"},{"taxonomy":"post_tag","embeddable":true,"href":"https:\/\/noticiasdefato.net\/index.php?rest_route=%2Fwp%2Fv2%2Ftags&post=1813"}],"curies":[{"name":"wp","href":"https:\/\/api.w.org\/{rel}","templated":true}]}}