{"id":1847,"date":"2024-10-03T19:29:05","date_gmt":"2024-10-03T22:29:05","guid":{"rendered":"https:\/\/noticiasdefato.net\/?p=1847"},"modified":"2024-10-10T10:32:10","modified_gmt":"2024-10-10T13:32:10","slug":"epr-divulga-nota-sobre-recuperacao-da-lincoln-westin","status":"publish","type":"post","link":"https:\/\/noticiasdefato.net\/?p=1847","title":{"rendered":"EPR DIVULGA NOTA SOBRE RECUPERA\u00c7\u00c3O DA LINCOLN\u00a0WESTIN"},"content":{"rendered":"\n<p><em>Obras iniciadas pela concession\u00e1ria, nesta segunda-feira (30), ocorrem das 7h \u00e0s 18h, e t\u00eam previs\u00e3o de conclus\u00e3o de 12 dias. Prefeito tira foto como figurante na obra.<\/em><\/p>\n\n\n\n<p>O asfalto que est\u00e1 sendo retirado foi feito pelo ent\u00e3o prefeito Luizinho (PT), em v\u00e9spera do per\u00edodo eleitoral de 2020. Ou seja, o asfalto durou menos de cinco anos. A baixa durabilidade do asfalto da referida avenida nada ter a ver com o tr\u00e1fego de ve\u00edculos pesados, j\u00e1 que o asfalto que existia antes do recapeamento feito por Luizinho e Fabinho, foi feito nos anos 80, e suportou por quase 40 anos o tr\u00e1fego de ve\u00edculos pesados na avenida.<\/p>\n\n\n\n<p><strong>FIGURANTE E ENGENHEIRO DE OBRA ALHEIA<\/strong><\/p>\n\n\n\n<p>No in\u00edcio da semana, o prefeito F\u00e1bio (PT) fez uma postagem em sua rede social Facebook, com os dizeres &#8220;Reparo no asfalto da Lincoln Westin&#8221;, seguido de uma foto dele olhando a obra de reparo. A imagem postada, passa a sensa\u00e7\u00e3o de que a gest\u00e3o dele \u00e9 que esteja realizando a obra de troca do asfalto da Avenida Lincoln Westin da Silveira. Mas, na verdade, a obra est\u00e1 sendo realizada pela concession\u00e1ria EPR.<\/p>\n\n\n<div class=\"wp-block-image\">\n<figure class=\"aligncenter size-full\"><img fetchpriority=\"high\" decoding=\"async\" width=\"497\" height=\"317\" src=\"https:\/\/noticiasdefato.net\/wp-content\/uploads\/2024\/10\/image-9.png\" alt=\"\" class=\"wp-image-1848\" srcset=\"https:\/\/noticiasdefato.net\/wp-content\/uploads\/2024\/10\/image-9.png 497w, https:\/\/noticiasdefato.net\/wp-content\/uploads\/2024\/10\/image-9-300x191.png 300w, https:\/\/noticiasdefato.net\/wp-content\/uploads\/2024\/10\/image-9-141x90.png 141w\" sizes=\"(max-width: 497px) 100vw, 497px\" \/><\/figure>\n<\/div>\n\n\n<p><\/p>\n\n\n\n<p><strong> CONCESSION\u00c1RIA EPR EMITE NOTA SOBRE A OBRA<\/strong><\/p>\n\n\n\n<p>A EPR Vias do Caf\u00e9 est\u00e1 recuperando um trecho de aproximadamente dois quil\u00f4metros da CMG-369 no per\u00edmetro urbano de Alfenas, na avenida Lincoln Westin da Silveira. As melhorias foram iniciadas nesta segunda-feira (30) e t\u00eam previs\u00e3o de conclus\u00e3o em 12 dias, dependendo das condi\u00e7\u00f5es clim\u00e1ticas. Para minimizar os impactos no tr\u00e1fego, as obras de recupera\u00e7\u00e3o no pavimento est\u00e3o sendo executadas em sistema pare e siga, com previs\u00e3o de interrup\u00e7\u00f5es totais na pista em determinados hor\u00e1rios do dia. A concession\u00e1ria orienta os usu\u00e1rios que busquem rotas alternativas no hor\u00e1rio de execu\u00e7\u00e3o dos trabalhos entre 7H e 18H.<\/p>\n\n\n\n<p>Para a realiza\u00e7\u00e3o da obra est\u00e1 sendo utilizado o m\u00e9todo de fresagem do revestimento degradado, que consiste na retirada da camada superior de asfalto e aplica\u00e7\u00e3o de uma nova camada com adi\u00e7\u00e3o de pol\u00edmero. \u201cEssa tecnologia garante maior durabilidade do pavimento, gerando menor impacto ao meio-ambiente com futuras manuten\u00e7\u00f5es\u201d, afirma Jos\u00e9 Salim Fraiha, diretor-executivo da EPR Vias do Caf\u00e9.\u201d<\/p>\n\n\n\n<p>Durante o per\u00edodo de execu\u00e7\u00e3o das obras, 26 profissionais atuam na execu\u00e7\u00e3o da recupera\u00e7\u00e3o da pista e na sinaliza\u00e7\u00e3o do local. \u201cComo se trata de um per\u00edmetro urbano \u00e9 necess\u00e1rio aten\u00e7\u00e3o redobrada dos motoristas \u00e0 sinaliza\u00e7\u00e3o para evitarmos riscos de acidentes. Nossa recomenda\u00e7\u00e3o \u00e9 para que o usu\u00e1rio programe seu deslocamento fora do hor\u00e1rio de execu\u00e7\u00e3o da obra ou procure rotas alternativas evitando passar pelo local\u201d, refor\u00e7a&nbsp;Jos\u00e9&nbsp;Salim.<\/p>\n\n\n\n<p><\/p>\n","protected":false},"excerpt":{"rendered":"<p>Obras iniciadas pela concession\u00e1ria, nesta segunda-feira (30), ocorrem das 7h \u00e0s 18h, e t\u00eam previs\u00e3o de conclus\u00e3o de 12 dias. Prefeito tira foto como figurante na obra. <a href=\"https:\/\/noticiasdefato.net\/?p=1847\" class=\"more-link\">Continuar lendo <span class=\"screen-reader-text\">EPR DIVULGA NOTA SOBRE RECUPERA\u00c7\u00c3O DA LINCOLN\u00a0WESTIN<\/span><\/a><\/p>\n","protected":false},"author":1,"featured_media":1849,"comment_status":"open","ping_status":"open","sticky":false,"template":"","format":"standard","meta":{"footnotes":""},"categories":[23],"tags":[],"class_list":["post-1847","post","type-post","status-publish","format-standard","has-post-thumbnail","hentry","category-transito"],"yoast_head":"<!-- This site is optimized with the Yoast SEO plugin v23.2 - https:\/\/yoast.com\/wordpress\/plugins\/seo\/ -->\n<title>EPR DIVULGA NOTA SOBRE RECUPERA\u00c7\u00c3O DA LINCOLN\u00a0WESTIN - Not\u00edcias de Fato<\/title>\n<meta name=\"description\" content=\"Obras iniciadas pela concession\u00e1ria, nesta segunda-feira (30), ocorrem das 7h \u00e0s 18h, e t\u00eam previs\u00e3o de conclus\u00e3o de 12 dias. Prefeito tira foto como figurante na obra.\" \/>\n<meta name=\"robots\" content=\"index, follow, max-snippet:-1, max-image-preview:large, max-video-preview:-1\" \/>\n<link rel=\"canonical\" href=\"https:\/\/noticiasdefato.net\/?p=1847\" \/>\n<meta property=\"og:locale\" content=\"pt_BR\" \/>\n<meta property=\"og:type\" content=\"article\" \/>\n<meta property=\"og:title\" content=\"EPR DIVULGA NOTA SOBRE RECUPERA\u00c7\u00c3O DA LINCOLN\u00a0WESTIN - Not\u00edcias de Fato\" \/>\n<meta property=\"og:description\" content=\"Obras iniciadas pela concession\u00e1ria, nesta segunda-feira (30), ocorrem das 7h \u00e0s 18h, e t\u00eam previs\u00e3o de conclus\u00e3o de 12 dias. Prefeito tira foto como figurante na obra.\" \/>\n<meta property=\"og:url\" content=\"https:\/\/noticiasdefato.net\/?p=1847\" \/>\n<meta property=\"og:site_name\" content=\"Not\u00edcias de Fato\" \/>\n<meta property=\"article:publisher\" content=\"https:\/\/fb.com\/noticiasdefato.jornal\" \/>\n<meta property=\"article:author\" content=\"http:\/\/fb.com\/\/noticiasdefato.jornal\" \/>\n<meta property=\"article:published_time\" content=\"2024-10-03T22:29:05+00:00\" \/>\n<meta property=\"article:modified_time\" content=\"2024-10-10T13:32:10+00:00\" \/>\n<meta property=\"og:image\" content=\"https:\/\/noticiasdefato.net\/wp-content\/uploads\/2024\/10\/Imagem-do-WhatsApp-de-2024-10-03-as-10.59.18_29a0572a.jpg\" \/>\n\t<meta property=\"og:image:width\" content=\"768\" \/>\n\t<meta property=\"og:image:height\" content=\"576\" \/>\n\t<meta property=\"og:image:type\" content=\"image\/jpeg\" \/>\n<meta name=\"author\" content=\"Noticias de Fato\" \/>\n<meta name=\"twitter:card\" content=\"summary_large_image\" \/>\n<meta name=\"twitter:creator\" content=\"@https:\/\/twitter.com\/NoticiasDeFato_\" \/>\n<meta name=\"twitter:site\" content=\"@noticiasdefato_\" \/>\n<meta name=\"twitter:label1\" content=\"Escrito por\" \/>\n\t<meta name=\"twitter:data1\" content=\"Noticias de Fato\" \/>\n\t<meta name=\"twitter:label2\" content=\"Est. tempo de leitura\" \/>\n\t<meta name=\"twitter:data2\" content=\"3 minutos\" \/>\n<script type=\"application\/ld+json\" class=\"yoast-schema-graph\">{\"@context\":\"https:\/\/schema.org\",\"@graph\":[{\"@type\":\"Article\",\"@id\":\"https:\/\/noticiasdefato.net\/?p=1847#article\",\"isPartOf\":{\"@id\":\"https:\/\/noticiasdefato.net\/?p=1847\"},\"author\":{\"name\":\"Noticias de Fato\",\"@id\":\"https:\/\/noticiasdefato.net\/#\/schema\/person\/982ce60211d95acf059cd702aa260d08\"},\"headline\":\"EPR DIVULGA NOTA SOBRE RECUPERA\u00c7\u00c3O DA LINCOLN\u00a0WESTIN\",\"datePublished\":\"2024-10-03T22:29:05+00:00\",\"dateModified\":\"2024-10-10T13:32:10+00:00\",\"mainEntityOfPage\":{\"@id\":\"https:\/\/noticiasdefato.net\/?p=1847\"},\"wordCount\":469,\"commentCount\":0,\"publisher\":{\"@id\":\"https:\/\/noticiasdefato.net\/#organization\"},\"image\":{\"@id\":\"https:\/\/noticiasdefato.net\/?p=1847#primaryimage\"},\"thumbnailUrl\":\"https:\/\/noticiasdefato.net\/wp-content\/uploads\/2024\/10\/Imagem-do-WhatsApp-de-2024-10-03-as-10.59.18_29a0572a.jpg\",\"articleSection\":[\"Tr\u00e2nsito\"],\"inLanguage\":\"pt-BR\",\"potentialAction\":[{\"@type\":\"CommentAction\",\"name\":\"Comment\",\"target\":[\"https:\/\/noticiasdefato.net\/?p=1847#respond\"]}]},{\"@type\":\"WebPage\",\"@id\":\"https:\/\/noticiasdefato.net\/?p=1847\",\"url\":\"https:\/\/noticiasdefato.net\/?p=1847\",\"name\":\"EPR DIVULGA NOTA SOBRE RECUPERA\u00c7\u00c3O DA LINCOLN\u00a0WESTIN - Not\u00edcias de Fato\",\"isPartOf\":{\"@id\":\"https:\/\/noticiasdefato.net\/#website\"},\"primaryImageOfPage\":{\"@id\":\"https:\/\/noticiasdefato.net\/?p=1847#primaryimage\"},\"image\":{\"@id\":\"https:\/\/noticiasdefato.net\/?p=1847#primaryimage\"},\"thumbnailUrl\":\"https:\/\/noticiasdefato.net\/wp-content\/uploads\/2024\/10\/Imagem-do-WhatsApp-de-2024-10-03-as-10.59.18_29a0572a.jpg\",\"datePublished\":\"2024-10-03T22:29:05+00:00\",\"dateModified\":\"2024-10-10T13:32:10+00:00\",\"description\":\"Obras iniciadas pela concession\u00e1ria, nesta segunda-feira (30), ocorrem das 7h \u00e0s 18h, e t\u00eam previs\u00e3o de conclus\u00e3o de 12 dias. Prefeito tira foto como figurante na obra.\",\"breadcrumb\":{\"@id\":\"https:\/\/noticiasdefato.net\/?p=1847#breadcrumb\"},\"inLanguage\":\"pt-BR\",\"potentialAction\":[{\"@type\":\"ReadAction\",\"target\":[\"https:\/\/noticiasdefato.net\/?p=1847\"]}]},{\"@type\":\"ImageObject\",\"inLanguage\":\"pt-BR\",\"@id\":\"https:\/\/noticiasdefato.net\/?p=1847#primaryimage\",\"url\":\"https:\/\/noticiasdefato.net\/wp-content\/uploads\/2024\/10\/Imagem-do-WhatsApp-de-2024-10-03-as-10.59.18_29a0572a.jpg\",\"contentUrl\":\"https:\/\/noticiasdefato.net\/wp-content\/uploads\/2024\/10\/Imagem-do-WhatsApp-de-2024-10-03-as-10.59.18_29a0572a.jpg\",\"width\":768,\"height\":576},{\"@type\":\"BreadcrumbList\",\"@id\":\"https:\/\/noticiasdefato.net\/?p=1847#breadcrumb\",\"itemListElement\":[{\"@type\":\"ListItem\",\"position\":1,\"name\":\"In\u00edcio\",\"item\":\"https:\/\/noticiasdefato.net\/\"},{\"@type\":\"ListItem\",\"position\":2,\"name\":\"EPR DIVULGA NOTA SOBRE RECUPERA\u00c7\u00c3O DA LINCOLN\u00a0WESTIN\"}]},{\"@type\":\"WebSite\",\"@id\":\"https:\/\/noticiasdefato.net\/#website\",\"url\":\"https:\/\/noticiasdefato.net\/\",\"name\":\"Not\u00edcias de Fato\",\"description\":\"Trabalhamos com honestidade, seriedade e com a verdade.\",\"publisher\":{\"@id\":\"https:\/\/noticiasdefato.net\/#organization\"},\"potentialAction\":[{\"@type\":\"SearchAction\",\"target\":{\"@type\":\"EntryPoint\",\"urlTemplate\":\"https:\/\/noticiasdefato.net\/?s={search_term_string}\"},\"query-input\":\"required name=search_term_string\"}],\"inLanguage\":\"pt-BR\"},{\"@type\":\"Organization\",\"@id\":\"https:\/\/noticiasdefato.net\/#organization\",\"name\":\"Not\u00edcias de Fato\",\"url\":\"https:\/\/noticiasdefato.net\/\",\"logo\":{\"@type\":\"ImageObject\",\"inLanguage\":\"pt-BR\",\"@id\":\"https:\/\/noticiasdefato.net\/#\/schema\/logo\/image\/\",\"url\":\"https:\/\/noticiasdefato.net\/wp-content\/uploads\/2024\/02\/cropped-logo_topo.png\",\"contentUrl\":\"https:\/\/noticiasdefato.net\/wp-content\/uploads\/2024\/02\/cropped-logo_topo.png\",\"width\":1948,\"height\":665,\"caption\":\"Not\u00edcias de Fato\"},\"image\":{\"@id\":\"https:\/\/noticiasdefato.net\/#\/schema\/logo\/image\/\"},\"sameAs\":[\"https:\/\/fb.com\/noticiasdefato.jornal\",\"https:\/\/x.com\/noticiasdefato_\",\"https:\/\/instagram.com\/noticiasdefato.jornal\",\"https:\/\/youtube.com\/@JornalNoticiasDeFato\"]},{\"@type\":\"Person\",\"@id\":\"https:\/\/noticiasdefato.net\/#\/schema\/person\/982ce60211d95acf059cd702aa260d08\",\"name\":\"Noticias de Fato\",\"image\":{\"@type\":\"ImageObject\",\"inLanguage\":\"pt-BR\",\"@id\":\"https:\/\/noticiasdefato.net\/#\/schema\/person\/image\/\",\"url\":\"https:\/\/secure.gravatar.com\/avatar\/700227fab2316f0366a1b5d4988d10f847249cf13293450527ac9553c994611a?s=96&d=mm&r=g\",\"contentUrl\":\"https:\/\/secure.gravatar.com\/avatar\/700227fab2316f0366a1b5d4988d10f847249cf13293450527ac9553c994611a?s=96&d=mm&r=g\",\"caption\":\"Noticias de Fato\"},\"sameAs\":[\"https:\/\/noticiasdefato.net\",\"http:\/\/fb.com\/\/noticiasdefato.jornal\",\"https:\/\/x.com\/https:\/\/twitter.com\/NoticiasDeFato_\"],\"url\":\"https:\/\/noticiasdefato.net\/?author=1\"}]}<\/script>\n<!-- \/ Yoast SEO plugin. -->","yoast_head_json":{"title":"EPR DIVULGA NOTA SOBRE RECUPERA\u00c7\u00c3O DA LINCOLN\u00a0WESTIN - Not\u00edcias de Fato","description":"Obras iniciadas pela concession\u00e1ria, nesta segunda-feira (30), ocorrem das 7h \u00e0s 18h, e t\u00eam previs\u00e3o de conclus\u00e3o de 12 dias. Prefeito tira foto como figurante na obra.","robots":{"index":"index","follow":"follow","max-snippet":"max-snippet:-1","max-image-preview":"max-image-preview:large","max-video-preview":"max-video-preview:-1"},"canonical":"https:\/\/noticiasdefato.net\/?p=1847","og_locale":"pt_BR","og_type":"article","og_title":"EPR DIVULGA NOTA SOBRE RECUPERA\u00c7\u00c3O DA LINCOLN\u00a0WESTIN - Not\u00edcias de Fato","og_description":"Obras iniciadas pela concession\u00e1ria, nesta segunda-feira (30), ocorrem das 7h \u00e0s 18h, e t\u00eam previs\u00e3o de conclus\u00e3o de 12 dias. Prefeito tira foto como figurante na obra.","og_url":"https:\/\/noticiasdefato.net\/?p=1847","og_site_name":"Not\u00edcias de Fato","article_publisher":"https:\/\/fb.com\/noticiasdefato.jornal","article_author":"http:\/\/fb.com\/\/noticiasdefato.jornal","article_published_time":"2024-10-03T22:29:05+00:00","article_modified_time":"2024-10-10T13:32:10+00:00","og_image":[{"width":768,"height":576,"url":"https:\/\/noticiasdefato.net\/wp-content\/uploads\/2024\/10\/Imagem-do-WhatsApp-de-2024-10-03-as-10.59.18_29a0572a.jpg","type":"image\/jpeg"}],"author":"Noticias de Fato","twitter_card":"summary_large_image","twitter_creator":"@https:\/\/twitter.com\/NoticiasDeFato_","twitter_site":"@noticiasdefato_","twitter_misc":{"Escrito por":"Noticias de Fato","Est. tempo de leitura":"3 minutos"},"schema":{"@context":"https:\/\/schema.org","@graph":[{"@type":"Article","@id":"https:\/\/noticiasdefato.net\/?p=1847#article","isPartOf":{"@id":"https:\/\/noticiasdefato.net\/?p=1847"},"author":{"name":"Noticias de Fato","@id":"https:\/\/noticiasdefato.net\/#\/schema\/person\/982ce60211d95acf059cd702aa260d08"},"headline":"EPR DIVULGA NOTA SOBRE RECUPERA\u00c7\u00c3O DA LINCOLN\u00a0WESTIN","datePublished":"2024-10-03T22:29:05+00:00","dateModified":"2024-10-10T13:32:10+00:00","mainEntityOfPage":{"@id":"https:\/\/noticiasdefato.net\/?p=1847"},"wordCount":469,"commentCount":0,"publisher":{"@id":"https:\/\/noticiasdefato.net\/#organization"},"image":{"@id":"https:\/\/noticiasdefato.net\/?p=1847#primaryimage"},"thumbnailUrl":"https:\/\/noticiasdefato.net\/wp-content\/uploads\/2024\/10\/Imagem-do-WhatsApp-de-2024-10-03-as-10.59.18_29a0572a.jpg","articleSection":["Tr\u00e2nsito"],"inLanguage":"pt-BR","potentialAction":[{"@type":"CommentAction","name":"Comment","target":["https:\/\/noticiasdefato.net\/?p=1847#respond"]}]},{"@type":"WebPage","@id":"https:\/\/noticiasdefato.net\/?p=1847","url":"https:\/\/noticiasdefato.net\/?p=1847","name":"EPR DIVULGA NOTA SOBRE RECUPERA\u00c7\u00c3O DA LINCOLN\u00a0WESTIN - Not\u00edcias de Fato","isPartOf":{"@id":"https:\/\/noticiasdefato.net\/#website"},"primaryImageOfPage":{"@id":"https:\/\/noticiasdefato.net\/?p=1847#primaryimage"},"image":{"@id":"https:\/\/noticiasdefato.net\/?p=1847#primaryimage"},"thumbnailUrl":"https:\/\/noticiasdefato.net\/wp-content\/uploads\/2024\/10\/Imagem-do-WhatsApp-de-2024-10-03-as-10.59.18_29a0572a.jpg","datePublished":"2024-10-03T22:29:05+00:00","dateModified":"2024-10-10T13:32:10+00:00","description":"Obras iniciadas pela concession\u00e1ria, nesta segunda-feira (30), ocorrem das 7h \u00e0s 18h, e t\u00eam previs\u00e3o de conclus\u00e3o de 12 dias. Prefeito tira foto como figurante na obra.","breadcrumb":{"@id":"https:\/\/noticiasdefato.net\/?p=1847#breadcrumb"},"inLanguage":"pt-BR","potentialAction":[{"@type":"ReadAction","target":["https:\/\/noticiasdefato.net\/?p=1847"]}]},{"@type":"ImageObject","inLanguage":"pt-BR","@id":"https:\/\/noticiasdefato.net\/?p=1847#primaryimage","url":"https:\/\/noticiasdefato.net\/wp-content\/uploads\/2024\/10\/Imagem-do-WhatsApp-de-2024-10-03-as-10.59.18_29a0572a.jpg","contentUrl":"https:\/\/noticiasdefato.net\/wp-content\/uploads\/2024\/10\/Imagem-do-WhatsApp-de-2024-10-03-as-10.59.18_29a0572a.jpg","width":768,"height":576},{"@type":"BreadcrumbList","@id":"https:\/\/noticiasdefato.net\/?p=1847#breadcrumb","itemListElement":[{"@type":"ListItem","position":1,"name":"In\u00edcio","item":"https:\/\/noticiasdefato.net\/"},{"@type":"ListItem","position":2,"name":"EPR DIVULGA NOTA SOBRE RECUPERA\u00c7\u00c3O DA LINCOLN\u00a0WESTIN"}]},{"@type":"WebSite","@id":"https:\/\/noticiasdefato.net\/#website","url":"https:\/\/noticiasdefato.net\/","name":"Not\u00edcias de Fato","description":"Trabalhamos com honestidade, seriedade e com a verdade.","publisher":{"@id":"https:\/\/noticiasdefato.net\/#organization"},"potentialAction":[{"@type":"SearchAction","target":{"@type":"EntryPoint","urlTemplate":"https:\/\/noticiasdefato.net\/?s={search_term_string}"},"query-input":"required name=search_term_string"}],"inLanguage":"pt-BR"},{"@type":"Organization","@id":"https:\/\/noticiasdefato.net\/#organization","name":"Not\u00edcias de Fato","url":"https:\/\/noticiasdefato.net\/","logo":{"@type":"ImageObject","inLanguage":"pt-BR","@id":"https:\/\/noticiasdefato.net\/#\/schema\/logo\/image\/","url":"https:\/\/noticiasdefato.net\/wp-content\/uploads\/2024\/02\/cropped-logo_topo.png","contentUrl":"https:\/\/noticiasdefato.net\/wp-content\/uploads\/2024\/02\/cropped-logo_topo.png","width":1948,"height":665,"caption":"Not\u00edcias de Fato"},"image":{"@id":"https:\/\/noticiasdefato.net\/#\/schema\/logo\/image\/"},"sameAs":["https:\/\/fb.com\/noticiasdefato.jornal","https:\/\/x.com\/noticiasdefato_","https:\/\/instagram.com\/noticiasdefato.jornal","https:\/\/youtube.com\/@JornalNoticiasDeFato"]},{"@type":"Person","@id":"https:\/\/noticiasdefato.net\/#\/schema\/person\/982ce60211d95acf059cd702aa260d08","name":"Noticias de Fato","image":{"@type":"ImageObject","inLanguage":"pt-BR","@id":"https:\/\/noticiasdefato.net\/#\/schema\/person\/image\/","url":"https:\/\/secure.gravatar.com\/avatar\/700227fab2316f0366a1b5d4988d10f847249cf13293450527ac9553c994611a?s=96&d=mm&r=g","contentUrl":"https:\/\/secure.gravatar.com\/avatar\/700227fab2316f0366a1b5d4988d10f847249cf13293450527ac9553c994611a?s=96&d=mm&r=g","caption":"Noticias de Fato"},"sameAs":["https:\/\/noticiasdefato.net","http:\/\/fb.com\/\/noticiasdefato.jornal","https:\/\/x.com\/https:\/\/twitter.com\/NoticiasDeFato_"],"url":"https:\/\/noticiasdefato.net\/?author=1"}]}},"_links":{"self":[{"href":"https:\/\/noticiasdefato.net\/index.php?rest_route=\/wp\/v2\/posts\/1847","targetHints":{"allow":["GET"]}}],"collection":[{"href":"https:\/\/noticiasdefato.net\/index.php?rest_route=\/wp\/v2\/posts"}],"about":[{"href":"https:\/\/noticiasdefato.net\/index.php?rest_route=\/wp\/v2\/types\/post"}],"author":[{"embeddable":true,"href":"https:\/\/noticiasdefato.net\/index.php?rest_route=\/wp\/v2\/users\/1"}],"replies":[{"embeddable":true,"href":"https:\/\/noticiasdefato.net\/index.php?rest_route=%2Fwp%2Fv2%2Fcomments&post=1847"}],"version-history":[{"count":1,"href":"https:\/\/noticiasdefato.net\/index.php?rest_route=\/wp\/v2\/posts\/1847\/revisions"}],"predecessor-version":[{"id":1850,"href":"https:\/\/noticiasdefato.net\/index.php?rest_route=\/wp\/v2\/posts\/1847\/revisions\/1850"}],"wp:featuredmedia":[{"embeddable":true,"href":"https:\/\/noticiasdefato.net\/index.php?rest_route=\/wp\/v2\/media\/1849"}],"wp:attachment":[{"href":"https:\/\/noticiasdefato.net\/index.php?rest_route=%2Fwp%2Fv2%2Fmedia&parent=1847"}],"wp:term":[{"taxonomy":"category","embeddable":true,"href":"https:\/\/noticiasdefato.net\/index.php?rest_route=%2Fwp%2Fv2%2Fcategories&post=1847"},{"taxonomy":"post_tag","embeddable":true,"href":"https:\/\/noticiasdefato.net\/index.php?rest_route=%2Fwp%2Fv2%2Ftags&post=1847"}],"curies":[{"name":"wp","href":"https:\/\/api.w.org\/{rel}","templated":true}]}}