{"id":1890,"date":"2024-10-09T09:37:17","date_gmt":"2024-10-09T12:37:17","guid":{"rendered":"https:\/\/noticiasdefato.net\/?p=1890"},"modified":"2024-10-17T15:13:07","modified_gmt":"2024-10-17T18:13:07","slug":"sobem-tarifas-dos-pedagios","status":"publish","type":"post","link":"https:\/\/noticiasdefato.net\/?p=1890","title":{"rendered":"SOBEM TARIFAS DOS PED\u00c1GIOS"},"content":{"rendered":"\n<p><em>A partir das 0h desta quarta-feira, 09, entrou em vigor o novo valor das tarifas.<\/em><\/p>\n\n\n\n<p>A partir das 0h desta quarta-feira, 09, entrou em vigor o novo valor das tarifas de ped\u00e1gio em suas pra\u00e7as, conforme delibera\u00e7\u00e3o da Secretaria de Estado de Infraestrutura e Mobilidade de Minas Gerais (SEINFRA) publicada no Di\u00e1rio Oficial do Estado. A medida est\u00e1 prevista no contrato de concess\u00e3o e tem o objetivo de garantir a continuidade dos servi\u00e7os de opera\u00e7\u00e3o, manuten\u00e7\u00e3o e investimentos nas rodovias concedidas.<\/p>\n\n\n\n<p>O valor da tarifa-base para carros de passeio passou de R$ 9,20 para R$ 9,60, revis\u00e3o de acordo com o \u00edndice de infla\u00e7\u00e3o dos \u00faltimos 12 meses. Para usu\u00e1rios frequentes, no entanto, os descontos podem chegar a 98% dentro do mesmo m\u00eas, para motoristas que aderirem ao uso das vias autom\u00e1ticas. O Desconto de Usu\u00e1rio Frequente (DUF) \u00e9 uma inova\u00e7\u00e3o do contrato e gera descontos autom\u00e1ticos para os ve\u00edculos de passeio equipados com TAGs em todas as pra\u00e7as da EPR Sul de Minas.<\/p>\n\n\n\n<p>O contrato de concess\u00e3o prev\u00ea atualiza\u00e7\u00e3o tarif\u00e1ria de acordo com a evolu\u00e7\u00e3o da infla\u00e7\u00e3o a cada anivers\u00e1rio dos servi\u00e7os operacionais. A medida visa garantir o equil\u00edbrio econ\u00f4mico-financeiro do contrato e a sustentabilidade da concess\u00e3o. Os novos valores para cada tipo de ve\u00edculo est\u00e3o dispon\u00edveis no site da EPR Sul de Minas e tamb\u00e9m podem ser consultados diretamente nas pra\u00e7as de ped\u00e1gio.<\/p>\n\n\n\n<p>As pra\u00e7as de ped\u00e1gios s\u00e3o localizadas em:<\/p>\n\n\n\n<p>\u2013 PP 01 \u2013 BR-459 \u2013 km 40,5 \u2013 Caldas<\/p>\n\n\n\n<p>\u2013 PP 02 \u2013 BR-459 \u2013 km 80,9 \u2013 Senador Jos\u00e9 Bento<\/p>\n\n\n\n<p>\u2013 PP 03 \u2013 BR-459 \u2013 km 117,3 \u2013 Santa Rita do Sapuca\u00ed<\/p>\n\n\n\n<p>\u2013 PP 04 \u2013 MGC-146 \u2013 km 622,8 \u2013 Po\u00e7os de Caldas<\/p>\n\n\n\n<p>\u2013 PP 05 \u2013 MG-173 \u2013 km 51,3 \u2013 Gon\u00e7alves<\/p>\n\n\n\n<p>\u2013 PP 06 \u2013 MG-290 \u2013 km 34,5 \u2013 Borda da Mata<\/p>\n\n\n\n<p>\u2013 PP 07 \u2013 MG-290 \u2013 km 71,1 \u2013 Ouro Fino<\/p>\n\n\n\n<p>Novos valores das tarifas de ped\u00e1gio nas pra\u00e7as da EPR Sul de Minas:<\/p>\n\n\n\n<p>Motocicletas, motonetas e bicicletas motorizadas: R$ 4,80<br>Ve\u00edculos de passeio: R$ 9,60<br>Ve\u00edculos comerciais (caminh\u00f5es e \u00f4nibus): valores de acordo com o n\u00famero&nbsp;de&nbsp;eixos.<\/p>\n","protected":false},"excerpt":{"rendered":"<p>A partir das 0h desta quarta-feira, 09, entrou em vigor o novo valor das tarifas. <a href=\"https:\/\/noticiasdefato.net\/?p=1890\" class=\"more-link\">Continuar lendo <span class=\"screen-reader-text\">SOBEM TARIFAS DOS PED\u00c1GIOS<\/span><\/a><\/p>\n","protected":false},"author":1,"featured_media":1891,"comment_status":"open","ping_status":"open","sticky":false,"template":"","format":"standard","meta":{"footnotes":""},"categories":[17],"tags":[],"class_list":["post-1890","post","type-post","status-publish","format-standard","has-post-thumbnail","hentry","category-economia"],"yoast_head":"<!-- This site is optimized with the Yoast SEO plugin v23.2 - https:\/\/yoast.com\/wordpress\/plugins\/seo\/ -->\n<title>SOBEM TARIFAS DOS PED\u00c1GIOS - Not\u00edcias de Fato<\/title>\n<meta name=\"robots\" content=\"index, follow, max-snippet:-1, max-image-preview:large, max-video-preview:-1\" \/>\n<link rel=\"canonical\" href=\"https:\/\/noticiasdefato.net\/?p=1890\" \/>\n<meta property=\"og:locale\" content=\"pt_BR\" \/>\n<meta property=\"og:type\" content=\"article\" \/>\n<meta property=\"og:title\" content=\"SOBEM TARIFAS DOS PED\u00c1GIOS - Not\u00edcias de Fato\" \/>\n<meta property=\"og:description\" content=\"A partir das 0h desta quarta-feira, 09, entrou em vigor o novo valor das tarifas.\" \/>\n<meta property=\"og:url\" content=\"https:\/\/noticiasdefato.net\/?p=1890\" \/>\n<meta property=\"og:site_name\" content=\"Not\u00edcias de Fato\" \/>\n<meta property=\"article:publisher\" content=\"https:\/\/fb.com\/noticiasdefato.jornal\" \/>\n<meta property=\"article:author\" content=\"http:\/\/fb.com\/\/noticiasdefato.jornal\" \/>\n<meta property=\"article:published_time\" content=\"2024-10-09T12:37:17+00:00\" \/>\n<meta property=\"article:modified_time\" content=\"2024-10-17T18:13:07+00:00\" \/>\n<meta property=\"og:image\" content=\"https:\/\/noticiasdefato.net\/wp-content\/uploads\/2024\/10\/Imagem-do-WhatsApp-de-2024-10-08-as-13.43.44_87075c8f.jpg\" \/>\n\t<meta property=\"og:image:width\" content=\"1200\" \/>\n\t<meta property=\"og:image:height\" content=\"900\" \/>\n\t<meta property=\"og:image:type\" content=\"image\/jpeg\" \/>\n<meta name=\"author\" content=\"Noticias de Fato\" \/>\n<meta name=\"twitter:card\" content=\"summary_large_image\" \/>\n<meta name=\"twitter:creator\" content=\"@https:\/\/twitter.com\/NoticiasDeFato_\" \/>\n<meta name=\"twitter:site\" content=\"@noticiasdefato_\" \/>\n<meta name=\"twitter:label1\" content=\"Escrito por\" \/>\n\t<meta name=\"twitter:data1\" content=\"Noticias de Fato\" \/>\n\t<meta name=\"twitter:label2\" content=\"Est. tempo de leitura\" \/>\n\t<meta name=\"twitter:data2\" content=\"2 minutos\" \/>\n<script type=\"application\/ld+json\" class=\"yoast-schema-graph\">{\"@context\":\"https:\/\/schema.org\",\"@graph\":[{\"@type\":\"Article\",\"@id\":\"https:\/\/noticiasdefato.net\/?p=1890#article\",\"isPartOf\":{\"@id\":\"https:\/\/noticiasdefato.net\/?p=1890\"},\"author\":{\"name\":\"Noticias de Fato\",\"@id\":\"https:\/\/noticiasdefato.net\/#\/schema\/person\/982ce60211d95acf059cd702aa260d08\"},\"headline\":\"SOBEM TARIFAS DOS PED\u00c1GIOS\",\"datePublished\":\"2024-10-09T12:37:17+00:00\",\"dateModified\":\"2024-10-17T18:13:07+00:00\",\"mainEntityOfPage\":{\"@id\":\"https:\/\/noticiasdefato.net\/?p=1890\"},\"wordCount\":351,\"commentCount\":0,\"publisher\":{\"@id\":\"https:\/\/noticiasdefato.net\/#organization\"},\"image\":{\"@id\":\"https:\/\/noticiasdefato.net\/?p=1890#primaryimage\"},\"thumbnailUrl\":\"https:\/\/noticiasdefato.net\/wp-content\/uploads\/2024\/10\/Imagem-do-WhatsApp-de-2024-10-08-as-13.43.44_87075c8f.jpg\",\"articleSection\":[\"Economia\"],\"inLanguage\":\"pt-BR\",\"potentialAction\":[{\"@type\":\"CommentAction\",\"name\":\"Comment\",\"target\":[\"https:\/\/noticiasdefato.net\/?p=1890#respond\"]}]},{\"@type\":\"WebPage\",\"@id\":\"https:\/\/noticiasdefato.net\/?p=1890\",\"url\":\"https:\/\/noticiasdefato.net\/?p=1890\",\"name\":\"SOBEM TARIFAS DOS PED\u00c1GIOS - Not\u00edcias de Fato\",\"isPartOf\":{\"@id\":\"https:\/\/noticiasdefato.net\/#website\"},\"primaryImageOfPage\":{\"@id\":\"https:\/\/noticiasdefato.net\/?p=1890#primaryimage\"},\"image\":{\"@id\":\"https:\/\/noticiasdefato.net\/?p=1890#primaryimage\"},\"thumbnailUrl\":\"https:\/\/noticiasdefato.net\/wp-content\/uploads\/2024\/10\/Imagem-do-WhatsApp-de-2024-10-08-as-13.43.44_87075c8f.jpg\",\"datePublished\":\"2024-10-09T12:37:17+00:00\",\"dateModified\":\"2024-10-17T18:13:07+00:00\",\"breadcrumb\":{\"@id\":\"https:\/\/noticiasdefato.net\/?p=1890#breadcrumb\"},\"inLanguage\":\"pt-BR\",\"potentialAction\":[{\"@type\":\"ReadAction\",\"target\":[\"https:\/\/noticiasdefato.net\/?p=1890\"]}]},{\"@type\":\"ImageObject\",\"inLanguage\":\"pt-BR\",\"@id\":\"https:\/\/noticiasdefato.net\/?p=1890#primaryimage\",\"url\":\"https:\/\/noticiasdefato.net\/wp-content\/uploads\/2024\/10\/Imagem-do-WhatsApp-de-2024-10-08-as-13.43.44_87075c8f.jpg\",\"contentUrl\":\"https:\/\/noticiasdefato.net\/wp-content\/uploads\/2024\/10\/Imagem-do-WhatsApp-de-2024-10-08-as-13.43.44_87075c8f.jpg\",\"width\":1200,\"height\":900},{\"@type\":\"BreadcrumbList\",\"@id\":\"https:\/\/noticiasdefato.net\/?p=1890#breadcrumb\",\"itemListElement\":[{\"@type\":\"ListItem\",\"position\":1,\"name\":\"In\u00edcio\",\"item\":\"https:\/\/noticiasdefato.net\/\"},{\"@type\":\"ListItem\",\"position\":2,\"name\":\"SOBEM TARIFAS DOS PED\u00c1GIOS\"}]},{\"@type\":\"WebSite\",\"@id\":\"https:\/\/noticiasdefato.net\/#website\",\"url\":\"https:\/\/noticiasdefato.net\/\",\"name\":\"Not\u00edcias de Fato\",\"description\":\"Trabalhamos com honestidade, seriedade e com a verdade.\",\"publisher\":{\"@id\":\"https:\/\/noticiasdefato.net\/#organization\"},\"potentialAction\":[{\"@type\":\"SearchAction\",\"target\":{\"@type\":\"EntryPoint\",\"urlTemplate\":\"https:\/\/noticiasdefato.net\/?s={search_term_string}\"},\"query-input\":\"required name=search_term_string\"}],\"inLanguage\":\"pt-BR\"},{\"@type\":\"Organization\",\"@id\":\"https:\/\/noticiasdefato.net\/#organization\",\"name\":\"Not\u00edcias de Fato\",\"url\":\"https:\/\/noticiasdefato.net\/\",\"logo\":{\"@type\":\"ImageObject\",\"inLanguage\":\"pt-BR\",\"@id\":\"https:\/\/noticiasdefato.net\/#\/schema\/logo\/image\/\",\"url\":\"https:\/\/noticiasdefato.net\/wp-content\/uploads\/2024\/02\/cropped-logo_topo.png\",\"contentUrl\":\"https:\/\/noticiasdefato.net\/wp-content\/uploads\/2024\/02\/cropped-logo_topo.png\",\"width\":1948,\"height\":665,\"caption\":\"Not\u00edcias de Fato\"},\"image\":{\"@id\":\"https:\/\/noticiasdefato.net\/#\/schema\/logo\/image\/\"},\"sameAs\":[\"https:\/\/fb.com\/noticiasdefato.jornal\",\"https:\/\/x.com\/noticiasdefato_\",\"https:\/\/instagram.com\/noticiasdefato.jornal\",\"https:\/\/youtube.com\/@JornalNoticiasDeFato\"]},{\"@type\":\"Person\",\"@id\":\"https:\/\/noticiasdefato.net\/#\/schema\/person\/982ce60211d95acf059cd702aa260d08\",\"name\":\"Noticias de Fato\",\"image\":{\"@type\":\"ImageObject\",\"inLanguage\":\"pt-BR\",\"@id\":\"https:\/\/noticiasdefato.net\/#\/schema\/person\/image\/\",\"url\":\"https:\/\/secure.gravatar.com\/avatar\/700227fab2316f0366a1b5d4988d10f847249cf13293450527ac9553c994611a?s=96&d=mm&r=g\",\"contentUrl\":\"https:\/\/secure.gravatar.com\/avatar\/700227fab2316f0366a1b5d4988d10f847249cf13293450527ac9553c994611a?s=96&d=mm&r=g\",\"caption\":\"Noticias de Fato\"},\"sameAs\":[\"https:\/\/noticiasdefato.net\",\"http:\/\/fb.com\/\/noticiasdefato.jornal\",\"https:\/\/x.com\/https:\/\/twitter.com\/NoticiasDeFato_\"],\"url\":\"https:\/\/noticiasdefato.net\/?author=1\"}]}<\/script>\n<!-- \/ Yoast SEO plugin. -->","yoast_head_json":{"title":"SOBEM TARIFAS DOS PED\u00c1GIOS - Not\u00edcias de Fato","robots":{"index":"index","follow":"follow","max-snippet":"max-snippet:-1","max-image-preview":"max-image-preview:large","max-video-preview":"max-video-preview:-1"},"canonical":"https:\/\/noticiasdefato.net\/?p=1890","og_locale":"pt_BR","og_type":"article","og_title":"SOBEM TARIFAS DOS PED\u00c1GIOS - Not\u00edcias de Fato","og_description":"A partir das 0h desta quarta-feira, 09, entrou em vigor o novo valor das tarifas.","og_url":"https:\/\/noticiasdefato.net\/?p=1890","og_site_name":"Not\u00edcias de Fato","article_publisher":"https:\/\/fb.com\/noticiasdefato.jornal","article_author":"http:\/\/fb.com\/\/noticiasdefato.jornal","article_published_time":"2024-10-09T12:37:17+00:00","article_modified_time":"2024-10-17T18:13:07+00:00","og_image":[{"width":1200,"height":900,"url":"https:\/\/noticiasdefato.net\/wp-content\/uploads\/2024\/10\/Imagem-do-WhatsApp-de-2024-10-08-as-13.43.44_87075c8f.jpg","type":"image\/jpeg"}],"author":"Noticias de Fato","twitter_card":"summary_large_image","twitter_creator":"@https:\/\/twitter.com\/NoticiasDeFato_","twitter_site":"@noticiasdefato_","twitter_misc":{"Escrito por":"Noticias de Fato","Est. tempo de leitura":"2 minutos"},"schema":{"@context":"https:\/\/schema.org","@graph":[{"@type":"Article","@id":"https:\/\/noticiasdefato.net\/?p=1890#article","isPartOf":{"@id":"https:\/\/noticiasdefato.net\/?p=1890"},"author":{"name":"Noticias de Fato","@id":"https:\/\/noticiasdefato.net\/#\/schema\/person\/982ce60211d95acf059cd702aa260d08"},"headline":"SOBEM TARIFAS DOS PED\u00c1GIOS","datePublished":"2024-10-09T12:37:17+00:00","dateModified":"2024-10-17T18:13:07+00:00","mainEntityOfPage":{"@id":"https:\/\/noticiasdefato.net\/?p=1890"},"wordCount":351,"commentCount":0,"publisher":{"@id":"https:\/\/noticiasdefato.net\/#organization"},"image":{"@id":"https:\/\/noticiasdefato.net\/?p=1890#primaryimage"},"thumbnailUrl":"https:\/\/noticiasdefato.net\/wp-content\/uploads\/2024\/10\/Imagem-do-WhatsApp-de-2024-10-08-as-13.43.44_87075c8f.jpg","articleSection":["Economia"],"inLanguage":"pt-BR","potentialAction":[{"@type":"CommentAction","name":"Comment","target":["https:\/\/noticiasdefato.net\/?p=1890#respond"]}]},{"@type":"WebPage","@id":"https:\/\/noticiasdefato.net\/?p=1890","url":"https:\/\/noticiasdefato.net\/?p=1890","name":"SOBEM TARIFAS DOS PED\u00c1GIOS - Not\u00edcias de Fato","isPartOf":{"@id":"https:\/\/noticiasdefato.net\/#website"},"primaryImageOfPage":{"@id":"https:\/\/noticiasdefato.net\/?p=1890#primaryimage"},"image":{"@id":"https:\/\/noticiasdefato.net\/?p=1890#primaryimage"},"thumbnailUrl":"https:\/\/noticiasdefato.net\/wp-content\/uploads\/2024\/10\/Imagem-do-WhatsApp-de-2024-10-08-as-13.43.44_87075c8f.jpg","datePublished":"2024-10-09T12:37:17+00:00","dateModified":"2024-10-17T18:13:07+00:00","breadcrumb":{"@id":"https:\/\/noticiasdefato.net\/?p=1890#breadcrumb"},"inLanguage":"pt-BR","potentialAction":[{"@type":"ReadAction","target":["https:\/\/noticiasdefato.net\/?p=1890"]}]},{"@type":"ImageObject","inLanguage":"pt-BR","@id":"https:\/\/noticiasdefato.net\/?p=1890#primaryimage","url":"https:\/\/noticiasdefato.net\/wp-content\/uploads\/2024\/10\/Imagem-do-WhatsApp-de-2024-10-08-as-13.43.44_87075c8f.jpg","contentUrl":"https:\/\/noticiasdefato.net\/wp-content\/uploads\/2024\/10\/Imagem-do-WhatsApp-de-2024-10-08-as-13.43.44_87075c8f.jpg","width":1200,"height":900},{"@type":"BreadcrumbList","@id":"https:\/\/noticiasdefato.net\/?p=1890#breadcrumb","itemListElement":[{"@type":"ListItem","position":1,"name":"In\u00edcio","item":"https:\/\/noticiasdefato.net\/"},{"@type":"ListItem","position":2,"name":"SOBEM TARIFAS DOS PED\u00c1GIOS"}]},{"@type":"WebSite","@id":"https:\/\/noticiasdefato.net\/#website","url":"https:\/\/noticiasdefato.net\/","name":"Not\u00edcias de Fato","description":"Trabalhamos com honestidade, seriedade e com a verdade.","publisher":{"@id":"https:\/\/noticiasdefato.net\/#organization"},"potentialAction":[{"@type":"SearchAction","target":{"@type":"EntryPoint","urlTemplate":"https:\/\/noticiasdefato.net\/?s={search_term_string}"},"query-input":"required name=search_term_string"}],"inLanguage":"pt-BR"},{"@type":"Organization","@id":"https:\/\/noticiasdefato.net\/#organization","name":"Not\u00edcias de Fato","url":"https:\/\/noticiasdefato.net\/","logo":{"@type":"ImageObject","inLanguage":"pt-BR","@id":"https:\/\/noticiasdefato.net\/#\/schema\/logo\/image\/","url":"https:\/\/noticiasdefato.net\/wp-content\/uploads\/2024\/02\/cropped-logo_topo.png","contentUrl":"https:\/\/noticiasdefato.net\/wp-content\/uploads\/2024\/02\/cropped-logo_topo.png","width":1948,"height":665,"caption":"Not\u00edcias de Fato"},"image":{"@id":"https:\/\/noticiasdefato.net\/#\/schema\/logo\/image\/"},"sameAs":["https:\/\/fb.com\/noticiasdefato.jornal","https:\/\/x.com\/noticiasdefato_","https:\/\/instagram.com\/noticiasdefato.jornal","https:\/\/youtube.com\/@JornalNoticiasDeFato"]},{"@type":"Person","@id":"https:\/\/noticiasdefato.net\/#\/schema\/person\/982ce60211d95acf059cd702aa260d08","name":"Noticias de Fato","image":{"@type":"ImageObject","inLanguage":"pt-BR","@id":"https:\/\/noticiasdefato.net\/#\/schema\/person\/image\/","url":"https:\/\/secure.gravatar.com\/avatar\/700227fab2316f0366a1b5d4988d10f847249cf13293450527ac9553c994611a?s=96&d=mm&r=g","contentUrl":"https:\/\/secure.gravatar.com\/avatar\/700227fab2316f0366a1b5d4988d10f847249cf13293450527ac9553c994611a?s=96&d=mm&r=g","caption":"Noticias de Fato"},"sameAs":["https:\/\/noticiasdefato.net","http:\/\/fb.com\/\/noticiasdefato.jornal","https:\/\/x.com\/https:\/\/twitter.com\/NoticiasDeFato_"],"url":"https:\/\/noticiasdefato.net\/?author=1"}]}},"_links":{"self":[{"href":"https:\/\/noticiasdefato.net\/index.php?rest_route=\/wp\/v2\/posts\/1890","targetHints":{"allow":["GET"]}}],"collection":[{"href":"https:\/\/noticiasdefato.net\/index.php?rest_route=\/wp\/v2\/posts"}],"about":[{"href":"https:\/\/noticiasdefato.net\/index.php?rest_route=\/wp\/v2\/types\/post"}],"author":[{"embeddable":true,"href":"https:\/\/noticiasdefato.net\/index.php?rest_route=\/wp\/v2\/users\/1"}],"replies":[{"embeddable":true,"href":"https:\/\/noticiasdefato.net\/index.php?rest_route=%2Fwp%2Fv2%2Fcomments&post=1890"}],"version-history":[{"count":2,"href":"https:\/\/noticiasdefato.net\/index.php?rest_route=\/wp\/v2\/posts\/1890\/revisions"}],"predecessor-version":[{"id":1894,"href":"https:\/\/noticiasdefato.net\/index.php?rest_route=\/wp\/v2\/posts\/1890\/revisions\/1894"}],"wp:featuredmedia":[{"embeddable":true,"href":"https:\/\/noticiasdefato.net\/index.php?rest_route=\/wp\/v2\/media\/1891"}],"wp:attachment":[{"href":"https:\/\/noticiasdefato.net\/index.php?rest_route=%2Fwp%2Fv2%2Fmedia&parent=1890"}],"wp:term":[{"taxonomy":"category","embeddable":true,"href":"https:\/\/noticiasdefato.net\/index.php?rest_route=%2Fwp%2Fv2%2Fcategories&post=1890"},{"taxonomy":"post_tag","embeddable":true,"href":"https:\/\/noticiasdefato.net\/index.php?rest_route=%2Fwp%2Fv2%2Ftags&post=1890"}],"curies":[{"name":"wp","href":"https:\/\/api.w.org\/{rel}","templated":true}]}}