{"id":1899,"date":"2024-10-09T17:19:45","date_gmt":"2024-10-09T20:19:45","guid":{"rendered":"https:\/\/noticiasdefato.net\/?p=1899"},"modified":"2024-10-09T17:20:15","modified_gmt":"2024-10-09T20:20:15","slug":"muzambinho-grave-acidente-deixa-vitima-fatal","status":"publish","type":"post","link":"https:\/\/noticiasdefato.net\/?p=1899","title":{"rendered":"MUZAMBINHO: GRAVE ACIDENTE DEIXA V\u00cdTIMA FATAL"},"content":{"rendered":"\n<p><em>Acidente entre duas carreatas ocorreu na MGC 491, pr\u00f3ximo ao Latic\u00ednio Musa em Muzambinho.<\/em><\/p>\n\n\n\n<p>Um acidente grav\u00edssimo envolvendo duas carretas pr\u00f3ximo ao Latic\u00ednio Musa em Muzambinho, na MGC 491, aconteceu hoje dr manh\u00e3 (09\/10) e deixou uma v\u00edtima fatal e outra encaminhada para o PS em estado grave.<\/p>\n\n\n\n<p>As v\u00edtimas s\u00e3o os dois motoristas das carretas.<br>Um dos motoristas faleceu no local.<\/p>\n\n\n\n<p>A Equipe do Resgate Rodovi\u00e1rio da EPR encaminhou o segundo motorista ao hospital mais pr\u00f3ximo em estado grav\u00edssimo.<\/p>\n\n\n\n<p>O tr\u00e2nsito est\u00e1 lento pelo local. Motoristas que trafegam pelo trecho, aten\u00e7\u00e3o redobrada. Equipes do SAMU est\u00e3o no local auxiliando a equipe do Resgate Rodovi\u00e1rio da EPR.<\/p>\n\n\n\n<p>Segundo as primeiras informa\u00e7\u00f5es, uma carreta perdeu o controle e atravessou a pista contraria, atingindo a cabine da outra carreta em cheio.<\/p>\n\n\n\n<p>Mais informa\u00e7\u00f5es e atualiza\u00e7\u00f5es da mat\u00e9ria ao longo do dia.<\/p>\n\n\n\n<p>Fotos enviadas&nbsp;por&nbsp;populares.<\/p>\n\n\n\n<div class=\"wp-block-cover\"><span aria-hidden=\"true\" class=\"wp-block-cover__background has-background-dim\"><\/span><img fetchpriority=\"high\" decoding=\"async\" width=\"576\" height=\"1024\" class=\"wp-block-cover__image-background wp-image-1900\" alt=\"\" src=\"https:\/\/noticiasdefato.net\/wp-content\/uploads\/2024\/10\/Imagem-do-WhatsApp-de-2024-10-09-as-13.54.46_2e912290-576x1024.jpg\" data-object-fit=\"cover\" srcset=\"https:\/\/noticiasdefato.net\/wp-content\/uploads\/2024\/10\/Imagem-do-WhatsApp-de-2024-10-09-as-13.54.46_2e912290-576x1024.jpg 576w, https:\/\/noticiasdefato.net\/wp-content\/uploads\/2024\/10\/Imagem-do-WhatsApp-de-2024-10-09-as-13.54.46_2e912290-169x300.jpg 169w, https:\/\/noticiasdefato.net\/wp-content\/uploads\/2024\/10\/Imagem-do-WhatsApp-de-2024-10-09-as-13.54.46_2e912290-768x1366.jpg 768w, https:\/\/noticiasdefato.net\/wp-content\/uploads\/2024\/10\/Imagem-do-WhatsApp-de-2024-10-09-as-13.54.46_2e912290-864x1536.jpg 864w, https:\/\/noticiasdefato.net\/wp-content\/uploads\/2024\/10\/Imagem-do-WhatsApp-de-2024-10-09-as-13.54.46_2e912290-51x90.jpg 51w, https:\/\/noticiasdefato.net\/wp-content\/uploads\/2024\/10\/Imagem-do-WhatsApp-de-2024-10-09-as-13.54.46_2e912290.jpg 899w\" sizes=\"(max-width: 576px) 100vw, 576px\" \/><div class=\"wp-block-cover__inner-container is-layout-flow wp-block-cover-is-layout-flow\">\n<p class=\"has-text-align-center has-large-font-size\">NF<\/p>\n<\/div><\/div>\n\n\n\n<div class=\"wp-block-cover\"><span aria-hidden=\"true\" class=\"wp-block-cover__background has-background-dim\"><\/span><img decoding=\"async\" width=\"576\" height=\"1024\" class=\"wp-block-cover__image-background wp-image-1901\" alt=\"\" src=\"https:\/\/noticiasdefato.net\/wp-content\/uploads\/2024\/10\/Imagem-do-WhatsApp-de-2024-10-09-as-13.54.47_ffbb9fa8-576x1024.jpg\" data-object-fit=\"cover\" srcset=\"https:\/\/noticiasdefato.net\/wp-content\/uploads\/2024\/10\/Imagem-do-WhatsApp-de-2024-10-09-as-13.54.47_ffbb9fa8-576x1024.jpg 576w, https:\/\/noticiasdefato.net\/wp-content\/uploads\/2024\/10\/Imagem-do-WhatsApp-de-2024-10-09-as-13.54.47_ffbb9fa8-169x300.jpg 169w, https:\/\/noticiasdefato.net\/wp-content\/uploads\/2024\/10\/Imagem-do-WhatsApp-de-2024-10-09-as-13.54.47_ffbb9fa8-768x1365.jpg 768w, https:\/\/noticiasdefato.net\/wp-content\/uploads\/2024\/10\/Imagem-do-WhatsApp-de-2024-10-09-as-13.54.47_ffbb9fa8-864x1536.jpg 864w, https:\/\/noticiasdefato.net\/wp-content\/uploads\/2024\/10\/Imagem-do-WhatsApp-de-2024-10-09-as-13.54.47_ffbb9fa8-51x90.jpg 51w, https:\/\/noticiasdefato.net\/wp-content\/uploads\/2024\/10\/Imagem-do-WhatsApp-de-2024-10-09-as-13.54.47_ffbb9fa8.jpg 900w\" sizes=\"(max-width: 576px) 100vw, 576px\" \/><div class=\"wp-block-cover__inner-container is-layout-flow wp-block-cover-is-layout-flow\">\n<p class=\"has-text-align-center has-large-font-size\">NF<\/p>\n<\/div><\/div>\n\n\n\n<div class=\"wp-block-cover\"><span aria-hidden=\"true\" class=\"wp-block-cover__background has-background-dim\"><\/span><img decoding=\"async\" width=\"1024\" height=\"576\" class=\"wp-block-cover__image-background wp-image-1902\" alt=\"\" src=\"https:\/\/noticiasdefato.net\/wp-content\/uploads\/2024\/10\/Imagem-do-WhatsApp-de-2024-10-09-as-13.54.47_dfc79035-1024x576.jpg\" data-object-fit=\"cover\" srcset=\"https:\/\/noticiasdefato.net\/wp-content\/uploads\/2024\/10\/Imagem-do-WhatsApp-de-2024-10-09-as-13.54.47_dfc79035-1024x576.jpg 1024w, https:\/\/noticiasdefato.net\/wp-content\/uploads\/2024\/10\/Imagem-do-WhatsApp-de-2024-10-09-as-13.54.47_dfc79035-300x169.jpg 300w, https:\/\/noticiasdefato.net\/wp-content\/uploads\/2024\/10\/Imagem-do-WhatsApp-de-2024-10-09-as-13.54.47_dfc79035-768x432.jpg 768w, https:\/\/noticiasdefato.net\/wp-content\/uploads\/2024\/10\/Imagem-do-WhatsApp-de-2024-10-09-as-13.54.47_dfc79035-1536x864.jpg 1536w, https:\/\/noticiasdefato.net\/wp-content\/uploads\/2024\/10\/Imagem-do-WhatsApp-de-2024-10-09-as-13.54.47_dfc79035-160x90.jpg 160w, https:\/\/noticiasdefato.net\/wp-content\/uploads\/2024\/10\/Imagem-do-WhatsApp-de-2024-10-09-as-13.54.47_dfc79035.jpg 1600w\" sizes=\"(max-width: 1024px) 100vw, 1024px\" \/><div class=\"wp-block-cover__inner-container is-layout-flow wp-block-cover-is-layout-flow\">\n<p class=\"has-text-align-center has-large-font-size\">NF<\/p>\n<\/div><\/div>\n","protected":false},"excerpt":{"rendered":"<p>Acidente entre duas carreatas ocorreu na MGC 491, pr\u00f3ximo ao Latic\u00ednio Musa em Muzambinho. <a href=\"https:\/\/noticiasdefato.net\/?p=1899\" class=\"more-link\">Continuar lendo <span class=\"screen-reader-text\">MUZAMBINHO: GRAVE ACIDENTE DEIXA V\u00cdTIMA FATAL<\/span><\/a><\/p>\n","protected":false},"author":1,"featured_media":1901,"comment_status":"open","ping_status":"open","sticky":false,"template":"","format":"standard","meta":{"footnotes":""},"categories":[23],"tags":[],"class_list":["post-1899","post","type-post","status-publish","format-standard","has-post-thumbnail","hentry","category-transito"],"yoast_head":"<!-- This site is optimized with the Yoast SEO plugin v23.2 - https:\/\/yoast.com\/wordpress\/plugins\/seo\/ -->\n<title>MUZAMBINHO: GRAVE ACIDENTE DEIXA V\u00cdTIMA FATAL - Not\u00edcias de Fato<\/title>\n<meta name=\"description\" content=\"Acidente entre duas carreatas ocorreu na MGC 491, pr\u00f3ximo ao Latic\u00ednio Musa em Muzambinho.\" \/>\n<meta name=\"robots\" content=\"index, follow, max-snippet:-1, max-image-preview:large, max-video-preview:-1\" \/>\n<link rel=\"canonical\" href=\"https:\/\/noticiasdefato.net\/?p=1899\" \/>\n<meta property=\"og:locale\" content=\"pt_BR\" \/>\n<meta property=\"og:type\" content=\"article\" \/>\n<meta property=\"og:title\" content=\"MUZAMBINHO: GRAVE ACIDENTE DEIXA V\u00cdTIMA FATAL - Not\u00edcias de Fato\" \/>\n<meta property=\"og:description\" content=\"Acidente entre duas carreatas ocorreu na MGC 491, pr\u00f3ximo ao Latic\u00ednio Musa em Muzambinho.\" \/>\n<meta property=\"og:url\" content=\"https:\/\/noticiasdefato.net\/?p=1899\" \/>\n<meta property=\"og:site_name\" content=\"Not\u00edcias de Fato\" \/>\n<meta property=\"article:publisher\" content=\"https:\/\/fb.com\/noticiasdefato.jornal\" \/>\n<meta property=\"article:author\" content=\"http:\/\/fb.com\/\/noticiasdefato.jornal\" \/>\n<meta property=\"article:published_time\" content=\"2024-10-09T20:19:45+00:00\" \/>\n<meta property=\"article:modified_time\" content=\"2024-10-09T20:20:15+00:00\" \/>\n<meta property=\"og:image\" content=\"https:\/\/noticiasdefato.net\/wp-content\/uploads\/2024\/10\/Imagem-do-WhatsApp-de-2024-10-09-as-13.54.47_ffbb9fa8.jpg\" \/>\n\t<meta property=\"og:image:width\" content=\"900\" \/>\n\t<meta property=\"og:image:height\" content=\"1600\" \/>\n\t<meta property=\"og:image:type\" content=\"image\/jpeg\" \/>\n<meta name=\"author\" content=\"Noticias de Fato\" \/>\n<meta name=\"twitter:card\" content=\"summary_large_image\" \/>\n<meta name=\"twitter:creator\" content=\"@https:\/\/twitter.com\/NoticiasDeFato_\" \/>\n<meta name=\"twitter:site\" content=\"@noticiasdefato_\" \/>\n<meta name=\"twitter:label1\" content=\"Escrito por\" \/>\n\t<meta name=\"twitter:data1\" content=\"Noticias de Fato\" \/>\n\t<meta name=\"twitter:label2\" content=\"Est. tempo de leitura\" \/>\n\t<meta name=\"twitter:data2\" content=\"2 minutos\" \/>\n<script type=\"application\/ld+json\" class=\"yoast-schema-graph\">{\"@context\":\"https:\/\/schema.org\",\"@graph\":[{\"@type\":\"Article\",\"@id\":\"https:\/\/noticiasdefato.net\/?p=1899#article\",\"isPartOf\":{\"@id\":\"https:\/\/noticiasdefato.net\/?p=1899\"},\"author\":{\"name\":\"Noticias de Fato\",\"@id\":\"https:\/\/noticiasdefato.net\/#\/schema\/person\/982ce60211d95acf059cd702aa260d08\"},\"headline\":\"MUZAMBINHO: GRAVE ACIDENTE DEIXA V\u00cdTIMA FATAL\",\"datePublished\":\"2024-10-09T20:19:45+00:00\",\"dateModified\":\"2024-10-09T20:20:15+00:00\",\"mainEntityOfPage\":{\"@id\":\"https:\/\/noticiasdefato.net\/?p=1899\"},\"wordCount\":171,\"commentCount\":0,\"publisher\":{\"@id\":\"https:\/\/noticiasdefato.net\/#organization\"},\"image\":{\"@id\":\"https:\/\/noticiasdefato.net\/?p=1899#primaryimage\"},\"thumbnailUrl\":\"https:\/\/noticiasdefato.net\/wp-content\/uploads\/2024\/10\/Imagem-do-WhatsApp-de-2024-10-09-as-13.54.47_ffbb9fa8.jpg\",\"articleSection\":[\"Tr\u00e2nsito\"],\"inLanguage\":\"pt-BR\",\"potentialAction\":[{\"@type\":\"CommentAction\",\"name\":\"Comment\",\"target\":[\"https:\/\/noticiasdefato.net\/?p=1899#respond\"]}]},{\"@type\":\"WebPage\",\"@id\":\"https:\/\/noticiasdefato.net\/?p=1899\",\"url\":\"https:\/\/noticiasdefato.net\/?p=1899\",\"name\":\"MUZAMBINHO: GRAVE ACIDENTE DEIXA V\u00cdTIMA FATAL - Not\u00edcias de Fato\",\"isPartOf\":{\"@id\":\"https:\/\/noticiasdefato.net\/#website\"},\"primaryImageOfPage\":{\"@id\":\"https:\/\/noticiasdefato.net\/?p=1899#primaryimage\"},\"image\":{\"@id\":\"https:\/\/noticiasdefato.net\/?p=1899#primaryimage\"},\"thumbnailUrl\":\"https:\/\/noticiasdefato.net\/wp-content\/uploads\/2024\/10\/Imagem-do-WhatsApp-de-2024-10-09-as-13.54.47_ffbb9fa8.jpg\",\"datePublished\":\"2024-10-09T20:19:45+00:00\",\"dateModified\":\"2024-10-09T20:20:15+00:00\",\"description\":\"Acidente entre duas carreatas ocorreu na MGC 491, pr\u00f3ximo ao Latic\u00ednio Musa em Muzambinho.\",\"breadcrumb\":{\"@id\":\"https:\/\/noticiasdefato.net\/?p=1899#breadcrumb\"},\"inLanguage\":\"pt-BR\",\"potentialAction\":[{\"@type\":\"ReadAction\",\"target\":[\"https:\/\/noticiasdefato.net\/?p=1899\"]}]},{\"@type\":\"ImageObject\",\"inLanguage\":\"pt-BR\",\"@id\":\"https:\/\/noticiasdefato.net\/?p=1899#primaryimage\",\"url\":\"https:\/\/noticiasdefato.net\/wp-content\/uploads\/2024\/10\/Imagem-do-WhatsApp-de-2024-10-09-as-13.54.47_ffbb9fa8.jpg\",\"contentUrl\":\"https:\/\/noticiasdefato.net\/wp-content\/uploads\/2024\/10\/Imagem-do-WhatsApp-de-2024-10-09-as-13.54.47_ffbb9fa8.jpg\",\"width\":900,\"height\":1600},{\"@type\":\"BreadcrumbList\",\"@id\":\"https:\/\/noticiasdefato.net\/?p=1899#breadcrumb\",\"itemListElement\":[{\"@type\":\"ListItem\",\"position\":1,\"name\":\"In\u00edcio\",\"item\":\"https:\/\/noticiasdefato.net\/\"},{\"@type\":\"ListItem\",\"position\":2,\"name\":\"MUZAMBINHO: GRAVE ACIDENTE DEIXA V\u00cdTIMA FATAL\"}]},{\"@type\":\"WebSite\",\"@id\":\"https:\/\/noticiasdefato.net\/#website\",\"url\":\"https:\/\/noticiasdefato.net\/\",\"name\":\"Not\u00edcias de Fato\",\"description\":\"Trabalhamos com honestidade, seriedade e com a verdade.\",\"publisher\":{\"@id\":\"https:\/\/noticiasdefato.net\/#organization\"},\"potentialAction\":[{\"@type\":\"SearchAction\",\"target\":{\"@type\":\"EntryPoint\",\"urlTemplate\":\"https:\/\/noticiasdefato.net\/?s={search_term_string}\"},\"query-input\":\"required name=search_term_string\"}],\"inLanguage\":\"pt-BR\"},{\"@type\":\"Organization\",\"@id\":\"https:\/\/noticiasdefato.net\/#organization\",\"name\":\"Not\u00edcias de Fato\",\"url\":\"https:\/\/noticiasdefato.net\/\",\"logo\":{\"@type\":\"ImageObject\",\"inLanguage\":\"pt-BR\",\"@id\":\"https:\/\/noticiasdefato.net\/#\/schema\/logo\/image\/\",\"url\":\"https:\/\/noticiasdefato.net\/wp-content\/uploads\/2024\/02\/cropped-logo_topo.png\",\"contentUrl\":\"https:\/\/noticiasdefato.net\/wp-content\/uploads\/2024\/02\/cropped-logo_topo.png\",\"width\":1948,\"height\":665,\"caption\":\"Not\u00edcias de Fato\"},\"image\":{\"@id\":\"https:\/\/noticiasdefato.net\/#\/schema\/logo\/image\/\"},\"sameAs\":[\"https:\/\/fb.com\/noticiasdefato.jornal\",\"https:\/\/x.com\/noticiasdefato_\",\"https:\/\/instagram.com\/noticiasdefato.jornal\",\"https:\/\/youtube.com\/@JornalNoticiasDeFato\"]},{\"@type\":\"Person\",\"@id\":\"https:\/\/noticiasdefato.net\/#\/schema\/person\/982ce60211d95acf059cd702aa260d08\",\"name\":\"Noticias de Fato\",\"image\":{\"@type\":\"ImageObject\",\"inLanguage\":\"pt-BR\",\"@id\":\"https:\/\/noticiasdefato.net\/#\/schema\/person\/image\/\",\"url\":\"https:\/\/secure.gravatar.com\/avatar\/700227fab2316f0366a1b5d4988d10f847249cf13293450527ac9553c994611a?s=96&d=mm&r=g\",\"contentUrl\":\"https:\/\/secure.gravatar.com\/avatar\/700227fab2316f0366a1b5d4988d10f847249cf13293450527ac9553c994611a?s=96&d=mm&r=g\",\"caption\":\"Noticias de Fato\"},\"sameAs\":[\"https:\/\/noticiasdefato.net\",\"http:\/\/fb.com\/\/noticiasdefato.jornal\",\"https:\/\/x.com\/https:\/\/twitter.com\/NoticiasDeFato_\"],\"url\":\"https:\/\/noticiasdefato.net\/?author=1\"}]}<\/script>\n<!-- \/ Yoast SEO plugin. -->","yoast_head_json":{"title":"MUZAMBINHO: GRAVE ACIDENTE DEIXA V\u00cdTIMA FATAL - Not\u00edcias de Fato","description":"Acidente entre duas carreatas ocorreu na MGC 491, pr\u00f3ximo ao Latic\u00ednio Musa em Muzambinho.","robots":{"index":"index","follow":"follow","max-snippet":"max-snippet:-1","max-image-preview":"max-image-preview:large","max-video-preview":"max-video-preview:-1"},"canonical":"https:\/\/noticiasdefato.net\/?p=1899","og_locale":"pt_BR","og_type":"article","og_title":"MUZAMBINHO: GRAVE ACIDENTE DEIXA V\u00cdTIMA FATAL - Not\u00edcias de Fato","og_description":"Acidente entre duas carreatas ocorreu na MGC 491, pr\u00f3ximo ao Latic\u00ednio Musa em Muzambinho.","og_url":"https:\/\/noticiasdefato.net\/?p=1899","og_site_name":"Not\u00edcias de Fato","article_publisher":"https:\/\/fb.com\/noticiasdefato.jornal","article_author":"http:\/\/fb.com\/\/noticiasdefato.jornal","article_published_time":"2024-10-09T20:19:45+00:00","article_modified_time":"2024-10-09T20:20:15+00:00","og_image":[{"width":900,"height":1600,"url":"https:\/\/noticiasdefato.net\/wp-content\/uploads\/2024\/10\/Imagem-do-WhatsApp-de-2024-10-09-as-13.54.47_ffbb9fa8.jpg","type":"image\/jpeg"}],"author":"Noticias de Fato","twitter_card":"summary_large_image","twitter_creator":"@https:\/\/twitter.com\/NoticiasDeFato_","twitter_site":"@noticiasdefato_","twitter_misc":{"Escrito por":"Noticias de Fato","Est. tempo de leitura":"2 minutos"},"schema":{"@context":"https:\/\/schema.org","@graph":[{"@type":"Article","@id":"https:\/\/noticiasdefato.net\/?p=1899#article","isPartOf":{"@id":"https:\/\/noticiasdefato.net\/?p=1899"},"author":{"name":"Noticias de Fato","@id":"https:\/\/noticiasdefato.net\/#\/schema\/person\/982ce60211d95acf059cd702aa260d08"},"headline":"MUZAMBINHO: GRAVE ACIDENTE DEIXA V\u00cdTIMA FATAL","datePublished":"2024-10-09T20:19:45+00:00","dateModified":"2024-10-09T20:20:15+00:00","mainEntityOfPage":{"@id":"https:\/\/noticiasdefato.net\/?p=1899"},"wordCount":171,"commentCount":0,"publisher":{"@id":"https:\/\/noticiasdefato.net\/#organization"},"image":{"@id":"https:\/\/noticiasdefato.net\/?p=1899#primaryimage"},"thumbnailUrl":"https:\/\/noticiasdefato.net\/wp-content\/uploads\/2024\/10\/Imagem-do-WhatsApp-de-2024-10-09-as-13.54.47_ffbb9fa8.jpg","articleSection":["Tr\u00e2nsito"],"inLanguage":"pt-BR","potentialAction":[{"@type":"CommentAction","name":"Comment","target":["https:\/\/noticiasdefato.net\/?p=1899#respond"]}]},{"@type":"WebPage","@id":"https:\/\/noticiasdefato.net\/?p=1899","url":"https:\/\/noticiasdefato.net\/?p=1899","name":"MUZAMBINHO: GRAVE ACIDENTE DEIXA V\u00cdTIMA FATAL - Not\u00edcias de Fato","isPartOf":{"@id":"https:\/\/noticiasdefato.net\/#website"},"primaryImageOfPage":{"@id":"https:\/\/noticiasdefato.net\/?p=1899#primaryimage"},"image":{"@id":"https:\/\/noticiasdefato.net\/?p=1899#primaryimage"},"thumbnailUrl":"https:\/\/noticiasdefato.net\/wp-content\/uploads\/2024\/10\/Imagem-do-WhatsApp-de-2024-10-09-as-13.54.47_ffbb9fa8.jpg","datePublished":"2024-10-09T20:19:45+00:00","dateModified":"2024-10-09T20:20:15+00:00","description":"Acidente entre duas carreatas ocorreu na MGC 491, pr\u00f3ximo ao Latic\u00ednio Musa em Muzambinho.","breadcrumb":{"@id":"https:\/\/noticiasdefato.net\/?p=1899#breadcrumb"},"inLanguage":"pt-BR","potentialAction":[{"@type":"ReadAction","target":["https:\/\/noticiasdefato.net\/?p=1899"]}]},{"@type":"ImageObject","inLanguage":"pt-BR","@id":"https:\/\/noticiasdefato.net\/?p=1899#primaryimage","url":"https:\/\/noticiasdefato.net\/wp-content\/uploads\/2024\/10\/Imagem-do-WhatsApp-de-2024-10-09-as-13.54.47_ffbb9fa8.jpg","contentUrl":"https:\/\/noticiasdefato.net\/wp-content\/uploads\/2024\/10\/Imagem-do-WhatsApp-de-2024-10-09-as-13.54.47_ffbb9fa8.jpg","width":900,"height":1600},{"@type":"BreadcrumbList","@id":"https:\/\/noticiasdefato.net\/?p=1899#breadcrumb","itemListElement":[{"@type":"ListItem","position":1,"name":"In\u00edcio","item":"https:\/\/noticiasdefato.net\/"},{"@type":"ListItem","position":2,"name":"MUZAMBINHO: GRAVE ACIDENTE DEIXA V\u00cdTIMA FATAL"}]},{"@type":"WebSite","@id":"https:\/\/noticiasdefato.net\/#website","url":"https:\/\/noticiasdefato.net\/","name":"Not\u00edcias de Fato","description":"Trabalhamos com honestidade, seriedade e com a verdade.","publisher":{"@id":"https:\/\/noticiasdefato.net\/#organization"},"potentialAction":[{"@type":"SearchAction","target":{"@type":"EntryPoint","urlTemplate":"https:\/\/noticiasdefato.net\/?s={search_term_string}"},"query-input":"required name=search_term_string"}],"inLanguage":"pt-BR"},{"@type":"Organization","@id":"https:\/\/noticiasdefato.net\/#organization","name":"Not\u00edcias de Fato","url":"https:\/\/noticiasdefato.net\/","logo":{"@type":"ImageObject","inLanguage":"pt-BR","@id":"https:\/\/noticiasdefato.net\/#\/schema\/logo\/image\/","url":"https:\/\/noticiasdefato.net\/wp-content\/uploads\/2024\/02\/cropped-logo_topo.png","contentUrl":"https:\/\/noticiasdefato.net\/wp-content\/uploads\/2024\/02\/cropped-logo_topo.png","width":1948,"height":665,"caption":"Not\u00edcias de Fato"},"image":{"@id":"https:\/\/noticiasdefato.net\/#\/schema\/logo\/image\/"},"sameAs":["https:\/\/fb.com\/noticiasdefato.jornal","https:\/\/x.com\/noticiasdefato_","https:\/\/instagram.com\/noticiasdefato.jornal","https:\/\/youtube.com\/@JornalNoticiasDeFato"]},{"@type":"Person","@id":"https:\/\/noticiasdefato.net\/#\/schema\/person\/982ce60211d95acf059cd702aa260d08","name":"Noticias de Fato","image":{"@type":"ImageObject","inLanguage":"pt-BR","@id":"https:\/\/noticiasdefato.net\/#\/schema\/person\/image\/","url":"https:\/\/secure.gravatar.com\/avatar\/700227fab2316f0366a1b5d4988d10f847249cf13293450527ac9553c994611a?s=96&d=mm&r=g","contentUrl":"https:\/\/secure.gravatar.com\/avatar\/700227fab2316f0366a1b5d4988d10f847249cf13293450527ac9553c994611a?s=96&d=mm&r=g","caption":"Noticias de Fato"},"sameAs":["https:\/\/noticiasdefato.net","http:\/\/fb.com\/\/noticiasdefato.jornal","https:\/\/x.com\/https:\/\/twitter.com\/NoticiasDeFato_"],"url":"https:\/\/noticiasdefato.net\/?author=1"}]}},"_links":{"self":[{"href":"https:\/\/noticiasdefato.net\/index.php?rest_route=\/wp\/v2\/posts\/1899","targetHints":{"allow":["GET"]}}],"collection":[{"href":"https:\/\/noticiasdefato.net\/index.php?rest_route=\/wp\/v2\/posts"}],"about":[{"href":"https:\/\/noticiasdefato.net\/index.php?rest_route=\/wp\/v2\/types\/post"}],"author":[{"embeddable":true,"href":"https:\/\/noticiasdefato.net\/index.php?rest_route=\/wp\/v2\/users\/1"}],"replies":[{"embeddable":true,"href":"https:\/\/noticiasdefato.net\/index.php?rest_route=%2Fwp%2Fv2%2Fcomments&post=1899"}],"version-history":[{"count":1,"href":"https:\/\/noticiasdefato.net\/index.php?rest_route=\/wp\/v2\/posts\/1899\/revisions"}],"predecessor-version":[{"id":1903,"href":"https:\/\/noticiasdefato.net\/index.php?rest_route=\/wp\/v2\/posts\/1899\/revisions\/1903"}],"wp:featuredmedia":[{"embeddable":true,"href":"https:\/\/noticiasdefato.net\/index.php?rest_route=\/wp\/v2\/media\/1901"}],"wp:attachment":[{"href":"https:\/\/noticiasdefato.net\/index.php?rest_route=%2Fwp%2Fv2%2Fmedia&parent=1899"}],"wp:term":[{"taxonomy":"category","embeddable":true,"href":"https:\/\/noticiasdefato.net\/index.php?rest_route=%2Fwp%2Fv2%2Fcategories&post=1899"},{"taxonomy":"post_tag","embeddable":true,"href":"https:\/\/noticiasdefato.net\/index.php?rest_route=%2Fwp%2Fv2%2Ftags&post=1899"}],"curies":[{"name":"wp","href":"https:\/\/api.w.org\/{rel}","templated":true}]}}