{"id":1914,"date":"2024-10-10T12:14:03","date_gmt":"2024-10-10T15:14:03","guid":{"rendered":"https:\/\/noticiasdefato.net\/?p=1914"},"modified":"2024-10-11T16:53:46","modified_gmt":"2024-10-11T19:53:46","slug":"mg-179-mostra-que-alfenas-nao-tem-deputado-estadual","status":"publish","type":"post","link":"https:\/\/noticiasdefato.net\/?p=1914","title":{"rendered":"DESCASO DA MG-179. ALFENAS \u2018N\u00c3O TEM\u2019 DEPUTADO ESTADUAL?"},"content":{"rendered":"\n<p><em>Rodovia que liga Alfenas \u00e0 Pouso Alegre encontra-se em p\u00e9ssimo estado e tapa-buracos  s\u00f3 come\u00e7a depois que deputado do PL comunica o DER-MG.<\/em><\/p>\n\n\n\n<p><strong>HIST\u00d3RICO DE CONSERVA\u00c7\u00c3O DA MG-179<\/strong><\/p>\n\n\n\n<p>A Rodovia MG-179, tem 103km, ligando Alfenas a Pouso Alegre, \u00e9 administrada pelo Estado de Minas Gerais e at\u00e9 o ano de 2014 era conhecida pelo seu bom estado de conserva\u00e7\u00e3o. A qualidade do asfalto era satisfat\u00f3ria, com acostamento, sinaliza\u00e7\u00e3o horizontal e sinaliza\u00e7\u00e3o vertical bem conservados. Entretanto, de 2014 para c\u00e1 a MG-179 foi abandonada pelo governo estadual e, desde a gest\u00e3o de Pimentel (PT) , seu estado vem piorando devido \u00e0 redu\u00e7\u00e3o dos investimentos para sua conserva\u00e7\u00e3o.<\/p>\n\n\n\n<p>A \u00faltima manuten\u00e7\u00e3o funcional da rodovia ocorreu em 2009, sob a gest\u00e3o do ex-governador A\u00e9cio Neves, no trecho entre Alfenas e Machado. J\u00e1 o trecho de Machado at\u00e9 Pouso Alegre, teve manuten\u00e7\u00e3o iniciada em 2017, com entrega em 2018, ano eleitoral, quando o ent\u00e3o governador Fernando Pimentel buscava a reelei\u00e7\u00e3o. A qualidade do asfalto foi bastante questionada, na \u00e9poca. E, ap\u00f3s a obra ter sido finalizada, o que se via era o descolamento de asfalto em v\u00e1rios trechos da rodovia.<\/p>\n\n\n\n<figure class=\"wp-block-embed is-type-video is-provider-youtube wp-block-embed-youtube wp-embed-aspect-16-9 wp-has-aspect-ratio\"><div class=\"wp-block-embed__wrapper\">\n<iframe title=\"MG-179: descolamento de aslfato, em 2017, ap\u00f3s entrega da obra pelo governador Fernando Pimentel(PT)\" width=\"720\" height=\"405\" src=\"https:\/\/www.youtube.com\/embed\/eBxNAcxgX2U?feature=oembed\" frameborder=\"0\" allow=\"accelerometer; autoplay; clipboard-write; encrypted-media; gyroscope; picture-in-picture; web-share\" referrerpolicy=\"strict-origin-when-cross-origin\" allowfullscreen><\/iframe>\n<\/div><\/figure>\n\n\n\n<p>A verdade \u00e9 que, nos \u00faltimos 10 anos, a rodovia MG-179 recebeu apenas opera\u00e7\u00f5es tapa-buraco pontuais, o que resolveu, em parte, os problemas no trecho entre Machado e Pouso Alegre. Mas, atualmente, o asfalto encontra-se com v\u00e1rias fissuras que se transformam em crateras, com as chuvas.<\/p>\n\n\n\n<p><strong>CUSTO DA OBRA, SEGUNDO O DER-MG<\/strong><\/p>\n\n\n\n<p>O trecho mais preocupante encontra-se entre Alfenas e Machado. Preocupante n\u00e3o somente pelo asfalto apresentar v\u00e1rias fissuras, mas tamb\u00e9m por outros problemas grav\u00edssimos (que ser\u00e3o listados no final dessa mat\u00e9ria) que causam acidentes. Segundo o Departamento Estadual de Estradas e Rodagens (DER-MG) a recupera\u00e7\u00e3o do trecho Alfenas-Machado est\u00e1 or\u00e7ada em R$ 12 milh\u00f5es.<\/p>\n\n\n<div class=\"wp-block-image\">\n<figure class=\"aligncenter size-large\"><img fetchpriority=\"high\" decoding=\"async\" width=\"1024\" height=\"287\" src=\"https:\/\/noticiasdefato.net\/wp-content\/uploads\/2024\/10\/image-29-1024x287.png\" alt=\"\" class=\"wp-image-1923\" srcset=\"https:\/\/noticiasdefato.net\/wp-content\/uploads\/2024\/10\/image-29-1024x287.png 1024w, https:\/\/noticiasdefato.net\/wp-content\/uploads\/2024\/10\/image-29-300x84.png 300w, https:\/\/noticiasdefato.net\/wp-content\/uploads\/2024\/10\/image-29-768x216.png 768w, https:\/\/noticiasdefato.net\/wp-content\/uploads\/2024\/10\/image-29-321x90.png 321w, https:\/\/noticiasdefato.net\/wp-content\/uploads\/2024\/10\/image-29.png 1090w\" sizes=\"(max-width: 1024px) 100vw, 1024px\" \/><figcaption class=\"wp-element-caption\">Resposta do DER-MG ao Jornal Not\u00edcias de Fato sobre custo de recupera\u00e7\u00e3o da MG-179<\/figcaption><\/figure>\n<\/div>\n\n\n<p>Al\u00e9m de investimentos do governo do Estado, a obra poderia receber recursos de emenda parlamentar. E por isso, lembramos que a regi\u00e3o possui um deputado estadual, Luiz Ant\u00f4nio da Silva &#8211; Luizinho do PT, que recebeu quase metade do total de votos nas duas cidades juntas, o que demonstra que, \u201cteoricamente\u201d, temos representatividade. S\u00f3 que n\u00e3o.<\/p>\n\n\n\n<p>O que se esperava \u00e9 que esse deputado estivesse preocupado com os perigos que a MG-179 oferece, colocando em risco a seguran\u00e7a e a vida dos moradores de Alfenas, Machado e regi\u00e3o. Diante disso, o deputado do PT poderia destinar emenda parlamentar para ajudar na recupera\u00e7\u00e3o da rodovia.<\/p>\n\n\n\n<p><strong>DEPUTADO DA REGI\u00c3O TEM OUTRAS PRIORIDADES, COMO O FUTEBOL, POR EXEMPLO<\/strong><\/p>\n\n\n\n<p>A sensa\u00e7\u00e3o daqueles que trafegam diariamente no trecho Alfenas \u2013 Machado \u00e9 a de que n\u00e3o h\u00e1 representatividade da regi\u00e3o perante o governo do Estado. Observando atentamente a divulga\u00e7\u00e3o das prioridades do deputado Luizinho, o que se v\u00ea \u00e9 que n\u00e3o h\u00e1 sequer a men\u00e7\u00e3o de um simples of\u00edcio que poderia ser enviado ao DER-MG cobrando n\u00e3o somente manuten\u00e7\u00e3o preventiva, como obras corretivas na MG-179. O deputado tamb\u00e9m nunca destinou emenda parlamentar para ajudar na recupera\u00e7\u00e3o do trecho.<\/p>\n\n\n\n<p>O deputado Luizinho do PT demonstra ter outras prioridades, como por exemplo, a constru\u00e7\u00e3o de campos de futebol society em outras cidades. Luizinho j\u00e1 destinou mais de R$1 milh\u00e3o para Guaxup\u00e9 e Alterosa constru\u00edrem esse campos. Al\u00e9m disso, Luizinho destinou mais de R$1 milh\u00e3o para as duas cidades reformarem quadras. Isso sem considerar R$1,5 milh\u00e3o destinados ao MST em Campo do Meio. Ao todo s\u00e3o R$ 3,5 milh\u00f5es que o deputado estadual do PT poderia ter destinado para ajudar na recupera\u00e7\u00e3o da rodovia da regi\u00e3o que ele diz representar.<\/p>\n\n\n<div class=\"wp-block-image\">\n<figure class=\"aligncenter size-full is-resized\"><img decoding=\"async\" width=\"678\" height=\"150\" src=\"https:\/\/noticiasdefato.net\/wp-content\/uploads\/2024\/10\/image-22.png\" alt=\"\" class=\"wp-image-1915\" style=\"width:674px;height:auto\" srcset=\"https:\/\/noticiasdefato.net\/wp-content\/uploads\/2024\/10\/image-22.png 678w, https:\/\/noticiasdefato.net\/wp-content\/uploads\/2024\/10\/image-22-300x66.png 300w, https:\/\/noticiasdefato.net\/wp-content\/uploads\/2024\/10\/image-22-400x88.png 400w\" sizes=\"(max-width: 678px) 100vw, 678px\" \/><\/figure>\n<\/div>\n\n<div class=\"wp-block-image\">\n<figure class=\"aligncenter size-full\"><img decoding=\"async\" width=\"672\" height=\"156\" src=\"https:\/\/noticiasdefato.net\/wp-content\/uploads\/2024\/10\/image-23.png\" alt=\"\" class=\"wp-image-1916\" srcset=\"https:\/\/noticiasdefato.net\/wp-content\/uploads\/2024\/10\/image-23.png 672w, https:\/\/noticiasdefato.net\/wp-content\/uploads\/2024\/10\/image-23-300x70.png 300w, https:\/\/noticiasdefato.net\/wp-content\/uploads\/2024\/10\/image-23-388x90.png 388w\" sizes=\"(max-width: 672px) 100vw, 672px\" \/><\/figure>\n<\/div>\n\n<div class=\"wp-block-image\">\n<figure class=\"aligncenter size-full\"><img loading=\"lazy\" decoding=\"async\" width=\"338\" height=\"435\" src=\"https:\/\/noticiasdefato.net\/wp-content\/uploads\/2024\/10\/image-24.png\" alt=\"\" class=\"wp-image-1917\" srcset=\"https:\/\/noticiasdefato.net\/wp-content\/uploads\/2024\/10\/image-24.png 338w, https:\/\/noticiasdefato.net\/wp-content\/uploads\/2024\/10\/image-24-233x300.png 233w, https:\/\/noticiasdefato.net\/wp-content\/uploads\/2024\/10\/image-24-70x90.png 70w\" sizes=\"(max-width: 338px) 100vw, 338px\" \/><\/figure>\n<\/div>\n\n\n<p>A conclus\u00e3o que se chega \u00e9 a de que, talvez, por diverg\u00eancia ideol\u00f3gica com o governador do Estado, Romeu Zema, Luizinho prefira deixar como est\u00e1, para que a popula\u00e7\u00e3o fique insatisfeita com o governador, enquanto sofre danos materiais em seus ve\u00edculos ou at\u00e9 mesmo corre risco de vida com uma rodovia em p\u00e9ssimo estado.<\/p>\n\n\n\n<p><strong>PRECISOU DEPUTADO DE FORA PARA RESOLVER<\/strong><\/p>\n\n\n\n<p>A reda\u00e7\u00e3o entrou em contato com o Deputado Estadual Cristiano Caporezzo (PL) com o objetivo de saber se na Assembl\u00e9ia Legislativa de Minas Gerais havia algum posicionamento do governo do estado, e do DER-MG, sobre a rodovia. De imediato, o Deputado Caporezzo (PL) respondeu positivamente e nos encaminhou o of\u00edcio que ele emitiu ao \u00f3rgao respons\u00e1vel pela maniuten\u00e7\u00e3o da rodovia. Abaixo, segue o of\u00edcio enviado pelo Deputado Caporezzo (PL).<\/p>\n\n\n<div class=\"wp-block-image\">\n<figure class=\"aligncenter size-large\"><img loading=\"lazy\" decoding=\"async\" width=\"633\" height=\"1024\" src=\"https:\/\/noticiasdefato.net\/wp-content\/uploads\/2024\/10\/image-36-633x1024.png\" alt=\"\" class=\"wp-image-1931\" srcset=\"https:\/\/noticiasdefato.net\/wp-content\/uploads\/2024\/10\/image-36-633x1024.png 633w, https:\/\/noticiasdefato.net\/wp-content\/uploads\/2024\/10\/image-36-185x300.png 185w, https:\/\/noticiasdefato.net\/wp-content\/uploads\/2024\/10\/image-36-56x90.png 56w, https:\/\/noticiasdefato.net\/wp-content\/uploads\/2024\/10\/image-36.png 694w\" sizes=\"(max-width: 633px) 100vw, 633px\" \/><\/figure>\n<\/div>\n\n\n<p><strong>OPERA\u00c7\u00c3O TAPA-BURACO OCORRE AP\u00d3S COBRAN\u00c7A DE DEPUTADO DO PL<\/strong><\/p>\n\n\n\n<p>Ap\u00f3s o Deputado Estadual Cristiano Caporezzo (PL) enviar cobran\u00e7as ao DER-MG, est\u00e1 ocorrendo opera\u00e7\u00e3o emergencial, do tipo tapa-buraco, na rodovia MG-179, conforme resposta recebida.<\/p>\n\n\n<div class=\"wp-block-image\">\n<figure class=\"aligncenter size-full\"><img loading=\"lazy\" decoding=\"async\" width=\"949\" height=\"331\" src=\"https:\/\/noticiasdefato.net\/wp-content\/uploads\/2024\/10\/image-37.png\" alt=\"\" class=\"wp-image-1932\" srcset=\"https:\/\/noticiasdefato.net\/wp-content\/uploads\/2024\/10\/image-37.png 949w, https:\/\/noticiasdefato.net\/wp-content\/uploads\/2024\/10\/image-37-300x105.png 300w, https:\/\/noticiasdefato.net\/wp-content\/uploads\/2024\/10\/image-37-768x268.png 768w, https:\/\/noticiasdefato.net\/wp-content\/uploads\/2024\/10\/image-37-258x90.png 258w\" sizes=\"(max-width: 949px) 100vw, 949px\" \/><figcaption class=\"wp-element-caption\">Resposta enviada pelo DER-MG ao Jornal Not\u00edcias de Fato sobre opera\u00e7\u00e3o emergencial na MG-179 devido aos buracos<\/figcaption><\/figure>\n<\/div>\n\n\n<p><strong>OS PROBLEMAS MAIS GRAVES DA MG-179<\/strong><\/p>\n\n\n\n<ul class=\"wp-block-list\">\n<li>Quantidade enorme de buracos<\/li>\n\n\n\n<li>Degrau muito alto entre pista e acostamento, o que pode provocar perda de controle do ve\u00edculo<\/li>\n\n\n\n<li>Sinaliza\u00e7\u00e3o horizontal  n\u00e3o reflexiva em aproximadamente 100% to trecho<\/li>\n\n\n\n<li>Durante a noite, com chuva, a sinaliza\u00e7\u00e3o horizontal desaparece<\/li>\n\n\n\n<li>Afundamento do asfalto onde as rodas dos ve\u00edculas passam, o que, com chuva, acumula \u00e1gua e pode causar aquaplanagem de ve\u00edculos<\/li>\n\n\n\n<li>\u00c1rvores ca\u00eddas no acostamento ou \u00e1rvores preste a tombar na pinta<\/li>\n\n\n\n<li>Sinaliza\u00e7\u00e3o vertical deficit\u00e1ria<\/li>\n\n\n\n<li>Falta de posto de apoio ao motorista por parte do governo do Estado, como ocorre em rodovias sob concess\u00e3o.<\/li>\n<\/ul>\n\n\n\n<figure class=\"wp-block-image size-large\"><img loading=\"lazy\" decoding=\"async\" width=\"1024\" height=\"441\" src=\"https:\/\/noticiasdefato.net\/wp-content\/uploads\/2024\/10\/image-30-1024x441.png\" alt=\"\" class=\"wp-image-1924\" srcset=\"https:\/\/noticiasdefato.net\/wp-content\/uploads\/2024\/10\/image-30-1024x441.png 1024w, https:\/\/noticiasdefato.net\/wp-content\/uploads\/2024\/10\/image-30-300x129.png 300w, https:\/\/noticiasdefato.net\/wp-content\/uploads\/2024\/10\/image-30-768x331.png 768w, https:\/\/noticiasdefato.net\/wp-content\/uploads\/2024\/10\/image-30-1536x661.png 1536w, https:\/\/noticiasdefato.net\/wp-content\/uploads\/2024\/10\/image-30-209x90.png 209w, https:\/\/noticiasdefato.net\/wp-content\/uploads\/2024\/10\/image-30.png 1926w\" sizes=\"(max-width: 1024px) 100vw, 1024px\" \/><\/figure>\n\n\n\n<figure class=\"wp-block-image size-large\"><img loading=\"lazy\" decoding=\"async\" width=\"1024\" height=\"486\" src=\"https:\/\/noticiasdefato.net\/wp-content\/uploads\/2024\/10\/image-31-1024x486.png\" alt=\"\" class=\"wp-image-1925\" srcset=\"https:\/\/noticiasdefato.net\/wp-content\/uploads\/2024\/10\/image-31-1024x486.png 1024w, https:\/\/noticiasdefato.net\/wp-content\/uploads\/2024\/10\/image-31-300x142.png 300w, https:\/\/noticiasdefato.net\/wp-content\/uploads\/2024\/10\/image-31-768x365.png 768w, https:\/\/noticiasdefato.net\/wp-content\/uploads\/2024\/10\/image-31-1536x729.png 1536w, https:\/\/noticiasdefato.net\/wp-content\/uploads\/2024\/10\/image-31-190x90.png 190w, https:\/\/noticiasdefato.net\/wp-content\/uploads\/2024\/10\/image-31.png 1586w\" sizes=\"(max-width: 1024px) 100vw, 1024px\" \/><\/figure>\n\n\n\n<figure class=\"wp-block-image size-large\"><img loading=\"lazy\" decoding=\"async\" width=\"1024\" height=\"441\" src=\"https:\/\/noticiasdefato.net\/wp-content\/uploads\/2024\/10\/image-32-1024x441.png\" alt=\"\" class=\"wp-image-1926\" srcset=\"https:\/\/noticiasdefato.net\/wp-content\/uploads\/2024\/10\/image-32-1024x441.png 1024w, https:\/\/noticiasdefato.net\/wp-content\/uploads\/2024\/10\/image-32-300x129.png 300w, https:\/\/noticiasdefato.net\/wp-content\/uploads\/2024\/10\/image-32-768x330.png 768w, https:\/\/noticiasdefato.net\/wp-content\/uploads\/2024\/10\/image-32-209x90.png 209w, https:\/\/noticiasdefato.net\/wp-content\/uploads\/2024\/10\/image-32.png 1290w\" sizes=\"(max-width: 1024px) 100vw, 1024px\" \/><\/figure>\n\n\n\n<figure class=\"wp-block-image size-full\"><img loading=\"lazy\" decoding=\"async\" width=\"1000\" height=\"511\" src=\"https:\/\/noticiasdefato.net\/wp-content\/uploads\/2024\/10\/image-33.png\" alt=\"\" class=\"wp-image-1927\" srcset=\"https:\/\/noticiasdefato.net\/wp-content\/uploads\/2024\/10\/image-33.png 1000w, https:\/\/noticiasdefato.net\/wp-content\/uploads\/2024\/10\/image-33-300x153.png 300w, https:\/\/noticiasdefato.net\/wp-content\/uploads\/2024\/10\/image-33-768x392.png 768w, https:\/\/noticiasdefato.net\/wp-content\/uploads\/2024\/10\/image-33-176x90.png 176w\" sizes=\"(max-width: 1000px) 100vw, 1000px\" \/><\/figure>\n\n\n\n<figure class=\"wp-block-image size-large\"><img loading=\"lazy\" decoding=\"async\" width=\"1024\" height=\"449\" src=\"https:\/\/noticiasdefato.net\/wp-content\/uploads\/2024\/10\/image-34-1024x449.png\" alt=\"\" class=\"wp-image-1928\" srcset=\"https:\/\/noticiasdefato.net\/wp-content\/uploads\/2024\/10\/image-34-1024x449.png 1024w, https:\/\/noticiasdefato.net\/wp-content\/uploads\/2024\/10\/image-34-300x132.png 300w, https:\/\/noticiasdefato.net\/wp-content\/uploads\/2024\/10\/image-34-768x337.png 768w, https:\/\/noticiasdefato.net\/wp-content\/uploads\/2024\/10\/image-34-1536x674.png 1536w, https:\/\/noticiasdefato.net\/wp-content\/uploads\/2024\/10\/image-34-205x90.png 205w, https:\/\/noticiasdefato.net\/wp-content\/uploads\/2024\/10\/image-34.png 1826w\" sizes=\"(max-width: 1024px) 100vw, 1024px\" \/><\/figure>\n\n\n\n<figure class=\"wp-block-image size-large\"><img loading=\"lazy\" decoding=\"async\" width=\"1024\" height=\"492\" src=\"https:\/\/noticiasdefato.net\/wp-content\/uploads\/2024\/10\/image-35-1024x492.png\" alt=\"\" class=\"wp-image-1929\" srcset=\"https:\/\/noticiasdefato.net\/wp-content\/uploads\/2024\/10\/image-35-1024x492.png 1024w, https:\/\/noticiasdefato.net\/wp-content\/uploads\/2024\/10\/image-35-300x144.png 300w, https:\/\/noticiasdefato.net\/wp-content\/uploads\/2024\/10\/image-35-768x369.png 768w, https:\/\/noticiasdefato.net\/wp-content\/uploads\/2024\/10\/image-35-1536x738.png 1536w, https:\/\/noticiasdefato.net\/wp-content\/uploads\/2024\/10\/image-35-187x90.png 187w, https:\/\/noticiasdefato.net\/wp-content\/uploads\/2024\/10\/image-35.png 1596w\" sizes=\"(max-width: 1024px) 100vw, 1024px\" \/><\/figure>\n\n\n\n<p><\/p>\n","protected":false},"excerpt":{"rendered":"<p>Rodovia que liga Alfenas \u00e0 Pouso Alegre encontra-se em p\u00e9ssimo estado e tapa-buracos  s\u00f3 come\u00e7a depois que deputado do PL comunica o DER-MG. <a href=\"https:\/\/noticiasdefato.net\/?p=1914\" class=\"more-link\">Continuar lendo <span class=\"screen-reader-text\">DESCASO DA MG-179. ALFENAS \u2018N\u00c3O TEM\u2019 DEPUTADO ESTADUAL?<\/span><\/a><\/p>\n","protected":false},"author":1,"featured_media":1918,"comment_status":"open","ping_status":"open","sticky":false,"template":"","format":"standard","meta":{"footnotes":""},"categories":[23],"tags":[],"class_list":["post-1914","post","type-post","status-publish","format-standard","has-post-thumbnail","hentry","category-transito"],"yoast_head":"<!-- This site is optimized with the Yoast SEO plugin v23.2 - https:\/\/yoast.com\/wordpress\/plugins\/seo\/ -->\n<title>DESCASO DA MG-179. ALFENAS \u2018N\u00c3O TEM\u2019 DEPUTADO ESTADUAL? - Not\u00edcias de Fato<\/title>\n<meta name=\"description\" content=\"Rodovia que liga Alfenas \u00e0 Pouso Alegre encontra-se em p\u00e9ssimo estado de conserva\u00e7\u00e3o, e deputado Luizinho sequer oficiou o DER-MG para reparo.\" \/>\n<meta name=\"robots\" content=\"index, follow, max-snippet:-1, max-image-preview:large, max-video-preview:-1\" \/>\n<link rel=\"canonical\" href=\"https:\/\/noticiasdefato.net\/?p=1914\" \/>\n<meta property=\"og:locale\" content=\"pt_BR\" \/>\n<meta property=\"og:type\" content=\"article\" \/>\n<meta property=\"og:title\" content=\"DESCASO DA MG-179. ALFENAS \u2018N\u00c3O TEM\u2019 DEPUTADO ESTADUAL? - Not\u00edcias de Fato\" \/>\n<meta property=\"og:description\" content=\"Rodovia que liga Alfenas \u00e0 Pouso Alegre encontra-se em p\u00e9ssimo estado de conserva\u00e7\u00e3o, e deputado Luizinho sequer oficiou o DER-MG para reparo.\" \/>\n<meta property=\"og:url\" content=\"https:\/\/noticiasdefato.net\/?p=1914\" \/>\n<meta property=\"og:site_name\" content=\"Not\u00edcias de Fato\" \/>\n<meta property=\"article:publisher\" content=\"https:\/\/fb.com\/noticiasdefato.jornal\" \/>\n<meta property=\"article:author\" content=\"http:\/\/fb.com\/\/noticiasdefato.jornal\" \/>\n<meta property=\"article:published_time\" content=\"2024-10-10T15:14:03+00:00\" \/>\n<meta property=\"article:modified_time\" content=\"2024-10-11T19:53:46+00:00\" \/>\n<meta property=\"og:image\" content=\"https:\/\/noticiasdefato.net\/wp-content\/uploads\/2024\/10\/image-25-1024x492.png\" \/>\n\t<meta property=\"og:image:width\" content=\"1024\" \/>\n\t<meta property=\"og:image:height\" content=\"492\" \/>\n\t<meta property=\"og:image:type\" content=\"image\/png\" \/>\n<meta name=\"author\" content=\"Noticias de Fato\" \/>\n<meta name=\"twitter:card\" content=\"summary_large_image\" \/>\n<meta name=\"twitter:creator\" content=\"@https:\/\/twitter.com\/NoticiasDeFato_\" \/>\n<meta name=\"twitter:site\" content=\"@noticiasdefato_\" \/>\n<meta name=\"twitter:label1\" content=\"Escrito por\" \/>\n\t<meta name=\"twitter:data1\" content=\"Noticias de Fato\" \/>\n\t<meta name=\"twitter:label2\" content=\"Est. tempo de leitura\" \/>\n\t<meta name=\"twitter:data2\" content=\"7 minutos\" \/>\n<script type=\"application\/ld+json\" class=\"yoast-schema-graph\">{\"@context\":\"https:\/\/schema.org\",\"@graph\":[{\"@type\":\"Article\",\"@id\":\"https:\/\/noticiasdefato.net\/?p=1914#article\",\"isPartOf\":{\"@id\":\"https:\/\/noticiasdefato.net\/?p=1914\"},\"author\":{\"name\":\"Noticias de Fato\",\"@id\":\"https:\/\/noticiasdefato.net\/#\/schema\/person\/982ce60211d95acf059cd702aa260d08\"},\"headline\":\"DESCASO DA MG-179. ALFENAS \u2018N\u00c3O TEM\u2019 DEPUTADO ESTADUAL?\",\"datePublished\":\"2024-10-10T15:14:03+00:00\",\"dateModified\":\"2024-10-11T19:53:46+00:00\",\"mainEntityOfPage\":{\"@id\":\"https:\/\/noticiasdefato.net\/?p=1914\"},\"wordCount\":950,\"commentCount\":1,\"publisher\":{\"@id\":\"https:\/\/noticiasdefato.net\/#organization\"},\"image\":{\"@id\":\"https:\/\/noticiasdefato.net\/?p=1914#primaryimage\"},\"thumbnailUrl\":\"https:\/\/noticiasdefato.net\/wp-content\/uploads\/2024\/10\/image-25.png\",\"articleSection\":[\"Tr\u00e2nsito\"],\"inLanguage\":\"pt-BR\",\"potentialAction\":[{\"@type\":\"CommentAction\",\"name\":\"Comment\",\"target\":[\"https:\/\/noticiasdefato.net\/?p=1914#respond\"]}]},{\"@type\":\"WebPage\",\"@id\":\"https:\/\/noticiasdefato.net\/?p=1914\",\"url\":\"https:\/\/noticiasdefato.net\/?p=1914\",\"name\":\"DESCASO DA MG-179. ALFENAS \u2018N\u00c3O TEM\u2019 DEPUTADO ESTADUAL? - Not\u00edcias de Fato\",\"isPartOf\":{\"@id\":\"https:\/\/noticiasdefato.net\/#website\"},\"primaryImageOfPage\":{\"@id\":\"https:\/\/noticiasdefato.net\/?p=1914#primaryimage\"},\"image\":{\"@id\":\"https:\/\/noticiasdefato.net\/?p=1914#primaryimage\"},\"thumbnailUrl\":\"https:\/\/noticiasdefato.net\/wp-content\/uploads\/2024\/10\/image-25.png\",\"datePublished\":\"2024-10-10T15:14:03+00:00\",\"dateModified\":\"2024-10-11T19:53:46+00:00\",\"description\":\"Rodovia que liga Alfenas \u00e0 Pouso Alegre encontra-se em p\u00e9ssimo estado de conserva\u00e7\u00e3o, e deputado Luizinho sequer oficiou o DER-MG para reparo.\",\"breadcrumb\":{\"@id\":\"https:\/\/noticiasdefato.net\/?p=1914#breadcrumb\"},\"inLanguage\":\"pt-BR\",\"potentialAction\":[{\"@type\":\"ReadAction\",\"target\":[\"https:\/\/noticiasdefato.net\/?p=1914\"]}]},{\"@type\":\"ImageObject\",\"inLanguage\":\"pt-BR\",\"@id\":\"https:\/\/noticiasdefato.net\/?p=1914#primaryimage\",\"url\":\"https:\/\/noticiasdefato.net\/wp-content\/uploads\/2024\/10\/image-25.png\",\"contentUrl\":\"https:\/\/noticiasdefato.net\/wp-content\/uploads\/2024\/10\/image-25.png\",\"width\":1596,\"height\":767},{\"@type\":\"BreadcrumbList\",\"@id\":\"https:\/\/noticiasdefato.net\/?p=1914#breadcrumb\",\"itemListElement\":[{\"@type\":\"ListItem\",\"position\":1,\"name\":\"In\u00edcio\",\"item\":\"https:\/\/noticiasdefato.net\/\"},{\"@type\":\"ListItem\",\"position\":2,\"name\":\"DESCASO DA MG-179. ALFENAS \u2018N\u00c3O TEM\u2019 DEPUTADO ESTADUAL?\"}]},{\"@type\":\"WebSite\",\"@id\":\"https:\/\/noticiasdefato.net\/#website\",\"url\":\"https:\/\/noticiasdefato.net\/\",\"name\":\"Not\u00edcias de Fato\",\"description\":\"Trabalhamos com honestidade, seriedade e com a verdade.\",\"publisher\":{\"@id\":\"https:\/\/noticiasdefato.net\/#organization\"},\"potentialAction\":[{\"@type\":\"SearchAction\",\"target\":{\"@type\":\"EntryPoint\",\"urlTemplate\":\"https:\/\/noticiasdefato.net\/?s={search_term_string}\"},\"query-input\":\"required name=search_term_string\"}],\"inLanguage\":\"pt-BR\"},{\"@type\":\"Organization\",\"@id\":\"https:\/\/noticiasdefato.net\/#organization\",\"name\":\"Not\u00edcias de Fato\",\"url\":\"https:\/\/noticiasdefato.net\/\",\"logo\":{\"@type\":\"ImageObject\",\"inLanguage\":\"pt-BR\",\"@id\":\"https:\/\/noticiasdefato.net\/#\/schema\/logo\/image\/\",\"url\":\"https:\/\/noticiasdefato.net\/wp-content\/uploads\/2024\/02\/cropped-logo_topo.png\",\"contentUrl\":\"https:\/\/noticiasdefato.net\/wp-content\/uploads\/2024\/02\/cropped-logo_topo.png\",\"width\":1948,\"height\":665,\"caption\":\"Not\u00edcias de Fato\"},\"image\":{\"@id\":\"https:\/\/noticiasdefato.net\/#\/schema\/logo\/image\/\"},\"sameAs\":[\"https:\/\/fb.com\/noticiasdefato.jornal\",\"https:\/\/x.com\/noticiasdefato_\",\"https:\/\/instagram.com\/noticiasdefato.jornal\",\"https:\/\/youtube.com\/@JornalNoticiasDeFato\"]},{\"@type\":\"Person\",\"@id\":\"https:\/\/noticiasdefato.net\/#\/schema\/person\/982ce60211d95acf059cd702aa260d08\",\"name\":\"Noticias de Fato\",\"image\":{\"@type\":\"ImageObject\",\"inLanguage\":\"pt-BR\",\"@id\":\"https:\/\/noticiasdefato.net\/#\/schema\/person\/image\/\",\"url\":\"https:\/\/secure.gravatar.com\/avatar\/700227fab2316f0366a1b5d4988d10f847249cf13293450527ac9553c994611a?s=96&d=mm&r=g\",\"contentUrl\":\"https:\/\/secure.gravatar.com\/avatar\/700227fab2316f0366a1b5d4988d10f847249cf13293450527ac9553c994611a?s=96&d=mm&r=g\",\"caption\":\"Noticias de Fato\"},\"sameAs\":[\"https:\/\/noticiasdefato.net\",\"http:\/\/fb.com\/\/noticiasdefato.jornal\",\"https:\/\/x.com\/https:\/\/twitter.com\/NoticiasDeFato_\"],\"url\":\"https:\/\/noticiasdefato.net\/?author=1\"}]}<\/script>\n<!-- \/ Yoast SEO plugin. -->","yoast_head_json":{"title":"DESCASO DA MG-179. ALFENAS \u2018N\u00c3O TEM\u2019 DEPUTADO ESTADUAL? - Not\u00edcias de Fato","description":"Rodovia que liga Alfenas \u00e0 Pouso Alegre encontra-se em p\u00e9ssimo estado de conserva\u00e7\u00e3o, e deputado Luizinho sequer oficiou o DER-MG para reparo.","robots":{"index":"index","follow":"follow","max-snippet":"max-snippet:-1","max-image-preview":"max-image-preview:large","max-video-preview":"max-video-preview:-1"},"canonical":"https:\/\/noticiasdefato.net\/?p=1914","og_locale":"pt_BR","og_type":"article","og_title":"DESCASO DA MG-179. ALFENAS \u2018N\u00c3O TEM\u2019 DEPUTADO ESTADUAL? - Not\u00edcias de Fato","og_description":"Rodovia que liga Alfenas \u00e0 Pouso Alegre encontra-se em p\u00e9ssimo estado de conserva\u00e7\u00e3o, e deputado Luizinho sequer oficiou o DER-MG para reparo.","og_url":"https:\/\/noticiasdefato.net\/?p=1914","og_site_name":"Not\u00edcias de Fato","article_publisher":"https:\/\/fb.com\/noticiasdefato.jornal","article_author":"http:\/\/fb.com\/\/noticiasdefato.jornal","article_published_time":"2024-10-10T15:14:03+00:00","article_modified_time":"2024-10-11T19:53:46+00:00","og_image":[{"width":1024,"height":492,"url":"https:\/\/noticiasdefato.net\/wp-content\/uploads\/2024\/10\/image-25-1024x492.png","type":"image\/png"}],"author":"Noticias de Fato","twitter_card":"summary_large_image","twitter_creator":"@https:\/\/twitter.com\/NoticiasDeFato_","twitter_site":"@noticiasdefato_","twitter_misc":{"Escrito por":"Noticias de Fato","Est. tempo de leitura":"7 minutos"},"schema":{"@context":"https:\/\/schema.org","@graph":[{"@type":"Article","@id":"https:\/\/noticiasdefato.net\/?p=1914#article","isPartOf":{"@id":"https:\/\/noticiasdefato.net\/?p=1914"},"author":{"name":"Noticias de Fato","@id":"https:\/\/noticiasdefato.net\/#\/schema\/person\/982ce60211d95acf059cd702aa260d08"},"headline":"DESCASO DA MG-179. ALFENAS \u2018N\u00c3O TEM\u2019 DEPUTADO ESTADUAL?","datePublished":"2024-10-10T15:14:03+00:00","dateModified":"2024-10-11T19:53:46+00:00","mainEntityOfPage":{"@id":"https:\/\/noticiasdefato.net\/?p=1914"},"wordCount":950,"commentCount":1,"publisher":{"@id":"https:\/\/noticiasdefato.net\/#organization"},"image":{"@id":"https:\/\/noticiasdefato.net\/?p=1914#primaryimage"},"thumbnailUrl":"https:\/\/noticiasdefato.net\/wp-content\/uploads\/2024\/10\/image-25.png","articleSection":["Tr\u00e2nsito"],"inLanguage":"pt-BR","potentialAction":[{"@type":"CommentAction","name":"Comment","target":["https:\/\/noticiasdefato.net\/?p=1914#respond"]}]},{"@type":"WebPage","@id":"https:\/\/noticiasdefato.net\/?p=1914","url":"https:\/\/noticiasdefato.net\/?p=1914","name":"DESCASO DA MG-179. ALFENAS \u2018N\u00c3O TEM\u2019 DEPUTADO ESTADUAL? - Not\u00edcias de Fato","isPartOf":{"@id":"https:\/\/noticiasdefato.net\/#website"},"primaryImageOfPage":{"@id":"https:\/\/noticiasdefato.net\/?p=1914#primaryimage"},"image":{"@id":"https:\/\/noticiasdefato.net\/?p=1914#primaryimage"},"thumbnailUrl":"https:\/\/noticiasdefato.net\/wp-content\/uploads\/2024\/10\/image-25.png","datePublished":"2024-10-10T15:14:03+00:00","dateModified":"2024-10-11T19:53:46+00:00","description":"Rodovia que liga Alfenas \u00e0 Pouso Alegre encontra-se em p\u00e9ssimo estado de conserva\u00e7\u00e3o, e deputado Luizinho sequer oficiou o DER-MG para reparo.","breadcrumb":{"@id":"https:\/\/noticiasdefato.net\/?p=1914#breadcrumb"},"inLanguage":"pt-BR","potentialAction":[{"@type":"ReadAction","target":["https:\/\/noticiasdefato.net\/?p=1914"]}]},{"@type":"ImageObject","inLanguage":"pt-BR","@id":"https:\/\/noticiasdefato.net\/?p=1914#primaryimage","url":"https:\/\/noticiasdefato.net\/wp-content\/uploads\/2024\/10\/image-25.png","contentUrl":"https:\/\/noticiasdefato.net\/wp-content\/uploads\/2024\/10\/image-25.png","width":1596,"height":767},{"@type":"BreadcrumbList","@id":"https:\/\/noticiasdefato.net\/?p=1914#breadcrumb","itemListElement":[{"@type":"ListItem","position":1,"name":"In\u00edcio","item":"https:\/\/noticiasdefato.net\/"},{"@type":"ListItem","position":2,"name":"DESCASO DA MG-179. ALFENAS \u2018N\u00c3O TEM\u2019 DEPUTADO ESTADUAL?"}]},{"@type":"WebSite","@id":"https:\/\/noticiasdefato.net\/#website","url":"https:\/\/noticiasdefato.net\/","name":"Not\u00edcias de Fato","description":"Trabalhamos com honestidade, seriedade e com a verdade.","publisher":{"@id":"https:\/\/noticiasdefato.net\/#organization"},"potentialAction":[{"@type":"SearchAction","target":{"@type":"EntryPoint","urlTemplate":"https:\/\/noticiasdefato.net\/?s={search_term_string}"},"query-input":"required name=search_term_string"}],"inLanguage":"pt-BR"},{"@type":"Organization","@id":"https:\/\/noticiasdefato.net\/#organization","name":"Not\u00edcias de Fato","url":"https:\/\/noticiasdefato.net\/","logo":{"@type":"ImageObject","inLanguage":"pt-BR","@id":"https:\/\/noticiasdefato.net\/#\/schema\/logo\/image\/","url":"https:\/\/noticiasdefato.net\/wp-content\/uploads\/2024\/02\/cropped-logo_topo.png","contentUrl":"https:\/\/noticiasdefato.net\/wp-content\/uploads\/2024\/02\/cropped-logo_topo.png","width":1948,"height":665,"caption":"Not\u00edcias de Fato"},"image":{"@id":"https:\/\/noticiasdefato.net\/#\/schema\/logo\/image\/"},"sameAs":["https:\/\/fb.com\/noticiasdefato.jornal","https:\/\/x.com\/noticiasdefato_","https:\/\/instagram.com\/noticiasdefato.jornal","https:\/\/youtube.com\/@JornalNoticiasDeFato"]},{"@type":"Person","@id":"https:\/\/noticiasdefato.net\/#\/schema\/person\/982ce60211d95acf059cd702aa260d08","name":"Noticias de Fato","image":{"@type":"ImageObject","inLanguage":"pt-BR","@id":"https:\/\/noticiasdefato.net\/#\/schema\/person\/image\/","url":"https:\/\/secure.gravatar.com\/avatar\/700227fab2316f0366a1b5d4988d10f847249cf13293450527ac9553c994611a?s=96&d=mm&r=g","contentUrl":"https:\/\/secure.gravatar.com\/avatar\/700227fab2316f0366a1b5d4988d10f847249cf13293450527ac9553c994611a?s=96&d=mm&r=g","caption":"Noticias de Fato"},"sameAs":["https:\/\/noticiasdefato.net","http:\/\/fb.com\/\/noticiasdefato.jornal","https:\/\/x.com\/https:\/\/twitter.com\/NoticiasDeFato_"],"url":"https:\/\/noticiasdefato.net\/?author=1"}]}},"_links":{"self":[{"href":"https:\/\/noticiasdefato.net\/index.php?rest_route=\/wp\/v2\/posts\/1914","targetHints":{"allow":["GET"]}}],"collection":[{"href":"https:\/\/noticiasdefato.net\/index.php?rest_route=\/wp\/v2\/posts"}],"about":[{"href":"https:\/\/noticiasdefato.net\/index.php?rest_route=\/wp\/v2\/types\/post"}],"author":[{"embeddable":true,"href":"https:\/\/noticiasdefato.net\/index.php?rest_route=\/wp\/v2\/users\/1"}],"replies":[{"embeddable":true,"href":"https:\/\/noticiasdefato.net\/index.php?rest_route=%2Fwp%2Fv2%2Fcomments&post=1914"}],"version-history":[{"count":8,"href":"https:\/\/noticiasdefato.net\/index.php?rest_route=\/wp\/v2\/posts\/1914\/revisions"}],"predecessor-version":[{"id":1940,"href":"https:\/\/noticiasdefato.net\/index.php?rest_route=\/wp\/v2\/posts\/1914\/revisions\/1940"}],"wp:featuredmedia":[{"embeddable":true,"href":"https:\/\/noticiasdefato.net\/index.php?rest_route=\/wp\/v2\/media\/1918"}],"wp:attachment":[{"href":"https:\/\/noticiasdefato.net\/index.php?rest_route=%2Fwp%2Fv2%2Fmedia&parent=1914"}],"wp:term":[{"taxonomy":"category","embeddable":true,"href":"https:\/\/noticiasdefato.net\/index.php?rest_route=%2Fwp%2Fv2%2Fcategories&post=1914"},{"taxonomy":"post_tag","embeddable":true,"href":"https:\/\/noticiasdefato.net\/index.php?rest_route=%2Fwp%2Fv2%2Ftags&post=1914"}],"curies":[{"name":"wp","href":"https:\/\/api.w.org\/{rel}","templated":true}]}}