{"id":1943,"date":"2024-10-13T16:13:52","date_gmt":"2024-10-13T19:13:52","guid":{"rendered":"https:\/\/noticiasdefato.net\/?p=1943"},"modified":"2024-10-14T23:03:45","modified_gmt":"2024-10-15T02:03:45","slug":"alfenas-bancada-da-maconha-perde-espaco-para-cristaos","status":"publish","type":"post","link":"https:\/\/noticiasdefato.net\/?p=1943","title":{"rendered":"ALFENAS: BANCADA DA CANNABIS PERDE ESPA\u00c7O PARA CRIST\u00c3OS"},"content":{"rendered":"\n<p><em>Sai Luciano Solar (PV), pertencente \u00e0 bancada da cannabis e entram representantes da direita crist\u00e3, para citar dois: Maria Idalina (PL) e Ednilson Francisco Neto (Novo).<\/em><\/p>\n\n\n\n<p>As elei\u00e7\u00f5es de 2024, em Alfenas, demonstram que a popula\u00e7\u00e3o d\u00e1 sinais de um distanciamento das pol\u00edticas de esquerda. De 2020 para 2024 o que se v\u00ea \u00e9 uma estagna\u00e7\u00e3o de votos da esquerda na elei\u00e7\u00e3o majorit\u00e1ria \u2013 com 20mil votos, enquanto a direita quase dobrou sua vota\u00e7\u00e3o no mesmo per\u00edodo \u2013 passando de 10mil para 20 mil votos. Outro fator \u00e9 a renova\u00e7\u00e3o da c\u00e2mara municipal, atualmente composta por 10 vereadores de esquerda, mas que passar\u00e1 a contar com apenas 5 esquerdistas fi\u00e9is, a partir de 2025.<\/p>\n\n\n\n<p>A presen\u00e7a da direita na c\u00e2mara municipal deve ser comemorada n\u00e3o somente pela amplia\u00e7\u00e3o do n\u00famero de cadeiras mas, principalmente, pela derrubada de uma cadeira em especial: a da bancada da cannabis, representada por Luciano Guilherme Felipe Lee (Luciano Solar \u2013 PV).<br>A partir de 2025, s\u00f3 para citar dois exemplos, o legislativo de Alfenas contar\u00e1 com Maria Idalina da Silva \u2013 Idalina (PL), e Ednilson Francisco, ambos muito conhecidos no meio cat\u00f3lico da cidade de Alfenas, e que, a princ\u00edpio combater\u00e3o pautas que eram defendidas por Luciano Solar, e que v\u00e3o contra a f\u00e9 Crist\u00e3.<\/p>\n\n\n<div class=\"wp-block-image\">\n<figure class=\"aligncenter size-full is-resized\"><img fetchpriority=\"high\" decoding=\"async\" width=\"548\" height=\"839\" src=\"https:\/\/noticiasdefato.net\/wp-content\/uploads\/2024\/10\/image-38.png\" alt=\"\" class=\"wp-image-1944\" style=\"width:290px;height:auto\" srcset=\"https:\/\/noticiasdefato.net\/wp-content\/uploads\/2024\/10\/image-38.png 548w, https:\/\/noticiasdefato.net\/wp-content\/uploads\/2024\/10\/image-38-196x300.png 196w, https:\/\/noticiasdefato.net\/wp-content\/uploads\/2024\/10\/image-38-59x90.png 59w\" sizes=\"(max-width: 548px) 100vw, 548px\" \/><\/figure>\n<\/div>\n\n\n<figure class=\"wp-block-embed is-type-video is-provider-youtube wp-block-embed-youtube wp-embed-aspect-4-3 wp-has-aspect-ratio\"><div class=\"wp-block-embed__wrapper\">\n<iframe title=\"\u00c1udio atribu\u00eddo ao vereador de Alfenas, Luciano Solar, que circulou nas redes sociais.\" width=\"720\" height=\"540\" src=\"https:\/\/www.youtube.com\/embed\/Vcfj2BpDWdE?feature=oembed\" frameborder=\"0\" allow=\"accelerometer; autoplay; clipboard-write; encrypted-media; gyroscope; picture-in-picture; web-share\" referrerpolicy=\"strict-origin-when-cross-origin\" allowfullscreen><\/iframe>\n<\/div><\/figure>\n\n\n\n<p><\/p>\n\n\n\n<p><strong>MANDATO DE DEMAGOGIA<\/strong><\/p>\n\n\n\n<p>Luciano Solar (PV), eleito em 2020 prometeu arborizar a cidade de Alfenas, promessa que n\u00e3o conseguiu cumprir. Tamb\u00e9m, prometeu que se o Parque Municipal (antigo zool\u00f3gico) n\u00e3o fosse inaugurado na atual legislatura, ele n\u00e3o concorreria \u00e0 reelei\u00e7\u00e3o, mas o parque foi entregue de forma incompleta para justificar a disputa no pleito de 2024. Tamb\u00e9m, entre 2020 e 2022, qualquer problema de meio ambiente e clima, por menores que fossem, era utilizado pelo vereador para atacar o ex-presidente Jair Bolsonaro (PL) nas reuni\u00f5es, enquanto que durante o mandato de Lula (PT) com os recordes de desmatamento e desastres naturais ocorrendo, ele sequer utilizava-se do expediente das reuni\u00f5es da c\u00e2mara para culpar Lula por tais problemas nacionais.<\/p>\n\n\n\n<p>Al\u00e9m disso, em uma pauta cara para a popula\u00e7\u00e3o que \u00e9 a do combate ao aborto, Luciano Solar se posicionou contra uma mo\u00e7\u00e3o da c\u00e2mara municipal de Alfenas em rep\u00fadio \u00e0 atua\u00e7\u00e3o do Supremo Tribunal Federal &#8211; STF diante do tema, em que v\u00e1rias c\u00e2maras do pa\u00eds emitiram nota de rep\u00fadio ao \u00f3rg\u00e3o que usurpa a compet\u00eancia do congresso nacional na discuss\u00e3o do tema.<\/p>\n\n\n\n<p>Solar tamb\u00e9m se envolveu em desacato a policiais militares que estavam realizando blitz, e flagraram-no com documento do ve\u00edculo atrasado. Fato que, posteriormente, tentou utilizar para se vitimizar \u2013 em v\u00e3o, pois o ocorrido estava sendo transmitido ao vivo pelo portal Minas Acontece.<\/p>\n\n\n\n<p>Um fato recente que foi publicado nas redes sociais, \u00e9 um v\u00eddeo em que Luciano Solar constrange com xingamentos um ex-colega da esquerda, dentro de um ve\u00edculo, onde \u00e9 poss\u00edvel observar que o rapaz agredido verbalmente, estava com express\u00e3o facial de medo. Esse fato pode ilustrar a demagogia de um vereador que diz pregar o amor, a paz, acusando seus advers\u00e1rios da direita de propagarem \u00f3dio, enquanto que em p\u00fablico ele se apresenta como bom rapaz, mas atr\u00e1s das c\u00e2meras as suas atitudes n\u00e3o condizem com o seu discurso. Na verdade, ele segue, \u00e0 risca, o \u201cacuse-os do que voc\u00ea faz, chame-os do que voc\u00ea \u00e9\u201d.<\/p>\n\n\n\n<p>Por fim, quando o vereador Guinho (PT) foi acusado de agredir sua pr\u00f3pria esposa, Luciano Solar se manteve neutro, sem fazer cr\u00edticas incisivas contra o colega parlamentar, coisa que costuma fazer em seus discursos contra Bolsonaro e a direita.<\/p>\n\n\n\n<p><strong>CRIST\u00c3OS NA C\u00c2MARA<\/strong><\/p>\n\n\n\n<p>Com a elei\u00e7\u00e3o de Maria Idalina (PL) e de Ednilson (Novo) a popula\u00e7\u00e3o demonstrou que os valores Crist\u00e3os s\u00e3o caros, e n\u00e3o podem ser desprezados por seus representantes. Dessa maneira, acredita-se que, com os vereadores eleitos, as reuni\u00f5es plen\u00e1rias estejam livres da mentira, da demagogia e de debates que n\u00e3o produzem nenhum resultado positivo para a popula\u00e7\u00e3o.<\/p>\n\n\n\n<p>Tamb\u00e9m espera-se que, quando as pautas nacionais necessitarem de manifesta\u00e7\u00e3o do legislativo de Alfenas, que os representantes da direita se posicionem sempre em favor dos valores crist\u00e3os.<\/p>\n\n\n\n<p>O jornal Not\u00edcias de Fato convidou a vereadora eleita, Idalina, para uma entrevista, que foi prontamente aceita. A data e hor\u00e1rio da transmiss\u00e3o dessa entrevista ser\u00e3o publicados posteriormente nas redes sociais do NF.<\/p>\n\n\n\n<p>O vereador eleito, Ednilson, tamb\u00e9m ser\u00e1 convidado para uma entrevista para uma entrevista ao NF, e a data e hor\u00e1rio tambpem ser\u00e3o divulgados posteriormente.<\/p>\n","protected":false},"excerpt":{"rendered":"<p>Uma das cadeiras conquistadas pela direita foi justamente com Maria Idalina (PL), Crist\u00e3, que ocupar\u00e1 a cadeira deixada por Luciano Solar (PV), pertencente a bancada da cannabis. <a href=\"https:\/\/noticiasdefato.net\/?p=1943\" class=\"more-link\">Continuar lendo <span class=\"screen-reader-text\">ALFENAS: BANCADA DA CANNABIS PERDE ESPA\u00c7O PARA CRIST\u00c3OS<\/span><\/a><\/p>\n","protected":false},"author":1,"featured_media":1945,"comment_status":"open","ping_status":"open","sticky":false,"template":"","format":"standard","meta":{"footnotes":""},"categories":[1],"tags":[],"class_list":["post-1943","post","type-post","status-publish","format-standard","has-post-thumbnail","hentry","category-geral"],"yoast_head":"<!-- This site is optimized with the Yoast SEO plugin v23.2 - https:\/\/yoast.com\/wordpress\/plugins\/seo\/ -->\n<title>ALFENAS: BANCADA DA CANNABIS PERDE ESPA\u00c7O PARA CRIST\u00c3OS - Not\u00edcias de Fato<\/title>\n<meta name=\"description\" content=\"Uma das cadeiras conquistadas pela direita foi justamente com Maria Idalina (PL), Crist\u00e3, que ocupar\u00e1 a cadeira deixada por Luciano Solar (PV), pertencente a bancada da cannabis.\" \/>\n<meta name=\"robots\" content=\"index, follow, max-snippet:-1, max-image-preview:large, max-video-preview:-1\" \/>\n<link rel=\"canonical\" href=\"https:\/\/noticiasdefato.net\/?p=1943\" \/>\n<meta property=\"og:locale\" content=\"pt_BR\" \/>\n<meta property=\"og:type\" content=\"article\" \/>\n<meta property=\"og:title\" content=\"ALFENAS: BANCADA DA CANNABIS PERDE ESPA\u00c7O PARA CRIST\u00c3OS - Not\u00edcias de Fato\" \/>\n<meta property=\"og:description\" content=\"Uma das cadeiras conquistadas pela direita foi justamente com Maria Idalina (PL), Crist\u00e3, que ocupar\u00e1 a cadeira deixada por Luciano Solar (PV), pertencente a bancada da cannabis.\" \/>\n<meta property=\"og:url\" content=\"https:\/\/noticiasdefato.net\/?p=1943\" \/>\n<meta property=\"og:site_name\" content=\"Not\u00edcias de Fato\" \/>\n<meta property=\"article:publisher\" content=\"https:\/\/fb.com\/noticiasdefato.jornal\" \/>\n<meta property=\"article:author\" content=\"http:\/\/fb.com\/\/noticiasdefato.jornal\" \/>\n<meta property=\"article:published_time\" content=\"2024-10-13T19:13:52+00:00\" \/>\n<meta property=\"article:modified_time\" content=\"2024-10-15T02:03:45+00:00\" \/>\n<meta property=\"og:image\" content=\"https:\/\/noticiasdefato.net\/wp-content\/uploads\/2024\/10\/image-39-e1728951008670.png\" \/>\n\t<meta property=\"og:image:width\" content=\"739\" \/>\n\t<meta property=\"og:image:height\" content=\"860\" \/>\n\t<meta property=\"og:image:type\" content=\"image\/png\" \/>\n<meta name=\"author\" content=\"Noticias de Fato\" \/>\n<meta name=\"twitter:card\" content=\"summary_large_image\" \/>\n<meta name=\"twitter:creator\" content=\"@https:\/\/twitter.com\/NoticiasDeFato_\" \/>\n<meta name=\"twitter:site\" content=\"@noticiasdefato_\" \/>\n<meta name=\"twitter:label1\" content=\"Escrito por\" \/>\n\t<meta name=\"twitter:data1\" content=\"Noticias de Fato\" \/>\n\t<meta name=\"twitter:label2\" content=\"Est. tempo de leitura\" \/>\n\t<meta name=\"twitter:data2\" content=\"5 minutos\" \/>\n<script type=\"application\/ld+json\" class=\"yoast-schema-graph\">{\"@context\":\"https:\/\/schema.org\",\"@graph\":[{\"@type\":\"Article\",\"@id\":\"https:\/\/noticiasdefato.net\/?p=1943#article\",\"isPartOf\":{\"@id\":\"https:\/\/noticiasdefato.net\/?p=1943\"},\"author\":{\"name\":\"Noticias de Fato\",\"@id\":\"https:\/\/noticiasdefato.net\/#\/schema\/person\/982ce60211d95acf059cd702aa260d08\"},\"headline\":\"ALFENAS: BANCADA DA CANNABIS PERDE ESPA\u00c7O PARA CRIST\u00c3OS\",\"datePublished\":\"2024-10-13T19:13:52+00:00\",\"dateModified\":\"2024-10-15T02:03:45+00:00\",\"mainEntityOfPage\":{\"@id\":\"https:\/\/noticiasdefato.net\/?p=1943\"},\"wordCount\":790,\"commentCount\":1,\"publisher\":{\"@id\":\"https:\/\/noticiasdefato.net\/#organization\"},\"image\":{\"@id\":\"https:\/\/noticiasdefato.net\/?p=1943#primaryimage\"},\"thumbnailUrl\":\"https:\/\/noticiasdefato.net\/wp-content\/uploads\/2024\/10\/image-39-e1728951008670.png\",\"articleSection\":[\"Geral\"],\"inLanguage\":\"pt-BR\",\"potentialAction\":[{\"@type\":\"CommentAction\",\"name\":\"Comment\",\"target\":[\"https:\/\/noticiasdefato.net\/?p=1943#respond\"]}]},{\"@type\":\"WebPage\",\"@id\":\"https:\/\/noticiasdefato.net\/?p=1943\",\"url\":\"https:\/\/noticiasdefato.net\/?p=1943\",\"name\":\"ALFENAS: BANCADA DA CANNABIS PERDE ESPA\u00c7O PARA CRIST\u00c3OS - Not\u00edcias de Fato\",\"isPartOf\":{\"@id\":\"https:\/\/noticiasdefato.net\/#website\"},\"primaryImageOfPage\":{\"@id\":\"https:\/\/noticiasdefato.net\/?p=1943#primaryimage\"},\"image\":{\"@id\":\"https:\/\/noticiasdefato.net\/?p=1943#primaryimage\"},\"thumbnailUrl\":\"https:\/\/noticiasdefato.net\/wp-content\/uploads\/2024\/10\/image-39-e1728951008670.png\",\"datePublished\":\"2024-10-13T19:13:52+00:00\",\"dateModified\":\"2024-10-15T02:03:45+00:00\",\"description\":\"Uma das cadeiras conquistadas pela direita foi justamente com Maria Idalina (PL), Crist\u00e3, que ocupar\u00e1 a cadeira deixada por Luciano Solar (PV), pertencente a bancada da cannabis.\",\"breadcrumb\":{\"@id\":\"https:\/\/noticiasdefato.net\/?p=1943#breadcrumb\"},\"inLanguage\":\"pt-BR\",\"potentialAction\":[{\"@type\":\"ReadAction\",\"target\":[\"https:\/\/noticiasdefato.net\/?p=1943\"]}]},{\"@type\":\"ImageObject\",\"inLanguage\":\"pt-BR\",\"@id\":\"https:\/\/noticiasdefato.net\/?p=1943#primaryimage\",\"url\":\"https:\/\/noticiasdefato.net\/wp-content\/uploads\/2024\/10\/image-39-e1728951008670.png\",\"contentUrl\":\"https:\/\/noticiasdefato.net\/wp-content\/uploads\/2024\/10\/image-39-e1728951008670.png\",\"width\":739,\"height\":860},{\"@type\":\"BreadcrumbList\",\"@id\":\"https:\/\/noticiasdefato.net\/?p=1943#breadcrumb\",\"itemListElement\":[{\"@type\":\"ListItem\",\"position\":1,\"name\":\"In\u00edcio\",\"item\":\"https:\/\/noticiasdefato.net\/\"},{\"@type\":\"ListItem\",\"position\":2,\"name\":\"ALFENAS: BANCADA DA CANNABIS PERDE ESPA\u00c7O PARA CRIST\u00c3OS\"}]},{\"@type\":\"WebSite\",\"@id\":\"https:\/\/noticiasdefato.net\/#website\",\"url\":\"https:\/\/noticiasdefato.net\/\",\"name\":\"Not\u00edcias de Fato\",\"description\":\"Trabalhamos com honestidade, seriedade e com a verdade.\",\"publisher\":{\"@id\":\"https:\/\/noticiasdefato.net\/#organization\"},\"potentialAction\":[{\"@type\":\"SearchAction\",\"target\":{\"@type\":\"EntryPoint\",\"urlTemplate\":\"https:\/\/noticiasdefato.net\/?s={search_term_string}\"},\"query-input\":\"required name=search_term_string\"}],\"inLanguage\":\"pt-BR\"},{\"@type\":\"Organization\",\"@id\":\"https:\/\/noticiasdefato.net\/#organization\",\"name\":\"Not\u00edcias de Fato\",\"url\":\"https:\/\/noticiasdefato.net\/\",\"logo\":{\"@type\":\"ImageObject\",\"inLanguage\":\"pt-BR\",\"@id\":\"https:\/\/noticiasdefato.net\/#\/schema\/logo\/image\/\",\"url\":\"https:\/\/noticiasdefato.net\/wp-content\/uploads\/2024\/02\/cropped-logo_topo.png\",\"contentUrl\":\"https:\/\/noticiasdefato.net\/wp-content\/uploads\/2024\/02\/cropped-logo_topo.png\",\"width\":1948,\"height\":665,\"caption\":\"Not\u00edcias de Fato\"},\"image\":{\"@id\":\"https:\/\/noticiasdefato.net\/#\/schema\/logo\/image\/\"},\"sameAs\":[\"https:\/\/fb.com\/noticiasdefato.jornal\",\"https:\/\/x.com\/noticiasdefato_\",\"https:\/\/instagram.com\/noticiasdefato.jornal\",\"https:\/\/youtube.com\/@JornalNoticiasDeFato\"]},{\"@type\":\"Person\",\"@id\":\"https:\/\/noticiasdefato.net\/#\/schema\/person\/982ce60211d95acf059cd702aa260d08\",\"name\":\"Noticias de Fato\",\"image\":{\"@type\":\"ImageObject\",\"inLanguage\":\"pt-BR\",\"@id\":\"https:\/\/noticiasdefato.net\/#\/schema\/person\/image\/\",\"url\":\"https:\/\/secure.gravatar.com\/avatar\/700227fab2316f0366a1b5d4988d10f847249cf13293450527ac9553c994611a?s=96&d=mm&r=g\",\"contentUrl\":\"https:\/\/secure.gravatar.com\/avatar\/700227fab2316f0366a1b5d4988d10f847249cf13293450527ac9553c994611a?s=96&d=mm&r=g\",\"caption\":\"Noticias de Fato\"},\"sameAs\":[\"https:\/\/noticiasdefato.net\",\"http:\/\/fb.com\/\/noticiasdefato.jornal\",\"https:\/\/x.com\/https:\/\/twitter.com\/NoticiasDeFato_\"],\"url\":\"https:\/\/noticiasdefato.net\/?author=1\"}]}<\/script>\n<!-- \/ Yoast SEO plugin. -->","yoast_head_json":{"title":"ALFENAS: BANCADA DA CANNABIS PERDE ESPA\u00c7O PARA CRIST\u00c3OS - Not\u00edcias de Fato","description":"Uma das cadeiras conquistadas pela direita foi justamente com Maria Idalina (PL), Crist\u00e3, que ocupar\u00e1 a cadeira deixada por Luciano Solar (PV), pertencente a bancada da cannabis.","robots":{"index":"index","follow":"follow","max-snippet":"max-snippet:-1","max-image-preview":"max-image-preview:large","max-video-preview":"max-video-preview:-1"},"canonical":"https:\/\/noticiasdefato.net\/?p=1943","og_locale":"pt_BR","og_type":"article","og_title":"ALFENAS: BANCADA DA CANNABIS PERDE ESPA\u00c7O PARA CRIST\u00c3OS - Not\u00edcias de Fato","og_description":"Uma das cadeiras conquistadas pela direita foi justamente com Maria Idalina (PL), Crist\u00e3, que ocupar\u00e1 a cadeira deixada por Luciano Solar (PV), pertencente a bancada da cannabis.","og_url":"https:\/\/noticiasdefato.net\/?p=1943","og_site_name":"Not\u00edcias de Fato","article_publisher":"https:\/\/fb.com\/noticiasdefato.jornal","article_author":"http:\/\/fb.com\/\/noticiasdefato.jornal","article_published_time":"2024-10-13T19:13:52+00:00","article_modified_time":"2024-10-15T02:03:45+00:00","og_image":[{"width":739,"height":860,"url":"https:\/\/noticiasdefato.net\/wp-content\/uploads\/2024\/10\/image-39-e1728951008670.png","type":"image\/png"}],"author":"Noticias de Fato","twitter_card":"summary_large_image","twitter_creator":"@https:\/\/twitter.com\/NoticiasDeFato_","twitter_site":"@noticiasdefato_","twitter_misc":{"Escrito por":"Noticias de Fato","Est. tempo de leitura":"5 minutos"},"schema":{"@context":"https:\/\/schema.org","@graph":[{"@type":"Article","@id":"https:\/\/noticiasdefato.net\/?p=1943#article","isPartOf":{"@id":"https:\/\/noticiasdefato.net\/?p=1943"},"author":{"name":"Noticias de Fato","@id":"https:\/\/noticiasdefato.net\/#\/schema\/person\/982ce60211d95acf059cd702aa260d08"},"headline":"ALFENAS: BANCADA DA CANNABIS PERDE ESPA\u00c7O PARA CRIST\u00c3OS","datePublished":"2024-10-13T19:13:52+00:00","dateModified":"2024-10-15T02:03:45+00:00","mainEntityOfPage":{"@id":"https:\/\/noticiasdefato.net\/?p=1943"},"wordCount":790,"commentCount":1,"publisher":{"@id":"https:\/\/noticiasdefato.net\/#organization"},"image":{"@id":"https:\/\/noticiasdefato.net\/?p=1943#primaryimage"},"thumbnailUrl":"https:\/\/noticiasdefato.net\/wp-content\/uploads\/2024\/10\/image-39-e1728951008670.png","articleSection":["Geral"],"inLanguage":"pt-BR","potentialAction":[{"@type":"CommentAction","name":"Comment","target":["https:\/\/noticiasdefato.net\/?p=1943#respond"]}]},{"@type":"WebPage","@id":"https:\/\/noticiasdefato.net\/?p=1943","url":"https:\/\/noticiasdefato.net\/?p=1943","name":"ALFENAS: BANCADA DA CANNABIS PERDE ESPA\u00c7O PARA CRIST\u00c3OS - Not\u00edcias de Fato","isPartOf":{"@id":"https:\/\/noticiasdefato.net\/#website"},"primaryImageOfPage":{"@id":"https:\/\/noticiasdefato.net\/?p=1943#primaryimage"},"image":{"@id":"https:\/\/noticiasdefato.net\/?p=1943#primaryimage"},"thumbnailUrl":"https:\/\/noticiasdefato.net\/wp-content\/uploads\/2024\/10\/image-39-e1728951008670.png","datePublished":"2024-10-13T19:13:52+00:00","dateModified":"2024-10-15T02:03:45+00:00","description":"Uma das cadeiras conquistadas pela direita foi justamente com Maria Idalina (PL), Crist\u00e3, que ocupar\u00e1 a cadeira deixada por Luciano Solar (PV), pertencente a bancada da cannabis.","breadcrumb":{"@id":"https:\/\/noticiasdefato.net\/?p=1943#breadcrumb"},"inLanguage":"pt-BR","potentialAction":[{"@type":"ReadAction","target":["https:\/\/noticiasdefato.net\/?p=1943"]}]},{"@type":"ImageObject","inLanguage":"pt-BR","@id":"https:\/\/noticiasdefato.net\/?p=1943#primaryimage","url":"https:\/\/noticiasdefato.net\/wp-content\/uploads\/2024\/10\/image-39-e1728951008670.png","contentUrl":"https:\/\/noticiasdefato.net\/wp-content\/uploads\/2024\/10\/image-39-e1728951008670.png","width":739,"height":860},{"@type":"BreadcrumbList","@id":"https:\/\/noticiasdefato.net\/?p=1943#breadcrumb","itemListElement":[{"@type":"ListItem","position":1,"name":"In\u00edcio","item":"https:\/\/noticiasdefato.net\/"},{"@type":"ListItem","position":2,"name":"ALFENAS: BANCADA DA CANNABIS PERDE ESPA\u00c7O PARA CRIST\u00c3OS"}]},{"@type":"WebSite","@id":"https:\/\/noticiasdefato.net\/#website","url":"https:\/\/noticiasdefato.net\/","name":"Not\u00edcias de Fato","description":"Trabalhamos com honestidade, seriedade e com a verdade.","publisher":{"@id":"https:\/\/noticiasdefato.net\/#organization"},"potentialAction":[{"@type":"SearchAction","target":{"@type":"EntryPoint","urlTemplate":"https:\/\/noticiasdefato.net\/?s={search_term_string}"},"query-input":"required name=search_term_string"}],"inLanguage":"pt-BR"},{"@type":"Organization","@id":"https:\/\/noticiasdefato.net\/#organization","name":"Not\u00edcias de Fato","url":"https:\/\/noticiasdefato.net\/","logo":{"@type":"ImageObject","inLanguage":"pt-BR","@id":"https:\/\/noticiasdefato.net\/#\/schema\/logo\/image\/","url":"https:\/\/noticiasdefato.net\/wp-content\/uploads\/2024\/02\/cropped-logo_topo.png","contentUrl":"https:\/\/noticiasdefato.net\/wp-content\/uploads\/2024\/02\/cropped-logo_topo.png","width":1948,"height":665,"caption":"Not\u00edcias de Fato"},"image":{"@id":"https:\/\/noticiasdefato.net\/#\/schema\/logo\/image\/"},"sameAs":["https:\/\/fb.com\/noticiasdefato.jornal","https:\/\/x.com\/noticiasdefato_","https:\/\/instagram.com\/noticiasdefato.jornal","https:\/\/youtube.com\/@JornalNoticiasDeFato"]},{"@type":"Person","@id":"https:\/\/noticiasdefato.net\/#\/schema\/person\/982ce60211d95acf059cd702aa260d08","name":"Noticias de Fato","image":{"@type":"ImageObject","inLanguage":"pt-BR","@id":"https:\/\/noticiasdefato.net\/#\/schema\/person\/image\/","url":"https:\/\/secure.gravatar.com\/avatar\/700227fab2316f0366a1b5d4988d10f847249cf13293450527ac9553c994611a?s=96&d=mm&r=g","contentUrl":"https:\/\/secure.gravatar.com\/avatar\/700227fab2316f0366a1b5d4988d10f847249cf13293450527ac9553c994611a?s=96&d=mm&r=g","caption":"Noticias de Fato"},"sameAs":["https:\/\/noticiasdefato.net","http:\/\/fb.com\/\/noticiasdefato.jornal","https:\/\/x.com\/https:\/\/twitter.com\/NoticiasDeFato_"],"url":"https:\/\/noticiasdefato.net\/?author=1"}]}},"_links":{"self":[{"href":"https:\/\/noticiasdefato.net\/index.php?rest_route=\/wp\/v2\/posts\/1943","targetHints":{"allow":["GET"]}}],"collection":[{"href":"https:\/\/noticiasdefato.net\/index.php?rest_route=\/wp\/v2\/posts"}],"about":[{"href":"https:\/\/noticiasdefato.net\/index.php?rest_route=\/wp\/v2\/types\/post"}],"author":[{"embeddable":true,"href":"https:\/\/noticiasdefato.net\/index.php?rest_route=\/wp\/v2\/users\/1"}],"replies":[{"embeddable":true,"href":"https:\/\/noticiasdefato.net\/index.php?rest_route=%2Fwp%2Fv2%2Fcomments&post=1943"}],"version-history":[{"count":30,"href":"https:\/\/noticiasdefato.net\/index.php?rest_route=\/wp\/v2\/posts\/1943\/revisions"}],"predecessor-version":[{"id":1984,"href":"https:\/\/noticiasdefato.net\/index.php?rest_route=\/wp\/v2\/posts\/1943\/revisions\/1984"}],"wp:featuredmedia":[{"embeddable":true,"href":"https:\/\/noticiasdefato.net\/index.php?rest_route=\/wp\/v2\/media\/1945"}],"wp:attachment":[{"href":"https:\/\/noticiasdefato.net\/index.php?rest_route=%2Fwp%2Fv2%2Fmedia&parent=1943"}],"wp:term":[{"taxonomy":"category","embeddable":true,"href":"https:\/\/noticiasdefato.net\/index.php?rest_route=%2Fwp%2Fv2%2Fcategories&post=1943"},{"taxonomy":"post_tag","embeddable":true,"href":"https:\/\/noticiasdefato.net\/index.php?rest_route=%2Fwp%2Fv2%2Ftags&post=1943"}],"curies":[{"name":"wp","href":"https:\/\/api.w.org\/{rel}","templated":true}]}}