{"id":1985,"date":"2024-10-14T23:17:16","date_gmt":"2024-10-15T02:17:16","guid":{"rendered":"https:\/\/noticiasdefato.net\/?p=1985"},"modified":"2024-10-23T21:40:51","modified_gmt":"2024-10-24T00:40:51","slug":"homem-e-preso-por-pesca-ilegal-em-alfenas","status":"publish","type":"post","link":"https:\/\/noticiasdefato.net\/?p=1985","title":{"rendered":"HOMEM \u00c9 PRESO POR PESCA ILEGAL EM ALFENAS"},"content":{"rendered":"\n<p><em>O autor \u00e9 de Alfenas e recebeu uma multa no valor de R$ 2.639,85 por crime previsto no artigo 35 da Lei 9.605\/98, que prev\u00ea reclus\u00e3o de um ano a cinco anos.<\/em><\/p>\n\n\n\n<p>Nesta segunda-feira (14), durante as opera\u00e7\u00f5es de patrulhamento, que antecedem o<br>Per\u00edodo Defeso \u2013 Piracema, a Pol\u00edcia Militar de Meio Ambiente de Ambiente de Alfenas flagrou na regi\u00e3o do aterro Gutierrez, pr\u00f3ximo a um restaurante em Alfenas, um homem que pescava utilizando redes com t\u00e9cnicas de arrasto. A pr\u00e1tica \u00e9 proibida por lei.<\/p>\n\n\n\n<p>Al\u00e9m da pris\u00e3o, os militares apreenderam a rede de arrasto, que media 180 metros quadrados, e cerca de 4 quilos de pescado (til\u00e1pia e campineiro). Tamb\u00e9m foi lavrado um Auto de Infra\u00e7\u00e3o no valor de R$ 2.639,85.<br>A pr\u00e1tica da pesca com m\u00e9todos proibidos \u00e9 crime previsto no artigo 35 da Lei 9.605\/98,com reclus\u00e3o de um ano a cinco anos.<\/p>\n\n\n\n<p>A popula\u00e7\u00e3o pode fazer as den\u00fancias de crimes ambientais para a Pol\u00edcia Militar de Meio<br>Ambiente atrav\u00e9s do Disque Den\u00fancia Unificado DDU-181 ou diretamente nas Fra\u00e7\u00f5es da Pol\u00edcia<br>Militar de Meio Ambiente.<\/p>\n\n\n\n<p>O comando alerta que, as a\u00e7\u00f5es da Pol\u00edcia Militar de Meio Ambiente, visando o combate da pesca predat\u00f3ria, continuam em toda regi\u00e3o, e ser\u00e3o intensificadas com o per\u00edodo da piracema que come\u00e7a no dia primeiro de novembro.<\/p>\n\n\n\n<figure class=\"wp-block-image size-large\"><img fetchpriority=\"high\" decoding=\"async\" width=\"1024\" height=\"776\" src=\"https:\/\/noticiasdefato.net\/wp-content\/uploads\/2024\/10\/image-43-1024x776.png\" alt=\"\" class=\"wp-image-1986\" srcset=\"https:\/\/noticiasdefato.net\/wp-content\/uploads\/2024\/10\/image-43-1024x776.png 1024w, https:\/\/noticiasdefato.net\/wp-content\/uploads\/2024\/10\/image-43-300x227.png 300w, https:\/\/noticiasdefato.net\/wp-content\/uploads\/2024\/10\/image-43-768x582.png 768w, https:\/\/noticiasdefato.net\/wp-content\/uploads\/2024\/10\/image-43-119x90.png 119w, https:\/\/noticiasdefato.net\/wp-content\/uploads\/2024\/10\/image-43.png 1484w\" sizes=\"(max-width: 1024px) 100vw, 1024px\" \/><\/figure>\n","protected":false},"excerpt":{"rendered":"<p>O autor \u00e9 de Alfenas e recebeu uma multa no valor de R$ 2.639,85 por crime previsto no artigo 35 da Lei 9.605\/98, que prev\u00ea reclus\u00e3o de um ano a cinco anos. <a href=\"https:\/\/noticiasdefato.net\/?p=1985\" class=\"more-link\">Continuar lendo <span class=\"screen-reader-text\">HOMEM \u00c9 PRESO POR PESCA ILEGAL EM ALFENAS<\/span><\/a><\/p>\n","protected":false},"author":1,"featured_media":1987,"comment_status":"open","ping_status":"open","sticky":false,"template":"","format":"standard","meta":{"footnotes":""},"categories":[34],"tags":[],"class_list":["post-1985","post","type-post","status-publish","format-standard","has-post-thumbnail","hentry","category-meio-ambiente"],"yoast_head":"<!-- This site is optimized with the Yoast SEO plugin v23.2 - https:\/\/yoast.com\/wordpress\/plugins\/seo\/ -->\n<title>HOMEM \u00c9 PRESO POR PESCA ILEGAL EM ALFENAS - Not\u00edcias de Fato<\/title>\n<meta name=\"description\" content=\"O autor \u00e9 de Alfenas e recebeu uma multa no valor de R$ 2.639,85 por crime previsto no artigo 35 da Lei 9.605\/98, que prev\u00ea reclus\u00e3o de um ano a cinco anos.\" \/>\n<meta name=\"robots\" content=\"index, follow, max-snippet:-1, max-image-preview:large, max-video-preview:-1\" \/>\n<link rel=\"canonical\" href=\"https:\/\/noticiasdefato.net\/?p=1985\" \/>\n<meta property=\"og:locale\" content=\"pt_BR\" \/>\n<meta property=\"og:type\" content=\"article\" \/>\n<meta property=\"og:title\" content=\"HOMEM \u00c9 PRESO POR PESCA ILEGAL EM ALFENAS - Not\u00edcias de Fato\" \/>\n<meta property=\"og:description\" content=\"O autor \u00e9 de Alfenas e recebeu uma multa no valor de R$ 2.639,85 por crime previsto no artigo 35 da Lei 9.605\/98, que prev\u00ea reclus\u00e3o de um ano a cinco anos.\" \/>\n<meta property=\"og:url\" content=\"https:\/\/noticiasdefato.net\/?p=1985\" \/>\n<meta property=\"og:site_name\" content=\"Not\u00edcias de Fato\" \/>\n<meta property=\"article:publisher\" content=\"https:\/\/fb.com\/noticiasdefato.jornal\" \/>\n<meta property=\"article:author\" content=\"http:\/\/fb.com\/\/noticiasdefato.jornal\" \/>\n<meta property=\"article:published_time\" content=\"2024-10-15T02:17:16+00:00\" \/>\n<meta property=\"article:modified_time\" content=\"2024-10-24T00:40:51+00:00\" \/>\n<meta property=\"og:image\" content=\"https:\/\/noticiasdefato.net\/wp-content\/uploads\/2024\/10\/image-44-1024x576.png\" \/>\n\t<meta property=\"og:image:width\" content=\"1024\" \/>\n\t<meta property=\"og:image:height\" content=\"576\" \/>\n\t<meta property=\"og:image:type\" content=\"image\/png\" \/>\n<meta name=\"author\" content=\"Noticias de Fato\" \/>\n<meta name=\"twitter:card\" content=\"summary_large_image\" \/>\n<meta name=\"twitter:creator\" content=\"@https:\/\/twitter.com\/NoticiasDeFato_\" \/>\n<meta name=\"twitter:site\" content=\"@noticiasdefato_\" \/>\n<meta name=\"twitter:label1\" content=\"Escrito por\" \/>\n\t<meta name=\"twitter:data1\" content=\"Noticias de Fato\" \/>\n\t<meta name=\"twitter:label2\" content=\"Est. tempo de leitura\" \/>\n\t<meta name=\"twitter:data2\" content=\"2 minutos\" \/>\n<script type=\"application\/ld+json\" class=\"yoast-schema-graph\">{\"@context\":\"https:\/\/schema.org\",\"@graph\":[{\"@type\":\"Article\",\"@id\":\"https:\/\/noticiasdefato.net\/?p=1985#article\",\"isPartOf\":{\"@id\":\"https:\/\/noticiasdefato.net\/?p=1985\"},\"author\":{\"name\":\"Noticias de Fato\",\"@id\":\"https:\/\/noticiasdefato.net\/#\/schema\/person\/982ce60211d95acf059cd702aa260d08\"},\"headline\":\"HOMEM \u00c9 PRESO POR PESCA ILEGAL EM ALFENAS\",\"datePublished\":\"2024-10-15T02:17:16+00:00\",\"dateModified\":\"2024-10-24T00:40:51+00:00\",\"mainEntityOfPage\":{\"@id\":\"https:\/\/noticiasdefato.net\/?p=1985\"},\"wordCount\":236,\"commentCount\":0,\"publisher\":{\"@id\":\"https:\/\/noticiasdefato.net\/#organization\"},\"image\":{\"@id\":\"https:\/\/noticiasdefato.net\/?p=1985#primaryimage\"},\"thumbnailUrl\":\"https:\/\/noticiasdefato.net\/wp-content\/uploads\/2024\/10\/image-44.png\",\"articleSection\":[\"Meio ambiente\"],\"inLanguage\":\"pt-BR\",\"potentialAction\":[{\"@type\":\"CommentAction\",\"name\":\"Comment\",\"target\":[\"https:\/\/noticiasdefato.net\/?p=1985#respond\"]}]},{\"@type\":\"WebPage\",\"@id\":\"https:\/\/noticiasdefato.net\/?p=1985\",\"url\":\"https:\/\/noticiasdefato.net\/?p=1985\",\"name\":\"HOMEM \u00c9 PRESO POR PESCA ILEGAL EM ALFENAS - Not\u00edcias de Fato\",\"isPartOf\":{\"@id\":\"https:\/\/noticiasdefato.net\/#website\"},\"primaryImageOfPage\":{\"@id\":\"https:\/\/noticiasdefato.net\/?p=1985#primaryimage\"},\"image\":{\"@id\":\"https:\/\/noticiasdefato.net\/?p=1985#primaryimage\"},\"thumbnailUrl\":\"https:\/\/noticiasdefato.net\/wp-content\/uploads\/2024\/10\/image-44.png\",\"datePublished\":\"2024-10-15T02:17:16+00:00\",\"dateModified\":\"2024-10-24T00:40:51+00:00\",\"description\":\"O autor \u00e9 de Alfenas e recebeu uma multa no valor de R$ 2.639,85 por crime previsto no artigo 35 da Lei 9.605\/98, que prev\u00ea reclus\u00e3o de um ano a cinco anos.\",\"breadcrumb\":{\"@id\":\"https:\/\/noticiasdefato.net\/?p=1985#breadcrumb\"},\"inLanguage\":\"pt-BR\",\"potentialAction\":[{\"@type\":\"ReadAction\",\"target\":[\"https:\/\/noticiasdefato.net\/?p=1985\"]}]},{\"@type\":\"ImageObject\",\"inLanguage\":\"pt-BR\",\"@id\":\"https:\/\/noticiasdefato.net\/?p=1985#primaryimage\",\"url\":\"https:\/\/noticiasdefato.net\/wp-content\/uploads\/2024\/10\/image-44.png\",\"contentUrl\":\"https:\/\/noticiasdefato.net\/wp-content\/uploads\/2024\/10\/image-44.png\",\"width\":2000,\"height\":1125},{\"@type\":\"BreadcrumbList\",\"@id\":\"https:\/\/noticiasdefato.net\/?p=1985#breadcrumb\",\"itemListElement\":[{\"@type\":\"ListItem\",\"position\":1,\"name\":\"In\u00edcio\",\"item\":\"https:\/\/noticiasdefato.net\/\"},{\"@type\":\"ListItem\",\"position\":2,\"name\":\"HOMEM \u00c9 PRESO POR PESCA ILEGAL EM ALFENAS\"}]},{\"@type\":\"WebSite\",\"@id\":\"https:\/\/noticiasdefato.net\/#website\",\"url\":\"https:\/\/noticiasdefato.net\/\",\"name\":\"Not\u00edcias de Fato\",\"description\":\"Trabalhamos com honestidade, seriedade e com a verdade.\",\"publisher\":{\"@id\":\"https:\/\/noticiasdefato.net\/#organization\"},\"potentialAction\":[{\"@type\":\"SearchAction\",\"target\":{\"@type\":\"EntryPoint\",\"urlTemplate\":\"https:\/\/noticiasdefato.net\/?s={search_term_string}\"},\"query-input\":\"required name=search_term_string\"}],\"inLanguage\":\"pt-BR\"},{\"@type\":\"Organization\",\"@id\":\"https:\/\/noticiasdefato.net\/#organization\",\"name\":\"Not\u00edcias de Fato\",\"url\":\"https:\/\/noticiasdefato.net\/\",\"logo\":{\"@type\":\"ImageObject\",\"inLanguage\":\"pt-BR\",\"@id\":\"https:\/\/noticiasdefato.net\/#\/schema\/logo\/image\/\",\"url\":\"https:\/\/noticiasdefato.net\/wp-content\/uploads\/2024\/02\/cropped-logo_topo.png\",\"contentUrl\":\"https:\/\/noticiasdefato.net\/wp-content\/uploads\/2024\/02\/cropped-logo_topo.png\",\"width\":1948,\"height\":665,\"caption\":\"Not\u00edcias de Fato\"},\"image\":{\"@id\":\"https:\/\/noticiasdefato.net\/#\/schema\/logo\/image\/\"},\"sameAs\":[\"https:\/\/fb.com\/noticiasdefato.jornal\",\"https:\/\/x.com\/noticiasdefato_\",\"https:\/\/instagram.com\/noticiasdefato.jornal\",\"https:\/\/youtube.com\/@JornalNoticiasDeFato\"]},{\"@type\":\"Person\",\"@id\":\"https:\/\/noticiasdefato.net\/#\/schema\/person\/982ce60211d95acf059cd702aa260d08\",\"name\":\"Noticias de Fato\",\"image\":{\"@type\":\"ImageObject\",\"inLanguage\":\"pt-BR\",\"@id\":\"https:\/\/noticiasdefato.net\/#\/schema\/person\/image\/\",\"url\":\"https:\/\/secure.gravatar.com\/avatar\/700227fab2316f0366a1b5d4988d10f847249cf13293450527ac9553c994611a?s=96&d=mm&r=g\",\"contentUrl\":\"https:\/\/secure.gravatar.com\/avatar\/700227fab2316f0366a1b5d4988d10f847249cf13293450527ac9553c994611a?s=96&d=mm&r=g\",\"caption\":\"Noticias de Fato\"},\"sameAs\":[\"https:\/\/noticiasdefato.net\",\"http:\/\/fb.com\/\/noticiasdefato.jornal\",\"https:\/\/x.com\/https:\/\/twitter.com\/NoticiasDeFato_\"],\"url\":\"https:\/\/noticiasdefato.net\/?author=1\"}]}<\/script>\n<!-- \/ Yoast SEO plugin. -->","yoast_head_json":{"title":"HOMEM \u00c9 PRESO POR PESCA ILEGAL EM ALFENAS - Not\u00edcias de Fato","description":"O autor \u00e9 de Alfenas e recebeu uma multa no valor de R$ 2.639,85 por crime previsto no artigo 35 da Lei 9.605\/98, que prev\u00ea reclus\u00e3o de um ano a cinco anos.","robots":{"index":"index","follow":"follow","max-snippet":"max-snippet:-1","max-image-preview":"max-image-preview:large","max-video-preview":"max-video-preview:-1"},"canonical":"https:\/\/noticiasdefato.net\/?p=1985","og_locale":"pt_BR","og_type":"article","og_title":"HOMEM \u00c9 PRESO POR PESCA ILEGAL EM ALFENAS - Not\u00edcias de Fato","og_description":"O autor \u00e9 de Alfenas e recebeu uma multa no valor de R$ 2.639,85 por crime previsto no artigo 35 da Lei 9.605\/98, que prev\u00ea reclus\u00e3o de um ano a cinco anos.","og_url":"https:\/\/noticiasdefato.net\/?p=1985","og_site_name":"Not\u00edcias de Fato","article_publisher":"https:\/\/fb.com\/noticiasdefato.jornal","article_author":"http:\/\/fb.com\/\/noticiasdefato.jornal","article_published_time":"2024-10-15T02:17:16+00:00","article_modified_time":"2024-10-24T00:40:51+00:00","og_image":[{"width":1024,"height":576,"url":"https:\/\/noticiasdefato.net\/wp-content\/uploads\/2024\/10\/image-44-1024x576.png","type":"image\/png"}],"author":"Noticias de Fato","twitter_card":"summary_large_image","twitter_creator":"@https:\/\/twitter.com\/NoticiasDeFato_","twitter_site":"@noticiasdefato_","twitter_misc":{"Escrito por":"Noticias de Fato","Est. tempo de leitura":"2 minutos"},"schema":{"@context":"https:\/\/schema.org","@graph":[{"@type":"Article","@id":"https:\/\/noticiasdefato.net\/?p=1985#article","isPartOf":{"@id":"https:\/\/noticiasdefato.net\/?p=1985"},"author":{"name":"Noticias de Fato","@id":"https:\/\/noticiasdefato.net\/#\/schema\/person\/982ce60211d95acf059cd702aa260d08"},"headline":"HOMEM \u00c9 PRESO POR PESCA ILEGAL EM ALFENAS","datePublished":"2024-10-15T02:17:16+00:00","dateModified":"2024-10-24T00:40:51+00:00","mainEntityOfPage":{"@id":"https:\/\/noticiasdefato.net\/?p=1985"},"wordCount":236,"commentCount":0,"publisher":{"@id":"https:\/\/noticiasdefato.net\/#organization"},"image":{"@id":"https:\/\/noticiasdefato.net\/?p=1985#primaryimage"},"thumbnailUrl":"https:\/\/noticiasdefato.net\/wp-content\/uploads\/2024\/10\/image-44.png","articleSection":["Meio ambiente"],"inLanguage":"pt-BR","potentialAction":[{"@type":"CommentAction","name":"Comment","target":["https:\/\/noticiasdefato.net\/?p=1985#respond"]}]},{"@type":"WebPage","@id":"https:\/\/noticiasdefato.net\/?p=1985","url":"https:\/\/noticiasdefato.net\/?p=1985","name":"HOMEM \u00c9 PRESO POR PESCA ILEGAL EM ALFENAS - Not\u00edcias de Fato","isPartOf":{"@id":"https:\/\/noticiasdefato.net\/#website"},"primaryImageOfPage":{"@id":"https:\/\/noticiasdefato.net\/?p=1985#primaryimage"},"image":{"@id":"https:\/\/noticiasdefato.net\/?p=1985#primaryimage"},"thumbnailUrl":"https:\/\/noticiasdefato.net\/wp-content\/uploads\/2024\/10\/image-44.png","datePublished":"2024-10-15T02:17:16+00:00","dateModified":"2024-10-24T00:40:51+00:00","description":"O autor \u00e9 de Alfenas e recebeu uma multa no valor de R$ 2.639,85 por crime previsto no artigo 35 da Lei 9.605\/98, que prev\u00ea reclus\u00e3o de um ano a cinco anos.","breadcrumb":{"@id":"https:\/\/noticiasdefato.net\/?p=1985#breadcrumb"},"inLanguage":"pt-BR","potentialAction":[{"@type":"ReadAction","target":["https:\/\/noticiasdefato.net\/?p=1985"]}]},{"@type":"ImageObject","inLanguage":"pt-BR","@id":"https:\/\/noticiasdefato.net\/?p=1985#primaryimage","url":"https:\/\/noticiasdefato.net\/wp-content\/uploads\/2024\/10\/image-44.png","contentUrl":"https:\/\/noticiasdefato.net\/wp-content\/uploads\/2024\/10\/image-44.png","width":2000,"height":1125},{"@type":"BreadcrumbList","@id":"https:\/\/noticiasdefato.net\/?p=1985#breadcrumb","itemListElement":[{"@type":"ListItem","position":1,"name":"In\u00edcio","item":"https:\/\/noticiasdefato.net\/"},{"@type":"ListItem","position":2,"name":"HOMEM \u00c9 PRESO POR PESCA ILEGAL EM ALFENAS"}]},{"@type":"WebSite","@id":"https:\/\/noticiasdefato.net\/#website","url":"https:\/\/noticiasdefato.net\/","name":"Not\u00edcias de Fato","description":"Trabalhamos com honestidade, seriedade e com a verdade.","publisher":{"@id":"https:\/\/noticiasdefato.net\/#organization"},"potentialAction":[{"@type":"SearchAction","target":{"@type":"EntryPoint","urlTemplate":"https:\/\/noticiasdefato.net\/?s={search_term_string}"},"query-input":"required name=search_term_string"}],"inLanguage":"pt-BR"},{"@type":"Organization","@id":"https:\/\/noticiasdefato.net\/#organization","name":"Not\u00edcias de Fato","url":"https:\/\/noticiasdefato.net\/","logo":{"@type":"ImageObject","inLanguage":"pt-BR","@id":"https:\/\/noticiasdefato.net\/#\/schema\/logo\/image\/","url":"https:\/\/noticiasdefato.net\/wp-content\/uploads\/2024\/02\/cropped-logo_topo.png","contentUrl":"https:\/\/noticiasdefato.net\/wp-content\/uploads\/2024\/02\/cropped-logo_topo.png","width":1948,"height":665,"caption":"Not\u00edcias de Fato"},"image":{"@id":"https:\/\/noticiasdefato.net\/#\/schema\/logo\/image\/"},"sameAs":["https:\/\/fb.com\/noticiasdefato.jornal","https:\/\/x.com\/noticiasdefato_","https:\/\/instagram.com\/noticiasdefato.jornal","https:\/\/youtube.com\/@JornalNoticiasDeFato"]},{"@type":"Person","@id":"https:\/\/noticiasdefato.net\/#\/schema\/person\/982ce60211d95acf059cd702aa260d08","name":"Noticias de Fato","image":{"@type":"ImageObject","inLanguage":"pt-BR","@id":"https:\/\/noticiasdefato.net\/#\/schema\/person\/image\/","url":"https:\/\/secure.gravatar.com\/avatar\/700227fab2316f0366a1b5d4988d10f847249cf13293450527ac9553c994611a?s=96&d=mm&r=g","contentUrl":"https:\/\/secure.gravatar.com\/avatar\/700227fab2316f0366a1b5d4988d10f847249cf13293450527ac9553c994611a?s=96&d=mm&r=g","caption":"Noticias de Fato"},"sameAs":["https:\/\/noticiasdefato.net","http:\/\/fb.com\/\/noticiasdefato.jornal","https:\/\/x.com\/https:\/\/twitter.com\/NoticiasDeFato_"],"url":"https:\/\/noticiasdefato.net\/?author=1"}]}},"_links":{"self":[{"href":"https:\/\/noticiasdefato.net\/index.php?rest_route=\/wp\/v2\/posts\/1985","targetHints":{"allow":["GET"]}}],"collection":[{"href":"https:\/\/noticiasdefato.net\/index.php?rest_route=\/wp\/v2\/posts"}],"about":[{"href":"https:\/\/noticiasdefato.net\/index.php?rest_route=\/wp\/v2\/types\/post"}],"author":[{"embeddable":true,"href":"https:\/\/noticiasdefato.net\/index.php?rest_route=\/wp\/v2\/users\/1"}],"replies":[{"embeddable":true,"href":"https:\/\/noticiasdefato.net\/index.php?rest_route=%2Fwp%2Fv2%2Fcomments&post=1985"}],"version-history":[{"count":1,"href":"https:\/\/noticiasdefato.net\/index.php?rest_route=\/wp\/v2\/posts\/1985\/revisions"}],"predecessor-version":[{"id":1988,"href":"https:\/\/noticiasdefato.net\/index.php?rest_route=\/wp\/v2\/posts\/1985\/revisions\/1988"}],"wp:featuredmedia":[{"embeddable":true,"href":"https:\/\/noticiasdefato.net\/index.php?rest_route=\/wp\/v2\/media\/1987"}],"wp:attachment":[{"href":"https:\/\/noticiasdefato.net\/index.php?rest_route=%2Fwp%2Fv2%2Fmedia&parent=1985"}],"wp:term":[{"taxonomy":"category","embeddable":true,"href":"https:\/\/noticiasdefato.net\/index.php?rest_route=%2Fwp%2Fv2%2Fcategories&post=1985"},{"taxonomy":"post_tag","embeddable":true,"href":"https:\/\/noticiasdefato.net\/index.php?rest_route=%2Fwp%2Fv2%2Ftags&post=1985"}],"curies":[{"name":"wp","href":"https:\/\/api.w.org\/{rel}","templated":true}]}}