{"id":1989,"date":"2024-10-17T08:41:33","date_gmt":"2024-10-17T11:41:33","guid":{"rendered":"https:\/\/noticiasdefato.net\/?p=1989"},"modified":"2024-10-23T21:40:57","modified_gmt":"2024-10-24T00:40:57","slug":"cadastro-escolar-2025-prazo-para-rede-publica-vai-ate-1-11","status":"publish","type":"post","link":"https:\/\/noticiasdefato.net\/?p=1989","title":{"rendered":"CADASTRO ESCOLAR 2025: PRAZO PARA REDE P\u00daBLICA VAI AT\u00c9 1\/11"},"content":{"rendered":"\n<p><em>Interessados devem se inscrever exclusivamente pela internet, por meio do Sucem; renova\u00e7\u00e3o da matr\u00edcula para quem j\u00e1 estuda na rede estadual \u00e9 autom\u00e1tica.<\/em><\/p>\n\n\n\n<p>Aten\u00e7\u00e3o, pais, respons\u00e1veis ou estudantes maiores de 18 anos que desejam ingressar na rede p\u00fablica de ensino de Minas Gerais no pr\u00f3ximo ano ou aqueles que precisam mudar de escola: as inscri\u00e7\u00f5es para o Cadastro Escolar 2025 est\u00e3o abertas e devem ser realizadas at\u00e9 o dia 1\/11.<\/p>\n\n\n\n<p>O processo \u00e9 feito pelo Sistema \u00danico de Cadastro e Encaminhamento para Matr\u00edcula (Sucem) da&nbsp;<a href=\"https:\/\/www.educacao.mg.gov.br\/\" target=\"_blank\" rel=\"noreferrer noopener\">Secretaria de Estado de Educa\u00e7\u00e3o de Minas Gerais (SEE\/MG)<\/a>,&nbsp;<a href=\"https:\/\/cadastroescolar.educacao.mg.gov.br\/\" target=\"_blank\" rel=\"noreferrer noopener\">neste site<\/a>.&nbsp;&nbsp;Quem j\u00e1 estuda na rede estadual ter\u00e1 a matr\u00edcula renovada automaticamente, sem necessidade de inscri\u00e7\u00e3o.<br><br>Deve se inscrever o estudante que pretende ingressar ou retornar \u00e0 rede p\u00fablica de ensino ou que deseja mudar de escola em 2025. Tamb\u00e9m podem se cadastrar os alunos matriculados em 2024 em escolas p\u00fablicas que n\u00e3o oferecer\u00e3o o n\u00edvel de ensino ou s\u00e9rie subsequente no pr\u00f3ximo ano.<br><br>O Cadastro Escolar tamb\u00e9m \u00e9 voltado aos estudantes interessados em ingressar no Ensino M\u00e9dio em Tempo Integral (EMTI), em cursos da Educa\u00e7\u00e3o Profissional em escolas da rede p\u00fablica, ou na Educa\u00e7\u00e3o de Jovens e Adultos (EJA). Vale lembrar que, para o ingresso na EJA, a idade m\u00ednima \u00e9 de 15 anos para o ensino fundamental e 18 anos para o ensino m\u00e9dio.<br><br>\u201cA garantia de uma vaga na rede p\u00fablica de ensino \u00e9 um direito fundamental, e o Cadastro Escolar \u00e9 a porta de entrada para estudantes que querem fazer parte desse processo educacional\u201d, afirma a superintendente de Organiza\u00e7\u00e3o Escolar e Informa\u00e7\u00f5es Educacionais da SEE\/MG, Simone Emerick.<br><br>Ela refor\u00e7a a import\u00e2ncia de que todos fa\u00e7am a inscri\u00e7\u00e3o dentro do prazo para garantir o acesso \u00e0 escola mais pr\u00f3xima de sua resid\u00eancia e \u00e0 modalidade de ensino mais adequada \u00e0s suas necessidades. \u201cNosso objetivo \u00e9 assegurar que nenhum estudante fique de fora\u201d, destaca.<br><br>Para a inscri\u00e7\u00e3o no Sucem, \u00e9 necess\u00e1rio informar dados como nome completo, data de nascimento, endere\u00e7o, RG, CPF, e nome dos respons\u00e1veis. Aqueles que n\u00e3o t\u00eam acesso \u00e0 internet podem se dirigir a uma escola estadual para realizar a inscri\u00e7\u00e3o presencialmente.<\/p>\n\n\n\n<p><strong>CRONOGRAMA<\/strong><\/p>\n\n\n\n<p>O resultado do Cadastro Escolar 2025 estar\u00e1 dispon\u00edvel a partir de 4\/12 no site oficial. J\u00e1 a confirma\u00e7\u00e3o da matr\u00edcula na rede estadual ser\u00e1 feita presencialmente de 18\/12&nbsp;de 2024 a 10\/1&nbsp;de 2025 na escola designada. Se o estudante for encaminhado para uma escola municipal, a fam\u00edlia deve seguir o calend\u00e1rio de matr\u00edcula do munic\u00edpio. Todas as informa\u00e7\u00f5es sobre a documenta\u00e7\u00e3o exigida para a matr\u00edcula est\u00e3o dispon\u00edveis na Resolu\u00e7\u00e3o SEE n\u00ba 5058\/2024.<\/p>\n\n\n\n<p><strong>RENOVA\u00c7\u00c3O DE MATR\u00cdCULA<\/strong><\/p>\n\n\n\n<p>A renova\u00e7\u00e3o de matr\u00edcula para alunos que j\u00e1 frequentam a rede estadual ser\u00e1 autom\u00e1tica, desde que a escola atual ofere\u00e7a o n\u00edvel de ensino a ser cursado em 2025. A renova\u00e7\u00e3o se dar\u00e1, preferencialmente, no mesmo turno em que o estudante est\u00e1 matriculado. Caso o estudante queira mudar de escola, pode solicitar o cancelamento da renova\u00e7\u00e3o autom\u00e1tica e participar do Cadastro Escolar.<\/p>\n\n\n\n<p><strong>EMTI E EDUCA\u00c7\u00c3O PROFISSIONAL<\/strong><\/p>\n\n\n\n<p>Estudantes interessados em ingressar no Ensino M\u00e9dio em Tempo Integral tamb\u00e9m j\u00e1 podem se inscrever em uma das 786 escolas estaduais que oferecem essa modalidade. Dentre elas, 540 tamb\u00e9m oferecem 17 cursos t\u00e9cnicos integrados ao ensino m\u00e9dio.<br><br>Uma novidade para 2025 \u00e9 o programa Trilhas de Futuro nas Escolas que vai ampliar a oferta de cursos de Educa\u00e7\u00e3o Profissional e Tecnol\u00f3gica (EPT), em parceria com o Senai. Ser\u00e3o oferecidas 9.600 vagas em 153 escolas de tempo integral de 37 munic\u00edpios para alunos que ingressarem no 1\u00ba ano do EMTI.<br><br>Al\u00e9m disso, aproximadamente 600 escolas estaduais oferecem 38 cursos de educa\u00e7\u00e3o profissional, com vagas destinadas a estudantes matriculados no ensino m\u00e9dio parcial e egressos. Entre as op\u00e7\u00f5es est\u00e3o cursos como administra\u00e7\u00e3o, agroneg\u00f3cio, log\u00edstica e inform\u00e1tica.<\/p>\n\n\n\n<p><strong>Fonte:<\/strong> Ag\u00eancia Minas<\/p>\n","protected":false},"excerpt":{"rendered":"<p>Interessados devem se inscrever exclusivamente pela internet, por meio do Sucem; renova\u00e7\u00e3o da matr\u00edcula para quem j\u00e1 estuda na rede estadual \u00e9 autom\u00e1tica <a href=\"https:\/\/noticiasdefato.net\/?p=1989\" class=\"more-link\">Continuar lendo <span class=\"screen-reader-text\">CADASTRO ESCOLAR 2025: PRAZO PARA REDE P\u00daBLICA VAI AT\u00c9 1\/11<\/span><\/a><\/p>\n","protected":false},"author":1,"featured_media":1990,"comment_status":"open","ping_status":"open","sticky":false,"template":"","format":"standard","meta":{"footnotes":""},"categories":[20],"tags":[],"class_list":["post-1989","post","type-post","status-publish","format-standard","has-post-thumbnail","hentry","category-educacao"],"yoast_head":"<!-- This site is optimized with the Yoast SEO plugin v23.2 - https:\/\/yoast.com\/wordpress\/plugins\/seo\/ -->\n<title>CADASTRO ESCOLAR 2025: PRAZO PARA REDE P\u00daBLICA VAI AT\u00c9 1\/11 - Not\u00edcias de Fato<\/title>\n<meta name=\"description\" content=\"Interessados devem se inscrever exclusivamente pela internet, por meio do Sucem; renova\u00e7\u00e3o da matr\u00edcula para quem j\u00e1 estuda na rede estadual \u00e9 autom\u00e1tica\" \/>\n<meta name=\"robots\" content=\"index, follow, max-snippet:-1, max-image-preview:large, max-video-preview:-1\" \/>\n<link rel=\"canonical\" href=\"https:\/\/noticiasdefato.net\/?p=1989\" \/>\n<meta property=\"og:locale\" content=\"pt_BR\" \/>\n<meta property=\"og:type\" content=\"article\" \/>\n<meta property=\"og:title\" content=\"CADASTRO ESCOLAR 2025: PRAZO PARA REDE P\u00daBLICA VAI AT\u00c9 1\/11 - Not\u00edcias de Fato\" \/>\n<meta property=\"og:description\" content=\"Interessados devem se inscrever exclusivamente pela internet, por meio do Sucem; renova\u00e7\u00e3o da matr\u00edcula para quem j\u00e1 estuda na rede estadual \u00e9 autom\u00e1tica\" \/>\n<meta property=\"og:url\" content=\"https:\/\/noticiasdefato.net\/?p=1989\" \/>\n<meta property=\"og:site_name\" content=\"Not\u00edcias de Fato\" \/>\n<meta property=\"article:publisher\" content=\"https:\/\/fb.com\/noticiasdefato.jornal\" \/>\n<meta property=\"article:author\" content=\"http:\/\/fb.com\/\/noticiasdefato.jornal\" \/>\n<meta property=\"article:published_time\" content=\"2024-10-17T11:41:33+00:00\" \/>\n<meta property=\"article:modified_time\" content=\"2024-10-24T00:40:57+00:00\" \/>\n<meta property=\"og:image\" content=\"https:\/\/noticiasdefato.net\/wp-content\/uploads\/2024\/10\/image-45.png\" \/>\n\t<meta property=\"og:image:width\" content=\"940\" \/>\n\t<meta property=\"og:image:height\" content=\"350\" \/>\n\t<meta property=\"og:image:type\" content=\"image\/png\" \/>\n<meta name=\"author\" content=\"Noticias de Fato\" \/>\n<meta name=\"twitter:card\" content=\"summary_large_image\" \/>\n<meta name=\"twitter:creator\" content=\"@https:\/\/twitter.com\/NoticiasDeFato_\" \/>\n<meta name=\"twitter:site\" content=\"@noticiasdefato_\" \/>\n<meta name=\"twitter:label1\" content=\"Escrito por\" \/>\n\t<meta name=\"twitter:data1\" content=\"Noticias de Fato\" \/>\n\t<meta name=\"twitter:label2\" content=\"Est. tempo de leitura\" \/>\n\t<meta name=\"twitter:data2\" content=\"4 minutos\" \/>\n<script type=\"application\/ld+json\" class=\"yoast-schema-graph\">{\"@context\":\"https:\/\/schema.org\",\"@graph\":[{\"@type\":\"Article\",\"@id\":\"https:\/\/noticiasdefato.net\/?p=1989#article\",\"isPartOf\":{\"@id\":\"https:\/\/noticiasdefato.net\/?p=1989\"},\"author\":{\"name\":\"Noticias de Fato\",\"@id\":\"https:\/\/noticiasdefato.net\/#\/schema\/person\/982ce60211d95acf059cd702aa260d08\"},\"headline\":\"CADASTRO ESCOLAR 2025: PRAZO PARA REDE P\u00daBLICA VAI AT\u00c9 1\/11\",\"datePublished\":\"2024-10-17T11:41:33+00:00\",\"dateModified\":\"2024-10-24T00:40:57+00:00\",\"mainEntityOfPage\":{\"@id\":\"https:\/\/noticiasdefato.net\/?p=1989\"},\"wordCount\":688,\"commentCount\":0,\"publisher\":{\"@id\":\"https:\/\/noticiasdefato.net\/#organization\"},\"image\":{\"@id\":\"https:\/\/noticiasdefato.net\/?p=1989#primaryimage\"},\"thumbnailUrl\":\"https:\/\/noticiasdefato.net\/wp-content\/uploads\/2024\/10\/image-45.png\",\"articleSection\":[\"Educa\u00e7\u00e3o\"],\"inLanguage\":\"pt-BR\",\"potentialAction\":[{\"@type\":\"CommentAction\",\"name\":\"Comment\",\"target\":[\"https:\/\/noticiasdefato.net\/?p=1989#respond\"]}]},{\"@type\":\"WebPage\",\"@id\":\"https:\/\/noticiasdefato.net\/?p=1989\",\"url\":\"https:\/\/noticiasdefato.net\/?p=1989\",\"name\":\"CADASTRO ESCOLAR 2025: PRAZO PARA REDE P\u00daBLICA VAI AT\u00c9 1\/11 - Not\u00edcias de Fato\",\"isPartOf\":{\"@id\":\"https:\/\/noticiasdefato.net\/#website\"},\"primaryImageOfPage\":{\"@id\":\"https:\/\/noticiasdefato.net\/?p=1989#primaryimage\"},\"image\":{\"@id\":\"https:\/\/noticiasdefato.net\/?p=1989#primaryimage\"},\"thumbnailUrl\":\"https:\/\/noticiasdefato.net\/wp-content\/uploads\/2024\/10\/image-45.png\",\"datePublished\":\"2024-10-17T11:41:33+00:00\",\"dateModified\":\"2024-10-24T00:40:57+00:00\",\"description\":\"Interessados devem se inscrever exclusivamente pela internet, por meio do Sucem; renova\u00e7\u00e3o da matr\u00edcula para quem j\u00e1 estuda na rede estadual \u00e9 autom\u00e1tica\",\"breadcrumb\":{\"@id\":\"https:\/\/noticiasdefato.net\/?p=1989#breadcrumb\"},\"inLanguage\":\"pt-BR\",\"potentialAction\":[{\"@type\":\"ReadAction\",\"target\":[\"https:\/\/noticiasdefato.net\/?p=1989\"]}]},{\"@type\":\"ImageObject\",\"inLanguage\":\"pt-BR\",\"@id\":\"https:\/\/noticiasdefato.net\/?p=1989#primaryimage\",\"url\":\"https:\/\/noticiasdefato.net\/wp-content\/uploads\/2024\/10\/image-45.png\",\"contentUrl\":\"https:\/\/noticiasdefato.net\/wp-content\/uploads\/2024\/10\/image-45.png\",\"width\":940,\"height\":350},{\"@type\":\"BreadcrumbList\",\"@id\":\"https:\/\/noticiasdefato.net\/?p=1989#breadcrumb\",\"itemListElement\":[{\"@type\":\"ListItem\",\"position\":1,\"name\":\"In\u00edcio\",\"item\":\"https:\/\/noticiasdefato.net\/\"},{\"@type\":\"ListItem\",\"position\":2,\"name\":\"CADASTRO ESCOLAR 2025: PRAZO PARA REDE P\u00daBLICA VAI AT\u00c9 1\/11\"}]},{\"@type\":\"WebSite\",\"@id\":\"https:\/\/noticiasdefato.net\/#website\",\"url\":\"https:\/\/noticiasdefato.net\/\",\"name\":\"Not\u00edcias de Fato\",\"description\":\"Trabalhamos com honestidade, seriedade e com a verdade.\",\"publisher\":{\"@id\":\"https:\/\/noticiasdefato.net\/#organization\"},\"potentialAction\":[{\"@type\":\"SearchAction\",\"target\":{\"@type\":\"EntryPoint\",\"urlTemplate\":\"https:\/\/noticiasdefato.net\/?s={search_term_string}\"},\"query-input\":\"required name=search_term_string\"}],\"inLanguage\":\"pt-BR\"},{\"@type\":\"Organization\",\"@id\":\"https:\/\/noticiasdefato.net\/#organization\",\"name\":\"Not\u00edcias de Fato\",\"url\":\"https:\/\/noticiasdefato.net\/\",\"logo\":{\"@type\":\"ImageObject\",\"inLanguage\":\"pt-BR\",\"@id\":\"https:\/\/noticiasdefato.net\/#\/schema\/logo\/image\/\",\"url\":\"https:\/\/noticiasdefato.net\/wp-content\/uploads\/2024\/02\/cropped-logo_topo.png\",\"contentUrl\":\"https:\/\/noticiasdefato.net\/wp-content\/uploads\/2024\/02\/cropped-logo_topo.png\",\"width\":1948,\"height\":665,\"caption\":\"Not\u00edcias de Fato\"},\"image\":{\"@id\":\"https:\/\/noticiasdefato.net\/#\/schema\/logo\/image\/\"},\"sameAs\":[\"https:\/\/fb.com\/noticiasdefato.jornal\",\"https:\/\/x.com\/noticiasdefato_\",\"https:\/\/instagram.com\/noticiasdefato.jornal\",\"https:\/\/youtube.com\/@JornalNoticiasDeFato\"]},{\"@type\":\"Person\",\"@id\":\"https:\/\/noticiasdefato.net\/#\/schema\/person\/982ce60211d95acf059cd702aa260d08\",\"name\":\"Noticias de Fato\",\"image\":{\"@type\":\"ImageObject\",\"inLanguage\":\"pt-BR\",\"@id\":\"https:\/\/noticiasdefato.net\/#\/schema\/person\/image\/\",\"url\":\"https:\/\/secure.gravatar.com\/avatar\/700227fab2316f0366a1b5d4988d10f847249cf13293450527ac9553c994611a?s=96&d=mm&r=g\",\"contentUrl\":\"https:\/\/secure.gravatar.com\/avatar\/700227fab2316f0366a1b5d4988d10f847249cf13293450527ac9553c994611a?s=96&d=mm&r=g\",\"caption\":\"Noticias de Fato\"},\"sameAs\":[\"https:\/\/noticiasdefato.net\",\"http:\/\/fb.com\/\/noticiasdefato.jornal\",\"https:\/\/x.com\/https:\/\/twitter.com\/NoticiasDeFato_\"],\"url\":\"https:\/\/noticiasdefato.net\/?author=1\"}]}<\/script>\n<!-- \/ Yoast SEO plugin. -->","yoast_head_json":{"title":"CADASTRO ESCOLAR 2025: PRAZO PARA REDE P\u00daBLICA VAI AT\u00c9 1\/11 - Not\u00edcias de Fato","description":"Interessados devem se inscrever exclusivamente pela internet, por meio do Sucem; renova\u00e7\u00e3o da matr\u00edcula para quem j\u00e1 estuda na rede estadual \u00e9 autom\u00e1tica","robots":{"index":"index","follow":"follow","max-snippet":"max-snippet:-1","max-image-preview":"max-image-preview:large","max-video-preview":"max-video-preview:-1"},"canonical":"https:\/\/noticiasdefato.net\/?p=1989","og_locale":"pt_BR","og_type":"article","og_title":"CADASTRO ESCOLAR 2025: PRAZO PARA REDE P\u00daBLICA VAI AT\u00c9 1\/11 - Not\u00edcias de Fato","og_description":"Interessados devem se inscrever exclusivamente pela internet, por meio do Sucem; renova\u00e7\u00e3o da matr\u00edcula para quem j\u00e1 estuda na rede estadual \u00e9 autom\u00e1tica","og_url":"https:\/\/noticiasdefato.net\/?p=1989","og_site_name":"Not\u00edcias de Fato","article_publisher":"https:\/\/fb.com\/noticiasdefato.jornal","article_author":"http:\/\/fb.com\/\/noticiasdefato.jornal","article_published_time":"2024-10-17T11:41:33+00:00","article_modified_time":"2024-10-24T00:40:57+00:00","og_image":[{"width":940,"height":350,"url":"https:\/\/noticiasdefato.net\/wp-content\/uploads\/2024\/10\/image-45.png","type":"image\/png"}],"author":"Noticias de Fato","twitter_card":"summary_large_image","twitter_creator":"@https:\/\/twitter.com\/NoticiasDeFato_","twitter_site":"@noticiasdefato_","twitter_misc":{"Escrito por":"Noticias de Fato","Est. tempo de leitura":"4 minutos"},"schema":{"@context":"https:\/\/schema.org","@graph":[{"@type":"Article","@id":"https:\/\/noticiasdefato.net\/?p=1989#article","isPartOf":{"@id":"https:\/\/noticiasdefato.net\/?p=1989"},"author":{"name":"Noticias de Fato","@id":"https:\/\/noticiasdefato.net\/#\/schema\/person\/982ce60211d95acf059cd702aa260d08"},"headline":"CADASTRO ESCOLAR 2025: PRAZO PARA REDE P\u00daBLICA VAI AT\u00c9 1\/11","datePublished":"2024-10-17T11:41:33+00:00","dateModified":"2024-10-24T00:40:57+00:00","mainEntityOfPage":{"@id":"https:\/\/noticiasdefato.net\/?p=1989"},"wordCount":688,"commentCount":0,"publisher":{"@id":"https:\/\/noticiasdefato.net\/#organization"},"image":{"@id":"https:\/\/noticiasdefato.net\/?p=1989#primaryimage"},"thumbnailUrl":"https:\/\/noticiasdefato.net\/wp-content\/uploads\/2024\/10\/image-45.png","articleSection":["Educa\u00e7\u00e3o"],"inLanguage":"pt-BR","potentialAction":[{"@type":"CommentAction","name":"Comment","target":["https:\/\/noticiasdefato.net\/?p=1989#respond"]}]},{"@type":"WebPage","@id":"https:\/\/noticiasdefato.net\/?p=1989","url":"https:\/\/noticiasdefato.net\/?p=1989","name":"CADASTRO ESCOLAR 2025: PRAZO PARA REDE P\u00daBLICA VAI AT\u00c9 1\/11 - Not\u00edcias de Fato","isPartOf":{"@id":"https:\/\/noticiasdefato.net\/#website"},"primaryImageOfPage":{"@id":"https:\/\/noticiasdefato.net\/?p=1989#primaryimage"},"image":{"@id":"https:\/\/noticiasdefato.net\/?p=1989#primaryimage"},"thumbnailUrl":"https:\/\/noticiasdefato.net\/wp-content\/uploads\/2024\/10\/image-45.png","datePublished":"2024-10-17T11:41:33+00:00","dateModified":"2024-10-24T00:40:57+00:00","description":"Interessados devem se inscrever exclusivamente pela internet, por meio do Sucem; renova\u00e7\u00e3o da matr\u00edcula para quem j\u00e1 estuda na rede estadual \u00e9 autom\u00e1tica","breadcrumb":{"@id":"https:\/\/noticiasdefato.net\/?p=1989#breadcrumb"},"inLanguage":"pt-BR","potentialAction":[{"@type":"ReadAction","target":["https:\/\/noticiasdefato.net\/?p=1989"]}]},{"@type":"ImageObject","inLanguage":"pt-BR","@id":"https:\/\/noticiasdefato.net\/?p=1989#primaryimage","url":"https:\/\/noticiasdefato.net\/wp-content\/uploads\/2024\/10\/image-45.png","contentUrl":"https:\/\/noticiasdefato.net\/wp-content\/uploads\/2024\/10\/image-45.png","width":940,"height":350},{"@type":"BreadcrumbList","@id":"https:\/\/noticiasdefato.net\/?p=1989#breadcrumb","itemListElement":[{"@type":"ListItem","position":1,"name":"In\u00edcio","item":"https:\/\/noticiasdefato.net\/"},{"@type":"ListItem","position":2,"name":"CADASTRO ESCOLAR 2025: PRAZO PARA REDE P\u00daBLICA VAI AT\u00c9 1\/11"}]},{"@type":"WebSite","@id":"https:\/\/noticiasdefato.net\/#website","url":"https:\/\/noticiasdefato.net\/","name":"Not\u00edcias de Fato","description":"Trabalhamos com honestidade, seriedade e com a verdade.","publisher":{"@id":"https:\/\/noticiasdefato.net\/#organization"},"potentialAction":[{"@type":"SearchAction","target":{"@type":"EntryPoint","urlTemplate":"https:\/\/noticiasdefato.net\/?s={search_term_string}"},"query-input":"required name=search_term_string"}],"inLanguage":"pt-BR"},{"@type":"Organization","@id":"https:\/\/noticiasdefato.net\/#organization","name":"Not\u00edcias de Fato","url":"https:\/\/noticiasdefato.net\/","logo":{"@type":"ImageObject","inLanguage":"pt-BR","@id":"https:\/\/noticiasdefato.net\/#\/schema\/logo\/image\/","url":"https:\/\/noticiasdefato.net\/wp-content\/uploads\/2024\/02\/cropped-logo_topo.png","contentUrl":"https:\/\/noticiasdefato.net\/wp-content\/uploads\/2024\/02\/cropped-logo_topo.png","width":1948,"height":665,"caption":"Not\u00edcias de Fato"},"image":{"@id":"https:\/\/noticiasdefato.net\/#\/schema\/logo\/image\/"},"sameAs":["https:\/\/fb.com\/noticiasdefato.jornal","https:\/\/x.com\/noticiasdefato_","https:\/\/instagram.com\/noticiasdefato.jornal","https:\/\/youtube.com\/@JornalNoticiasDeFato"]},{"@type":"Person","@id":"https:\/\/noticiasdefato.net\/#\/schema\/person\/982ce60211d95acf059cd702aa260d08","name":"Noticias de Fato","image":{"@type":"ImageObject","inLanguage":"pt-BR","@id":"https:\/\/noticiasdefato.net\/#\/schema\/person\/image\/","url":"https:\/\/secure.gravatar.com\/avatar\/700227fab2316f0366a1b5d4988d10f847249cf13293450527ac9553c994611a?s=96&d=mm&r=g","contentUrl":"https:\/\/secure.gravatar.com\/avatar\/700227fab2316f0366a1b5d4988d10f847249cf13293450527ac9553c994611a?s=96&d=mm&r=g","caption":"Noticias de Fato"},"sameAs":["https:\/\/noticiasdefato.net","http:\/\/fb.com\/\/noticiasdefato.jornal","https:\/\/x.com\/https:\/\/twitter.com\/NoticiasDeFato_"],"url":"https:\/\/noticiasdefato.net\/?author=1"}]}},"_links":{"self":[{"href":"https:\/\/noticiasdefato.net\/index.php?rest_route=\/wp\/v2\/posts\/1989","targetHints":{"allow":["GET"]}}],"collection":[{"href":"https:\/\/noticiasdefato.net\/index.php?rest_route=\/wp\/v2\/posts"}],"about":[{"href":"https:\/\/noticiasdefato.net\/index.php?rest_route=\/wp\/v2\/types\/post"}],"author":[{"embeddable":true,"href":"https:\/\/noticiasdefato.net\/index.php?rest_route=\/wp\/v2\/users\/1"}],"replies":[{"embeddable":true,"href":"https:\/\/noticiasdefato.net\/index.php?rest_route=%2Fwp%2Fv2%2Fcomments&post=1989"}],"version-history":[{"count":1,"href":"https:\/\/noticiasdefato.net\/index.php?rest_route=\/wp\/v2\/posts\/1989\/revisions"}],"predecessor-version":[{"id":1991,"href":"https:\/\/noticiasdefato.net\/index.php?rest_route=\/wp\/v2\/posts\/1989\/revisions\/1991"}],"wp:featuredmedia":[{"embeddable":true,"href":"https:\/\/noticiasdefato.net\/index.php?rest_route=\/wp\/v2\/media\/1990"}],"wp:attachment":[{"href":"https:\/\/noticiasdefato.net\/index.php?rest_route=%2Fwp%2Fv2%2Fmedia&parent=1989"}],"wp:term":[{"taxonomy":"category","embeddable":true,"href":"https:\/\/noticiasdefato.net\/index.php?rest_route=%2Fwp%2Fv2%2Fcategories&post=1989"},{"taxonomy":"post_tag","embeddable":true,"href":"https:\/\/noticiasdefato.net\/index.php?rest_route=%2Fwp%2Fv2%2Ftags&post=1989"}],"curies":[{"name":"wp","href":"https:\/\/api.w.org\/{rel}","templated":true}]}}