{"id":1998,"date":"2024-10-17T17:25:44","date_gmt":"2024-10-17T20:25:44","guid":{"rendered":"https:\/\/noticiasdefato.net\/?p=1998"},"modified":"2024-10-23T21:41:16","modified_gmt":"2024-10-24T00:41:16","slug":"sem-previsao-sup-lacerda-nao-esta-aceitando-vale","status":"publish","type":"post","link":"https:\/\/noticiasdefato.net\/?p=1998","title":{"rendered":"SEM PREVIS\u00c3O: SUP. LACERDA NAO EST\u00c1 ACEITANDO VALE"},"content":{"rendered":"\n<p><em>Funcion\u00e1rios da Prefeitura de Alfenas reclamam que vale supermercado nao est\u00e1 sendo aceito. Suposta falta de pagamento seria o motivo.<\/em><\/p>\n\n\n\n<p>Em negocia\u00e7\u00e3o salarial em mar\u00e7o de 2022, o ent\u00e3o prefeito Luiz Ant\u00f4nio da Silva (Luizinho do PT), firmou compromisso com o Sindicato dos Servidores P\u00fablicos de Alfenas, de que pagaria um vale alimenta\u00e7\u00e3o no valor de R$ 100,00 \u00e0 partir de mar\u00e7o de 2024. Mas circula nas redes sociais que os funcion\u00e1rios da prefeituda n\u00e3o est\u00e3o conseguindo utilizar o vale, pois o \u00fanico supermercado que troca vales para a prefeitura \u00e9 o Supermercado Lacerda.<\/p>\n\n\n\n<p>Segundo informa\u00e7\u00f5es obtidas pela nossa reda\u00e7\u00e3o, o supermercado n\u00e3o est\u00e1 aceitando os vales da prefeitura na data de hoje, 17, e n\u00e3o h\u00e1 previs\u00e3o de quando ir\u00e1 aceitar. Embora o supermercado alegue n\u00e3o saber o motivo da suspens\u00e3o dos vales, cogita-se que o fato ocorra, supostamente, pela falta de pagamento da prefeitura ao supermercado Lacerda. Ainda, segundo uma fonte que pediu para n\u00e3o ser identificada, a d\u00edvida n\u00e3o se refere apenas aos vales mas, tamb\u00e9m, ao b\u00f4nus social que a prefeitura utiliza como moeda de troca para desconto em IPTU.<\/p>\n\n\n<div class=\"wp-block-image\">\n<figure class=\"aligncenter size-large is-resized\"><img fetchpriority=\"high\" decoding=\"async\" width=\"962\" height=\"1024\" src=\"https:\/\/noticiasdefato.net\/wp-content\/uploads\/2024\/10\/image-53-962x1024.png\" alt=\"\" class=\"wp-image-2009\" style=\"width:432px;height:auto\" srcset=\"https:\/\/noticiasdefato.net\/wp-content\/uploads\/2024\/10\/image-53-962x1024.png 962w, https:\/\/noticiasdefato.net\/wp-content\/uploads\/2024\/10\/image-53-282x300.png 282w, https:\/\/noticiasdefato.net\/wp-content\/uploads\/2024\/10\/image-53-768x817.png 768w, https:\/\/noticiasdefato.net\/wp-content\/uploads\/2024\/10\/image-53-85x90.png 85w, https:\/\/noticiasdefato.net\/wp-content\/uploads\/2024\/10\/image-53.png 1125w\" sizes=\"(max-width: 962px) 100vw, 962px\" \/><\/figure>\n<\/div>\n\n\n<p><\/p>\n\n\n\n<p><strong>H\u00c1 MONOP\u00d3LIO?<\/strong><\/p>\n\n\n\n<p>Nossa reda\u00e7\u00e3o entrou em contato com um funcion\u00e1rio da prefeitura, que pediu para n\u00e3o ser identificado na mat\u00e9ria por medo de repres\u00e1lia. Questionamos em quais supermercados o vale pode ser utilizado. A resposta segue abaixo:<\/p>\n\n\n<div class=\"wp-block-image\">\n<figure class=\"aligncenter size-full\"><img decoding=\"async\" width=\"333\" height=\"56\" src=\"https:\/\/noticiasdefato.net\/wp-content\/uploads\/2024\/10\/image-49.png\" alt=\"\" class=\"wp-image-2002\" srcset=\"https:\/\/noticiasdefato.net\/wp-content\/uploads\/2024\/10\/image-49.png 333w, https:\/\/noticiasdefato.net\/wp-content\/uploads\/2024\/10\/image-49-300x50.png 300w\" sizes=\"(max-width: 333px) 100vw, 333px\" \/><\/figure>\n<\/div>\n\n\n<p><strong>JA HOUVERAM OUTROS ATRASOS?<\/strong><\/p>\n\n\n\n<p>Questionamos, tamb\u00e9m, o mesmo funcion\u00e1rio para saber se essa foi a primeira vez em que n\u00e3o conseguiu utilizar o vale na data correta. A resposta segue abaixo:<\/p>\n\n\n<div class=\"wp-block-image\">\n<figure class=\"aligncenter size-full\"><img decoding=\"async\" width=\"322\" height=\"54\" src=\"https:\/\/noticiasdefato.net\/wp-content\/uploads\/2024\/10\/image-50.png\" alt=\"\" class=\"wp-image-2003\" srcset=\"https:\/\/noticiasdefato.net\/wp-content\/uploads\/2024\/10\/image-50.png 322w, https:\/\/noticiasdefato.net\/wp-content\/uploads\/2024\/10\/image-50-300x50.png 300w\" sizes=\"(max-width: 322px) 100vw, 322px\" \/><\/figure>\n<\/div>\n\n\n<p>&#8220;<strong>TAVA NA CARA QUE ISSO IRIA ACONTECER<\/strong>&#8220;<\/p>\n\n\n\n<p>Ap\u00f3s garantir a sua reelei\u00e7\u00e3o, o prefeito F\u00e1bio Flor\u00eancio (PT) tem enfrentado contesta\u00e7\u00f5es n\u00e3o somente da popula\u00e7\u00e3o pela falta de rem\u00e9dios no CDM, como tamb\u00e9m dos funcion\u00e1rios da prefeitura sobre o vale alimenta\u00e7\u00e3o e com o medo de atraso nos sal\u00e1rios.<\/p>\n\n\n<div class=\"wp-block-image\">\n<figure class=\"aligncenter size-full\"><img loading=\"lazy\" decoding=\"async\" width=\"296\" height=\"215\" src=\"https:\/\/noticiasdefato.net\/wp-content\/uploads\/2024\/10\/image-48.png\" alt=\"\" class=\"wp-image-2001\" srcset=\"https:\/\/noticiasdefato.net\/wp-content\/uploads\/2024\/10\/image-48.png 296w, https:\/\/noticiasdefato.net\/wp-content\/uploads\/2024\/10\/image-48-124x90.png 124w\" sizes=\"(max-width: 296px) 100vw, 296px\" \/><\/figure>\n<\/div>\n\n\n<p><\/p>\n\n\n\n<p><strong>PROMESSAS<\/strong><\/p>\n\n\n\n<p>No acordo selado em 2022, a prefeitura se comprometeu tamb\u00e9m a construir uma casa por m\u00eas, no valor de R$ 50.000,00 cada, at\u00e9 atingir um total de 200 casas para os servidores municipais.<\/p>\n\n\n\n<p>Outra promessa nesse acordo foi de discutir f\u00e9rias pr\u00eamio, quinq\u00fcenio, dentro outras garantias. Mas o que os servidores n\u00e3o se atentaram, \u00e9 que Luizinho firmou um acordo para discutir o tema, mas nao se comprometeu a implementar nenhum deles. Discutir um tema \u00e9 debater ideias sobre esse tema, e n\u00e3o garante que ser\u00e1 implantado.<\/p>\n\n\n\n<p>Tamb\u00e9m foi prometido um cart\u00e3o de servi\u00e7os para subsidiar consultas especializadas, garantindo que o servidor ir\u00e1 pagar no m\u00e1ximo R$ 80,00.<\/p>\n\n\n\n<p>Por fim, foram prometidas 60 ch\u00e1caras no que chamam de &#8220;vale do sossego&#8221; para fim de morada.<\/p>\n","protected":false},"excerpt":{"rendered":"<p>Funcion\u00e1rios da Prefeitura de Alfenas reclamam que vale supermercado nao est\u00e1 sendo aceito. Suposta falta de pagamento seria o motivo. <a href=\"https:\/\/noticiasdefato.net\/?p=1998\" class=\"more-link\">Continuar lendo <span class=\"screen-reader-text\">SEM PREVIS\u00c3O: SUP. LACERDA NAO EST\u00c1 ACEITANDO VALE<\/span><\/a><\/p>\n","protected":false},"author":1,"featured_media":2004,"comment_status":"open","ping_status":"open","sticky":false,"template":"","format":"standard","meta":{"footnotes":""},"categories":[18],"tags":[],"class_list":["post-1998","post","type-post","status-publish","format-standard","has-post-thumbnail","hentry","category-politica"],"yoast_head":"<!-- This site is optimized with the Yoast SEO plugin v23.2 - https:\/\/yoast.com\/wordpress\/plugins\/seo\/ -->\n<title>SEM PREVIS\u00c3O: SUP. LACERDA NAO EST\u00c1 ACEITANDO VALE - Not\u00edcias de Fato<\/title>\n<meta name=\"description\" content=\"Funcion\u00e1rios da Prefeitura de Alfenas reclamam que vale supermercado nao est\u00e1 sendo aceito. Suposta falta de pagamento seria o motivo.\" \/>\n<meta name=\"robots\" content=\"index, follow, max-snippet:-1, max-image-preview:large, max-video-preview:-1\" \/>\n<link rel=\"canonical\" href=\"https:\/\/noticiasdefato.net\/?p=1998\" \/>\n<meta property=\"og:locale\" content=\"pt_BR\" \/>\n<meta property=\"og:type\" content=\"article\" \/>\n<meta property=\"og:title\" content=\"SEM PREVIS\u00c3O: SUP. LACERDA NAO EST\u00c1 ACEITANDO VALE - Not\u00edcias de Fato\" \/>\n<meta property=\"og:description\" content=\"Funcion\u00e1rios da Prefeitura de Alfenas reclamam que vale supermercado nao est\u00e1 sendo aceito. Suposta falta de pagamento seria o motivo.\" \/>\n<meta property=\"og:url\" content=\"https:\/\/noticiasdefato.net\/?p=1998\" \/>\n<meta property=\"og:site_name\" content=\"Not\u00edcias de Fato\" \/>\n<meta property=\"article:publisher\" content=\"https:\/\/fb.com\/noticiasdefato.jornal\" \/>\n<meta property=\"article:author\" content=\"http:\/\/fb.com\/\/noticiasdefato.jornal\" \/>\n<meta property=\"article:published_time\" content=\"2024-10-17T20:25:44+00:00\" \/>\n<meta property=\"article:modified_time\" content=\"2024-10-24T00:41:16+00:00\" \/>\n<meta property=\"og:image\" content=\"https:\/\/noticiasdefato.net\/wp-content\/uploads\/2024\/10\/image-51.png\" \/>\n\t<meta property=\"og:image:width\" content=\"1125\" \/>\n\t<meta property=\"og:image:height\" content=\"400\" \/>\n\t<meta property=\"og:image:type\" content=\"image\/png\" \/>\n<meta name=\"author\" content=\"Noticias de Fato\" \/>\n<meta name=\"twitter:card\" content=\"summary_large_image\" \/>\n<meta name=\"twitter:creator\" content=\"@https:\/\/twitter.com\/NoticiasDeFato_\" \/>\n<meta name=\"twitter:site\" content=\"@noticiasdefato_\" \/>\n<meta name=\"twitter:label1\" content=\"Escrito por\" \/>\n\t<meta name=\"twitter:data1\" content=\"Noticias de Fato\" \/>\n\t<meta name=\"twitter:label2\" content=\"Est. tempo de leitura\" \/>\n\t<meta name=\"twitter:data2\" content=\"4 minutos\" \/>\n<script type=\"application\/ld+json\" class=\"yoast-schema-graph\">{\"@context\":\"https:\/\/schema.org\",\"@graph\":[{\"@type\":\"Article\",\"@id\":\"https:\/\/noticiasdefato.net\/?p=1998#article\",\"isPartOf\":{\"@id\":\"https:\/\/noticiasdefato.net\/?p=1998\"},\"author\":{\"name\":\"Noticias de Fato\",\"@id\":\"https:\/\/noticiasdefato.net\/#\/schema\/person\/982ce60211d95acf059cd702aa260d08\"},\"headline\":\"SEM PREVIS\u00c3O: SUP. LACERDA NAO EST\u00c1 ACEITANDO VALE\",\"datePublished\":\"2024-10-17T20:25:44+00:00\",\"dateModified\":\"2024-10-24T00:41:16+00:00\",\"mainEntityOfPage\":{\"@id\":\"https:\/\/noticiasdefato.net\/?p=1998\"},\"wordCount\":478,\"commentCount\":2,\"publisher\":{\"@id\":\"https:\/\/noticiasdefato.net\/#organization\"},\"image\":{\"@id\":\"https:\/\/noticiasdefato.net\/?p=1998#primaryimage\"},\"thumbnailUrl\":\"https:\/\/noticiasdefato.net\/wp-content\/uploads\/2024\/10\/image-51.png\",\"articleSection\":[\"Pol\u00edtica\"],\"inLanguage\":\"pt-BR\",\"potentialAction\":[{\"@type\":\"CommentAction\",\"name\":\"Comment\",\"target\":[\"https:\/\/noticiasdefato.net\/?p=1998#respond\"]}]},{\"@type\":\"WebPage\",\"@id\":\"https:\/\/noticiasdefato.net\/?p=1998\",\"url\":\"https:\/\/noticiasdefato.net\/?p=1998\",\"name\":\"SEM PREVIS\u00c3O: SUP. LACERDA NAO EST\u00c1 ACEITANDO VALE - Not\u00edcias de Fato\",\"isPartOf\":{\"@id\":\"https:\/\/noticiasdefato.net\/#website\"},\"primaryImageOfPage\":{\"@id\":\"https:\/\/noticiasdefato.net\/?p=1998#primaryimage\"},\"image\":{\"@id\":\"https:\/\/noticiasdefato.net\/?p=1998#primaryimage\"},\"thumbnailUrl\":\"https:\/\/noticiasdefato.net\/wp-content\/uploads\/2024\/10\/image-51.png\",\"datePublished\":\"2024-10-17T20:25:44+00:00\",\"dateModified\":\"2024-10-24T00:41:16+00:00\",\"description\":\"Funcion\u00e1rios da Prefeitura de Alfenas reclamam que vale supermercado nao est\u00e1 sendo aceito. Suposta falta de pagamento seria o motivo.\",\"breadcrumb\":{\"@id\":\"https:\/\/noticiasdefato.net\/?p=1998#breadcrumb\"},\"inLanguage\":\"pt-BR\",\"potentialAction\":[{\"@type\":\"ReadAction\",\"target\":[\"https:\/\/noticiasdefato.net\/?p=1998\"]}]},{\"@type\":\"ImageObject\",\"inLanguage\":\"pt-BR\",\"@id\":\"https:\/\/noticiasdefato.net\/?p=1998#primaryimage\",\"url\":\"https:\/\/noticiasdefato.net\/wp-content\/uploads\/2024\/10\/image-51.png\",\"contentUrl\":\"https:\/\/noticiasdefato.net\/wp-content\/uploads\/2024\/10\/image-51.png\",\"width\":1125,\"height\":400},{\"@type\":\"BreadcrumbList\",\"@id\":\"https:\/\/noticiasdefato.net\/?p=1998#breadcrumb\",\"itemListElement\":[{\"@type\":\"ListItem\",\"position\":1,\"name\":\"In\u00edcio\",\"item\":\"https:\/\/noticiasdefato.net\/\"},{\"@type\":\"ListItem\",\"position\":2,\"name\":\"SEM PREVIS\u00c3O: SUP. LACERDA NAO EST\u00c1 ACEITANDO VALE\"}]},{\"@type\":\"WebSite\",\"@id\":\"https:\/\/noticiasdefato.net\/#website\",\"url\":\"https:\/\/noticiasdefato.net\/\",\"name\":\"Not\u00edcias de Fato\",\"description\":\"Trabalhamos com honestidade, seriedade e com a verdade.\",\"publisher\":{\"@id\":\"https:\/\/noticiasdefato.net\/#organization\"},\"potentialAction\":[{\"@type\":\"SearchAction\",\"target\":{\"@type\":\"EntryPoint\",\"urlTemplate\":\"https:\/\/noticiasdefato.net\/?s={search_term_string}\"},\"query-input\":\"required name=search_term_string\"}],\"inLanguage\":\"pt-BR\"},{\"@type\":\"Organization\",\"@id\":\"https:\/\/noticiasdefato.net\/#organization\",\"name\":\"Not\u00edcias de Fato\",\"url\":\"https:\/\/noticiasdefato.net\/\",\"logo\":{\"@type\":\"ImageObject\",\"inLanguage\":\"pt-BR\",\"@id\":\"https:\/\/noticiasdefato.net\/#\/schema\/logo\/image\/\",\"url\":\"https:\/\/noticiasdefato.net\/wp-content\/uploads\/2024\/02\/cropped-logo_topo.png\",\"contentUrl\":\"https:\/\/noticiasdefato.net\/wp-content\/uploads\/2024\/02\/cropped-logo_topo.png\",\"width\":1948,\"height\":665,\"caption\":\"Not\u00edcias de Fato\"},\"image\":{\"@id\":\"https:\/\/noticiasdefato.net\/#\/schema\/logo\/image\/\"},\"sameAs\":[\"https:\/\/fb.com\/noticiasdefato.jornal\",\"https:\/\/x.com\/noticiasdefato_\",\"https:\/\/instagram.com\/noticiasdefato.jornal\",\"https:\/\/youtube.com\/@JornalNoticiasDeFato\"]},{\"@type\":\"Person\",\"@id\":\"https:\/\/noticiasdefato.net\/#\/schema\/person\/982ce60211d95acf059cd702aa260d08\",\"name\":\"Noticias de Fato\",\"image\":{\"@type\":\"ImageObject\",\"inLanguage\":\"pt-BR\",\"@id\":\"https:\/\/noticiasdefato.net\/#\/schema\/person\/image\/\",\"url\":\"https:\/\/secure.gravatar.com\/avatar\/700227fab2316f0366a1b5d4988d10f847249cf13293450527ac9553c994611a?s=96&d=mm&r=g\",\"contentUrl\":\"https:\/\/secure.gravatar.com\/avatar\/700227fab2316f0366a1b5d4988d10f847249cf13293450527ac9553c994611a?s=96&d=mm&r=g\",\"caption\":\"Noticias de Fato\"},\"sameAs\":[\"https:\/\/noticiasdefato.net\",\"http:\/\/fb.com\/\/noticiasdefato.jornal\",\"https:\/\/x.com\/https:\/\/twitter.com\/NoticiasDeFato_\"],\"url\":\"https:\/\/noticiasdefato.net\/?author=1\"}]}<\/script>\n<!-- \/ Yoast SEO plugin. -->","yoast_head_json":{"title":"SEM PREVIS\u00c3O: SUP. LACERDA NAO EST\u00c1 ACEITANDO VALE - Not\u00edcias de Fato","description":"Funcion\u00e1rios da Prefeitura de Alfenas reclamam que vale supermercado nao est\u00e1 sendo aceito. Suposta falta de pagamento seria o motivo.","robots":{"index":"index","follow":"follow","max-snippet":"max-snippet:-1","max-image-preview":"max-image-preview:large","max-video-preview":"max-video-preview:-1"},"canonical":"https:\/\/noticiasdefato.net\/?p=1998","og_locale":"pt_BR","og_type":"article","og_title":"SEM PREVIS\u00c3O: SUP. LACERDA NAO EST\u00c1 ACEITANDO VALE - Not\u00edcias de Fato","og_description":"Funcion\u00e1rios da Prefeitura de Alfenas reclamam que vale supermercado nao est\u00e1 sendo aceito. Suposta falta de pagamento seria o motivo.","og_url":"https:\/\/noticiasdefato.net\/?p=1998","og_site_name":"Not\u00edcias de Fato","article_publisher":"https:\/\/fb.com\/noticiasdefato.jornal","article_author":"http:\/\/fb.com\/\/noticiasdefato.jornal","article_published_time":"2024-10-17T20:25:44+00:00","article_modified_time":"2024-10-24T00:41:16+00:00","og_image":[{"width":1125,"height":400,"url":"https:\/\/noticiasdefato.net\/wp-content\/uploads\/2024\/10\/image-51.png","type":"image\/png"}],"author":"Noticias de Fato","twitter_card":"summary_large_image","twitter_creator":"@https:\/\/twitter.com\/NoticiasDeFato_","twitter_site":"@noticiasdefato_","twitter_misc":{"Escrito por":"Noticias de Fato","Est. tempo de leitura":"4 minutos"},"schema":{"@context":"https:\/\/schema.org","@graph":[{"@type":"Article","@id":"https:\/\/noticiasdefato.net\/?p=1998#article","isPartOf":{"@id":"https:\/\/noticiasdefato.net\/?p=1998"},"author":{"name":"Noticias de Fato","@id":"https:\/\/noticiasdefato.net\/#\/schema\/person\/982ce60211d95acf059cd702aa260d08"},"headline":"SEM PREVIS\u00c3O: SUP. LACERDA NAO EST\u00c1 ACEITANDO VALE","datePublished":"2024-10-17T20:25:44+00:00","dateModified":"2024-10-24T00:41:16+00:00","mainEntityOfPage":{"@id":"https:\/\/noticiasdefato.net\/?p=1998"},"wordCount":478,"commentCount":2,"publisher":{"@id":"https:\/\/noticiasdefato.net\/#organization"},"image":{"@id":"https:\/\/noticiasdefato.net\/?p=1998#primaryimage"},"thumbnailUrl":"https:\/\/noticiasdefato.net\/wp-content\/uploads\/2024\/10\/image-51.png","articleSection":["Pol\u00edtica"],"inLanguage":"pt-BR","potentialAction":[{"@type":"CommentAction","name":"Comment","target":["https:\/\/noticiasdefato.net\/?p=1998#respond"]}]},{"@type":"WebPage","@id":"https:\/\/noticiasdefato.net\/?p=1998","url":"https:\/\/noticiasdefato.net\/?p=1998","name":"SEM PREVIS\u00c3O: SUP. LACERDA NAO EST\u00c1 ACEITANDO VALE - Not\u00edcias de Fato","isPartOf":{"@id":"https:\/\/noticiasdefato.net\/#website"},"primaryImageOfPage":{"@id":"https:\/\/noticiasdefato.net\/?p=1998#primaryimage"},"image":{"@id":"https:\/\/noticiasdefato.net\/?p=1998#primaryimage"},"thumbnailUrl":"https:\/\/noticiasdefato.net\/wp-content\/uploads\/2024\/10\/image-51.png","datePublished":"2024-10-17T20:25:44+00:00","dateModified":"2024-10-24T00:41:16+00:00","description":"Funcion\u00e1rios da Prefeitura de Alfenas reclamam que vale supermercado nao est\u00e1 sendo aceito. Suposta falta de pagamento seria o motivo.","breadcrumb":{"@id":"https:\/\/noticiasdefato.net\/?p=1998#breadcrumb"},"inLanguage":"pt-BR","potentialAction":[{"@type":"ReadAction","target":["https:\/\/noticiasdefato.net\/?p=1998"]}]},{"@type":"ImageObject","inLanguage":"pt-BR","@id":"https:\/\/noticiasdefato.net\/?p=1998#primaryimage","url":"https:\/\/noticiasdefato.net\/wp-content\/uploads\/2024\/10\/image-51.png","contentUrl":"https:\/\/noticiasdefato.net\/wp-content\/uploads\/2024\/10\/image-51.png","width":1125,"height":400},{"@type":"BreadcrumbList","@id":"https:\/\/noticiasdefato.net\/?p=1998#breadcrumb","itemListElement":[{"@type":"ListItem","position":1,"name":"In\u00edcio","item":"https:\/\/noticiasdefato.net\/"},{"@type":"ListItem","position":2,"name":"SEM PREVIS\u00c3O: SUP. LACERDA NAO EST\u00c1 ACEITANDO VALE"}]},{"@type":"WebSite","@id":"https:\/\/noticiasdefato.net\/#website","url":"https:\/\/noticiasdefato.net\/","name":"Not\u00edcias de Fato","description":"Trabalhamos com honestidade, seriedade e com a verdade.","publisher":{"@id":"https:\/\/noticiasdefato.net\/#organization"},"potentialAction":[{"@type":"SearchAction","target":{"@type":"EntryPoint","urlTemplate":"https:\/\/noticiasdefato.net\/?s={search_term_string}"},"query-input":"required name=search_term_string"}],"inLanguage":"pt-BR"},{"@type":"Organization","@id":"https:\/\/noticiasdefato.net\/#organization","name":"Not\u00edcias de Fato","url":"https:\/\/noticiasdefato.net\/","logo":{"@type":"ImageObject","inLanguage":"pt-BR","@id":"https:\/\/noticiasdefato.net\/#\/schema\/logo\/image\/","url":"https:\/\/noticiasdefato.net\/wp-content\/uploads\/2024\/02\/cropped-logo_topo.png","contentUrl":"https:\/\/noticiasdefato.net\/wp-content\/uploads\/2024\/02\/cropped-logo_topo.png","width":1948,"height":665,"caption":"Not\u00edcias de Fato"},"image":{"@id":"https:\/\/noticiasdefato.net\/#\/schema\/logo\/image\/"},"sameAs":["https:\/\/fb.com\/noticiasdefato.jornal","https:\/\/x.com\/noticiasdefato_","https:\/\/instagram.com\/noticiasdefato.jornal","https:\/\/youtube.com\/@JornalNoticiasDeFato"]},{"@type":"Person","@id":"https:\/\/noticiasdefato.net\/#\/schema\/person\/982ce60211d95acf059cd702aa260d08","name":"Noticias de Fato","image":{"@type":"ImageObject","inLanguage":"pt-BR","@id":"https:\/\/noticiasdefato.net\/#\/schema\/person\/image\/","url":"https:\/\/secure.gravatar.com\/avatar\/700227fab2316f0366a1b5d4988d10f847249cf13293450527ac9553c994611a?s=96&d=mm&r=g","contentUrl":"https:\/\/secure.gravatar.com\/avatar\/700227fab2316f0366a1b5d4988d10f847249cf13293450527ac9553c994611a?s=96&d=mm&r=g","caption":"Noticias de Fato"},"sameAs":["https:\/\/noticiasdefato.net","http:\/\/fb.com\/\/noticiasdefato.jornal","https:\/\/x.com\/https:\/\/twitter.com\/NoticiasDeFato_"],"url":"https:\/\/noticiasdefato.net\/?author=1"}]}},"_links":{"self":[{"href":"https:\/\/noticiasdefato.net\/index.php?rest_route=\/wp\/v2\/posts\/1998","targetHints":{"allow":["GET"]}}],"collection":[{"href":"https:\/\/noticiasdefato.net\/index.php?rest_route=\/wp\/v2\/posts"}],"about":[{"href":"https:\/\/noticiasdefato.net\/index.php?rest_route=\/wp\/v2\/types\/post"}],"author":[{"embeddable":true,"href":"https:\/\/noticiasdefato.net\/index.php?rest_route=\/wp\/v2\/users\/1"}],"replies":[{"embeddable":true,"href":"https:\/\/noticiasdefato.net\/index.php?rest_route=%2Fwp%2Fv2%2Fcomments&post=1998"}],"version-history":[{"count":3,"href":"https:\/\/noticiasdefato.net\/index.php?rest_route=\/wp\/v2\/posts\/1998\/revisions"}],"predecessor-version":[{"id":2011,"href":"https:\/\/noticiasdefato.net\/index.php?rest_route=\/wp\/v2\/posts\/1998\/revisions\/2011"}],"wp:featuredmedia":[{"embeddable":true,"href":"https:\/\/noticiasdefato.net\/index.php?rest_route=\/wp\/v2\/media\/2004"}],"wp:attachment":[{"href":"https:\/\/noticiasdefato.net\/index.php?rest_route=%2Fwp%2Fv2%2Fmedia&parent=1998"}],"wp:term":[{"taxonomy":"category","embeddable":true,"href":"https:\/\/noticiasdefato.net\/index.php?rest_route=%2Fwp%2Fv2%2Fcategories&post=1998"},{"taxonomy":"post_tag","embeddable":true,"href":"https:\/\/noticiasdefato.net\/index.php?rest_route=%2Fwp%2Fv2%2Ftags&post=1998"}],"curies":[{"name":"wp","href":"https:\/\/api.w.org\/{rel}","templated":true}]}}