{"id":2012,"date":"2024-10-21T08:36:20","date_gmt":"2024-10-21T11:36:20","guid":{"rendered":"https:\/\/noticiasdefato.net\/?p=2012"},"modified":"2024-10-23T21:45:38","modified_gmt":"2024-10-24T00:45:38","slug":"aniversario-de-alfenas-o-que-comemorar","status":"publish","type":"post","link":"https:\/\/noticiasdefato.net\/?p=2012","title":{"rendered":"ANIVERS\u00c1RIO DE ALFENAS: O QUE COMEMORAR?"},"content":{"rendered":"\n<p><em>Artistas locais ficam de fora e alunos da rede p\u00fablica n\u00e3o desfilam.<\/em><\/p>\n\n\n\n<p>O pesado gasto da prefeitura com um \u00fanico show, meio milh\u00e3o de reais para Zez\u00e9 de Camargo e Luciano, durante o anivers\u00e1rio da cidade, ainda est\u00e1 dando o que falar, principalmente entre os artistas locais que tiveram seus shows cancelados. Inconformados, muitos se manifestaram em grupos de WhatsApp questionando o cancelamento de contratos que nem chegaram a ser assinados.<\/p>\n\n\n\n<p>No dia 12 de outubro, <a href=\"https:\/\/www.instagram.com\/p\/DBBfiimp2qs\/?igsh=aXM2MmM4ZDNvamxj\">mat\u00e9ria do Jornal dos Lagos<\/a> anunciava que, de acordo com a Secretaria Municipal de Cultura, \u201cos artistas locais tamb\u00e9m se apresentariam ao longo das festividades.\u201d No entanto, as informa\u00e7\u00f5es que nos chegam de integrantes da comunidade art\u00edstica \u00e9 a de que, at\u00e9 o dia das elei\u00e7\u00f5es, os contratos ainda n\u00e3o haviam sido assinados e que isso n\u00e3o aconteceu depois das elei\u00e7\u00f5es.<\/p>\n\n\n\n<div class=\"wp-block-columns is-layout-flex wp-container-core-columns-is-layout-9d6595d7 wp-block-columns-is-layout-flex\">\n<div class=\"wp-block-column is-layout-flow wp-block-column-is-layout-flow\">\n<figure class=\"wp-block-image size-full\"><img fetchpriority=\"high\" decoding=\"async\" width=\"822\" height=\"926\" src=\"https:\/\/noticiasdefato.net\/wp-content\/uploads\/2024\/10\/image-63.png\" alt=\"\" class=\"wp-image-2043\" srcset=\"https:\/\/noticiasdefato.net\/wp-content\/uploads\/2024\/10\/image-63.png 822w, https:\/\/noticiasdefato.net\/wp-content\/uploads\/2024\/10\/image-63-266x300.png 266w, https:\/\/noticiasdefato.net\/wp-content\/uploads\/2024\/10\/image-63-768x865.png 768w, https:\/\/noticiasdefato.net\/wp-content\/uploads\/2024\/10\/image-63-80x90.png 80w\" sizes=\"(max-width: 822px) 100vw, 822px\" \/><\/figure>\n<\/div>\n\n\n\n<div class=\"wp-block-column is-layout-flow wp-block-column-is-layout-flow\">\n<figure class=\"wp-block-image size-full\"><img decoding=\"async\" width=\"750\" height=\"865\" src=\"https:\/\/noticiasdefato.net\/wp-content\/uploads\/2024\/10\/Imagem-do-WhatsApp-de-2024-10-21-as-08.34.49_6614603a.jpg\" alt=\"\" class=\"wp-image-2041\" srcset=\"https:\/\/noticiasdefato.net\/wp-content\/uploads\/2024\/10\/Imagem-do-WhatsApp-de-2024-10-21-as-08.34.49_6614603a.jpg 750w, https:\/\/noticiasdefato.net\/wp-content\/uploads\/2024\/10\/Imagem-do-WhatsApp-de-2024-10-21-as-08.34.49_6614603a-260x300.jpg 260w, https:\/\/noticiasdefato.net\/wp-content\/uploads\/2024\/10\/Imagem-do-WhatsApp-de-2024-10-21-as-08.34.49_6614603a-78x90.jpg 78w\" sizes=\"(max-width: 750px) 100vw, 750px\" \/><\/figure>\n<\/div>\n\n\n\n<div class=\"wp-block-column is-layout-flow wp-block-column-is-layout-flow\">\n<figure class=\"wp-block-image size-large\"><img decoding=\"async\" width=\"1024\" height=\"683\" src=\"https:\/\/noticiasdefato.net\/wp-content\/uploads\/2024\/10\/Imagem-do-WhatsApp-de-2024-10-21-as-08.36.06_0a9bc590-1024x683.jpg\" alt=\"\" class=\"wp-image-2042\" srcset=\"https:\/\/noticiasdefato.net\/wp-content\/uploads\/2024\/10\/Imagem-do-WhatsApp-de-2024-10-21-as-08.36.06_0a9bc590-1024x683.jpg 1024w, https:\/\/noticiasdefato.net\/wp-content\/uploads\/2024\/10\/Imagem-do-WhatsApp-de-2024-10-21-as-08.36.06_0a9bc590-300x200.jpg 300w, https:\/\/noticiasdefato.net\/wp-content\/uploads\/2024\/10\/Imagem-do-WhatsApp-de-2024-10-21-as-08.36.06_0a9bc590-768x512.jpg 768w, https:\/\/noticiasdefato.net\/wp-content\/uploads\/2024\/10\/Imagem-do-WhatsApp-de-2024-10-21-as-08.36.06_0a9bc590-135x90.jpg 135w, https:\/\/noticiasdefato.net\/wp-content\/uploads\/2024\/10\/Imagem-do-WhatsApp-de-2024-10-21-as-08.36.06_0a9bc590.jpg 1080w\" sizes=\"(max-width: 1024px) 100vw, 1024px\" \/><\/figure>\n<\/div>\n<\/div>\n\n\n<div class=\"wp-block-image\">\n<figure class=\"aligncenter size-full\"><img loading=\"lazy\" decoding=\"async\" width=\"750\" height=\"443\" src=\"https:\/\/noticiasdefato.net\/wp-content\/uploads\/2024\/10\/Imagem-do-WhatsApp-de-2024-10-21-as-08.36.40_be6da5b5.jpg\" alt=\"\" class=\"wp-image-2044\" srcset=\"https:\/\/noticiasdefato.net\/wp-content\/uploads\/2024\/10\/Imagem-do-WhatsApp-de-2024-10-21-as-08.36.40_be6da5b5.jpg 750w, https:\/\/noticiasdefato.net\/wp-content\/uploads\/2024\/10\/Imagem-do-WhatsApp-de-2024-10-21-as-08.36.40_be6da5b5-300x177.jpg 300w, https:\/\/noticiasdefato.net\/wp-content\/uploads\/2024\/10\/Imagem-do-WhatsApp-de-2024-10-21-as-08.36.40_be6da5b5-152x90.jpg 152w\" sizes=\"(max-width: 750px) 100vw, 750px\" \/><\/figure>\n<\/div>\n\n\n<p>O palco II, onde seriam apresentados os shows locais, nem chegou a ser montado. Fontes informam que, devido a esta desvaloriza\u00e7\u00e3o da comunidade art\u00edstica de Alfenas, ser\u00e1 criado um f\u00f3rum permanente para discutir as pol\u00edticas p\u00fablicas culturais da cidade. Extraoficialmente, fomos informados que Alfenas possui um Conselho Municipal de Cultura, mas que o \u00f3rg\u00e3o possui car\u00e1ter apenas consultivo e n\u00e3o deliberativo.<\/p>\n\n\n\n<p>A reda\u00e7\u00e3o perguntou \u00e0 Secretaria de Cultura:<br>&#8211; Qual o motivo do cancelamento dos contratos locais e porque o palco II n\u00e3o foi montado?;<br>&#8211; Quais os cach\u00eas que seriam pagos aos artistas da cidade?;<br>&#8211; Quais os valores gastos com as festividades como um todo?<br>&#8211; Qual a composi\u00e7\u00e3o do conselho municipal de cultura?<\/p>\n\n\n\n<p>Assim que as respostas nos forem encaminhadas, atualizaremos a mat\u00e9ria.<\/p>\n\n\n\n<p><strong>DESFILE SEM ESCOLAS<\/strong><\/p>\n\n\n\n<p>Outra quest\u00e3o que repercutiu negativamente nas redes sociais, durante a programa\u00e7\u00e3o dos 155 anos, foi a n\u00e3o participa\u00e7\u00e3o das escolas municipais durante o Desfile C\u00edvico de 15 de outubro.<br>A reda\u00e7\u00e3o encaminhou questionamentos \u00e0 Secretaria de Educa\u00e7\u00e3o e assim que obtivermos a resposta esclarecendo este assunto, atualizaremos&nbsp;a&nbsp;mat\u00e9ria.<\/p>\n\n\n\n<div class=\"wp-block-columns is-layout-flex wp-container-core-columns-is-layout-9d6595d7 wp-block-columns-is-layout-flex\">\n<div class=\"wp-block-column is-layout-flow wp-block-column-is-layout-flow\">\n<figure class=\"wp-block-image size-large\"><img loading=\"lazy\" decoding=\"async\" width=\"962\" height=\"1024\" src=\"https:\/\/noticiasdefato.net\/wp-content\/uploads\/2024\/10\/image-61-962x1024.png\" alt=\"\" class=\"wp-image-2036\" srcset=\"https:\/\/noticiasdefato.net\/wp-content\/uploads\/2024\/10\/image-61-962x1024.png 962w, https:\/\/noticiasdefato.net\/wp-content\/uploads\/2024\/10\/image-61-282x300.png 282w, https:\/\/noticiasdefato.net\/wp-content\/uploads\/2024\/10\/image-61-768x817.png 768w, https:\/\/noticiasdefato.net\/wp-content\/uploads\/2024\/10\/image-61-85x90.png 85w, https:\/\/noticiasdefato.net\/wp-content\/uploads\/2024\/10\/image-61.png 1058w\" sizes=\"(max-width: 962px) 100vw, 962px\" \/><\/figure>\n<\/div>\n\n\n\n<div class=\"wp-block-column is-layout-flow wp-block-column-is-layout-flow\">\n<figure class=\"wp-block-image size-large\"><img loading=\"lazy\" decoding=\"async\" width=\"962\" height=\"1024\" src=\"https:\/\/noticiasdefato.net\/wp-content\/uploads\/2024\/10\/image-62-962x1024.png\" alt=\"\" class=\"wp-image-2037\" srcset=\"https:\/\/noticiasdefato.net\/wp-content\/uploads\/2024\/10\/image-62-962x1024.png 962w, https:\/\/noticiasdefato.net\/wp-content\/uploads\/2024\/10\/image-62-282x300.png 282w, https:\/\/noticiasdefato.net\/wp-content\/uploads\/2024\/10\/image-62-768x817.png 768w, https:\/\/noticiasdefato.net\/wp-content\/uploads\/2024\/10\/image-62-85x90.png 85w, https:\/\/noticiasdefato.net\/wp-content\/uploads\/2024\/10\/image-62.png 1060w\" sizes=\"(max-width: 962px) 100vw, 962px\" \/><\/figure>\n<\/div>\n<\/div>\n","protected":false},"excerpt":{"rendered":"<p>Artistas locais ficam de fora e alunos da rede p\u00fablica n\u00e3o desfilam. <a href=\"https:\/\/noticiasdefato.net\/?p=2012\" class=\"more-link\">Continuar lendo <span class=\"screen-reader-text\">ANIVERS\u00c1RIO DE ALFENAS: O QUE COMEMORAR?<\/span><\/a><\/p>\n","protected":false},"author":1,"featured_media":2046,"comment_status":"open","ping_status":"open","sticky":false,"template":"","format":"standard","meta":{"footnotes":""},"categories":[21],"tags":[],"class_list":["post-2012","post","type-post","status-publish","format-standard","has-post-thumbnail","hentry","category-eventos"],"yoast_head":"<!-- This site is optimized with the Yoast SEO plugin v23.2 - https:\/\/yoast.com\/wordpress\/plugins\/seo\/ -->\n<title>ANIVERS\u00c1RIO DE ALFENAS: O QUE COMEMORAR? - Not\u00edcias de Fato<\/title>\n<meta name=\"robots\" content=\"index, follow, max-snippet:-1, max-image-preview:large, max-video-preview:-1\" \/>\n<link rel=\"canonical\" href=\"https:\/\/noticiasdefato.net\/?p=2012\" \/>\n<meta property=\"og:locale\" content=\"pt_BR\" \/>\n<meta property=\"og:type\" content=\"article\" \/>\n<meta property=\"og:title\" content=\"ANIVERS\u00c1RIO DE ALFENAS: O QUE COMEMORAR? - Not\u00edcias de Fato\" \/>\n<meta property=\"og:description\" content=\"Artistas locais ficam de fora e alunos da rede p\u00fablica n\u00e3o desfilam.\" \/>\n<meta property=\"og:url\" content=\"https:\/\/noticiasdefato.net\/?p=2012\" \/>\n<meta property=\"og:site_name\" content=\"Not\u00edcias de Fato\" \/>\n<meta property=\"article:publisher\" content=\"https:\/\/fb.com\/noticiasdefato.jornal\" \/>\n<meta property=\"article:author\" content=\"http:\/\/fb.com\/\/noticiasdefato.jornal\" \/>\n<meta property=\"article:published_time\" content=\"2024-10-21T11:36:20+00:00\" \/>\n<meta property=\"article:modified_time\" content=\"2024-10-24T00:45:38+00:00\" \/>\n<meta property=\"og:image\" content=\"https:\/\/noticiasdefato.net\/wp-content\/uploads\/2024\/10\/image-64.png\" \/>\n\t<meta property=\"og:image:width\" content=\"1310\" \/>\n\t<meta property=\"og:image:height\" content=\"507\" \/>\n\t<meta property=\"og:image:type\" content=\"image\/png\" \/>\n<meta name=\"author\" content=\"Noticias de Fato\" \/>\n<meta name=\"twitter:card\" content=\"summary_large_image\" \/>\n<meta name=\"twitter:creator\" content=\"@https:\/\/twitter.com\/NoticiasDeFato_\" \/>\n<meta name=\"twitter:site\" content=\"@noticiasdefato_\" \/>\n<meta name=\"twitter:label1\" content=\"Escrito por\" \/>\n\t<meta name=\"twitter:data1\" content=\"Noticias de Fato\" \/>\n\t<meta name=\"twitter:label2\" content=\"Est. tempo de leitura\" \/>\n\t<meta name=\"twitter:data2\" content=\"2 minutos\" \/>\n<script type=\"application\/ld+json\" class=\"yoast-schema-graph\">{\"@context\":\"https:\/\/schema.org\",\"@graph\":[{\"@type\":\"Article\",\"@id\":\"https:\/\/noticiasdefato.net\/?p=2012#article\",\"isPartOf\":{\"@id\":\"https:\/\/noticiasdefato.net\/?p=2012\"},\"author\":{\"name\":\"Noticias de Fato\",\"@id\":\"https:\/\/noticiasdefato.net\/#\/schema\/person\/982ce60211d95acf059cd702aa260d08\"},\"headline\":\"ANIVERS\u00c1RIO DE ALFENAS: O QUE COMEMORAR?\",\"datePublished\":\"2024-10-21T11:36:20+00:00\",\"dateModified\":\"2024-10-24T00:45:38+00:00\",\"mainEntityOfPage\":{\"@id\":\"https:\/\/noticiasdefato.net\/?p=2012\"},\"wordCount\":351,\"commentCount\":0,\"publisher\":{\"@id\":\"https:\/\/noticiasdefato.net\/#organization\"},\"image\":{\"@id\":\"https:\/\/noticiasdefato.net\/?p=2012#primaryimage\"},\"thumbnailUrl\":\"https:\/\/noticiasdefato.net\/wp-content\/uploads\/2024\/10\/image-64.png\",\"articleSection\":[\"Eventos\"],\"inLanguage\":\"pt-BR\",\"potentialAction\":[{\"@type\":\"CommentAction\",\"name\":\"Comment\",\"target\":[\"https:\/\/noticiasdefato.net\/?p=2012#respond\"]}]},{\"@type\":\"WebPage\",\"@id\":\"https:\/\/noticiasdefato.net\/?p=2012\",\"url\":\"https:\/\/noticiasdefato.net\/?p=2012\",\"name\":\"ANIVERS\u00c1RIO DE ALFENAS: O QUE COMEMORAR? - Not\u00edcias de Fato\",\"isPartOf\":{\"@id\":\"https:\/\/noticiasdefato.net\/#website\"},\"primaryImageOfPage\":{\"@id\":\"https:\/\/noticiasdefato.net\/?p=2012#primaryimage\"},\"image\":{\"@id\":\"https:\/\/noticiasdefato.net\/?p=2012#primaryimage\"},\"thumbnailUrl\":\"https:\/\/noticiasdefato.net\/wp-content\/uploads\/2024\/10\/image-64.png\",\"datePublished\":\"2024-10-21T11:36:20+00:00\",\"dateModified\":\"2024-10-24T00:45:38+00:00\",\"breadcrumb\":{\"@id\":\"https:\/\/noticiasdefato.net\/?p=2012#breadcrumb\"},\"inLanguage\":\"pt-BR\",\"potentialAction\":[{\"@type\":\"ReadAction\",\"target\":[\"https:\/\/noticiasdefato.net\/?p=2012\"]}]},{\"@type\":\"ImageObject\",\"inLanguage\":\"pt-BR\",\"@id\":\"https:\/\/noticiasdefato.net\/?p=2012#primaryimage\",\"url\":\"https:\/\/noticiasdefato.net\/wp-content\/uploads\/2024\/10\/image-64.png\",\"contentUrl\":\"https:\/\/noticiasdefato.net\/wp-content\/uploads\/2024\/10\/image-64.png\",\"width\":1310,\"height\":507},{\"@type\":\"BreadcrumbList\",\"@id\":\"https:\/\/noticiasdefato.net\/?p=2012#breadcrumb\",\"itemListElement\":[{\"@type\":\"ListItem\",\"position\":1,\"name\":\"In\u00edcio\",\"item\":\"https:\/\/noticiasdefato.net\/\"},{\"@type\":\"ListItem\",\"position\":2,\"name\":\"ANIVERS\u00c1RIO DE ALFENAS: O QUE COMEMORAR?\"}]},{\"@type\":\"WebSite\",\"@id\":\"https:\/\/noticiasdefato.net\/#website\",\"url\":\"https:\/\/noticiasdefato.net\/\",\"name\":\"Not\u00edcias de Fato\",\"description\":\"Trabalhamos com honestidade, seriedade e com a verdade.\",\"publisher\":{\"@id\":\"https:\/\/noticiasdefato.net\/#organization\"},\"potentialAction\":[{\"@type\":\"SearchAction\",\"target\":{\"@type\":\"EntryPoint\",\"urlTemplate\":\"https:\/\/noticiasdefato.net\/?s={search_term_string}\"},\"query-input\":\"required name=search_term_string\"}],\"inLanguage\":\"pt-BR\"},{\"@type\":\"Organization\",\"@id\":\"https:\/\/noticiasdefato.net\/#organization\",\"name\":\"Not\u00edcias de Fato\",\"url\":\"https:\/\/noticiasdefato.net\/\",\"logo\":{\"@type\":\"ImageObject\",\"inLanguage\":\"pt-BR\",\"@id\":\"https:\/\/noticiasdefato.net\/#\/schema\/logo\/image\/\",\"url\":\"https:\/\/noticiasdefato.net\/wp-content\/uploads\/2024\/02\/cropped-logo_topo.png\",\"contentUrl\":\"https:\/\/noticiasdefato.net\/wp-content\/uploads\/2024\/02\/cropped-logo_topo.png\",\"width\":1948,\"height\":665,\"caption\":\"Not\u00edcias de Fato\"},\"image\":{\"@id\":\"https:\/\/noticiasdefato.net\/#\/schema\/logo\/image\/\"},\"sameAs\":[\"https:\/\/fb.com\/noticiasdefato.jornal\",\"https:\/\/x.com\/noticiasdefato_\",\"https:\/\/instagram.com\/noticiasdefato.jornal\",\"https:\/\/youtube.com\/@JornalNoticiasDeFato\"]},{\"@type\":\"Person\",\"@id\":\"https:\/\/noticiasdefato.net\/#\/schema\/person\/982ce60211d95acf059cd702aa260d08\",\"name\":\"Noticias de Fato\",\"image\":{\"@type\":\"ImageObject\",\"inLanguage\":\"pt-BR\",\"@id\":\"https:\/\/noticiasdefato.net\/#\/schema\/person\/image\/\",\"url\":\"https:\/\/secure.gravatar.com\/avatar\/700227fab2316f0366a1b5d4988d10f847249cf13293450527ac9553c994611a?s=96&d=mm&r=g\",\"contentUrl\":\"https:\/\/secure.gravatar.com\/avatar\/700227fab2316f0366a1b5d4988d10f847249cf13293450527ac9553c994611a?s=96&d=mm&r=g\",\"caption\":\"Noticias de Fato\"},\"sameAs\":[\"https:\/\/noticiasdefato.net\",\"http:\/\/fb.com\/\/noticiasdefato.jornal\",\"https:\/\/x.com\/https:\/\/twitter.com\/NoticiasDeFato_\"],\"url\":\"https:\/\/noticiasdefato.net\/?author=1\"}]}<\/script>\n<!-- \/ Yoast SEO plugin. -->","yoast_head_json":{"title":"ANIVERS\u00c1RIO DE ALFENAS: O QUE COMEMORAR? - Not\u00edcias de Fato","robots":{"index":"index","follow":"follow","max-snippet":"max-snippet:-1","max-image-preview":"max-image-preview:large","max-video-preview":"max-video-preview:-1"},"canonical":"https:\/\/noticiasdefato.net\/?p=2012","og_locale":"pt_BR","og_type":"article","og_title":"ANIVERS\u00c1RIO DE ALFENAS: O QUE COMEMORAR? - Not\u00edcias de Fato","og_description":"Artistas locais ficam de fora e alunos da rede p\u00fablica n\u00e3o desfilam.","og_url":"https:\/\/noticiasdefato.net\/?p=2012","og_site_name":"Not\u00edcias de Fato","article_publisher":"https:\/\/fb.com\/noticiasdefato.jornal","article_author":"http:\/\/fb.com\/\/noticiasdefato.jornal","article_published_time":"2024-10-21T11:36:20+00:00","article_modified_time":"2024-10-24T00:45:38+00:00","og_image":[{"width":1310,"height":507,"url":"https:\/\/noticiasdefato.net\/wp-content\/uploads\/2024\/10\/image-64.png","type":"image\/png"}],"author":"Noticias de Fato","twitter_card":"summary_large_image","twitter_creator":"@https:\/\/twitter.com\/NoticiasDeFato_","twitter_site":"@noticiasdefato_","twitter_misc":{"Escrito por":"Noticias de Fato","Est. tempo de leitura":"2 minutos"},"schema":{"@context":"https:\/\/schema.org","@graph":[{"@type":"Article","@id":"https:\/\/noticiasdefato.net\/?p=2012#article","isPartOf":{"@id":"https:\/\/noticiasdefato.net\/?p=2012"},"author":{"name":"Noticias de Fato","@id":"https:\/\/noticiasdefato.net\/#\/schema\/person\/982ce60211d95acf059cd702aa260d08"},"headline":"ANIVERS\u00c1RIO DE ALFENAS: O QUE COMEMORAR?","datePublished":"2024-10-21T11:36:20+00:00","dateModified":"2024-10-24T00:45:38+00:00","mainEntityOfPage":{"@id":"https:\/\/noticiasdefato.net\/?p=2012"},"wordCount":351,"commentCount":0,"publisher":{"@id":"https:\/\/noticiasdefato.net\/#organization"},"image":{"@id":"https:\/\/noticiasdefato.net\/?p=2012#primaryimage"},"thumbnailUrl":"https:\/\/noticiasdefato.net\/wp-content\/uploads\/2024\/10\/image-64.png","articleSection":["Eventos"],"inLanguage":"pt-BR","potentialAction":[{"@type":"CommentAction","name":"Comment","target":["https:\/\/noticiasdefato.net\/?p=2012#respond"]}]},{"@type":"WebPage","@id":"https:\/\/noticiasdefato.net\/?p=2012","url":"https:\/\/noticiasdefato.net\/?p=2012","name":"ANIVERS\u00c1RIO DE ALFENAS: O QUE COMEMORAR? - Not\u00edcias de Fato","isPartOf":{"@id":"https:\/\/noticiasdefato.net\/#website"},"primaryImageOfPage":{"@id":"https:\/\/noticiasdefato.net\/?p=2012#primaryimage"},"image":{"@id":"https:\/\/noticiasdefato.net\/?p=2012#primaryimage"},"thumbnailUrl":"https:\/\/noticiasdefato.net\/wp-content\/uploads\/2024\/10\/image-64.png","datePublished":"2024-10-21T11:36:20+00:00","dateModified":"2024-10-24T00:45:38+00:00","breadcrumb":{"@id":"https:\/\/noticiasdefato.net\/?p=2012#breadcrumb"},"inLanguage":"pt-BR","potentialAction":[{"@type":"ReadAction","target":["https:\/\/noticiasdefato.net\/?p=2012"]}]},{"@type":"ImageObject","inLanguage":"pt-BR","@id":"https:\/\/noticiasdefato.net\/?p=2012#primaryimage","url":"https:\/\/noticiasdefato.net\/wp-content\/uploads\/2024\/10\/image-64.png","contentUrl":"https:\/\/noticiasdefato.net\/wp-content\/uploads\/2024\/10\/image-64.png","width":1310,"height":507},{"@type":"BreadcrumbList","@id":"https:\/\/noticiasdefato.net\/?p=2012#breadcrumb","itemListElement":[{"@type":"ListItem","position":1,"name":"In\u00edcio","item":"https:\/\/noticiasdefato.net\/"},{"@type":"ListItem","position":2,"name":"ANIVERS\u00c1RIO DE ALFENAS: O QUE COMEMORAR?"}]},{"@type":"WebSite","@id":"https:\/\/noticiasdefato.net\/#website","url":"https:\/\/noticiasdefato.net\/","name":"Not\u00edcias de Fato","description":"Trabalhamos com honestidade, seriedade e com a verdade.","publisher":{"@id":"https:\/\/noticiasdefato.net\/#organization"},"potentialAction":[{"@type":"SearchAction","target":{"@type":"EntryPoint","urlTemplate":"https:\/\/noticiasdefato.net\/?s={search_term_string}"},"query-input":"required name=search_term_string"}],"inLanguage":"pt-BR"},{"@type":"Organization","@id":"https:\/\/noticiasdefato.net\/#organization","name":"Not\u00edcias de Fato","url":"https:\/\/noticiasdefato.net\/","logo":{"@type":"ImageObject","inLanguage":"pt-BR","@id":"https:\/\/noticiasdefato.net\/#\/schema\/logo\/image\/","url":"https:\/\/noticiasdefato.net\/wp-content\/uploads\/2024\/02\/cropped-logo_topo.png","contentUrl":"https:\/\/noticiasdefato.net\/wp-content\/uploads\/2024\/02\/cropped-logo_topo.png","width":1948,"height":665,"caption":"Not\u00edcias de Fato"},"image":{"@id":"https:\/\/noticiasdefato.net\/#\/schema\/logo\/image\/"},"sameAs":["https:\/\/fb.com\/noticiasdefato.jornal","https:\/\/x.com\/noticiasdefato_","https:\/\/instagram.com\/noticiasdefato.jornal","https:\/\/youtube.com\/@JornalNoticiasDeFato"]},{"@type":"Person","@id":"https:\/\/noticiasdefato.net\/#\/schema\/person\/982ce60211d95acf059cd702aa260d08","name":"Noticias de Fato","image":{"@type":"ImageObject","inLanguage":"pt-BR","@id":"https:\/\/noticiasdefato.net\/#\/schema\/person\/image\/","url":"https:\/\/secure.gravatar.com\/avatar\/700227fab2316f0366a1b5d4988d10f847249cf13293450527ac9553c994611a?s=96&d=mm&r=g","contentUrl":"https:\/\/secure.gravatar.com\/avatar\/700227fab2316f0366a1b5d4988d10f847249cf13293450527ac9553c994611a?s=96&d=mm&r=g","caption":"Noticias de Fato"},"sameAs":["https:\/\/noticiasdefato.net","http:\/\/fb.com\/\/noticiasdefato.jornal","https:\/\/x.com\/https:\/\/twitter.com\/NoticiasDeFato_"],"url":"https:\/\/noticiasdefato.net\/?author=1"}]}},"_links":{"self":[{"href":"https:\/\/noticiasdefato.net\/index.php?rest_route=\/wp\/v2\/posts\/2012","targetHints":{"allow":["GET"]}}],"collection":[{"href":"https:\/\/noticiasdefato.net\/index.php?rest_route=\/wp\/v2\/posts"}],"about":[{"href":"https:\/\/noticiasdefato.net\/index.php?rest_route=\/wp\/v2\/types\/post"}],"author":[{"embeddable":true,"href":"https:\/\/noticiasdefato.net\/index.php?rest_route=\/wp\/v2\/users\/1"}],"replies":[{"embeddable":true,"href":"https:\/\/noticiasdefato.net\/index.php?rest_route=%2Fwp%2Fv2%2Fcomments&post=2012"}],"version-history":[{"count":2,"href":"https:\/\/noticiasdefato.net\/index.php?rest_route=\/wp\/v2\/posts\/2012\/revisions"}],"predecessor-version":[{"id":2045,"href":"https:\/\/noticiasdefato.net\/index.php?rest_route=\/wp\/v2\/posts\/2012\/revisions\/2045"}],"wp:featuredmedia":[{"embeddable":true,"href":"https:\/\/noticiasdefato.net\/index.php?rest_route=\/wp\/v2\/media\/2046"}],"wp:attachment":[{"href":"https:\/\/noticiasdefato.net\/index.php?rest_route=%2Fwp%2Fv2%2Fmedia&parent=2012"}],"wp:term":[{"taxonomy":"category","embeddable":true,"href":"https:\/\/noticiasdefato.net\/index.php?rest_route=%2Fwp%2Fv2%2Fcategories&post=2012"},{"taxonomy":"post_tag","embeddable":true,"href":"https:\/\/noticiasdefato.net\/index.php?rest_route=%2Fwp%2Fv2%2Ftags&post=2012"}],"curies":[{"name":"wp","href":"https:\/\/api.w.org\/{rel}","templated":true}]}}