{"id":2016,"date":"2024-10-19T09:15:15","date_gmt":"2024-10-19T12:15:15","guid":{"rendered":"https:\/\/noticiasdefato.net\/?p=2016"},"modified":"2024-10-23T21:41:24","modified_gmt":"2024-10-24T00:41:24","slug":"feminicidios-diminuem-em-minas","status":"publish","type":"post","link":"https:\/\/noticiasdefato.net\/?p=2016","title":{"rendered":"FEMINIC\u00cdDIOS DIMINUEM EM MINAS"},"content":{"rendered":"\n<p><em>O n\u00famero de v\u00edtimas de feminic\u00eddio consumado caiu 23,9% em Minas Gerais de janeiro a setembro deste ano, na compara\u00e7\u00e3o com o mesmo per\u00edodo de 2023 (de 142 para 108 v\u00edtimas), e no mesmo per\u00edodo de 2022 (129).<\/em><\/p>\n\n\n\n<p>O n\u00famero de v\u00edtimas de feminic\u00eddio consumado caiu 23,9% em Minas Gerais de janeiro a setembro deste ano, na compara\u00e7\u00e3o com o mesmo per\u00edodo de 2023 (de 142 para 108 v\u00edtimas). Os dados, que tamb\u00e9m s\u00e3o menores que os do mesmo per\u00edodo de 2022 (129), foram divulgados pelas for\u00e7as de seguran\u00e7a do Estado em coletiva de imprensa realizada nesta quarta-feira (16\/10).<br>A redu\u00e7\u00e3o tamb\u00e9m ocorre de forma amena, beirando \u00e0 estabiliza\u00e7\u00e3o, nos casos de viol\u00eancia dom\u00e9stica no geral. Minas Gerais teve 1.901 registros de viol\u00eancia contra a mulher a menos nos nove primeiros meses deste ano, na compara\u00e7\u00e3o com o mesmo per\u00edodo do ano passado, uma redu\u00e7\u00e3o de 1,68% (113.097 para 111.196 registros).<\/p>\n\n\n\n<p>Em busca de prestar o aux\u00edlio necess\u00e1rio \u00e0s v\u00edtimas, atuar na preven\u00e7\u00e3o de casos enquadrados na Lei Maria da Penha e, sobretudo, impedir as ocorr\u00eancias de feminic\u00eddio, o Governo de Minas Gerais desenvolve e estimula diversas pol\u00edticas de combate \u00e0 viol\u00eancia contra a mulher em todo o estado. As a\u00e7\u00f5es s\u00e3o permanentes e integradas entre diversos \u00f3rg\u00e3os e institui\u00e7\u00f5es, de forma a potencializar o enfrentamento \u00e0 viol\u00eancia contra a mulher, uma prioridade da atual gest\u00e3o.<\/p>\n\n\n\n<p><strong>PREVEN\u00c7\u00c3O \u00c0 CRIMINALIDADE<\/strong><\/p>\n\n\n\n<p>Um dos programas que, dentre outras fun\u00e7\u00f5es, trabalha no combate \u00e0 viol\u00eancia contra a mulher no Governo de Minas \u00e9 o Media\u00e7\u00e3o de Conflitos (PMC). Desenvolvido pela Subsecretaria de Preven\u00e7\u00e3o Social \u00e0 Criminalidade (Supec), da Secretaria de Estado de Justi\u00e7a e Seguran\u00e7a P\u00fablica (Sejusp), o programa contribui para a preven\u00e7\u00e3o e redu\u00e7\u00e3o da viol\u00eancia em \u00e1reas de abrang\u00eancia das Unidades de Preven\u00e7\u00e3o \u00e0 Criminalidade.<\/p>\n\n\n\n<p>Em rela\u00e7\u00e3o \u00e0 viol\u00eancia dom\u00e9stica, o PMC constr\u00f3i estrat\u00e9gias de preven\u00e7\u00e3o e prote\u00e7\u00e3o, levando em considera\u00e7\u00e3o o contexto no qual a mulher est\u00e1 inserida, podendo intervir individualmente, a partir de orienta\u00e7\u00f5es para acesso a direitos e encaminhamentos; ou coletivamente, ao realizar grupos que visem prevenir casos de viol\u00eancia contra a mulher. De janeiro a setembro deste ano, o Programa Media\u00e7\u00e3o de Conflitos realizou um total de 1.301 interven\u00e7\u00f5es em casos de viol\u00eancia contra a mulher, com 451 mulheres atendidas.<\/p>\n\n\n\n<p>Em outro eixo de atua\u00e7\u00e3o, o Programa Central de Acompanhamento de Alternativas Penais (Ceapa) atua na responsabiliza\u00e7\u00e3o de infratores da Lei Maria da Penha que respondem a processos em liberdade. At\u00e9 setembro de 2024, 306 homens foram encaminhados para o cumprimento de alternativa penal em grupo de responsabiliza\u00e7\u00e3o no \u00e2mbito da Lei Maria da Penha.<\/p>\n\n\n\n<p>Representando a Sejusp na coletiva de apresenta\u00e7\u00e3o dos dados, a subsecret\u00e1ria de Preven\u00e7\u00e3o Social \u00e0 Criminalidade, Christiana Dornas Rodrigues, destacou a import\u00e2ncia do trabalho integrado para o alcance desses resultados. &#8220;Esses n\u00fameros refletem o empenho de todas as for\u00e7as de seguran\u00e7a de uma forma muito integrada, com a\u00e7\u00f5es em v\u00e1rias camadas de prote\u00e7\u00e3o&#8221;, afirma.<\/p>\n\n\n\n<p>&#8220;Em rela\u00e7\u00e3o \u00e0 Subsecretaria de Preven\u00e7\u00e3o \u00e0 Criminalidade, os trabalhos s\u00e3o feitos em uma perspectiva bastante inovadora de preven\u00e7\u00e3o, que \u00e9 a prote\u00e7\u00e3o social e a seguran\u00e7a cidad\u00e3. Destaco dois programas: o Media\u00e7\u00e3o de Conflitos e a Central de Alternativas Penais. O primeiro \u00e9 de base territorial, partindo de um diagn\u00f3stico onde acontece um maior \u00edndice de viol\u00eancia concentrada contra a mulher, onde s\u00e3o feitos atendimentos individuais e coletivos, que trazem para elas a ideia de uma participa\u00e7\u00e3o de todas na constru\u00e7\u00e3o da seguran\u00e7a junto com as for\u00e7as de seguran\u00e7a. Mas os homens tamb\u00e9m s\u00e3o chamados para conversar, para que trabalhem na viol\u00eancia contra a mulher. O segundo atua com homens que chegam sentenciados, infratores da Lei Maria da Penha, com penas alternativas. Muitos deles n\u00e3o se reconhecem como autores de viol\u00eancia, mas as atividades realizadas com eles provocam mudan\u00e7as, uma desnaturaliza\u00e7\u00e3o da viol\u00eancia contra a mulher\u201d, detalha a subsecret\u00e1ria.<\/p>\n\n\n\n<p><strong>MONITORAMENTO DE HOMENS AGRESSORES<\/strong><\/p>\n\n\n\n<p>Minas Gerais \u00e9 um dos primeiros estados do pa\u00eds a implantar o monitoramento 24 horas por dia de agressores punidos pela Lei Maria da Penha. A a\u00e7\u00e3o \u00e9 coordenada pela Sejusp e o monitoramento \u00e9 realizado pela Pol\u00edcia Penal.<\/p>\n\n\n\n<p>Os agressores enquadrados na Lei Maria da Penha usam uma tornozeleira eletr\u00f4nica e as v\u00edtimas portam um dispositivo m\u00f3vel semelhante a um celular. Por meio de georreferenciamento, a Pol\u00edcia Penal consegue visualizar se o agressor est\u00e1 se aproximando dela.<\/p>\n\n\n\n<p>Neste caso, a Pol\u00edcia Penal aciona a Pol\u00edcia Militar, que se desloca at\u00e9 o agressor e, ao mesmo tempo, faz contato com a mulher. O trabalho \u00e9 feito para garantir que ela esteja bem e protegida, a uma dist\u00e2ncia segura do agressor. Em 2024, entre janeiro e outubro, j\u00e1 s\u00e3o 1.153 monitorados; sendo 695 homens agressores e 458 v\u00edtimas. Esse dado supera o ano todo de 2023, no qual eram 952 monitorados, divididos entre 618 agressores e 334 v\u00edtimas.<\/p>\n\n\n\n<p>&#8220;A Pol\u00edcia Penal reitera a import\u00e2ncia da manifesta\u00e7\u00e3o das mulheres na solicita\u00e7\u00e3o de medidas protetivas. \u00c9 por meio da medida protetiva que n\u00f3s conseguimos monitorar os homens e a sua proximidade da v\u00edtima. Essa \u00e9 uma entre v\u00e1rias a\u00e7\u00f5es importantes do Governo de Minas para proteger a vida da mulher&#8221;, destaca a diretora adjunta de Gest\u00e3o e Monitoramento Eletr\u00f4nico da Pol\u00edcia Penal, Juliana Ferreira.<\/p>\n\n\n\n<p><strong>PATRULHA DE PREVEN\u00c7\u00c3O \u00c0 VIOL\u00caNCIA DOM\u00c9STICA<\/strong><\/p>\n\n\n\n<p>A Pol\u00edcia Militar de Minas Gerais (PMMG) conta, desde de 2010, com o servi\u00e7o Patrulha de Preven\u00e7\u00e3o \u00e0 Viol\u00eancia Dom\u00e9stica (PPVD). Presente em mais de 146 munic\u00edpios mineiros, a PPVD consiste em guarni\u00e7\u00e3o, qualificada e treinada, composta por uma policial do sexo feminino e um policial do sexo masculino, que prestam servi\u00e7o de prote\u00e7\u00e3o \u00e0 v\u00edtima, garantindo o seu encaminhamento aos demais \u00f3rg\u00e3os da Rede Estadual de Enfrentamento \u00e0 Viol\u00eancia Contra a Mulher, de tal forma que receba do poder p\u00fablico, no menor tempo poss\u00edvel, a aten\u00e7\u00e3o devida a cada caso. A PPVD atua tamb\u00e9m na dissuas\u00e3o do agressor, incidindo na quebra do ciclo da viol\u00eancia.<\/p>\n\n\n\n<p>De janeiro a outubro deste ano, 83.594 atendimentos foram registrados pelas Patrulhas de Preven\u00e7\u00e3o \u00e0 Viol\u00eancia Dom\u00e9stica em Minas Gerais. Em 2023, foram realizados 73.386 atendimentos.<\/p>\n\n\n\n<p>As mulheres v\u00edtimas de viol\u00eancia contam tamb\u00e9m com o atendimento realizado pela Pol\u00edcia Militar por interm\u00e9dio dos policiais militares do patrulhamento de \u00e1rea que t\u00eam contato, no momento dos fatos, com as referidas v\u00edtimas. S\u00e3o os atendimentos de primeira resposta. Em seguida, em uma segunda resposta, ap\u00f3s an\u00e1lise das ocorr\u00eancias de maior gravidade e com hist\u00f3rico de reincid\u00eancias, uma equipe de preven\u00e7\u00e3o \u00e0 viol\u00eancia dom\u00e9stica entra em contato com a v\u00edtima para apresent\u00e1-la ao programa. Verifica-se, ent\u00e3o, se \u00e9 do interesse dela ser acompanhada pela Pol\u00edcia Militar e propiciar a quebra do ciclo da viol\u00eancia.<\/p>\n\n\n\n<p>De acordo com a porta-voz da PMMG, major Layla Brunnela, buscar as for\u00e7as de seguran\u00e7a \u00e9 um caminho e o Governo do Estado oferece apoio para as mulheres v\u00edtimas de viol\u00eancia dom\u00e9stica. &#8220;A Pol\u00edcia Militar de MG faz um trabalho desde o ano de 2010 com um atendimento especializado para a mulher por meio das Patrulhas de Preven\u00e7\u00e3o \u00e0 Viol\u00eancia Dom\u00e9stica. Somente esse ano foram quase 84 mil atendimentos. Isso reflete inevitavelmente em preven\u00e7\u00e3o e tamb\u00e9m nessa queda de homic\u00eddios e de feminic\u00eddios consumados. \u00c9 importante a gente lembrar que, para al\u00e9m do trabalho preventivo, a Pol\u00edcia Miliar tamb\u00e9m atua repressivamente na pris\u00e3o desses autores. Nos \u00faltimos 45 dias, n\u00f3s prendemos aproximadamente 4 mil homens autores de viol\u00eancia dom\u00e9stica. E 130 deles estavam com mandados de pris\u00e3o em aberto porque s\u00e3o contumazes na pr\u00e1tica de viol\u00eancia&#8221;, ressalta.<\/p>\n\n\n\n<p><strong>70 DELEGACIAS ESPECIALIZADAS<\/strong><\/p>\n\n\n\n<p>A Pol\u00edcia Civil de Minas Gerais (PCMG) por sua vez atua em diferentes frentes para o enfrentamento da viol\u00eancia dom\u00e9stica e familiar contra a mulher: investiga\u00e7\u00e3o criminal; a\u00e7\u00f5es educativas com foco na preven\u00e7\u00e3o e ruptura do ciclo da viol\u00eancia; e encaminhamentos assistenciais.<\/p>\n\n\n\n<p>Atualmente h\u00e1 70 Delegacias Especializadas de Atendimento \u00e0 Mulher (Deams) nas diferentes regi\u00f5es do estado e tr\u00eas N\u00facleos Integrados de Atendimento \u00e0s Mulheres (Nuiams) em Lagoa Santa, Andradas e Concei\u00e7\u00e3o das Alagoas &#8211; nos demais munic\u00edpios mineiros o servi\u00e7o \u00e9 assegurado em todas as Delegacias de Pol\u00edcia Civil. Ainda, h\u00e1 na capital a Casa da Mulher Mineira e o N\u00facleo Especializado na Investiga\u00e7\u00e3o de Feminic\u00eddio.<\/p>\n\n\n\n<p>No que diz respeito aos trabalhos de pol\u00edcia judici\u00e1ria, em oito meses, foram solicitados \u00e0 Justi\u00e7a 41.596 pedidos de medidas protetivas em 2024, enquanto no \u00faltimo ano, 39.640. &#8220;Para al\u00e9m da sua atribui\u00e7\u00e3o t\u00edpica na resolu\u00e7\u00e3o e repress\u00e3o de crimes, a Pol\u00edcia Civil investe continuamente na preven\u00e7\u00e3o da viol\u00eancia contra a mulher. Por meio de campanhas educativas em escolas, redes sociais e distribui\u00e7\u00e3o de panfletos, a PCMG orienta sobre as formas de viol\u00eancia e como denunciar. Al\u00e9m disso, oferece acolhimento na Casa da Mulher Mineira, que ajuda as v\u00edtimas a encontrar as medidas mais adequadas para cada caso, buscando prevenir casos de feminic\u00eddio desde os primeiros sinais de viol\u00eancia, seja f\u00edsica, psicol\u00f3gica, moral ou patrimonial&#8221;, observa a chefe da Divis\u00e3o Especializada em Atendimento \u00e0 Mulher, ao Idoso, \u00e0 Pessoa com Defici\u00eancia e V\u00edtimas de Intoler\u00e2ncia (Demid), delegada Dan\u00fabia Quadros.<\/p>\n\n\n\n<p>Para facilitar a comunica\u00e7\u00e3o entre mulheres em situa\u00e7\u00e3o de viol\u00eancia e a Pol\u00edcia Civil, uma iniciativa em expans\u00e3o na PCMG \u00e9 o projeto Chame a Frida, ferramenta de mensagens (chatbot). Hoje, a popula\u00e7\u00e3o de 90 cidades mineiras conta esse tipo de atendimento via WhatsApp. Tamb\u00e9m de forma remota, \u00e9 poss\u00edvel solicitar o registro de ocorr\u00eancias de amea\u00e7a, agress\u00e3o e descumprimento de medida protetiva pela Delegacia Virtual.<\/p>\n\n\n\n<p>Por fim, para coordenar e fortalecer a pol\u00edtica de preven\u00e7\u00e3o e enfrentamento da viol\u00eancia dom\u00e9stica e familiar contra as mulheres, foi criada recentemente, no \u00e2mbito da PCMG, a Diretoria Estadual de Gest\u00e3o das Delegacias de Atendimento \u00e0 Mulher, que ter\u00e1 a fun\u00e7\u00e3o de supervisionar tecnicamente as a\u00e7\u00f5es de todas as Deams em Minas. Entre as atribui\u00e7\u00f5es da diretoria est\u00e1 sugerir a institui\u00e7\u00e3o e uniformiza\u00e7\u00e3o de protocolos de atua\u00e7\u00e3o em casos dessa natureza, assim como promover a interlocu\u00e7\u00e3o com outros \u00f3rg\u00e3os atuantes na tem\u00e1tica.<\/p>\n\n\n\n<p><strong>EXPANS\u00c3O DO EMERG\u00caNCIA MG<\/strong><\/p>\n\n\n\n<p>Lan\u00e7ado pela Sejusp h\u00e1 um ano, o Emerg\u00eancia MG permite o acionamento do 190 (Pol\u00edcia Militar), 197 (Pol\u00edcia Civil) e 193 (Corpo de Bombeiros Militar) por meio da internet. Este servi\u00e7o pode ajudar a todos, especialmente mulheres v\u00edtimas de viol\u00eancia, pois qualquer v\u00edtima em potencial ou em apuros pode acionar o 190 da Pol\u00edcia Militar, por exemplo, apenas teclando em chat, sem precisar usar a voz.<\/p>\n\n\n\n<p>Al\u00e9m disso, o Emerg\u00eancia MG permite compartilhar fotos, v\u00eddeos e sua geolocaliza\u00e7\u00e3o, facilitando o atendimento imediato das for\u00e7as e a interven\u00e7\u00e3o em caso de risco. O servi\u00e7o \u00e9 pioneiro no pa\u00eds, exatamente por criar uma \u00fanica porta de entrada que permita o pedido de ajuda, por chat, para a Pol\u00edcia Militar, Pol\u00edcia Civil e Corpo de Bombeiros.<\/p>\n\n\n\n<p>A partir desta quarta-feira, o Emerg\u00eancia MG passa a funcionar em novas 46 cidades mineiras, totalizando 107 munic\u00edpios j\u00e1 atendidos pela ferramenta. Agora, mais de 7 milh\u00f5es de mineiros podem contar com o Emerg\u00eancia MG.<\/p>\n\n\n\n<p>As novas cidades que podem utilizar o Emerg\u00eancia MG s\u00e3o: Abaet\u00e9, Ara\u00fajos, Arcos, Bambu\u00ed, Biquinhas, Bom Despacho, Camacho, Cedro do Abaet\u00e9, Concei\u00e7\u00e3o do Par\u00e1, C\u00f3rrego Danta, C\u00f3rrego Fundo, Dores do indai\u00e1, Estrela do Indai\u00e1, Formiga, Igaratinga, Iguatama, Itapecerica, Itatiaiu\u00e7u, Ita\u00fana, Japara\u00edba, Lagoa da Prata, Leandro Ferreira, Luz, Maravilhas, Martinho Campos, Medeiros, Moema, Morada Nova de Minas, Nova Serrana, On\u00e7a de Pitangui, Paineiras, Pains, Papagaios, Par\u00e1 de Minas, Pedra do Indai\u00e1, Pequi, Perdig\u00e3o, Pimenta, Pitangui, Pompeu, Quartel Geral, Santo Ant\u00f4nio do Monte, S\u00e3o Jos\u00e9 da Varginha, S\u00e3o Sebasti\u00e3o do Oeste, Serra da Saudade e Tapira\u00ed.<\/p>\n\n\n\n<p>Importante destacar que, al\u00e9m do Emerg\u00eancia MG, seguem dispon\u00edveis para atendimento de ocorr\u00eancias o 190 e, para den\u00fancias de viol\u00eancia contra a mulher, o Disque Den\u00fancia 181. A liga\u00e7\u00e3o \u00e9 gratuita para todos os 853 munic\u00edpios mineiros.<\/p>\n\n\n\n<p>Autor: Pol\u00edcia Civil MG<\/p>\n","protected":false},"excerpt":{"rendered":"<p>O n\u00famero de v\u00edtimas de feminic\u00eddio consumado caiu 23,9% em Minas Gerais de janeiro a setembro deste ano, na compara\u00e7\u00e3o com o mesmo per\u00edodo de 2023 (de 142 para 108 v\u00edtimas), e no mesmo per\u00edodo de 2022 (129). <a href=\"https:\/\/noticiasdefato.net\/?p=2016\" class=\"more-link\">Continuar lendo <span class=\"screen-reader-text\">FEMINIC\u00cdDIOS DIMINUEM EM MINAS<\/span><\/a><\/p>\n","protected":false},"author":1,"featured_media":2017,"comment_status":"open","ping_status":"open","sticky":false,"template":"","format":"standard","meta":{"footnotes":""},"categories":[1],"tags":[],"class_list":["post-2016","post","type-post","status-publish","format-standard","has-post-thumbnail","hentry","category-geral"],"yoast_head":"<!-- This site is optimized with the Yoast SEO plugin v23.2 - https:\/\/yoast.com\/wordpress\/plugins\/seo\/ -->\n<title>FEMINIC\u00cdDIOS DIMINUEM EM MINAS - Not\u00edcias de Fato<\/title>\n<meta name=\"description\" content=\"O n\u00famero de v\u00edtimas de feminic\u00eddio consumado caiu 23,9% em Minas Gerais de janeiro a setembro deste ano, na compara\u00e7\u00e3o com o mesmo per\u00edodo de 2023 (de 142 para 108 v\u00edtimas), e no mesmo per\u00edodo de 2022 (129).\" \/>\n<meta name=\"robots\" content=\"index, follow, max-snippet:-1, max-image-preview:large, max-video-preview:-1\" \/>\n<link rel=\"canonical\" href=\"https:\/\/noticiasdefato.net\/?p=2016\" \/>\n<meta property=\"og:locale\" content=\"pt_BR\" \/>\n<meta property=\"og:type\" content=\"article\" \/>\n<meta property=\"og:title\" content=\"FEMINIC\u00cdDIOS DIMINUEM EM MINAS - Not\u00edcias de Fato\" \/>\n<meta property=\"og:description\" content=\"O n\u00famero de v\u00edtimas de feminic\u00eddio consumado caiu 23,9% em Minas Gerais de janeiro a setembro deste ano, na compara\u00e7\u00e3o com o mesmo per\u00edodo de 2023 (de 142 para 108 v\u00edtimas), e no mesmo per\u00edodo de 2022 (129).\" \/>\n<meta property=\"og:url\" content=\"https:\/\/noticiasdefato.net\/?p=2016\" \/>\n<meta property=\"og:site_name\" content=\"Not\u00edcias de Fato\" \/>\n<meta property=\"article:publisher\" content=\"https:\/\/fb.com\/noticiasdefato.jornal\" \/>\n<meta property=\"article:author\" content=\"http:\/\/fb.com\/\/noticiasdefato.jornal\" \/>\n<meta property=\"article:published_time\" content=\"2024-10-19T12:15:15+00:00\" \/>\n<meta property=\"article:modified_time\" content=\"2024-10-24T00:41:24+00:00\" \/>\n<meta property=\"og:image\" content=\"https:\/\/noticiasdefato.net\/wp-content\/uploads\/2024\/10\/image-55.png\" \/>\n\t<meta property=\"og:image:width\" content=\"1600\" \/>\n\t<meta property=\"og:image:height\" content=\"900\" \/>\n\t<meta property=\"og:image:type\" content=\"image\/png\" \/>\n<meta name=\"author\" content=\"Noticias de Fato\" \/>\n<meta name=\"twitter:card\" content=\"summary_large_image\" \/>\n<meta name=\"twitter:creator\" content=\"@https:\/\/twitter.com\/NoticiasDeFato_\" \/>\n<meta name=\"twitter:site\" content=\"@noticiasdefato_\" \/>\n<meta name=\"twitter:label1\" content=\"Escrito por\" \/>\n\t<meta name=\"twitter:data1\" content=\"Noticias de Fato\" \/>\n\t<meta name=\"twitter:label2\" content=\"Est. tempo de leitura\" \/>\n\t<meta name=\"twitter:data2\" content=\"11 minutos\" \/>\n<script type=\"application\/ld+json\" class=\"yoast-schema-graph\">{\"@context\":\"https:\/\/schema.org\",\"@graph\":[{\"@type\":\"Article\",\"@id\":\"https:\/\/noticiasdefato.net\/?p=2016#article\",\"isPartOf\":{\"@id\":\"https:\/\/noticiasdefato.net\/?p=2016\"},\"author\":{\"name\":\"Noticias de Fato\",\"@id\":\"https:\/\/noticiasdefato.net\/#\/schema\/person\/982ce60211d95acf059cd702aa260d08\"},\"headline\":\"FEMINIC\u00cdDIOS DIMINUEM EM MINAS\",\"datePublished\":\"2024-10-19T12:15:15+00:00\",\"dateModified\":\"2024-10-24T00:41:24+00:00\",\"mainEntityOfPage\":{\"@id\":\"https:\/\/noticiasdefato.net\/?p=2016\"},\"wordCount\":2143,\"commentCount\":0,\"publisher\":{\"@id\":\"https:\/\/noticiasdefato.net\/#organization\"},\"image\":{\"@id\":\"https:\/\/noticiasdefato.net\/?p=2016#primaryimage\"},\"thumbnailUrl\":\"https:\/\/noticiasdefato.net\/wp-content\/uploads\/2024\/10\/image-55.png\",\"articleSection\":[\"Geral\"],\"inLanguage\":\"pt-BR\",\"potentialAction\":[{\"@type\":\"CommentAction\",\"name\":\"Comment\",\"target\":[\"https:\/\/noticiasdefato.net\/?p=2016#respond\"]}]},{\"@type\":\"WebPage\",\"@id\":\"https:\/\/noticiasdefato.net\/?p=2016\",\"url\":\"https:\/\/noticiasdefato.net\/?p=2016\",\"name\":\"FEMINIC\u00cdDIOS DIMINUEM EM MINAS - Not\u00edcias de Fato\",\"isPartOf\":{\"@id\":\"https:\/\/noticiasdefato.net\/#website\"},\"primaryImageOfPage\":{\"@id\":\"https:\/\/noticiasdefato.net\/?p=2016#primaryimage\"},\"image\":{\"@id\":\"https:\/\/noticiasdefato.net\/?p=2016#primaryimage\"},\"thumbnailUrl\":\"https:\/\/noticiasdefato.net\/wp-content\/uploads\/2024\/10\/image-55.png\",\"datePublished\":\"2024-10-19T12:15:15+00:00\",\"dateModified\":\"2024-10-24T00:41:24+00:00\",\"description\":\"O n\u00famero de v\u00edtimas de feminic\u00eddio consumado caiu 23,9% em Minas Gerais de janeiro a setembro deste ano, na compara\u00e7\u00e3o com o mesmo per\u00edodo de 2023 (de 142 para 108 v\u00edtimas), e no mesmo per\u00edodo de 2022 (129).\",\"breadcrumb\":{\"@id\":\"https:\/\/noticiasdefato.net\/?p=2016#breadcrumb\"},\"inLanguage\":\"pt-BR\",\"potentialAction\":[{\"@type\":\"ReadAction\",\"target\":[\"https:\/\/noticiasdefato.net\/?p=2016\"]}]},{\"@type\":\"ImageObject\",\"inLanguage\":\"pt-BR\",\"@id\":\"https:\/\/noticiasdefato.net\/?p=2016#primaryimage\",\"url\":\"https:\/\/noticiasdefato.net\/wp-content\/uploads\/2024\/10\/image-55.png\",\"contentUrl\":\"https:\/\/noticiasdefato.net\/wp-content\/uploads\/2024\/10\/image-55.png\",\"width\":1600,\"height\":900},{\"@type\":\"BreadcrumbList\",\"@id\":\"https:\/\/noticiasdefato.net\/?p=2016#breadcrumb\",\"itemListElement\":[{\"@type\":\"ListItem\",\"position\":1,\"name\":\"In\u00edcio\",\"item\":\"https:\/\/noticiasdefato.net\/\"},{\"@type\":\"ListItem\",\"position\":2,\"name\":\"FEMINIC\u00cdDIOS DIMINUEM EM MINAS\"}]},{\"@type\":\"WebSite\",\"@id\":\"https:\/\/noticiasdefato.net\/#website\",\"url\":\"https:\/\/noticiasdefato.net\/\",\"name\":\"Not\u00edcias de Fato\",\"description\":\"Trabalhamos com honestidade, seriedade e com a verdade.\",\"publisher\":{\"@id\":\"https:\/\/noticiasdefato.net\/#organization\"},\"potentialAction\":[{\"@type\":\"SearchAction\",\"target\":{\"@type\":\"EntryPoint\",\"urlTemplate\":\"https:\/\/noticiasdefato.net\/?s={search_term_string}\"},\"query-input\":\"required name=search_term_string\"}],\"inLanguage\":\"pt-BR\"},{\"@type\":\"Organization\",\"@id\":\"https:\/\/noticiasdefato.net\/#organization\",\"name\":\"Not\u00edcias de Fato\",\"url\":\"https:\/\/noticiasdefato.net\/\",\"logo\":{\"@type\":\"ImageObject\",\"inLanguage\":\"pt-BR\",\"@id\":\"https:\/\/noticiasdefato.net\/#\/schema\/logo\/image\/\",\"url\":\"https:\/\/noticiasdefato.net\/wp-content\/uploads\/2024\/02\/cropped-logo_topo.png\",\"contentUrl\":\"https:\/\/noticiasdefato.net\/wp-content\/uploads\/2024\/02\/cropped-logo_topo.png\",\"width\":1948,\"height\":665,\"caption\":\"Not\u00edcias de Fato\"},\"image\":{\"@id\":\"https:\/\/noticiasdefato.net\/#\/schema\/logo\/image\/\"},\"sameAs\":[\"https:\/\/fb.com\/noticiasdefato.jornal\",\"https:\/\/x.com\/noticiasdefato_\",\"https:\/\/instagram.com\/noticiasdefato.jornal\",\"https:\/\/youtube.com\/@JornalNoticiasDeFato\"]},{\"@type\":\"Person\",\"@id\":\"https:\/\/noticiasdefato.net\/#\/schema\/person\/982ce60211d95acf059cd702aa260d08\",\"name\":\"Noticias de Fato\",\"image\":{\"@type\":\"ImageObject\",\"inLanguage\":\"pt-BR\",\"@id\":\"https:\/\/noticiasdefato.net\/#\/schema\/person\/image\/\",\"url\":\"https:\/\/secure.gravatar.com\/avatar\/700227fab2316f0366a1b5d4988d10f847249cf13293450527ac9553c994611a?s=96&d=mm&r=g\",\"contentUrl\":\"https:\/\/secure.gravatar.com\/avatar\/700227fab2316f0366a1b5d4988d10f847249cf13293450527ac9553c994611a?s=96&d=mm&r=g\",\"caption\":\"Noticias de Fato\"},\"sameAs\":[\"https:\/\/noticiasdefato.net\",\"http:\/\/fb.com\/\/noticiasdefato.jornal\",\"https:\/\/x.com\/https:\/\/twitter.com\/NoticiasDeFato_\"],\"url\":\"https:\/\/noticiasdefato.net\/?author=1\"}]}<\/script>\n<!-- \/ Yoast SEO plugin. -->","yoast_head_json":{"title":"FEMINIC\u00cdDIOS DIMINUEM EM MINAS - Not\u00edcias de Fato","description":"O n\u00famero de v\u00edtimas de feminic\u00eddio consumado caiu 23,9% em Minas Gerais de janeiro a setembro deste ano, na compara\u00e7\u00e3o com o mesmo per\u00edodo de 2023 (de 142 para 108 v\u00edtimas), e no mesmo per\u00edodo de 2022 (129).","robots":{"index":"index","follow":"follow","max-snippet":"max-snippet:-1","max-image-preview":"max-image-preview:large","max-video-preview":"max-video-preview:-1"},"canonical":"https:\/\/noticiasdefato.net\/?p=2016","og_locale":"pt_BR","og_type":"article","og_title":"FEMINIC\u00cdDIOS DIMINUEM EM MINAS - Not\u00edcias de Fato","og_description":"O n\u00famero de v\u00edtimas de feminic\u00eddio consumado caiu 23,9% em Minas Gerais de janeiro a setembro deste ano, na compara\u00e7\u00e3o com o mesmo per\u00edodo de 2023 (de 142 para 108 v\u00edtimas), e no mesmo per\u00edodo de 2022 (129).","og_url":"https:\/\/noticiasdefato.net\/?p=2016","og_site_name":"Not\u00edcias de Fato","article_publisher":"https:\/\/fb.com\/noticiasdefato.jornal","article_author":"http:\/\/fb.com\/\/noticiasdefato.jornal","article_published_time":"2024-10-19T12:15:15+00:00","article_modified_time":"2024-10-24T00:41:24+00:00","og_image":[{"width":1600,"height":900,"url":"https:\/\/noticiasdefato.net\/wp-content\/uploads\/2024\/10\/image-55.png","type":"image\/png"}],"author":"Noticias de Fato","twitter_card":"summary_large_image","twitter_creator":"@https:\/\/twitter.com\/NoticiasDeFato_","twitter_site":"@noticiasdefato_","twitter_misc":{"Escrito por":"Noticias de Fato","Est. tempo de leitura":"11 minutos"},"schema":{"@context":"https:\/\/schema.org","@graph":[{"@type":"Article","@id":"https:\/\/noticiasdefato.net\/?p=2016#article","isPartOf":{"@id":"https:\/\/noticiasdefato.net\/?p=2016"},"author":{"name":"Noticias de Fato","@id":"https:\/\/noticiasdefato.net\/#\/schema\/person\/982ce60211d95acf059cd702aa260d08"},"headline":"FEMINIC\u00cdDIOS DIMINUEM EM MINAS","datePublished":"2024-10-19T12:15:15+00:00","dateModified":"2024-10-24T00:41:24+00:00","mainEntityOfPage":{"@id":"https:\/\/noticiasdefato.net\/?p=2016"},"wordCount":2143,"commentCount":0,"publisher":{"@id":"https:\/\/noticiasdefato.net\/#organization"},"image":{"@id":"https:\/\/noticiasdefato.net\/?p=2016#primaryimage"},"thumbnailUrl":"https:\/\/noticiasdefato.net\/wp-content\/uploads\/2024\/10\/image-55.png","articleSection":["Geral"],"inLanguage":"pt-BR","potentialAction":[{"@type":"CommentAction","name":"Comment","target":["https:\/\/noticiasdefato.net\/?p=2016#respond"]}]},{"@type":"WebPage","@id":"https:\/\/noticiasdefato.net\/?p=2016","url":"https:\/\/noticiasdefato.net\/?p=2016","name":"FEMINIC\u00cdDIOS DIMINUEM EM MINAS - Not\u00edcias de Fato","isPartOf":{"@id":"https:\/\/noticiasdefato.net\/#website"},"primaryImageOfPage":{"@id":"https:\/\/noticiasdefato.net\/?p=2016#primaryimage"},"image":{"@id":"https:\/\/noticiasdefato.net\/?p=2016#primaryimage"},"thumbnailUrl":"https:\/\/noticiasdefato.net\/wp-content\/uploads\/2024\/10\/image-55.png","datePublished":"2024-10-19T12:15:15+00:00","dateModified":"2024-10-24T00:41:24+00:00","description":"O n\u00famero de v\u00edtimas de feminic\u00eddio consumado caiu 23,9% em Minas Gerais de janeiro a setembro deste ano, na compara\u00e7\u00e3o com o mesmo per\u00edodo de 2023 (de 142 para 108 v\u00edtimas), e no mesmo per\u00edodo de 2022 (129).","breadcrumb":{"@id":"https:\/\/noticiasdefato.net\/?p=2016#breadcrumb"},"inLanguage":"pt-BR","potentialAction":[{"@type":"ReadAction","target":["https:\/\/noticiasdefato.net\/?p=2016"]}]},{"@type":"ImageObject","inLanguage":"pt-BR","@id":"https:\/\/noticiasdefato.net\/?p=2016#primaryimage","url":"https:\/\/noticiasdefato.net\/wp-content\/uploads\/2024\/10\/image-55.png","contentUrl":"https:\/\/noticiasdefato.net\/wp-content\/uploads\/2024\/10\/image-55.png","width":1600,"height":900},{"@type":"BreadcrumbList","@id":"https:\/\/noticiasdefato.net\/?p=2016#breadcrumb","itemListElement":[{"@type":"ListItem","position":1,"name":"In\u00edcio","item":"https:\/\/noticiasdefato.net\/"},{"@type":"ListItem","position":2,"name":"FEMINIC\u00cdDIOS DIMINUEM EM MINAS"}]},{"@type":"WebSite","@id":"https:\/\/noticiasdefato.net\/#website","url":"https:\/\/noticiasdefato.net\/","name":"Not\u00edcias de Fato","description":"Trabalhamos com honestidade, seriedade e com a verdade.","publisher":{"@id":"https:\/\/noticiasdefato.net\/#organization"},"potentialAction":[{"@type":"SearchAction","target":{"@type":"EntryPoint","urlTemplate":"https:\/\/noticiasdefato.net\/?s={search_term_string}"},"query-input":"required name=search_term_string"}],"inLanguage":"pt-BR"},{"@type":"Organization","@id":"https:\/\/noticiasdefato.net\/#organization","name":"Not\u00edcias de Fato","url":"https:\/\/noticiasdefato.net\/","logo":{"@type":"ImageObject","inLanguage":"pt-BR","@id":"https:\/\/noticiasdefato.net\/#\/schema\/logo\/image\/","url":"https:\/\/noticiasdefato.net\/wp-content\/uploads\/2024\/02\/cropped-logo_topo.png","contentUrl":"https:\/\/noticiasdefato.net\/wp-content\/uploads\/2024\/02\/cropped-logo_topo.png","width":1948,"height":665,"caption":"Not\u00edcias de Fato"},"image":{"@id":"https:\/\/noticiasdefato.net\/#\/schema\/logo\/image\/"},"sameAs":["https:\/\/fb.com\/noticiasdefato.jornal","https:\/\/x.com\/noticiasdefato_","https:\/\/instagram.com\/noticiasdefato.jornal","https:\/\/youtube.com\/@JornalNoticiasDeFato"]},{"@type":"Person","@id":"https:\/\/noticiasdefato.net\/#\/schema\/person\/982ce60211d95acf059cd702aa260d08","name":"Noticias de Fato","image":{"@type":"ImageObject","inLanguage":"pt-BR","@id":"https:\/\/noticiasdefato.net\/#\/schema\/person\/image\/","url":"https:\/\/secure.gravatar.com\/avatar\/700227fab2316f0366a1b5d4988d10f847249cf13293450527ac9553c994611a?s=96&d=mm&r=g","contentUrl":"https:\/\/secure.gravatar.com\/avatar\/700227fab2316f0366a1b5d4988d10f847249cf13293450527ac9553c994611a?s=96&d=mm&r=g","caption":"Noticias de Fato"},"sameAs":["https:\/\/noticiasdefato.net","http:\/\/fb.com\/\/noticiasdefato.jornal","https:\/\/x.com\/https:\/\/twitter.com\/NoticiasDeFato_"],"url":"https:\/\/noticiasdefato.net\/?author=1"}]}},"_links":{"self":[{"href":"https:\/\/noticiasdefato.net\/index.php?rest_route=\/wp\/v2\/posts\/2016","targetHints":{"allow":["GET"]}}],"collection":[{"href":"https:\/\/noticiasdefato.net\/index.php?rest_route=\/wp\/v2\/posts"}],"about":[{"href":"https:\/\/noticiasdefato.net\/index.php?rest_route=\/wp\/v2\/types\/post"}],"author":[{"embeddable":true,"href":"https:\/\/noticiasdefato.net\/index.php?rest_route=\/wp\/v2\/users\/1"}],"replies":[{"embeddable":true,"href":"https:\/\/noticiasdefato.net\/index.php?rest_route=%2Fwp%2Fv2%2Fcomments&post=2016"}],"version-history":[{"count":1,"href":"https:\/\/noticiasdefato.net\/index.php?rest_route=\/wp\/v2\/posts\/2016\/revisions"}],"predecessor-version":[{"id":2018,"href":"https:\/\/noticiasdefato.net\/index.php?rest_route=\/wp\/v2\/posts\/2016\/revisions\/2018"}],"wp:featuredmedia":[{"embeddable":true,"href":"https:\/\/noticiasdefato.net\/index.php?rest_route=\/wp\/v2\/media\/2017"}],"wp:attachment":[{"href":"https:\/\/noticiasdefato.net\/index.php?rest_route=%2Fwp%2Fv2%2Fmedia&parent=2016"}],"wp:term":[{"taxonomy":"category","embeddable":true,"href":"https:\/\/noticiasdefato.net\/index.php?rest_route=%2Fwp%2Fv2%2Fcategories&post=2016"},{"taxonomy":"post_tag","embeddable":true,"href":"https:\/\/noticiasdefato.net\/index.php?rest_route=%2Fwp%2Fv2%2Ftags&post=2016"}],"curies":[{"name":"wp","href":"https:\/\/api.w.org\/{rel}","templated":true}]}}