{"id":2020,"date":"2024-10-19T10:01:17","date_gmt":"2024-10-19T13:01:17","guid":{"rendered":"https:\/\/noticiasdefato.net\/?p=2020"},"modified":"2024-10-19T10:42:35","modified_gmt":"2024-10-19T13:42:35","slug":"sem-sistema-setor-de-iptu-fechado-ate-25-10-em-alfenas","status":"publish","type":"post","link":"https:\/\/noticiasdefato.net\/?p=2020","title":{"rendered":"SEM SISTEMA: SETOR DE IPTU FECHADO AT\u00c9 25\/10 EM ALFENAS"},"content":{"rendered":"\n<p><em>Segundo informa\u00e7\u00f5es, o site para retirada de segunda via da guia de IPTU est\u00e1 desativado, e haver\u00e1 encargos para aqueles que n\u00e3o tiverem a guia para realizar o pagamento na data de vencimento.<\/em><\/p>\n\n\n\n<p>Um aviso fixado no setor de IPTU, em Alfenas, comunica que o setor est\u00e1 sem sistema desde o dia 11 at\u00e9 o dia 25 e que o atendimento nesse per\u00edodo ser\u00e1 apenas para solicitar informa\u00e7\u00f5es e realizar a retirada de documentos.<\/p>\n\n\n\n<p>Entretanto, as pessoas que n\u00e3o possuem guia de IPTU para pagar encontram-se em uma situa\u00e7\u00e3o controversa, pois o setor nao est\u00e1 aberto para fornecer uma guia de pagamento e o site para imprimir a segunda via est\u00e1 desativado.<\/p>\n\n\n\n<p><strong>HAVER\u00c1 ENCARGOS<\/strong><\/p>\n\n\n\n<p>Segundo uma pessoa que entrou em contato com a nossa reda\u00e7\u00e3o e pediu para n\u00e3o ser identificada, como n\u00e3o \u00e9 poss\u00edvel obter uma guia para pagamento atrav\u00e9s do setor de IPTU e nem pelo site, essa pessoa decidiu entrar em contato com um funcion\u00e1rio do setor de IPTU perguntando &#8220;se n\u00e3o tem como pagar a guia, se haver\u00e1 juros?, e a resposta foi &#8220;Sim, haver\u00e1 encargos.&#8221;.<\/p>\n\n\n<div class=\"wp-block-image\">\n<figure class=\"aligncenter size-full\"><img fetchpriority=\"high\" decoding=\"async\" width=\"257\" height=\"630\" src=\"https:\/\/noticiasdefato.net\/wp-content\/uploads\/2024\/10\/image-57.png\" alt=\"\" class=\"wp-image-2022\" srcset=\"https:\/\/noticiasdefato.net\/wp-content\/uploads\/2024\/10\/image-57.png 257w, https:\/\/noticiasdefato.net\/wp-content\/uploads\/2024\/10\/image-57-122x300.png 122w, https:\/\/noticiasdefato.net\/wp-content\/uploads\/2024\/10\/image-57-37x90.png 37w\" sizes=\"(max-width: 257px) 100vw, 257px\" \/><\/figure>\n<\/div>\n\n\n<p>Apesar da resposta ter vindo de um funcion\u00e1rio do setor de IPTU, a prefeitura municipal n\u00e3o emitiu nenhum comunicado oficial sobre o tema. Mas, nesse momento, \u00e9 importante que haja o bom senso de que se n\u00e3o h\u00e1 como o cidad\u00e3o emitir uma guia para pagamento do imposto, seja pelo setor de IPTU, seja pelo site, a data de vencimento seja adiada. Isso porque a cobran\u00e7a de encargos n\u00e3o se deve pelo contribuinte n\u00e3o querer pagar o imposto, mas porque \u00e9 imposs\u00edvel emitir a guia antes da data de vencimento.<\/p>\n\n\n\n<p>A reda\u00e7\u00e3o tentou contato com o prefeito F\u00e1bio Marques, mas n\u00e3o obtivemos \u00eaxito. Caso o prefeito se pronuncie sobre o caso, atualizaremos a mat\u00e9ria com mais informa\u00e7\u00f5es.<\/p>\n","protected":false},"excerpt":{"rendered":"<p>Segundo informa\u00e7\u00f5es, o site para retirada de segunda via da guia de IPTU est\u00e1 desativado, e haver\u00e1 encargos para aqueles que n\u00e3o tiverem a guia para realizar o pagamento na data de vencimento. <a href=\"https:\/\/noticiasdefato.net\/?p=2020\" class=\"more-link\">Continuar lendo <span class=\"screen-reader-text\">SEM SISTEMA: SETOR DE IPTU FECHADO AT\u00c9 25\/10 EM ALFENAS<\/span><\/a><\/p>\n","protected":false},"author":1,"featured_media":2021,"comment_status":"open","ping_status":"open","sticky":false,"template":"","format":"standard","meta":{"footnotes":""},"categories":[1],"tags":[],"class_list":["post-2020","post","type-post","status-publish","format-standard","has-post-thumbnail","hentry","category-geral"],"yoast_head":"<!-- This site is optimized with the Yoast SEO plugin v23.2 - https:\/\/yoast.com\/wordpress\/plugins\/seo\/ -->\n<title>SEM SISTEMA: SETOR DE IPTU FECHADO AT\u00c9 25\/10 EM ALFENAS - Not\u00edcias de Fato<\/title>\n<meta name=\"description\" content=\"Segundo informa\u00e7\u00f5es, o site para retirada de segunda via da guia de IPTU est\u00e1 desativado, e haver\u00e1 encargos para aqueles que n\u00e3o tiverem a guia para realizar o pagamento na data de vencimento.\" \/>\n<meta name=\"robots\" content=\"index, follow, max-snippet:-1, max-image-preview:large, max-video-preview:-1\" \/>\n<link rel=\"canonical\" href=\"https:\/\/noticiasdefato.net\/?p=2020\" \/>\n<meta property=\"og:locale\" content=\"pt_BR\" \/>\n<meta property=\"og:type\" content=\"article\" \/>\n<meta property=\"og:title\" content=\"SEM SISTEMA: SETOR DE IPTU FECHADO AT\u00c9 25\/10 EM ALFENAS - Not\u00edcias de Fato\" \/>\n<meta property=\"og:description\" content=\"Segundo informa\u00e7\u00f5es, o site para retirada de segunda via da guia de IPTU est\u00e1 desativado, e haver\u00e1 encargos para aqueles que n\u00e3o tiverem a guia para realizar o pagamento na data de vencimento.\" \/>\n<meta property=\"og:url\" content=\"https:\/\/noticiasdefato.net\/?p=2020\" \/>\n<meta property=\"og:site_name\" content=\"Not\u00edcias de Fato\" \/>\n<meta property=\"article:publisher\" content=\"https:\/\/fb.com\/noticiasdefato.jornal\" \/>\n<meta property=\"article:author\" content=\"http:\/\/fb.com\/\/noticiasdefato.jornal\" \/>\n<meta property=\"article:published_time\" content=\"2024-10-19T13:01:17+00:00\" \/>\n<meta property=\"article:modified_time\" content=\"2024-10-19T13:42:35+00:00\" \/>\n<meta property=\"og:image\" content=\"https:\/\/noticiasdefato.net\/wp-content\/uploads\/2024\/10\/image-56.png\" \/>\n\t<meta property=\"og:image:width\" content=\"340\" \/>\n\t<meta property=\"og:image:height\" content=\"397\" \/>\n\t<meta property=\"og:image:type\" content=\"image\/png\" \/>\n<meta name=\"author\" content=\"Noticias de Fato\" \/>\n<meta name=\"twitter:card\" content=\"summary_large_image\" \/>\n<meta name=\"twitter:creator\" content=\"@https:\/\/twitter.com\/NoticiasDeFato_\" \/>\n<meta name=\"twitter:site\" content=\"@noticiasdefato_\" \/>\n<meta name=\"twitter:label1\" content=\"Escrito por\" \/>\n\t<meta name=\"twitter:data1\" content=\"Noticias de Fato\" \/>\n\t<meta name=\"twitter:label2\" content=\"Est. tempo de leitura\" \/>\n\t<meta name=\"twitter:data2\" content=\"3 minutos\" \/>\n<script type=\"application\/ld+json\" class=\"yoast-schema-graph\">{\"@context\":\"https:\/\/schema.org\",\"@graph\":[{\"@type\":\"Article\",\"@id\":\"https:\/\/noticiasdefato.net\/?p=2020#article\",\"isPartOf\":{\"@id\":\"https:\/\/noticiasdefato.net\/?p=2020\"},\"author\":{\"name\":\"Noticias de Fato\",\"@id\":\"https:\/\/noticiasdefato.net\/#\/schema\/person\/982ce60211d95acf059cd702aa260d08\"},\"headline\":\"SEM SISTEMA: SETOR DE IPTU FECHADO AT\u00c9 25\/10 EM ALFENAS\",\"datePublished\":\"2024-10-19T13:01:17+00:00\",\"dateModified\":\"2024-10-19T13:42:35+00:00\",\"mainEntityOfPage\":{\"@id\":\"https:\/\/noticiasdefato.net\/?p=2020\"},\"wordCount\":327,\"commentCount\":0,\"publisher\":{\"@id\":\"https:\/\/noticiasdefato.net\/#organization\"},\"image\":{\"@id\":\"https:\/\/noticiasdefato.net\/?p=2020#primaryimage\"},\"thumbnailUrl\":\"https:\/\/noticiasdefato.net\/wp-content\/uploads\/2024\/10\/image-56.png\",\"articleSection\":[\"Geral\"],\"inLanguage\":\"pt-BR\",\"potentialAction\":[{\"@type\":\"CommentAction\",\"name\":\"Comment\",\"target\":[\"https:\/\/noticiasdefato.net\/?p=2020#respond\"]}]},{\"@type\":\"WebPage\",\"@id\":\"https:\/\/noticiasdefato.net\/?p=2020\",\"url\":\"https:\/\/noticiasdefato.net\/?p=2020\",\"name\":\"SEM SISTEMA: SETOR DE IPTU FECHADO AT\u00c9 25\/10 EM ALFENAS - Not\u00edcias de Fato\",\"isPartOf\":{\"@id\":\"https:\/\/noticiasdefato.net\/#website\"},\"primaryImageOfPage\":{\"@id\":\"https:\/\/noticiasdefato.net\/?p=2020#primaryimage\"},\"image\":{\"@id\":\"https:\/\/noticiasdefato.net\/?p=2020#primaryimage\"},\"thumbnailUrl\":\"https:\/\/noticiasdefato.net\/wp-content\/uploads\/2024\/10\/image-56.png\",\"datePublished\":\"2024-10-19T13:01:17+00:00\",\"dateModified\":\"2024-10-19T13:42:35+00:00\",\"description\":\"Segundo informa\u00e7\u00f5es, o site para retirada de segunda via da guia de IPTU est\u00e1 desativado, e haver\u00e1 encargos para aqueles que n\u00e3o tiverem a guia para realizar o pagamento na data de vencimento.\",\"breadcrumb\":{\"@id\":\"https:\/\/noticiasdefato.net\/?p=2020#breadcrumb\"},\"inLanguage\":\"pt-BR\",\"potentialAction\":[{\"@type\":\"ReadAction\",\"target\":[\"https:\/\/noticiasdefato.net\/?p=2020\"]}]},{\"@type\":\"ImageObject\",\"inLanguage\":\"pt-BR\",\"@id\":\"https:\/\/noticiasdefato.net\/?p=2020#primaryimage\",\"url\":\"https:\/\/noticiasdefato.net\/wp-content\/uploads\/2024\/10\/image-56.png\",\"contentUrl\":\"https:\/\/noticiasdefato.net\/wp-content\/uploads\/2024\/10\/image-56.png\",\"width\":340,\"height\":397},{\"@type\":\"BreadcrumbList\",\"@id\":\"https:\/\/noticiasdefato.net\/?p=2020#breadcrumb\",\"itemListElement\":[{\"@type\":\"ListItem\",\"position\":1,\"name\":\"In\u00edcio\",\"item\":\"https:\/\/noticiasdefato.net\/\"},{\"@type\":\"ListItem\",\"position\":2,\"name\":\"SEM SISTEMA: SETOR DE IPTU FECHADO AT\u00c9 25\/10 EM ALFENAS\"}]},{\"@type\":\"WebSite\",\"@id\":\"https:\/\/noticiasdefato.net\/#website\",\"url\":\"https:\/\/noticiasdefato.net\/\",\"name\":\"Not\u00edcias de Fato\",\"description\":\"Trabalhamos com honestidade, seriedade e com a verdade.\",\"publisher\":{\"@id\":\"https:\/\/noticiasdefato.net\/#organization\"},\"potentialAction\":[{\"@type\":\"SearchAction\",\"target\":{\"@type\":\"EntryPoint\",\"urlTemplate\":\"https:\/\/noticiasdefato.net\/?s={search_term_string}\"},\"query-input\":\"required name=search_term_string\"}],\"inLanguage\":\"pt-BR\"},{\"@type\":\"Organization\",\"@id\":\"https:\/\/noticiasdefato.net\/#organization\",\"name\":\"Not\u00edcias de Fato\",\"url\":\"https:\/\/noticiasdefato.net\/\",\"logo\":{\"@type\":\"ImageObject\",\"inLanguage\":\"pt-BR\",\"@id\":\"https:\/\/noticiasdefato.net\/#\/schema\/logo\/image\/\",\"url\":\"https:\/\/noticiasdefato.net\/wp-content\/uploads\/2024\/02\/cropped-logo_topo.png\",\"contentUrl\":\"https:\/\/noticiasdefato.net\/wp-content\/uploads\/2024\/02\/cropped-logo_topo.png\",\"width\":1948,\"height\":665,\"caption\":\"Not\u00edcias de Fato\"},\"image\":{\"@id\":\"https:\/\/noticiasdefato.net\/#\/schema\/logo\/image\/\"},\"sameAs\":[\"https:\/\/fb.com\/noticiasdefato.jornal\",\"https:\/\/x.com\/noticiasdefato_\",\"https:\/\/instagram.com\/noticiasdefato.jornal\",\"https:\/\/youtube.com\/@JornalNoticiasDeFato\"]},{\"@type\":\"Person\",\"@id\":\"https:\/\/noticiasdefato.net\/#\/schema\/person\/982ce60211d95acf059cd702aa260d08\",\"name\":\"Noticias de Fato\",\"image\":{\"@type\":\"ImageObject\",\"inLanguage\":\"pt-BR\",\"@id\":\"https:\/\/noticiasdefato.net\/#\/schema\/person\/image\/\",\"url\":\"https:\/\/secure.gravatar.com\/avatar\/700227fab2316f0366a1b5d4988d10f847249cf13293450527ac9553c994611a?s=96&d=mm&r=g\",\"contentUrl\":\"https:\/\/secure.gravatar.com\/avatar\/700227fab2316f0366a1b5d4988d10f847249cf13293450527ac9553c994611a?s=96&d=mm&r=g\",\"caption\":\"Noticias de Fato\"},\"sameAs\":[\"https:\/\/noticiasdefato.net\",\"http:\/\/fb.com\/\/noticiasdefato.jornal\",\"https:\/\/x.com\/https:\/\/twitter.com\/NoticiasDeFato_\"],\"url\":\"https:\/\/noticiasdefato.net\/?author=1\"}]}<\/script>\n<!-- \/ Yoast SEO plugin. -->","yoast_head_json":{"title":"SEM SISTEMA: SETOR DE IPTU FECHADO AT\u00c9 25\/10 EM ALFENAS - Not\u00edcias de Fato","description":"Segundo informa\u00e7\u00f5es, o site para retirada de segunda via da guia de IPTU est\u00e1 desativado, e haver\u00e1 encargos para aqueles que n\u00e3o tiverem a guia para realizar o pagamento na data de vencimento.","robots":{"index":"index","follow":"follow","max-snippet":"max-snippet:-1","max-image-preview":"max-image-preview:large","max-video-preview":"max-video-preview:-1"},"canonical":"https:\/\/noticiasdefato.net\/?p=2020","og_locale":"pt_BR","og_type":"article","og_title":"SEM SISTEMA: SETOR DE IPTU FECHADO AT\u00c9 25\/10 EM ALFENAS - Not\u00edcias de Fato","og_description":"Segundo informa\u00e7\u00f5es, o site para retirada de segunda via da guia de IPTU est\u00e1 desativado, e haver\u00e1 encargos para aqueles que n\u00e3o tiverem a guia para realizar o pagamento na data de vencimento.","og_url":"https:\/\/noticiasdefato.net\/?p=2020","og_site_name":"Not\u00edcias de Fato","article_publisher":"https:\/\/fb.com\/noticiasdefato.jornal","article_author":"http:\/\/fb.com\/\/noticiasdefato.jornal","article_published_time":"2024-10-19T13:01:17+00:00","article_modified_time":"2024-10-19T13:42:35+00:00","og_image":[{"width":340,"height":397,"url":"https:\/\/noticiasdefato.net\/wp-content\/uploads\/2024\/10\/image-56.png","type":"image\/png"}],"author":"Noticias de Fato","twitter_card":"summary_large_image","twitter_creator":"@https:\/\/twitter.com\/NoticiasDeFato_","twitter_site":"@noticiasdefato_","twitter_misc":{"Escrito por":"Noticias de Fato","Est. tempo de leitura":"3 minutos"},"schema":{"@context":"https:\/\/schema.org","@graph":[{"@type":"Article","@id":"https:\/\/noticiasdefato.net\/?p=2020#article","isPartOf":{"@id":"https:\/\/noticiasdefato.net\/?p=2020"},"author":{"name":"Noticias de Fato","@id":"https:\/\/noticiasdefato.net\/#\/schema\/person\/982ce60211d95acf059cd702aa260d08"},"headline":"SEM SISTEMA: SETOR DE IPTU FECHADO AT\u00c9 25\/10 EM ALFENAS","datePublished":"2024-10-19T13:01:17+00:00","dateModified":"2024-10-19T13:42:35+00:00","mainEntityOfPage":{"@id":"https:\/\/noticiasdefato.net\/?p=2020"},"wordCount":327,"commentCount":0,"publisher":{"@id":"https:\/\/noticiasdefato.net\/#organization"},"image":{"@id":"https:\/\/noticiasdefato.net\/?p=2020#primaryimage"},"thumbnailUrl":"https:\/\/noticiasdefato.net\/wp-content\/uploads\/2024\/10\/image-56.png","articleSection":["Geral"],"inLanguage":"pt-BR","potentialAction":[{"@type":"CommentAction","name":"Comment","target":["https:\/\/noticiasdefato.net\/?p=2020#respond"]}]},{"@type":"WebPage","@id":"https:\/\/noticiasdefato.net\/?p=2020","url":"https:\/\/noticiasdefato.net\/?p=2020","name":"SEM SISTEMA: SETOR DE IPTU FECHADO AT\u00c9 25\/10 EM ALFENAS - Not\u00edcias de Fato","isPartOf":{"@id":"https:\/\/noticiasdefato.net\/#website"},"primaryImageOfPage":{"@id":"https:\/\/noticiasdefato.net\/?p=2020#primaryimage"},"image":{"@id":"https:\/\/noticiasdefato.net\/?p=2020#primaryimage"},"thumbnailUrl":"https:\/\/noticiasdefato.net\/wp-content\/uploads\/2024\/10\/image-56.png","datePublished":"2024-10-19T13:01:17+00:00","dateModified":"2024-10-19T13:42:35+00:00","description":"Segundo informa\u00e7\u00f5es, o site para retirada de segunda via da guia de IPTU est\u00e1 desativado, e haver\u00e1 encargos para aqueles que n\u00e3o tiverem a guia para realizar o pagamento na data de vencimento.","breadcrumb":{"@id":"https:\/\/noticiasdefato.net\/?p=2020#breadcrumb"},"inLanguage":"pt-BR","potentialAction":[{"@type":"ReadAction","target":["https:\/\/noticiasdefato.net\/?p=2020"]}]},{"@type":"ImageObject","inLanguage":"pt-BR","@id":"https:\/\/noticiasdefato.net\/?p=2020#primaryimage","url":"https:\/\/noticiasdefato.net\/wp-content\/uploads\/2024\/10\/image-56.png","contentUrl":"https:\/\/noticiasdefato.net\/wp-content\/uploads\/2024\/10\/image-56.png","width":340,"height":397},{"@type":"BreadcrumbList","@id":"https:\/\/noticiasdefato.net\/?p=2020#breadcrumb","itemListElement":[{"@type":"ListItem","position":1,"name":"In\u00edcio","item":"https:\/\/noticiasdefato.net\/"},{"@type":"ListItem","position":2,"name":"SEM SISTEMA: SETOR DE IPTU FECHADO AT\u00c9 25\/10 EM ALFENAS"}]},{"@type":"WebSite","@id":"https:\/\/noticiasdefato.net\/#website","url":"https:\/\/noticiasdefato.net\/","name":"Not\u00edcias de Fato","description":"Trabalhamos com honestidade, seriedade e com a verdade.","publisher":{"@id":"https:\/\/noticiasdefato.net\/#organization"},"potentialAction":[{"@type":"SearchAction","target":{"@type":"EntryPoint","urlTemplate":"https:\/\/noticiasdefato.net\/?s={search_term_string}"},"query-input":"required name=search_term_string"}],"inLanguage":"pt-BR"},{"@type":"Organization","@id":"https:\/\/noticiasdefato.net\/#organization","name":"Not\u00edcias de Fato","url":"https:\/\/noticiasdefato.net\/","logo":{"@type":"ImageObject","inLanguage":"pt-BR","@id":"https:\/\/noticiasdefato.net\/#\/schema\/logo\/image\/","url":"https:\/\/noticiasdefato.net\/wp-content\/uploads\/2024\/02\/cropped-logo_topo.png","contentUrl":"https:\/\/noticiasdefato.net\/wp-content\/uploads\/2024\/02\/cropped-logo_topo.png","width":1948,"height":665,"caption":"Not\u00edcias de Fato"},"image":{"@id":"https:\/\/noticiasdefato.net\/#\/schema\/logo\/image\/"},"sameAs":["https:\/\/fb.com\/noticiasdefato.jornal","https:\/\/x.com\/noticiasdefato_","https:\/\/instagram.com\/noticiasdefato.jornal","https:\/\/youtube.com\/@JornalNoticiasDeFato"]},{"@type":"Person","@id":"https:\/\/noticiasdefato.net\/#\/schema\/person\/982ce60211d95acf059cd702aa260d08","name":"Noticias de Fato","image":{"@type":"ImageObject","inLanguage":"pt-BR","@id":"https:\/\/noticiasdefato.net\/#\/schema\/person\/image\/","url":"https:\/\/secure.gravatar.com\/avatar\/700227fab2316f0366a1b5d4988d10f847249cf13293450527ac9553c994611a?s=96&d=mm&r=g","contentUrl":"https:\/\/secure.gravatar.com\/avatar\/700227fab2316f0366a1b5d4988d10f847249cf13293450527ac9553c994611a?s=96&d=mm&r=g","caption":"Noticias de Fato"},"sameAs":["https:\/\/noticiasdefato.net","http:\/\/fb.com\/\/noticiasdefato.jornal","https:\/\/x.com\/https:\/\/twitter.com\/NoticiasDeFato_"],"url":"https:\/\/noticiasdefato.net\/?author=1"}]}},"_links":{"self":[{"href":"https:\/\/noticiasdefato.net\/index.php?rest_route=\/wp\/v2\/posts\/2020","targetHints":{"allow":["GET"]}}],"collection":[{"href":"https:\/\/noticiasdefato.net\/index.php?rest_route=\/wp\/v2\/posts"}],"about":[{"href":"https:\/\/noticiasdefato.net\/index.php?rest_route=\/wp\/v2\/types\/post"}],"author":[{"embeddable":true,"href":"https:\/\/noticiasdefato.net\/index.php?rest_route=\/wp\/v2\/users\/1"}],"replies":[{"embeddable":true,"href":"https:\/\/noticiasdefato.net\/index.php?rest_route=%2Fwp%2Fv2%2Fcomments&post=2020"}],"version-history":[{"count":3,"href":"https:\/\/noticiasdefato.net\/index.php?rest_route=\/wp\/v2\/posts\/2020\/revisions"}],"predecessor-version":[{"id":2031,"href":"https:\/\/noticiasdefato.net\/index.php?rest_route=\/wp\/v2\/posts\/2020\/revisions\/2031"}],"wp:featuredmedia":[{"embeddable":true,"href":"https:\/\/noticiasdefato.net\/index.php?rest_route=\/wp\/v2\/media\/2021"}],"wp:attachment":[{"href":"https:\/\/noticiasdefato.net\/index.php?rest_route=%2Fwp%2Fv2%2Fmedia&parent=2020"}],"wp:term":[{"taxonomy":"category","embeddable":true,"href":"https:\/\/noticiasdefato.net\/index.php?rest_route=%2Fwp%2Fv2%2Fcategories&post=2020"},{"taxonomy":"post_tag","embeddable":true,"href":"https:\/\/noticiasdefato.net\/index.php?rest_route=%2Fwp%2Fv2%2Ftags&post=2020"}],"curies":[{"name":"wp","href":"https:\/\/api.w.org\/{rel}","templated":true}]}}