{"id":2059,"date":"2024-10-23T12:50:39","date_gmt":"2024-10-23T15:50:39","guid":{"rendered":"https:\/\/noticiasdefato.net\/?p=2059"},"modified":"2024-12-19T14:55:44","modified_gmt":"2024-12-19T17:55:44","slug":"carmo-do-rio-claro-justica-condena-criminosos","status":"publish","type":"post","link":"https:\/\/noticiasdefato.net\/?p=2059","title":{"rendered":"CARMO DO RIO CLARO: JUSTI\u00c7A CONDENA CRIMINOSOS"},"content":{"rendered":"\n<p><em>Justi\u00e7a condena sete que roubavam em propriedades rurais e nas rodovias, na regi\u00e3o de Carmo do Rio Claro.<\/em><\/p>\n\n\n\n<p>O Minist\u00e9rio P\u00fablico de Minas Gerais (MPMG) obteve na Justi\u00e7a a condena\u00e7\u00e3o de sete integrantes de uma organiza\u00e7\u00e3o criminosa que atuava em Carmo do Rio Claro, munic\u00edpio da regi\u00e3o Sul do Estado, cometendo roubos em propriedades rurais e em rodovias pr\u00f3ximas ao Lago de Furnas, mediante o uso de armas de fogo e o emprego de viol\u00eancia f\u00edsica e psicol\u00f3gica contra \u00e0s v\u00edtimas. As penas dos condenados variam de 12 a 26 anos de pris\u00e3o.<\/p>\n\n\n\n<p>Em janeiro deste ano, a Promotoria de Justi\u00e7a de Carmo do Rio Claro, com o apoio do Grupo de Atua\u00e7\u00e3o Especial de Combate ao Crime Organizado (Gaeco), regional de Passos e da Pol\u00edcia Militar de Minas Gerais (PMMG) deflagrou uma opera\u00e7\u00e3o contra os integrantes da organiza\u00e7\u00e3o criminosa. Denominada Ponte Torta, a a\u00e7\u00e3o cumpriu sete mandados de pris\u00e3o e seis de busca e apreens\u00e3o nas cidades de Carmo do Rio Claro, Alterosa e Piumhi.<\/p>\n\n\n\n<p>De acordo com as investiga\u00e7\u00f5es, os envolvidos no esquema criminoso atuavam na regi\u00e3o, ao menos desde 2023, praticando os crimes. Um deles ocorreu em 23 de mar\u00e7o do ano passado na rodovia BR-265, pr\u00f3ximo a Ponte Torta, na zona rural do munic\u00edpio, quando o grupo roubou, usando arma de fogo, um Toyota Corolla, telefones celulares e outros pertences das pessoas que estavam no ve\u00edculo.<\/p>\n\n\n\n<p>Outros roubos ocorreram em mar\u00e7o de 2023, na MG-184, ap\u00f3s o trevo de acesso \u00e0 rodovia BR-265, quando integrantes da organiza\u00e7\u00e3o criminosa armados tentaram, mas n\u00e3o conseguiram, roubar um chevrolet Silverado e, ap\u00f3s, roubaram o condutor de um ve\u00edculo Toyota Yaris. Depois, no dia 11 de abril, o grupo invadiu um s\u00edtio situado no bairro Rural Mendon\u00e7a e roubaram equipamentos avaliados em R$ 40 mil. O dono do im\u00f3vel foi amarrado, agredido e torturado pelos assaltantes. Uma sobrinha dele, que participou do roubo, foi condenada a 12 anos de pris\u00e3o.<\/p>\n\n\n\n<p>Outro crime ocorreu em 5 de outubro de 2023, no s\u00edtio Tr\u00eas Barras, onde seis integrantes do grupo roubaram uma TV 32\u201d, celulares, soprador costal, joias, uma motocicleta e uma fiat Toro.<\/p>\n\n\n\n<p>A senten\u00e7a foi prolatada pela Vara \u00danica da Comarca de Carmo do Rio Claro.<\/p>\n\n\n\n<p><strong>AUTOR:<\/strong>\u00a0MPMG<\/p>\n","protected":false},"excerpt":{"rendered":"<p>Justi\u00e7a condena sete que roubavam em propriedades rurais e nas rodovias, na regi\u00e3o de Carmo do Rio Claro. <a href=\"https:\/\/noticiasdefato.net\/?p=2059\" class=\"more-link\">Continuar lendo <span class=\"screen-reader-text\">CARMO DO RIO CLARO: JUSTI\u00c7A CONDENA CRIMINOSOS<\/span><\/a><\/p>\n","protected":false},"author":1,"featured_media":2060,"comment_status":"open","ping_status":"open","sticky":false,"template":"","format":"standard","meta":{"footnotes":""},"categories":[25],"tags":[],"class_list":["post-2059","post","type-post","status-publish","format-standard","has-post-thumbnail","hentry","category-policial"],"yoast_head":"<!-- This site is optimized with the Yoast SEO plugin v23.2 - https:\/\/yoast.com\/wordpress\/plugins\/seo\/ -->\n<title>CARMO DO RIO CLARO: JUSTI\u00c7A CONDENA CRIMINOSOS - Not\u00edcias de Fato<\/title>\n<meta name=\"description\" content=\"Justi\u00e7a condena sete que roubavam em propriedades rurais e nas rodovias, na regi\u00e3o de Carmo do Rio Claro.\" \/>\n<meta name=\"robots\" content=\"index, follow, max-snippet:-1, max-image-preview:large, max-video-preview:-1\" \/>\n<link rel=\"canonical\" href=\"https:\/\/noticiasdefato.net\/?p=2059\" \/>\n<meta property=\"og:locale\" content=\"pt_BR\" \/>\n<meta property=\"og:type\" content=\"article\" \/>\n<meta property=\"og:title\" content=\"CARMO DO RIO CLARO: JUSTI\u00c7A CONDENA CRIMINOSOS - Not\u00edcias de Fato\" \/>\n<meta property=\"og:description\" content=\"Justi\u00e7a condena sete que roubavam em propriedades rurais e nas rodovias, na regi\u00e3o de Carmo do Rio Claro.\" \/>\n<meta property=\"og:url\" content=\"https:\/\/noticiasdefato.net\/?p=2059\" \/>\n<meta property=\"og:site_name\" content=\"Not\u00edcias de Fato\" \/>\n<meta property=\"article:publisher\" content=\"https:\/\/fb.com\/noticiasdefato.jornal\" \/>\n<meta property=\"article:author\" content=\"http:\/\/fb.com\/\/noticiasdefato.jornal\" \/>\n<meta property=\"article:published_time\" content=\"2024-10-23T15:50:39+00:00\" \/>\n<meta property=\"article:modified_time\" content=\"2024-12-19T17:55:44+00:00\" \/>\n<meta property=\"og:image\" content=\"https:\/\/noticiasdefato.net\/wp-content\/uploads\/2024\/10\/Imagem-do-WhatsApp-de-2024-10-23-as-08.41.27_b07e6772.jpg\" \/>\n\t<meta property=\"og:image:width\" content=\"600\" \/>\n\t<meta property=\"og:image:height\" content=\"376\" \/>\n\t<meta property=\"og:image:type\" content=\"image\/jpeg\" \/>\n<meta name=\"author\" content=\"Noticias de Fato\" \/>\n<meta name=\"twitter:card\" content=\"summary_large_image\" \/>\n<meta name=\"twitter:creator\" content=\"@https:\/\/twitter.com\/NoticiasDeFato_\" \/>\n<meta name=\"twitter:site\" content=\"@noticiasdefato_\" \/>\n<meta name=\"twitter:label1\" content=\"Escrito por\" \/>\n\t<meta name=\"twitter:data1\" content=\"Noticias de Fato\" \/>\n\t<meta name=\"twitter:label2\" content=\"Est. tempo de leitura\" \/>\n\t<meta name=\"twitter:data2\" content=\"3 minutos\" \/>\n<script type=\"application\/ld+json\" class=\"yoast-schema-graph\">{\"@context\":\"https:\/\/schema.org\",\"@graph\":[{\"@type\":\"Article\",\"@id\":\"https:\/\/noticiasdefato.net\/?p=2059#article\",\"isPartOf\":{\"@id\":\"https:\/\/noticiasdefato.net\/?p=2059\"},\"author\":{\"name\":\"Noticias de Fato\",\"@id\":\"https:\/\/noticiasdefato.net\/#\/schema\/person\/982ce60211d95acf059cd702aa260d08\"},\"headline\":\"CARMO DO RIO CLARO: JUSTI\u00c7A CONDENA CRIMINOSOS\",\"datePublished\":\"2024-10-23T15:50:39+00:00\",\"dateModified\":\"2024-12-19T17:55:44+00:00\",\"mainEntityOfPage\":{\"@id\":\"https:\/\/noticiasdefato.net\/?p=2059\"},\"wordCount\":406,\"commentCount\":0,\"publisher\":{\"@id\":\"https:\/\/noticiasdefato.net\/#organization\"},\"image\":{\"@id\":\"https:\/\/noticiasdefato.net\/?p=2059#primaryimage\"},\"thumbnailUrl\":\"https:\/\/noticiasdefato.net\/wp-content\/uploads\/2024\/10\/Imagem-do-WhatsApp-de-2024-10-23-as-08.41.27_b07e6772.jpg\",\"articleSection\":[\"Policial\"],\"inLanguage\":\"pt-BR\",\"potentialAction\":[{\"@type\":\"CommentAction\",\"name\":\"Comment\",\"target\":[\"https:\/\/noticiasdefato.net\/?p=2059#respond\"]}]},{\"@type\":\"WebPage\",\"@id\":\"https:\/\/noticiasdefato.net\/?p=2059\",\"url\":\"https:\/\/noticiasdefato.net\/?p=2059\",\"name\":\"CARMO DO RIO CLARO: JUSTI\u00c7A CONDENA CRIMINOSOS - Not\u00edcias de Fato\",\"isPartOf\":{\"@id\":\"https:\/\/noticiasdefato.net\/#website\"},\"primaryImageOfPage\":{\"@id\":\"https:\/\/noticiasdefato.net\/?p=2059#primaryimage\"},\"image\":{\"@id\":\"https:\/\/noticiasdefato.net\/?p=2059#primaryimage\"},\"thumbnailUrl\":\"https:\/\/noticiasdefato.net\/wp-content\/uploads\/2024\/10\/Imagem-do-WhatsApp-de-2024-10-23-as-08.41.27_b07e6772.jpg\",\"datePublished\":\"2024-10-23T15:50:39+00:00\",\"dateModified\":\"2024-12-19T17:55:44+00:00\",\"description\":\"Justi\u00e7a condena sete que roubavam em propriedades rurais e nas rodovias, na regi\u00e3o de Carmo do Rio Claro.\",\"breadcrumb\":{\"@id\":\"https:\/\/noticiasdefato.net\/?p=2059#breadcrumb\"},\"inLanguage\":\"pt-BR\",\"potentialAction\":[{\"@type\":\"ReadAction\",\"target\":[\"https:\/\/noticiasdefato.net\/?p=2059\"]}]},{\"@type\":\"ImageObject\",\"inLanguage\":\"pt-BR\",\"@id\":\"https:\/\/noticiasdefato.net\/?p=2059#primaryimage\",\"url\":\"https:\/\/noticiasdefato.net\/wp-content\/uploads\/2024\/10\/Imagem-do-WhatsApp-de-2024-10-23-as-08.41.27_b07e6772.jpg\",\"contentUrl\":\"https:\/\/noticiasdefato.net\/wp-content\/uploads\/2024\/10\/Imagem-do-WhatsApp-de-2024-10-23-as-08.41.27_b07e6772.jpg\",\"width\":600,\"height\":376},{\"@type\":\"BreadcrumbList\",\"@id\":\"https:\/\/noticiasdefato.net\/?p=2059#breadcrumb\",\"itemListElement\":[{\"@type\":\"ListItem\",\"position\":1,\"name\":\"In\u00edcio\",\"item\":\"https:\/\/noticiasdefato.net\/\"},{\"@type\":\"ListItem\",\"position\":2,\"name\":\"CARMO DO RIO CLARO: JUSTI\u00c7A CONDENA CRIMINOSOS\"}]},{\"@type\":\"WebSite\",\"@id\":\"https:\/\/noticiasdefato.net\/#website\",\"url\":\"https:\/\/noticiasdefato.net\/\",\"name\":\"Not\u00edcias de Fato\",\"description\":\"Trabalhamos com honestidade, seriedade e com a verdade.\",\"publisher\":{\"@id\":\"https:\/\/noticiasdefato.net\/#organization\"},\"potentialAction\":[{\"@type\":\"SearchAction\",\"target\":{\"@type\":\"EntryPoint\",\"urlTemplate\":\"https:\/\/noticiasdefato.net\/?s={search_term_string}\"},\"query-input\":\"required name=search_term_string\"}],\"inLanguage\":\"pt-BR\"},{\"@type\":\"Organization\",\"@id\":\"https:\/\/noticiasdefato.net\/#organization\",\"name\":\"Not\u00edcias de Fato\",\"url\":\"https:\/\/noticiasdefato.net\/\",\"logo\":{\"@type\":\"ImageObject\",\"inLanguage\":\"pt-BR\",\"@id\":\"https:\/\/noticiasdefato.net\/#\/schema\/logo\/image\/\",\"url\":\"https:\/\/noticiasdefato.net\/wp-content\/uploads\/2024\/02\/cropped-logo_topo.png\",\"contentUrl\":\"https:\/\/noticiasdefato.net\/wp-content\/uploads\/2024\/02\/cropped-logo_topo.png\",\"width\":1948,\"height\":665,\"caption\":\"Not\u00edcias de Fato\"},\"image\":{\"@id\":\"https:\/\/noticiasdefato.net\/#\/schema\/logo\/image\/\"},\"sameAs\":[\"https:\/\/fb.com\/noticiasdefato.jornal\",\"https:\/\/x.com\/noticiasdefato_\",\"https:\/\/instagram.com\/noticiasdefato.jornal\",\"https:\/\/youtube.com\/@JornalNoticiasDeFato\"]},{\"@type\":\"Person\",\"@id\":\"https:\/\/noticiasdefato.net\/#\/schema\/person\/982ce60211d95acf059cd702aa260d08\",\"name\":\"Noticias de Fato\",\"image\":{\"@type\":\"ImageObject\",\"inLanguage\":\"pt-BR\",\"@id\":\"https:\/\/noticiasdefato.net\/#\/schema\/person\/image\/\",\"url\":\"https:\/\/secure.gravatar.com\/avatar\/700227fab2316f0366a1b5d4988d10f847249cf13293450527ac9553c994611a?s=96&d=mm&r=g\",\"contentUrl\":\"https:\/\/secure.gravatar.com\/avatar\/700227fab2316f0366a1b5d4988d10f847249cf13293450527ac9553c994611a?s=96&d=mm&r=g\",\"caption\":\"Noticias de Fato\"},\"sameAs\":[\"https:\/\/noticiasdefato.net\",\"http:\/\/fb.com\/\/noticiasdefato.jornal\",\"https:\/\/x.com\/https:\/\/twitter.com\/NoticiasDeFato_\"],\"url\":\"https:\/\/noticiasdefato.net\/?author=1\"}]}<\/script>\n<!-- \/ Yoast SEO plugin. -->","yoast_head_json":{"title":"CARMO DO RIO CLARO: JUSTI\u00c7A CONDENA CRIMINOSOS - Not\u00edcias de Fato","description":"Justi\u00e7a condena sete que roubavam em propriedades rurais e nas rodovias, na regi\u00e3o de Carmo do Rio Claro.","robots":{"index":"index","follow":"follow","max-snippet":"max-snippet:-1","max-image-preview":"max-image-preview:large","max-video-preview":"max-video-preview:-1"},"canonical":"https:\/\/noticiasdefato.net\/?p=2059","og_locale":"pt_BR","og_type":"article","og_title":"CARMO DO RIO CLARO: JUSTI\u00c7A CONDENA CRIMINOSOS - Not\u00edcias de Fato","og_description":"Justi\u00e7a condena sete que roubavam em propriedades rurais e nas rodovias, na regi\u00e3o de Carmo do Rio Claro.","og_url":"https:\/\/noticiasdefato.net\/?p=2059","og_site_name":"Not\u00edcias de Fato","article_publisher":"https:\/\/fb.com\/noticiasdefato.jornal","article_author":"http:\/\/fb.com\/\/noticiasdefato.jornal","article_published_time":"2024-10-23T15:50:39+00:00","article_modified_time":"2024-12-19T17:55:44+00:00","og_image":[{"width":600,"height":376,"url":"https:\/\/noticiasdefato.net\/wp-content\/uploads\/2024\/10\/Imagem-do-WhatsApp-de-2024-10-23-as-08.41.27_b07e6772.jpg","type":"image\/jpeg"}],"author":"Noticias de Fato","twitter_card":"summary_large_image","twitter_creator":"@https:\/\/twitter.com\/NoticiasDeFato_","twitter_site":"@noticiasdefato_","twitter_misc":{"Escrito por":"Noticias de Fato","Est. tempo de leitura":"3 minutos"},"schema":{"@context":"https:\/\/schema.org","@graph":[{"@type":"Article","@id":"https:\/\/noticiasdefato.net\/?p=2059#article","isPartOf":{"@id":"https:\/\/noticiasdefato.net\/?p=2059"},"author":{"name":"Noticias de Fato","@id":"https:\/\/noticiasdefato.net\/#\/schema\/person\/982ce60211d95acf059cd702aa260d08"},"headline":"CARMO DO RIO CLARO: JUSTI\u00c7A CONDENA CRIMINOSOS","datePublished":"2024-10-23T15:50:39+00:00","dateModified":"2024-12-19T17:55:44+00:00","mainEntityOfPage":{"@id":"https:\/\/noticiasdefato.net\/?p=2059"},"wordCount":406,"commentCount":0,"publisher":{"@id":"https:\/\/noticiasdefato.net\/#organization"},"image":{"@id":"https:\/\/noticiasdefato.net\/?p=2059#primaryimage"},"thumbnailUrl":"https:\/\/noticiasdefato.net\/wp-content\/uploads\/2024\/10\/Imagem-do-WhatsApp-de-2024-10-23-as-08.41.27_b07e6772.jpg","articleSection":["Policial"],"inLanguage":"pt-BR","potentialAction":[{"@type":"CommentAction","name":"Comment","target":["https:\/\/noticiasdefato.net\/?p=2059#respond"]}]},{"@type":"WebPage","@id":"https:\/\/noticiasdefato.net\/?p=2059","url":"https:\/\/noticiasdefato.net\/?p=2059","name":"CARMO DO RIO CLARO: JUSTI\u00c7A CONDENA CRIMINOSOS - Not\u00edcias de Fato","isPartOf":{"@id":"https:\/\/noticiasdefato.net\/#website"},"primaryImageOfPage":{"@id":"https:\/\/noticiasdefato.net\/?p=2059#primaryimage"},"image":{"@id":"https:\/\/noticiasdefato.net\/?p=2059#primaryimage"},"thumbnailUrl":"https:\/\/noticiasdefato.net\/wp-content\/uploads\/2024\/10\/Imagem-do-WhatsApp-de-2024-10-23-as-08.41.27_b07e6772.jpg","datePublished":"2024-10-23T15:50:39+00:00","dateModified":"2024-12-19T17:55:44+00:00","description":"Justi\u00e7a condena sete que roubavam em propriedades rurais e nas rodovias, na regi\u00e3o de Carmo do Rio Claro.","breadcrumb":{"@id":"https:\/\/noticiasdefato.net\/?p=2059#breadcrumb"},"inLanguage":"pt-BR","potentialAction":[{"@type":"ReadAction","target":["https:\/\/noticiasdefato.net\/?p=2059"]}]},{"@type":"ImageObject","inLanguage":"pt-BR","@id":"https:\/\/noticiasdefato.net\/?p=2059#primaryimage","url":"https:\/\/noticiasdefato.net\/wp-content\/uploads\/2024\/10\/Imagem-do-WhatsApp-de-2024-10-23-as-08.41.27_b07e6772.jpg","contentUrl":"https:\/\/noticiasdefato.net\/wp-content\/uploads\/2024\/10\/Imagem-do-WhatsApp-de-2024-10-23-as-08.41.27_b07e6772.jpg","width":600,"height":376},{"@type":"BreadcrumbList","@id":"https:\/\/noticiasdefato.net\/?p=2059#breadcrumb","itemListElement":[{"@type":"ListItem","position":1,"name":"In\u00edcio","item":"https:\/\/noticiasdefato.net\/"},{"@type":"ListItem","position":2,"name":"CARMO DO RIO CLARO: JUSTI\u00c7A CONDENA CRIMINOSOS"}]},{"@type":"WebSite","@id":"https:\/\/noticiasdefato.net\/#website","url":"https:\/\/noticiasdefato.net\/","name":"Not\u00edcias de Fato","description":"Trabalhamos com honestidade, seriedade e com a verdade.","publisher":{"@id":"https:\/\/noticiasdefato.net\/#organization"},"potentialAction":[{"@type":"SearchAction","target":{"@type":"EntryPoint","urlTemplate":"https:\/\/noticiasdefato.net\/?s={search_term_string}"},"query-input":"required name=search_term_string"}],"inLanguage":"pt-BR"},{"@type":"Organization","@id":"https:\/\/noticiasdefato.net\/#organization","name":"Not\u00edcias de Fato","url":"https:\/\/noticiasdefato.net\/","logo":{"@type":"ImageObject","inLanguage":"pt-BR","@id":"https:\/\/noticiasdefato.net\/#\/schema\/logo\/image\/","url":"https:\/\/noticiasdefato.net\/wp-content\/uploads\/2024\/02\/cropped-logo_topo.png","contentUrl":"https:\/\/noticiasdefato.net\/wp-content\/uploads\/2024\/02\/cropped-logo_topo.png","width":1948,"height":665,"caption":"Not\u00edcias de Fato"},"image":{"@id":"https:\/\/noticiasdefato.net\/#\/schema\/logo\/image\/"},"sameAs":["https:\/\/fb.com\/noticiasdefato.jornal","https:\/\/x.com\/noticiasdefato_","https:\/\/instagram.com\/noticiasdefato.jornal","https:\/\/youtube.com\/@JornalNoticiasDeFato"]},{"@type":"Person","@id":"https:\/\/noticiasdefato.net\/#\/schema\/person\/982ce60211d95acf059cd702aa260d08","name":"Noticias de Fato","image":{"@type":"ImageObject","inLanguage":"pt-BR","@id":"https:\/\/noticiasdefato.net\/#\/schema\/person\/image\/","url":"https:\/\/secure.gravatar.com\/avatar\/700227fab2316f0366a1b5d4988d10f847249cf13293450527ac9553c994611a?s=96&d=mm&r=g","contentUrl":"https:\/\/secure.gravatar.com\/avatar\/700227fab2316f0366a1b5d4988d10f847249cf13293450527ac9553c994611a?s=96&d=mm&r=g","caption":"Noticias de Fato"},"sameAs":["https:\/\/noticiasdefato.net","http:\/\/fb.com\/\/noticiasdefato.jornal","https:\/\/x.com\/https:\/\/twitter.com\/NoticiasDeFato_"],"url":"https:\/\/noticiasdefato.net\/?author=1"}]}},"_links":{"self":[{"href":"https:\/\/noticiasdefato.net\/index.php?rest_route=\/wp\/v2\/posts\/2059","targetHints":{"allow":["GET"]}}],"collection":[{"href":"https:\/\/noticiasdefato.net\/index.php?rest_route=\/wp\/v2\/posts"}],"about":[{"href":"https:\/\/noticiasdefato.net\/index.php?rest_route=\/wp\/v2\/types\/post"}],"author":[{"embeddable":true,"href":"https:\/\/noticiasdefato.net\/index.php?rest_route=\/wp\/v2\/users\/1"}],"replies":[{"embeddable":true,"href":"https:\/\/noticiasdefato.net\/index.php?rest_route=%2Fwp%2Fv2%2Fcomments&post=2059"}],"version-history":[{"count":1,"href":"https:\/\/noticiasdefato.net\/index.php?rest_route=\/wp\/v2\/posts\/2059\/revisions"}],"predecessor-version":[{"id":2061,"href":"https:\/\/noticiasdefato.net\/index.php?rest_route=\/wp\/v2\/posts\/2059\/revisions\/2061"}],"wp:featuredmedia":[{"embeddable":true,"href":"https:\/\/noticiasdefato.net\/index.php?rest_route=\/wp\/v2\/media\/2060"}],"wp:attachment":[{"href":"https:\/\/noticiasdefato.net\/index.php?rest_route=%2Fwp%2Fv2%2Fmedia&parent=2059"}],"wp:term":[{"taxonomy":"category","embeddable":true,"href":"https:\/\/noticiasdefato.net\/index.php?rest_route=%2Fwp%2Fv2%2Fcategories&post=2059"},{"taxonomy":"post_tag","embeddable":true,"href":"https:\/\/noticiasdefato.net\/index.php?rest_route=%2Fwp%2Fv2%2Ftags&post=2059"}],"curies":[{"name":"wp","href":"https:\/\/api.w.org\/{rel}","templated":true}]}}