{"id":2084,"date":"2024-10-29T09:19:07","date_gmt":"2024-10-29T12:19:07","guid":{"rendered":"https:\/\/noticiasdefato.net\/?p=2084"},"modified":"2024-12-19T14:55:56","modified_gmt":"2024-12-19T17:55:56","slug":"mei-tem-ate-dia-31-pra-regularizar-dividas","status":"publish","type":"post","link":"https:\/\/noticiasdefato.net\/?p=2084","title":{"rendered":"MEI TEM AT\u00c9 DIA 31 PRA REGULARIZAR D\u00cdVIDAS"},"content":{"rendered":"\n<p><em>Termina no pr\u00f3ximo dia 31 de outubro o prazo para microempreendedores individuais (MEI) regularizarem suas d\u00edvidas com o Simples Nacional. Quem n\u00e3o realizar os pagamentos ser\u00e1 exclu\u00eddo do regime especial, a partir de 1\u00ba de janeiro do pr\u00f3ximo ano.<\/em><\/p>\n\n\n\n<p>As micro e pequenas empresas e os microempreendedores individuais (MEI) que n\u00e3o regularizaram as d\u00edvidas com o Simples Nacional \u2013 regime tribut\u00e1rio especial para pequenos neg\u00f3cios \u2013 at\u00e9 o pr\u00f3ximo dia 31 ser\u00e3o exclu\u00eddas do regime. A exclus\u00e3o valer\u00e1 a partir de 1\u00ba de janeiro.<\/p>\n\n\n\n<p>O devedor pode pagar \u00e0 vista, abater parte da d\u00edvida com cr\u00e9ditos tribut\u00e1rios (recursos que a empresa tem direito a receber do Fisco) ou parcelar os d\u00e9bitos em at\u00e9 cinco anos com o pagamento de juros e multa. O parcelamento pode ser feito Portal do Simples Nacional ou no Centro Virtual de Atendimento da Receita (e-CAC), no servi\u00e7o \u201cParcelamento \u2013 Simples Nacional\u201d.<\/p>\n\n\n\n<p>O acesso ao Portal do Simples Nacional e ao e-CAC \u00e9 feito com certificado digital ou com conta no Portal Gov.br n\u00edvel prata ou ouro. A empresa ou o MEI que n\u00e3o concordar com a d\u00edvida e quiser contestar o Termo de Exclus\u00e3o dever\u00e1 dirigir a contesta\u00e7\u00e3o ao Delegado de Julgamento da Receita Federal, protocolada na internet, conforme orientado no site do \u00f3rg\u00e3o.<\/p>\n\n\n\n<p><strong>NOTIFICA\u00c7\u00d5ES<\/strong><\/p>\n\n\n\n<p>De 30 de setembro a 4 de outubro, a Receita notificou 1.121.419 MEI e 754.915 micro e pequenas empresas que deviam R$ 26,5 bilh\u00f5es ao Simples Nacional. Ap\u00f3s o conhecimento do termo, o contribuinte tem at\u00e9 30 dias para impugnar a notifica\u00e7\u00e3o ou quitar os d\u00e9bitos, sob pena de ser exclu\u00eddo do Simples.<br>Segundo a Receita Federal, as principais irregularidades s\u00e3o falta de documentos, excesso de faturamento, d\u00e9bitos tribut\u00e1rios, parcelamentos pendentes ou o exerc\u00edcio pela empresa de atividades n\u00e3o inclu\u00eddas no Simples Nacional.<\/p>\n\n\n\n<p>Periodicamente, a Receita verifica se as empresas est\u00e3o de acordo com as condi\u00e7\u00f5es de enquadramento no Simples Nacional. Quando o estabelecimento apresenta irregularidades, o \u00f3rg\u00e3o envia cartas com o aviso de exclus\u00e3o. O micro e pequeno empres\u00e1rio que ainda n\u00e3o regularizou as pend\u00eancias pode pedir orienta\u00e7\u00f5es ao Servi\u00e7o Brasileiro de Apoio \u00e0s Micro e Pequenas Empresas (Sebrae), para elaborar um plano de recupera\u00e7\u00e3o dos neg\u00f3cios.<\/p>\n\n\n\n<p><strong>Informa\u00e7\u00f5es:<\/strong> Ag\u00eancia Brasil<\/p>\n","protected":false},"excerpt":{"rendered":"<p>Termina no pr\u00f3ximo dia 31 de outubro o prazo para microempreendedores individuais (MEI) regularizarem suas d\u00edvidas com o Simples Nacional. <a href=\"https:\/\/noticiasdefato.net\/?p=2084\" class=\"more-link\">Continuar lendo <span class=\"screen-reader-text\">MEI TEM AT\u00c9 DIA 31 PRA REGULARIZAR D\u00cdVIDAS<\/span><\/a><\/p>\n","protected":false},"author":1,"featured_media":2085,"comment_status":"open","ping_status":"open","sticky":false,"template":"","format":"standard","meta":{"footnotes":""},"categories":[17],"tags":[],"class_list":["post-2084","post","type-post","status-publish","format-standard","has-post-thumbnail","hentry","category-economia"],"yoast_head":"<!-- This site is optimized with the Yoast SEO plugin v23.2 - https:\/\/yoast.com\/wordpress\/plugins\/seo\/ -->\n<title>MEI TEM AT\u00c9 DIA 31 PRA REGULARIZAR D\u00cdVIDAS - Not\u00edcias de Fato<\/title>\n<meta name=\"description\" content=\"Termina no pr\u00f3ximo dia 31 de outubro o prazo para microempreendedores individuais (MEI) regularizarem suas d\u00edvidas com o Simples Nacional.\" \/>\n<meta name=\"robots\" content=\"index, follow, max-snippet:-1, max-image-preview:large, max-video-preview:-1\" \/>\n<link rel=\"canonical\" href=\"https:\/\/noticiasdefato.net\/?p=2084\" \/>\n<meta property=\"og:locale\" content=\"pt_BR\" \/>\n<meta property=\"og:type\" content=\"article\" \/>\n<meta property=\"og:title\" content=\"MEI TEM AT\u00c9 DIA 31 PRA REGULARIZAR D\u00cdVIDAS - Not\u00edcias de Fato\" \/>\n<meta property=\"og:description\" content=\"Termina no pr\u00f3ximo dia 31 de outubro o prazo para microempreendedores individuais (MEI) regularizarem suas d\u00edvidas com o Simples Nacional.\" \/>\n<meta property=\"og:url\" content=\"https:\/\/noticiasdefato.net\/?p=2084\" \/>\n<meta property=\"og:site_name\" content=\"Not\u00edcias de Fato\" \/>\n<meta property=\"article:publisher\" content=\"https:\/\/fb.com\/noticiasdefato.jornal\" \/>\n<meta property=\"article:author\" content=\"http:\/\/fb.com\/\/noticiasdefato.jornal\" \/>\n<meta property=\"article:published_time\" content=\"2024-10-29T12:19:07+00:00\" \/>\n<meta property=\"article:modified_time\" content=\"2024-12-19T17:55:56+00:00\" \/>\n<meta property=\"og:image\" content=\"https:\/\/noticiasdefato.net\/wp-content\/uploads\/2024\/10\/Imagem-do-WhatsApp-de-2024-10-28-as-23.15.50_b6b615a7.jpg\" \/>\n\t<meta property=\"og:image:width\" content=\"1170\" \/>\n\t<meta property=\"og:image:height\" content=\"700\" \/>\n\t<meta property=\"og:image:type\" content=\"image\/jpeg\" \/>\n<meta name=\"author\" content=\"Noticias de Fato\" \/>\n<meta name=\"twitter:card\" content=\"summary_large_image\" \/>\n<meta name=\"twitter:creator\" content=\"@https:\/\/twitter.com\/NoticiasDeFato_\" \/>\n<meta name=\"twitter:site\" content=\"@noticiasdefato_\" \/>\n<meta name=\"twitter:label1\" content=\"Escrito por\" \/>\n\t<meta name=\"twitter:data1\" content=\"Noticias de Fato\" \/>\n\t<meta name=\"twitter:label2\" content=\"Est. tempo de leitura\" \/>\n\t<meta name=\"twitter:data2\" content=\"3 minutos\" \/>\n<script type=\"application\/ld+json\" class=\"yoast-schema-graph\">{\"@context\":\"https:\/\/schema.org\",\"@graph\":[{\"@type\":\"Article\",\"@id\":\"https:\/\/noticiasdefato.net\/?p=2084#article\",\"isPartOf\":{\"@id\":\"https:\/\/noticiasdefato.net\/?p=2084\"},\"author\":{\"name\":\"Noticias de Fato\",\"@id\":\"https:\/\/noticiasdefato.net\/#\/schema\/person\/982ce60211d95acf059cd702aa260d08\"},\"headline\":\"MEI TEM AT\u00c9 DIA 31 PRA REGULARIZAR D\u00cdVIDAS\",\"datePublished\":\"2024-10-29T12:19:07+00:00\",\"dateModified\":\"2024-12-19T17:55:56+00:00\",\"mainEntityOfPage\":{\"@id\":\"https:\/\/noticiasdefato.net\/?p=2084\"},\"wordCount\":404,\"commentCount\":0,\"publisher\":{\"@id\":\"https:\/\/noticiasdefato.net\/#organization\"},\"image\":{\"@id\":\"https:\/\/noticiasdefato.net\/?p=2084#primaryimage\"},\"thumbnailUrl\":\"https:\/\/noticiasdefato.net\/wp-content\/uploads\/2024\/10\/Imagem-do-WhatsApp-de-2024-10-28-as-23.15.50_b6b615a7.jpg\",\"articleSection\":[\"Economia\"],\"inLanguage\":\"pt-BR\",\"potentialAction\":[{\"@type\":\"CommentAction\",\"name\":\"Comment\",\"target\":[\"https:\/\/noticiasdefato.net\/?p=2084#respond\"]}]},{\"@type\":\"WebPage\",\"@id\":\"https:\/\/noticiasdefato.net\/?p=2084\",\"url\":\"https:\/\/noticiasdefato.net\/?p=2084\",\"name\":\"MEI TEM AT\u00c9 DIA 31 PRA REGULARIZAR D\u00cdVIDAS - Not\u00edcias de Fato\",\"isPartOf\":{\"@id\":\"https:\/\/noticiasdefato.net\/#website\"},\"primaryImageOfPage\":{\"@id\":\"https:\/\/noticiasdefato.net\/?p=2084#primaryimage\"},\"image\":{\"@id\":\"https:\/\/noticiasdefato.net\/?p=2084#primaryimage\"},\"thumbnailUrl\":\"https:\/\/noticiasdefato.net\/wp-content\/uploads\/2024\/10\/Imagem-do-WhatsApp-de-2024-10-28-as-23.15.50_b6b615a7.jpg\",\"datePublished\":\"2024-10-29T12:19:07+00:00\",\"dateModified\":\"2024-12-19T17:55:56+00:00\",\"description\":\"Termina no pr\u00f3ximo dia 31 de outubro o prazo para microempreendedores individuais (MEI) regularizarem suas d\u00edvidas com o Simples Nacional.\",\"breadcrumb\":{\"@id\":\"https:\/\/noticiasdefato.net\/?p=2084#breadcrumb\"},\"inLanguage\":\"pt-BR\",\"potentialAction\":[{\"@type\":\"ReadAction\",\"target\":[\"https:\/\/noticiasdefato.net\/?p=2084\"]}]},{\"@type\":\"ImageObject\",\"inLanguage\":\"pt-BR\",\"@id\":\"https:\/\/noticiasdefato.net\/?p=2084#primaryimage\",\"url\":\"https:\/\/noticiasdefato.net\/wp-content\/uploads\/2024\/10\/Imagem-do-WhatsApp-de-2024-10-28-as-23.15.50_b6b615a7.jpg\",\"contentUrl\":\"https:\/\/noticiasdefato.net\/wp-content\/uploads\/2024\/10\/Imagem-do-WhatsApp-de-2024-10-28-as-23.15.50_b6b615a7.jpg\",\"width\":1170,\"height\":700},{\"@type\":\"BreadcrumbList\",\"@id\":\"https:\/\/noticiasdefato.net\/?p=2084#breadcrumb\",\"itemListElement\":[{\"@type\":\"ListItem\",\"position\":1,\"name\":\"In\u00edcio\",\"item\":\"https:\/\/noticiasdefato.net\/\"},{\"@type\":\"ListItem\",\"position\":2,\"name\":\"MEI TEM AT\u00c9 DIA 31 PRA REGULARIZAR D\u00cdVIDAS\"}]},{\"@type\":\"WebSite\",\"@id\":\"https:\/\/noticiasdefato.net\/#website\",\"url\":\"https:\/\/noticiasdefato.net\/\",\"name\":\"Not\u00edcias de Fato\",\"description\":\"Trabalhamos com honestidade, seriedade e com a verdade.\",\"publisher\":{\"@id\":\"https:\/\/noticiasdefato.net\/#organization\"},\"potentialAction\":[{\"@type\":\"SearchAction\",\"target\":{\"@type\":\"EntryPoint\",\"urlTemplate\":\"https:\/\/noticiasdefato.net\/?s={search_term_string}\"},\"query-input\":\"required name=search_term_string\"}],\"inLanguage\":\"pt-BR\"},{\"@type\":\"Organization\",\"@id\":\"https:\/\/noticiasdefato.net\/#organization\",\"name\":\"Not\u00edcias de Fato\",\"url\":\"https:\/\/noticiasdefato.net\/\",\"logo\":{\"@type\":\"ImageObject\",\"inLanguage\":\"pt-BR\",\"@id\":\"https:\/\/noticiasdefato.net\/#\/schema\/logo\/image\/\",\"url\":\"https:\/\/noticiasdefato.net\/wp-content\/uploads\/2024\/02\/cropped-logo_topo.png\",\"contentUrl\":\"https:\/\/noticiasdefato.net\/wp-content\/uploads\/2024\/02\/cropped-logo_topo.png\",\"width\":1948,\"height\":665,\"caption\":\"Not\u00edcias de Fato\"},\"image\":{\"@id\":\"https:\/\/noticiasdefato.net\/#\/schema\/logo\/image\/\"},\"sameAs\":[\"https:\/\/fb.com\/noticiasdefato.jornal\",\"https:\/\/x.com\/noticiasdefato_\",\"https:\/\/instagram.com\/noticiasdefato.jornal\",\"https:\/\/youtube.com\/@JornalNoticiasDeFato\"]},{\"@type\":\"Person\",\"@id\":\"https:\/\/noticiasdefato.net\/#\/schema\/person\/982ce60211d95acf059cd702aa260d08\",\"name\":\"Noticias de Fato\",\"image\":{\"@type\":\"ImageObject\",\"inLanguage\":\"pt-BR\",\"@id\":\"https:\/\/noticiasdefato.net\/#\/schema\/person\/image\/\",\"url\":\"https:\/\/secure.gravatar.com\/avatar\/700227fab2316f0366a1b5d4988d10f847249cf13293450527ac9553c994611a?s=96&d=mm&r=g\",\"contentUrl\":\"https:\/\/secure.gravatar.com\/avatar\/700227fab2316f0366a1b5d4988d10f847249cf13293450527ac9553c994611a?s=96&d=mm&r=g\",\"caption\":\"Noticias de Fato\"},\"sameAs\":[\"https:\/\/noticiasdefato.net\",\"http:\/\/fb.com\/\/noticiasdefato.jornal\",\"https:\/\/x.com\/https:\/\/twitter.com\/NoticiasDeFato_\"],\"url\":\"https:\/\/noticiasdefato.net\/?author=1\"}]}<\/script>\n<!-- \/ Yoast SEO plugin. -->","yoast_head_json":{"title":"MEI TEM AT\u00c9 DIA 31 PRA REGULARIZAR D\u00cdVIDAS - Not\u00edcias de Fato","description":"Termina no pr\u00f3ximo dia 31 de outubro o prazo para microempreendedores individuais (MEI) regularizarem suas d\u00edvidas com o Simples Nacional.","robots":{"index":"index","follow":"follow","max-snippet":"max-snippet:-1","max-image-preview":"max-image-preview:large","max-video-preview":"max-video-preview:-1"},"canonical":"https:\/\/noticiasdefato.net\/?p=2084","og_locale":"pt_BR","og_type":"article","og_title":"MEI TEM AT\u00c9 DIA 31 PRA REGULARIZAR D\u00cdVIDAS - Not\u00edcias de Fato","og_description":"Termina no pr\u00f3ximo dia 31 de outubro o prazo para microempreendedores individuais (MEI) regularizarem suas d\u00edvidas com o Simples Nacional.","og_url":"https:\/\/noticiasdefato.net\/?p=2084","og_site_name":"Not\u00edcias de Fato","article_publisher":"https:\/\/fb.com\/noticiasdefato.jornal","article_author":"http:\/\/fb.com\/\/noticiasdefato.jornal","article_published_time":"2024-10-29T12:19:07+00:00","article_modified_time":"2024-12-19T17:55:56+00:00","og_image":[{"width":1170,"height":700,"url":"https:\/\/noticiasdefato.net\/wp-content\/uploads\/2024\/10\/Imagem-do-WhatsApp-de-2024-10-28-as-23.15.50_b6b615a7.jpg","type":"image\/jpeg"}],"author":"Noticias de Fato","twitter_card":"summary_large_image","twitter_creator":"@https:\/\/twitter.com\/NoticiasDeFato_","twitter_site":"@noticiasdefato_","twitter_misc":{"Escrito por":"Noticias de Fato","Est. tempo de leitura":"3 minutos"},"schema":{"@context":"https:\/\/schema.org","@graph":[{"@type":"Article","@id":"https:\/\/noticiasdefato.net\/?p=2084#article","isPartOf":{"@id":"https:\/\/noticiasdefato.net\/?p=2084"},"author":{"name":"Noticias de Fato","@id":"https:\/\/noticiasdefato.net\/#\/schema\/person\/982ce60211d95acf059cd702aa260d08"},"headline":"MEI TEM AT\u00c9 DIA 31 PRA REGULARIZAR D\u00cdVIDAS","datePublished":"2024-10-29T12:19:07+00:00","dateModified":"2024-12-19T17:55:56+00:00","mainEntityOfPage":{"@id":"https:\/\/noticiasdefato.net\/?p=2084"},"wordCount":404,"commentCount":0,"publisher":{"@id":"https:\/\/noticiasdefato.net\/#organization"},"image":{"@id":"https:\/\/noticiasdefato.net\/?p=2084#primaryimage"},"thumbnailUrl":"https:\/\/noticiasdefato.net\/wp-content\/uploads\/2024\/10\/Imagem-do-WhatsApp-de-2024-10-28-as-23.15.50_b6b615a7.jpg","articleSection":["Economia"],"inLanguage":"pt-BR","potentialAction":[{"@type":"CommentAction","name":"Comment","target":["https:\/\/noticiasdefato.net\/?p=2084#respond"]}]},{"@type":"WebPage","@id":"https:\/\/noticiasdefato.net\/?p=2084","url":"https:\/\/noticiasdefato.net\/?p=2084","name":"MEI TEM AT\u00c9 DIA 31 PRA REGULARIZAR D\u00cdVIDAS - Not\u00edcias de Fato","isPartOf":{"@id":"https:\/\/noticiasdefato.net\/#website"},"primaryImageOfPage":{"@id":"https:\/\/noticiasdefato.net\/?p=2084#primaryimage"},"image":{"@id":"https:\/\/noticiasdefato.net\/?p=2084#primaryimage"},"thumbnailUrl":"https:\/\/noticiasdefato.net\/wp-content\/uploads\/2024\/10\/Imagem-do-WhatsApp-de-2024-10-28-as-23.15.50_b6b615a7.jpg","datePublished":"2024-10-29T12:19:07+00:00","dateModified":"2024-12-19T17:55:56+00:00","description":"Termina no pr\u00f3ximo dia 31 de outubro o prazo para microempreendedores individuais (MEI) regularizarem suas d\u00edvidas com o Simples Nacional.","breadcrumb":{"@id":"https:\/\/noticiasdefato.net\/?p=2084#breadcrumb"},"inLanguage":"pt-BR","potentialAction":[{"@type":"ReadAction","target":["https:\/\/noticiasdefato.net\/?p=2084"]}]},{"@type":"ImageObject","inLanguage":"pt-BR","@id":"https:\/\/noticiasdefato.net\/?p=2084#primaryimage","url":"https:\/\/noticiasdefato.net\/wp-content\/uploads\/2024\/10\/Imagem-do-WhatsApp-de-2024-10-28-as-23.15.50_b6b615a7.jpg","contentUrl":"https:\/\/noticiasdefato.net\/wp-content\/uploads\/2024\/10\/Imagem-do-WhatsApp-de-2024-10-28-as-23.15.50_b6b615a7.jpg","width":1170,"height":700},{"@type":"BreadcrumbList","@id":"https:\/\/noticiasdefato.net\/?p=2084#breadcrumb","itemListElement":[{"@type":"ListItem","position":1,"name":"In\u00edcio","item":"https:\/\/noticiasdefato.net\/"},{"@type":"ListItem","position":2,"name":"MEI TEM AT\u00c9 DIA 31 PRA REGULARIZAR D\u00cdVIDAS"}]},{"@type":"WebSite","@id":"https:\/\/noticiasdefato.net\/#website","url":"https:\/\/noticiasdefato.net\/","name":"Not\u00edcias de Fato","description":"Trabalhamos com honestidade, seriedade e com a verdade.","publisher":{"@id":"https:\/\/noticiasdefato.net\/#organization"},"potentialAction":[{"@type":"SearchAction","target":{"@type":"EntryPoint","urlTemplate":"https:\/\/noticiasdefato.net\/?s={search_term_string}"},"query-input":"required name=search_term_string"}],"inLanguage":"pt-BR"},{"@type":"Organization","@id":"https:\/\/noticiasdefato.net\/#organization","name":"Not\u00edcias de Fato","url":"https:\/\/noticiasdefato.net\/","logo":{"@type":"ImageObject","inLanguage":"pt-BR","@id":"https:\/\/noticiasdefato.net\/#\/schema\/logo\/image\/","url":"https:\/\/noticiasdefato.net\/wp-content\/uploads\/2024\/02\/cropped-logo_topo.png","contentUrl":"https:\/\/noticiasdefato.net\/wp-content\/uploads\/2024\/02\/cropped-logo_topo.png","width":1948,"height":665,"caption":"Not\u00edcias de Fato"},"image":{"@id":"https:\/\/noticiasdefato.net\/#\/schema\/logo\/image\/"},"sameAs":["https:\/\/fb.com\/noticiasdefato.jornal","https:\/\/x.com\/noticiasdefato_","https:\/\/instagram.com\/noticiasdefato.jornal","https:\/\/youtube.com\/@JornalNoticiasDeFato"]},{"@type":"Person","@id":"https:\/\/noticiasdefato.net\/#\/schema\/person\/982ce60211d95acf059cd702aa260d08","name":"Noticias de Fato","image":{"@type":"ImageObject","inLanguage":"pt-BR","@id":"https:\/\/noticiasdefato.net\/#\/schema\/person\/image\/","url":"https:\/\/secure.gravatar.com\/avatar\/700227fab2316f0366a1b5d4988d10f847249cf13293450527ac9553c994611a?s=96&d=mm&r=g","contentUrl":"https:\/\/secure.gravatar.com\/avatar\/700227fab2316f0366a1b5d4988d10f847249cf13293450527ac9553c994611a?s=96&d=mm&r=g","caption":"Noticias de Fato"},"sameAs":["https:\/\/noticiasdefato.net","http:\/\/fb.com\/\/noticiasdefato.jornal","https:\/\/x.com\/https:\/\/twitter.com\/NoticiasDeFato_"],"url":"https:\/\/noticiasdefato.net\/?author=1"}]}},"_links":{"self":[{"href":"https:\/\/noticiasdefato.net\/index.php?rest_route=\/wp\/v2\/posts\/2084","targetHints":{"allow":["GET"]}}],"collection":[{"href":"https:\/\/noticiasdefato.net\/index.php?rest_route=\/wp\/v2\/posts"}],"about":[{"href":"https:\/\/noticiasdefato.net\/index.php?rest_route=\/wp\/v2\/types\/post"}],"author":[{"embeddable":true,"href":"https:\/\/noticiasdefato.net\/index.php?rest_route=\/wp\/v2\/users\/1"}],"replies":[{"embeddable":true,"href":"https:\/\/noticiasdefato.net\/index.php?rest_route=%2Fwp%2Fv2%2Fcomments&post=2084"}],"version-history":[{"count":1,"href":"https:\/\/noticiasdefato.net\/index.php?rest_route=\/wp\/v2\/posts\/2084\/revisions"}],"predecessor-version":[{"id":2086,"href":"https:\/\/noticiasdefato.net\/index.php?rest_route=\/wp\/v2\/posts\/2084\/revisions\/2086"}],"wp:featuredmedia":[{"embeddable":true,"href":"https:\/\/noticiasdefato.net\/index.php?rest_route=\/wp\/v2\/media\/2085"}],"wp:attachment":[{"href":"https:\/\/noticiasdefato.net\/index.php?rest_route=%2Fwp%2Fv2%2Fmedia&parent=2084"}],"wp:term":[{"taxonomy":"category","embeddable":true,"href":"https:\/\/noticiasdefato.net\/index.php?rest_route=%2Fwp%2Fv2%2Fcategories&post=2084"},{"taxonomy":"post_tag","embeddable":true,"href":"https:\/\/noticiasdefato.net\/index.php?rest_route=%2Fwp%2Fv2%2Ftags&post=2084"}],"curies":[{"name":"wp","href":"https:\/\/api.w.org\/{rel}","templated":true}]}}