{"id":2087,"date":"2024-10-29T13:07:50","date_gmt":"2024-10-29T16:07:50","guid":{"rendered":"https:\/\/noticiasdefato.net\/?p=2087"},"modified":"2024-12-19T14:56:00","modified_gmt":"2024-12-19T17:56:00","slug":"alfenas-falta-atendimento-para-autistas","status":"publish","type":"post","link":"https:\/\/noticiasdefato.net\/?p=2087","title":{"rendered":"ALFENAS: &#8220;FALTA ATENDIMENTO PARA AUTISTAS&#8221;"},"content":{"rendered":"\n<p><em>Prefeitura demitiu especialistas que atuavam no CMA &#8211; Centro Municipal do Autismo e n\u00e3o avisou as fam\u00edlias. Depois de in\u00fameras reclama\u00e7\u00f5es, prefeito&nbsp;voltou&nbsp;atr\u00e1s.<\/em><\/p>\n\n\n\n<p>Prefeitura demitiu especialistas que atuavam no CMA &#8211; Centro Municipal do Autismo e n\u00e3o avisou as fam\u00edlias. Depois de in\u00fameras reclama\u00e7\u00f5es, prefeito voltou atr\u00e1s e os centros voltam a funcionar aos poucos.<\/p>\n\n\n\n<p>Sem especialistas dispon\u00edveis na rede p\u00fablica de sa\u00fade, fam\u00edlias dos autistas n\u00e3o t\u00eam conseguido prosseguir com o tratamento em Alfenas.<\/p>\n\n\n\n<p>Pessoas diagnosticadas com Transtorno do Espectro Autista (TEA) t\u00eam enfrentado dificuldades para manter os tratamentos na rede p\u00fablica de sa\u00fade de Alfenas. O assunto veio \u00e0 tona quando uma m\u00e3e, Lidyane Ribeiro, fez um v\u00eddeo cobrando respeito nos servi\u00e7os para autistas, uma vez que o programa foi interrompido sem aviso aos familiares dos portadores de TEA.<\/p>\n\n\n\n<figure class=\"wp-block-embed is-type-video is-provider-youtube wp-block-embed-youtube wp-embed-aspect-16-9 wp-has-aspect-ratio\"><div class=\"wp-block-embed__wrapper\">\n<iframe title=\"ALFENAS: &quot;FALTA ATENDIMENTO PARA AUTISTAS&quot;\" width=\"720\" height=\"405\" src=\"https:\/\/www.youtube.com\/embed\/p4GFHB1QzRw?feature=oembed\" frameborder=\"0\" allow=\"accelerometer; autoplay; clipboard-write; encrypted-media; gyroscope; picture-in-picture; web-share\" referrerpolicy=\"strict-origin-when-cross-origin\" allowfullscreen><\/iframe>\n<\/div><\/figure>\n\n\n\n<p>O v\u00eddeo circulou no in\u00edcio da semana e ela exp\u00f4s o descaso em rela\u00e7\u00e3o ao atendimento, aos rem\u00e9dios, ao acolhimento e \u00e0 falta de tratamento com especialistas: como m\u00e9dicos e psic\u00f3logos, que foram dispensados, assim que terminou o processo eleitoral.<\/p>\n\n\n\n<p>As fam\u00edlias que dependem dos Centros de Atendimento afirmam que a interrup\u00e7\u00e3o dos atendimentos prejudica a manuten\u00e7\u00e3o dos tratamentos e isso impacta negativamente nas fam\u00edlias. \u201cA nossa indigna\u00e7\u00e3o \u00e9 a irresponsabilidade do gestor de ter causado todo este transtorno (\u2026). Muitos usam a causa autista pra se autopromover na pol\u00edtica, falam coisas positivas mas de fato n\u00e3o \u00e9 isso que acontece\u201d, clamou a m\u00e3e.<\/p>\n\n\n\n<p>Al\u00e9m da falta de m\u00e9dicos, segundo ela, o munic\u00edpio oferece apenas uma terapeuta ocupacional para atender a todos os autistas do munic\u00edpio.<\/p>\n\n\n\n<p><strong>BATEU NA C\u00c2MARA<\/strong><\/p>\n\n\n\n<p>Durante a reuni\u00e3o de segunda-feira, 28, o vereador, M\u00e1rcio Dunga (Uni\u00e3o) tamb\u00e9m mexeu nesta ferida e cobrou o prefeito para que aplique emendas impositivas de sua autoria para a causa dos autistas.<\/p>\n\n\n\n<p>Ele confirmou que profissionais foram dispensados, sem aviso pr\u00e9vio aos familiares, e cobrou que suas emendas sejam aplicadas para: aquisi\u00e7\u00e3o de equipamentos para as cozinhas especializadas das unidades; para a implanta\u00e7\u00e3o da sala de psicomotricidade e para aquisi\u00e7\u00e3o de um ve\u00edculo e para a compra de celulares.<\/p>\n\n\n\n<p>Segundo ele, o prefeito tem at\u00e9 o m\u00eas de dezembro para cumprir estas emendas.<\/p>\n\n\n\n<p>J\u00e1 a vereadora da base governista, K\u00e1tia Goyat\u00e1 (PDT), acusou os coordenadores do programa pela interrup\u00e7\u00e3o do programa. Ela afirmou em plen\u00e1rio que os problemas do programa j\u00e1 existiam antes dos cortes e que, na sua opini\u00e3o, \u201ca coordena\u00e7\u00e3o do CMA \u00e9 que deveria ter feito o planejamento (\u2026) j\u00e1 que o prefeito n\u00e3o tem condi\u00e7\u00f5es de avaliar quem pode ser cortado.\u201d<\/p>\n\n\n\n<p>O primeiro Centro Municipal do Autista de Alfenas, foi inaugurado em 2021 na Vila Betania, anexo ao PSF do bairro. Mas em 2022, o n\u00facleo do CMA passou a funcionar na Governador Valadares N\u00ba1262, onde antes funcionava a secretaria de educa\u00e7\u00e3o, e este espa\u00e7o foi inaugurado no dia 15 de mar\u00e7o de 2022.<\/p>\n\n\n\n<p>Segundo o vereador M\u00e1rcio Dunga, existem outras 4 unidades dedicadas ao apoio dos autistas na cidade, nos bairros: Vista Grande, Nova Am\u00e9rica, Vila Formosa e Jardim Alvorada.<\/p>\n","protected":false},"excerpt":{"rendered":"<p>Prefeitura demitiu especialistas que atuavam no CMA &#8211; Centro Municipal do Autismo e n\u00e3o avisou as fam\u00edlias. Depois de in\u00fameras reclama\u00e7\u00f5es, prefeito\u00a0voltou\u00a0atr\u00e1s. <a href=\"https:\/\/noticiasdefato.net\/?p=2087\" class=\"more-link\">Continuar lendo <span class=\"screen-reader-text\">ALFENAS: &#8220;FALTA ATENDIMENTO PARA AUTISTAS&#8221;<\/span><\/a><\/p>\n","protected":false},"author":1,"featured_media":2088,"comment_status":"open","ping_status":"open","sticky":false,"template":"","format":"standard","meta":{"footnotes":""},"categories":[19],"tags":[],"class_list":["post-2087","post","type-post","status-publish","format-standard","has-post-thumbnail","hentry","category-saude"],"yoast_head":"<!-- This site is optimized with the Yoast SEO plugin v23.2 - https:\/\/yoast.com\/wordpress\/plugins\/seo\/ -->\n<title>ALFENAS: &quot;FALTA ATENDIMENTO PARA AUTISTAS&quot; - Not\u00edcias de Fato<\/title>\n<meta name=\"description\" content=\"Prefeitura demitiu especialistas que atuavam no CMA - Centro Municipal do Autismo e n\u00e3o avisou as fam\u00edlias. Depois de in\u00fameras reclama\u00e7\u00f5es, prefeito\u00a0voltou\u00a0atr\u00e1s.\" \/>\n<meta name=\"robots\" content=\"index, follow, max-snippet:-1, max-image-preview:large, max-video-preview:-1\" \/>\n<link rel=\"canonical\" href=\"https:\/\/noticiasdefato.net\/?p=2087\" \/>\n<meta property=\"og:locale\" content=\"pt_BR\" \/>\n<meta property=\"og:type\" content=\"article\" \/>\n<meta property=\"og:title\" content=\"ALFENAS: &quot;FALTA ATENDIMENTO PARA AUTISTAS&quot; - Not\u00edcias de Fato\" \/>\n<meta property=\"og:description\" content=\"Prefeitura demitiu especialistas que atuavam no CMA - Centro Municipal do Autismo e n\u00e3o avisou as fam\u00edlias. Depois de in\u00fameras reclama\u00e7\u00f5es, prefeito\u00a0voltou\u00a0atr\u00e1s.\" \/>\n<meta property=\"og:url\" content=\"https:\/\/noticiasdefato.net\/?p=2087\" \/>\n<meta property=\"og:site_name\" content=\"Not\u00edcias de Fato\" \/>\n<meta property=\"article:publisher\" content=\"https:\/\/fb.com\/noticiasdefato.jornal\" \/>\n<meta property=\"article:author\" content=\"http:\/\/fb.com\/\/noticiasdefato.jornal\" \/>\n<meta property=\"article:published_time\" content=\"2024-10-29T16:07:50+00:00\" \/>\n<meta property=\"article:modified_time\" content=\"2024-12-19T17:56:00+00:00\" \/>\n<meta property=\"og:image\" content=\"https:\/\/noticiasdefato.net\/wp-content\/uploads\/2024\/10\/Imagem-do-WhatsApp-de-2024-10-29-as-11.59.58_82c34019.jpg\" \/>\n\t<meta property=\"og:image:width\" content=\"1600\" \/>\n\t<meta property=\"og:image:height\" content=\"738\" \/>\n\t<meta property=\"og:image:type\" content=\"image\/jpeg\" \/>\n<meta name=\"author\" content=\"Noticias de Fato\" \/>\n<meta name=\"twitter:card\" content=\"summary_large_image\" \/>\n<meta name=\"twitter:creator\" content=\"@https:\/\/twitter.com\/NoticiasDeFato_\" \/>\n<meta name=\"twitter:site\" content=\"@noticiasdefato_\" \/>\n<meta name=\"twitter:label1\" content=\"Escrito por\" \/>\n\t<meta name=\"twitter:data1\" content=\"Noticias de Fato\" \/>\n\t<meta name=\"twitter:label2\" content=\"Est. tempo de leitura\" \/>\n\t<meta name=\"twitter:data2\" content=\"3 minutos\" \/>\n<script type=\"application\/ld+json\" class=\"yoast-schema-graph\">{\"@context\":\"https:\/\/schema.org\",\"@graph\":[{\"@type\":\"Article\",\"@id\":\"https:\/\/noticiasdefato.net\/?p=2087#article\",\"isPartOf\":{\"@id\":\"https:\/\/noticiasdefato.net\/?p=2087\"},\"author\":{\"name\":\"Noticias de Fato\",\"@id\":\"https:\/\/noticiasdefato.net\/#\/schema\/person\/982ce60211d95acf059cd702aa260d08\"},\"headline\":\"ALFENAS: &#8220;FALTA ATENDIMENTO PARA AUTISTAS&#8221;\",\"datePublished\":\"2024-10-29T16:07:50+00:00\",\"dateModified\":\"2024-12-19T17:56:00+00:00\",\"mainEntityOfPage\":{\"@id\":\"https:\/\/noticiasdefato.net\/?p=2087\"},\"wordCount\":561,\"commentCount\":0,\"publisher\":{\"@id\":\"https:\/\/noticiasdefato.net\/#organization\"},\"image\":{\"@id\":\"https:\/\/noticiasdefato.net\/?p=2087#primaryimage\"},\"thumbnailUrl\":\"https:\/\/noticiasdefato.net\/wp-content\/uploads\/2024\/10\/Imagem-do-WhatsApp-de-2024-10-29-as-11.59.58_82c34019.jpg\",\"articleSection\":[\"Sa\u00fade\"],\"inLanguage\":\"pt-BR\",\"potentialAction\":[{\"@type\":\"CommentAction\",\"name\":\"Comment\",\"target\":[\"https:\/\/noticiasdefato.net\/?p=2087#respond\"]}]},{\"@type\":\"WebPage\",\"@id\":\"https:\/\/noticiasdefato.net\/?p=2087\",\"url\":\"https:\/\/noticiasdefato.net\/?p=2087\",\"name\":\"ALFENAS: \\\"FALTA ATENDIMENTO PARA AUTISTAS\\\" - Not\u00edcias de Fato\",\"isPartOf\":{\"@id\":\"https:\/\/noticiasdefato.net\/#website\"},\"primaryImageOfPage\":{\"@id\":\"https:\/\/noticiasdefato.net\/?p=2087#primaryimage\"},\"image\":{\"@id\":\"https:\/\/noticiasdefato.net\/?p=2087#primaryimage\"},\"thumbnailUrl\":\"https:\/\/noticiasdefato.net\/wp-content\/uploads\/2024\/10\/Imagem-do-WhatsApp-de-2024-10-29-as-11.59.58_82c34019.jpg\",\"datePublished\":\"2024-10-29T16:07:50+00:00\",\"dateModified\":\"2024-12-19T17:56:00+00:00\",\"description\":\"Prefeitura demitiu especialistas que atuavam no CMA - Centro Municipal do Autismo e n\u00e3o avisou as fam\u00edlias. Depois de in\u00fameras reclama\u00e7\u00f5es, prefeito\u00a0voltou\u00a0atr\u00e1s.\",\"breadcrumb\":{\"@id\":\"https:\/\/noticiasdefato.net\/?p=2087#breadcrumb\"},\"inLanguage\":\"pt-BR\",\"potentialAction\":[{\"@type\":\"ReadAction\",\"target\":[\"https:\/\/noticiasdefato.net\/?p=2087\"]}]},{\"@type\":\"ImageObject\",\"inLanguage\":\"pt-BR\",\"@id\":\"https:\/\/noticiasdefato.net\/?p=2087#primaryimage\",\"url\":\"https:\/\/noticiasdefato.net\/wp-content\/uploads\/2024\/10\/Imagem-do-WhatsApp-de-2024-10-29-as-11.59.58_82c34019.jpg\",\"contentUrl\":\"https:\/\/noticiasdefato.net\/wp-content\/uploads\/2024\/10\/Imagem-do-WhatsApp-de-2024-10-29-as-11.59.58_82c34019.jpg\",\"width\":1600,\"height\":738},{\"@type\":\"BreadcrumbList\",\"@id\":\"https:\/\/noticiasdefato.net\/?p=2087#breadcrumb\",\"itemListElement\":[{\"@type\":\"ListItem\",\"position\":1,\"name\":\"In\u00edcio\",\"item\":\"https:\/\/noticiasdefato.net\/\"},{\"@type\":\"ListItem\",\"position\":2,\"name\":\"ALFENAS: &#8220;FALTA ATENDIMENTO PARA AUTISTAS&#8221;\"}]},{\"@type\":\"WebSite\",\"@id\":\"https:\/\/noticiasdefato.net\/#website\",\"url\":\"https:\/\/noticiasdefato.net\/\",\"name\":\"Not\u00edcias de Fato\",\"description\":\"Trabalhamos com honestidade, seriedade e com a verdade.\",\"publisher\":{\"@id\":\"https:\/\/noticiasdefato.net\/#organization\"},\"potentialAction\":[{\"@type\":\"SearchAction\",\"target\":{\"@type\":\"EntryPoint\",\"urlTemplate\":\"https:\/\/noticiasdefato.net\/?s={search_term_string}\"},\"query-input\":\"required name=search_term_string\"}],\"inLanguage\":\"pt-BR\"},{\"@type\":\"Organization\",\"@id\":\"https:\/\/noticiasdefato.net\/#organization\",\"name\":\"Not\u00edcias de Fato\",\"url\":\"https:\/\/noticiasdefato.net\/\",\"logo\":{\"@type\":\"ImageObject\",\"inLanguage\":\"pt-BR\",\"@id\":\"https:\/\/noticiasdefato.net\/#\/schema\/logo\/image\/\",\"url\":\"https:\/\/noticiasdefato.net\/wp-content\/uploads\/2024\/02\/cropped-logo_topo.png\",\"contentUrl\":\"https:\/\/noticiasdefato.net\/wp-content\/uploads\/2024\/02\/cropped-logo_topo.png\",\"width\":1948,\"height\":665,\"caption\":\"Not\u00edcias de Fato\"},\"image\":{\"@id\":\"https:\/\/noticiasdefato.net\/#\/schema\/logo\/image\/\"},\"sameAs\":[\"https:\/\/fb.com\/noticiasdefato.jornal\",\"https:\/\/x.com\/noticiasdefato_\",\"https:\/\/instagram.com\/noticiasdefato.jornal\",\"https:\/\/youtube.com\/@JornalNoticiasDeFato\"]},{\"@type\":\"Person\",\"@id\":\"https:\/\/noticiasdefato.net\/#\/schema\/person\/982ce60211d95acf059cd702aa260d08\",\"name\":\"Noticias de Fato\",\"image\":{\"@type\":\"ImageObject\",\"inLanguage\":\"pt-BR\",\"@id\":\"https:\/\/noticiasdefato.net\/#\/schema\/person\/image\/\",\"url\":\"https:\/\/secure.gravatar.com\/avatar\/700227fab2316f0366a1b5d4988d10f847249cf13293450527ac9553c994611a?s=96&d=mm&r=g\",\"contentUrl\":\"https:\/\/secure.gravatar.com\/avatar\/700227fab2316f0366a1b5d4988d10f847249cf13293450527ac9553c994611a?s=96&d=mm&r=g\",\"caption\":\"Noticias de Fato\"},\"sameAs\":[\"https:\/\/noticiasdefato.net\",\"http:\/\/fb.com\/\/noticiasdefato.jornal\",\"https:\/\/x.com\/https:\/\/twitter.com\/NoticiasDeFato_\"],\"url\":\"https:\/\/noticiasdefato.net\/?author=1\"}]}<\/script>\n<!-- \/ Yoast SEO plugin. -->","yoast_head_json":{"title":"ALFENAS: \"FALTA ATENDIMENTO PARA AUTISTAS\" - Not\u00edcias de Fato","description":"Prefeitura demitiu especialistas que atuavam no CMA - Centro Municipal do Autismo e n\u00e3o avisou as fam\u00edlias. Depois de in\u00fameras reclama\u00e7\u00f5es, prefeito\u00a0voltou\u00a0atr\u00e1s.","robots":{"index":"index","follow":"follow","max-snippet":"max-snippet:-1","max-image-preview":"max-image-preview:large","max-video-preview":"max-video-preview:-1"},"canonical":"https:\/\/noticiasdefato.net\/?p=2087","og_locale":"pt_BR","og_type":"article","og_title":"ALFENAS: \"FALTA ATENDIMENTO PARA AUTISTAS\" - Not\u00edcias de Fato","og_description":"Prefeitura demitiu especialistas que atuavam no CMA - Centro Municipal do Autismo e n\u00e3o avisou as fam\u00edlias. Depois de in\u00fameras reclama\u00e7\u00f5es, prefeito\u00a0voltou\u00a0atr\u00e1s.","og_url":"https:\/\/noticiasdefato.net\/?p=2087","og_site_name":"Not\u00edcias de Fato","article_publisher":"https:\/\/fb.com\/noticiasdefato.jornal","article_author":"http:\/\/fb.com\/\/noticiasdefato.jornal","article_published_time":"2024-10-29T16:07:50+00:00","article_modified_time":"2024-12-19T17:56:00+00:00","og_image":[{"width":1600,"height":738,"url":"https:\/\/noticiasdefato.net\/wp-content\/uploads\/2024\/10\/Imagem-do-WhatsApp-de-2024-10-29-as-11.59.58_82c34019.jpg","type":"image\/jpeg"}],"author":"Noticias de Fato","twitter_card":"summary_large_image","twitter_creator":"@https:\/\/twitter.com\/NoticiasDeFato_","twitter_site":"@noticiasdefato_","twitter_misc":{"Escrito por":"Noticias de Fato","Est. tempo de leitura":"3 minutos"},"schema":{"@context":"https:\/\/schema.org","@graph":[{"@type":"Article","@id":"https:\/\/noticiasdefato.net\/?p=2087#article","isPartOf":{"@id":"https:\/\/noticiasdefato.net\/?p=2087"},"author":{"name":"Noticias de Fato","@id":"https:\/\/noticiasdefato.net\/#\/schema\/person\/982ce60211d95acf059cd702aa260d08"},"headline":"ALFENAS: &#8220;FALTA ATENDIMENTO PARA AUTISTAS&#8221;","datePublished":"2024-10-29T16:07:50+00:00","dateModified":"2024-12-19T17:56:00+00:00","mainEntityOfPage":{"@id":"https:\/\/noticiasdefato.net\/?p=2087"},"wordCount":561,"commentCount":0,"publisher":{"@id":"https:\/\/noticiasdefato.net\/#organization"},"image":{"@id":"https:\/\/noticiasdefato.net\/?p=2087#primaryimage"},"thumbnailUrl":"https:\/\/noticiasdefato.net\/wp-content\/uploads\/2024\/10\/Imagem-do-WhatsApp-de-2024-10-29-as-11.59.58_82c34019.jpg","articleSection":["Sa\u00fade"],"inLanguage":"pt-BR","potentialAction":[{"@type":"CommentAction","name":"Comment","target":["https:\/\/noticiasdefato.net\/?p=2087#respond"]}]},{"@type":"WebPage","@id":"https:\/\/noticiasdefato.net\/?p=2087","url":"https:\/\/noticiasdefato.net\/?p=2087","name":"ALFENAS: \"FALTA ATENDIMENTO PARA AUTISTAS\" - Not\u00edcias de Fato","isPartOf":{"@id":"https:\/\/noticiasdefato.net\/#website"},"primaryImageOfPage":{"@id":"https:\/\/noticiasdefato.net\/?p=2087#primaryimage"},"image":{"@id":"https:\/\/noticiasdefato.net\/?p=2087#primaryimage"},"thumbnailUrl":"https:\/\/noticiasdefato.net\/wp-content\/uploads\/2024\/10\/Imagem-do-WhatsApp-de-2024-10-29-as-11.59.58_82c34019.jpg","datePublished":"2024-10-29T16:07:50+00:00","dateModified":"2024-12-19T17:56:00+00:00","description":"Prefeitura demitiu especialistas que atuavam no CMA - Centro Municipal do Autismo e n\u00e3o avisou as fam\u00edlias. Depois de in\u00fameras reclama\u00e7\u00f5es, prefeito\u00a0voltou\u00a0atr\u00e1s.","breadcrumb":{"@id":"https:\/\/noticiasdefato.net\/?p=2087#breadcrumb"},"inLanguage":"pt-BR","potentialAction":[{"@type":"ReadAction","target":["https:\/\/noticiasdefato.net\/?p=2087"]}]},{"@type":"ImageObject","inLanguage":"pt-BR","@id":"https:\/\/noticiasdefato.net\/?p=2087#primaryimage","url":"https:\/\/noticiasdefato.net\/wp-content\/uploads\/2024\/10\/Imagem-do-WhatsApp-de-2024-10-29-as-11.59.58_82c34019.jpg","contentUrl":"https:\/\/noticiasdefato.net\/wp-content\/uploads\/2024\/10\/Imagem-do-WhatsApp-de-2024-10-29-as-11.59.58_82c34019.jpg","width":1600,"height":738},{"@type":"BreadcrumbList","@id":"https:\/\/noticiasdefato.net\/?p=2087#breadcrumb","itemListElement":[{"@type":"ListItem","position":1,"name":"In\u00edcio","item":"https:\/\/noticiasdefato.net\/"},{"@type":"ListItem","position":2,"name":"ALFENAS: &#8220;FALTA ATENDIMENTO PARA AUTISTAS&#8221;"}]},{"@type":"WebSite","@id":"https:\/\/noticiasdefato.net\/#website","url":"https:\/\/noticiasdefato.net\/","name":"Not\u00edcias de Fato","description":"Trabalhamos com honestidade, seriedade e com a verdade.","publisher":{"@id":"https:\/\/noticiasdefato.net\/#organization"},"potentialAction":[{"@type":"SearchAction","target":{"@type":"EntryPoint","urlTemplate":"https:\/\/noticiasdefato.net\/?s={search_term_string}"},"query-input":"required name=search_term_string"}],"inLanguage":"pt-BR"},{"@type":"Organization","@id":"https:\/\/noticiasdefato.net\/#organization","name":"Not\u00edcias de Fato","url":"https:\/\/noticiasdefato.net\/","logo":{"@type":"ImageObject","inLanguage":"pt-BR","@id":"https:\/\/noticiasdefato.net\/#\/schema\/logo\/image\/","url":"https:\/\/noticiasdefato.net\/wp-content\/uploads\/2024\/02\/cropped-logo_topo.png","contentUrl":"https:\/\/noticiasdefato.net\/wp-content\/uploads\/2024\/02\/cropped-logo_topo.png","width":1948,"height":665,"caption":"Not\u00edcias de Fato"},"image":{"@id":"https:\/\/noticiasdefato.net\/#\/schema\/logo\/image\/"},"sameAs":["https:\/\/fb.com\/noticiasdefato.jornal","https:\/\/x.com\/noticiasdefato_","https:\/\/instagram.com\/noticiasdefato.jornal","https:\/\/youtube.com\/@JornalNoticiasDeFato"]},{"@type":"Person","@id":"https:\/\/noticiasdefato.net\/#\/schema\/person\/982ce60211d95acf059cd702aa260d08","name":"Noticias de Fato","image":{"@type":"ImageObject","inLanguage":"pt-BR","@id":"https:\/\/noticiasdefato.net\/#\/schema\/person\/image\/","url":"https:\/\/secure.gravatar.com\/avatar\/700227fab2316f0366a1b5d4988d10f847249cf13293450527ac9553c994611a?s=96&d=mm&r=g","contentUrl":"https:\/\/secure.gravatar.com\/avatar\/700227fab2316f0366a1b5d4988d10f847249cf13293450527ac9553c994611a?s=96&d=mm&r=g","caption":"Noticias de Fato"},"sameAs":["https:\/\/noticiasdefato.net","http:\/\/fb.com\/\/noticiasdefato.jornal","https:\/\/x.com\/https:\/\/twitter.com\/NoticiasDeFato_"],"url":"https:\/\/noticiasdefato.net\/?author=1"}]}},"_links":{"self":[{"href":"https:\/\/noticiasdefato.net\/index.php?rest_route=\/wp\/v2\/posts\/2087","targetHints":{"allow":["GET"]}}],"collection":[{"href":"https:\/\/noticiasdefato.net\/index.php?rest_route=\/wp\/v2\/posts"}],"about":[{"href":"https:\/\/noticiasdefato.net\/index.php?rest_route=\/wp\/v2\/types\/post"}],"author":[{"embeddable":true,"href":"https:\/\/noticiasdefato.net\/index.php?rest_route=\/wp\/v2\/users\/1"}],"replies":[{"embeddable":true,"href":"https:\/\/noticiasdefato.net\/index.php?rest_route=%2Fwp%2Fv2%2Fcomments&post=2087"}],"version-history":[{"count":2,"href":"https:\/\/noticiasdefato.net\/index.php?rest_route=\/wp\/v2\/posts\/2087\/revisions"}],"predecessor-version":[{"id":2094,"href":"https:\/\/noticiasdefato.net\/index.php?rest_route=\/wp\/v2\/posts\/2087\/revisions\/2094"}],"wp:featuredmedia":[{"embeddable":true,"href":"https:\/\/noticiasdefato.net\/index.php?rest_route=\/wp\/v2\/media\/2088"}],"wp:attachment":[{"href":"https:\/\/noticiasdefato.net\/index.php?rest_route=%2Fwp%2Fv2%2Fmedia&parent=2087"}],"wp:term":[{"taxonomy":"category","embeddable":true,"href":"https:\/\/noticiasdefato.net\/index.php?rest_route=%2Fwp%2Fv2%2Fcategories&post=2087"},{"taxonomy":"post_tag","embeddable":true,"href":"https:\/\/noticiasdefato.net\/index.php?rest_route=%2Fwp%2Fv2%2Ftags&post=2087"}],"curies":[{"name":"wp","href":"https:\/\/api.w.org\/{rel}","templated":true}]}}