{"id":2099,"date":"2024-10-30T08:46:38","date_gmt":"2024-10-30T11:46:38","guid":{"rendered":"https:\/\/noticiasdefato.net\/?p=2099"},"modified":"2024-12-19T14:56:12","modified_gmt":"2024-12-19T17:56:12","slug":"escola-do-legislativo-deve-comecar-este-ano","status":"publish","type":"post","link":"https:\/\/noticiasdefato.net\/?p=2099","title":{"rendered":"ESCOLA DO LEGISLATIVO DEVE COME\u00c7AR ESTE ANO"},"content":{"rendered":"\n<p><em>Preparativos do projeto est\u00e3o em fase final. A Escola do Legislativo Professor Edson Ant\u00f4nio Velano vai funcionar pr\u00f3ximo \u00e0 C\u00e2mara Municipal de Alfenas.<\/em><\/p>\n\n\n\n<p>A Escola do Legislativo Professor Edson Ant\u00f4nio Velano deve come\u00e7ar a funcionar antes da virada do ano em Alfenas, conforme os preparativos. Sua sede ser\u00e1 na rua Jo\u00e3o Pinheiro, 69, pr\u00f3ximo \u00e0 C\u00e2mara Municipal.<\/p>\n\n\n\n<p>De acordo com uma mat\u00e9ria divulgada pela assessoria da C\u00e2mara, em abril deste ano, a Escola do Legislativo era planejada desde 2017, quando foi criado o Parlamento Jovem em Alfenas, numa parceria com a Assembleia Legislativa de Minas Gerais. \u201cA Escola do Legislativo Professor Edson Ant\u00f4nio Velano\u201d foi institu\u00edda por meio de Projeto de Resolu\u00e7\u00e3o da C\u00e2mara Municipal de Alfenas, com a inten\u00e7\u00e3o de capacitar agentes pol\u00edticos e servidores p\u00fablicos em assuntos de interesse pol\u00edtico-institucional e de contribuir para o fortalecimento da cidadania e dos valores democr\u00e1ticos de jovens e adultos no \u00e2mbito da municipalidade. Com isso, a Escola do Legislativo ir\u00e1: desenvolver atividades de pesquisa e estudos em temas de interesse pol\u00edtico-institucional; promover cursos, semin\u00e1rios, encontros e palestras, tendo como p\u00fablico alvo: lideran\u00e7as comunit\u00e1rias, parlamentares, assessores, servidores p\u00fablicos, estudantes e sociedade civil e desenvolver os trabalhos e atividades do Parlamento Jovem e\/ou outros programas.<\/p>\n\n\n\n<p>As instala\u00e7\u00f5es acontecem numa parceria com a Pol\u00edcia Civil, para a loca\u00e7\u00e3o do espa\u00e7o onde vai funcionar tamb\u00e9m o CIAC \u2013 Centro de Identifica\u00e7\u00e3o e Atendimento ao Cidad\u00e3o. O novo espa\u00e7o \u00e9 preparado para atender um maior volume de pessoas que buscam tirar ou renovar seu documento de identidade.<\/p>\n\n\n\n<p><strong>Fonte:<\/strong> Ass. Com. Da C\u00e2mara Municipal\u00a0de\u00a0Alfenas.<\/p>\n","protected":false},"excerpt":{"rendered":"<p>Preparativos do projeto est\u00e3o em fase final. A Escola do Legislativo Professor Edson Ant\u00f4nio Velano vai funcionar pr\u00f3ximo \u00e0 C\u00e2mara Municipal de Alfenas. <a href=\"https:\/\/noticiasdefato.net\/?p=2099\" class=\"more-link\">Continuar lendo <span class=\"screen-reader-text\">ESCOLA DO LEGISLATIVO DEVE COME\u00c7AR ESTE ANO<\/span><\/a><\/p>\n","protected":false},"author":1,"featured_media":2100,"comment_status":"open","ping_status":"open","sticky":false,"template":"","format":"standard","meta":{"footnotes":""},"categories":[18],"tags":[],"class_list":["post-2099","post","type-post","status-publish","format-standard","has-post-thumbnail","hentry","category-politica"],"yoast_head":"<!-- This site is optimized with the Yoast SEO plugin v23.2 - https:\/\/yoast.com\/wordpress\/plugins\/seo\/ -->\n<title>ESCOLA DO LEGISLATIVO DEVE COME\u00c7AR ESTE ANO - Not\u00edcias de Fato<\/title>\n<meta name=\"description\" content=\"Preparativos do projeto est\u00e3o em fase final. A Escola do Legislativo Professor Edson Ant\u00f4nio Velano vai funcionar pr\u00f3ximo \u00e0 C\u00e2mara Municipal de Alfenas.\" \/>\n<meta name=\"robots\" content=\"index, follow, max-snippet:-1, max-image-preview:large, max-video-preview:-1\" \/>\n<link rel=\"canonical\" href=\"https:\/\/noticiasdefato.net\/?p=2099\" \/>\n<meta property=\"og:locale\" content=\"pt_BR\" \/>\n<meta property=\"og:type\" content=\"article\" \/>\n<meta property=\"og:title\" content=\"ESCOLA DO LEGISLATIVO DEVE COME\u00c7AR ESTE ANO - Not\u00edcias de Fato\" \/>\n<meta property=\"og:description\" content=\"Preparativos do projeto est\u00e3o em fase final. A Escola do Legislativo Professor Edson Ant\u00f4nio Velano vai funcionar pr\u00f3ximo \u00e0 C\u00e2mara Municipal de Alfenas.\" \/>\n<meta property=\"og:url\" content=\"https:\/\/noticiasdefato.net\/?p=2099\" \/>\n<meta property=\"og:site_name\" content=\"Not\u00edcias de Fato\" \/>\n<meta property=\"article:publisher\" content=\"https:\/\/fb.com\/noticiasdefato.jornal\" \/>\n<meta property=\"article:author\" content=\"http:\/\/fb.com\/\/noticiasdefato.jornal\" \/>\n<meta property=\"article:published_time\" content=\"2024-10-30T11:46:38+00:00\" \/>\n<meta property=\"article:modified_time\" content=\"2024-12-19T17:56:12+00:00\" \/>\n<meta property=\"og:image\" content=\"https:\/\/noticiasdefato.net\/wp-content\/uploads\/2024\/10\/Imagem-do-WhatsApp-de-2024-10-30-as-07.59.20_552ca408.jpg\" \/>\n\t<meta property=\"og:image:width\" content=\"960\" \/>\n\t<meta property=\"og:image:height\" content=\"1280\" \/>\n\t<meta property=\"og:image:type\" content=\"image\/jpeg\" \/>\n<meta name=\"author\" content=\"Noticias de Fato\" \/>\n<meta name=\"twitter:card\" content=\"summary_large_image\" \/>\n<meta name=\"twitter:creator\" content=\"@https:\/\/twitter.com\/NoticiasDeFato_\" \/>\n<meta name=\"twitter:site\" content=\"@noticiasdefato_\" \/>\n<meta name=\"twitter:label1\" content=\"Escrito por\" \/>\n\t<meta name=\"twitter:data1\" content=\"Noticias de Fato\" \/>\n\t<meta name=\"twitter:label2\" content=\"Est. tempo de leitura\" \/>\n\t<meta name=\"twitter:data2\" content=\"2 minutos\" \/>\n<script type=\"application\/ld+json\" class=\"yoast-schema-graph\">{\"@context\":\"https:\/\/schema.org\",\"@graph\":[{\"@type\":\"Article\",\"@id\":\"https:\/\/noticiasdefato.net\/?p=2099#article\",\"isPartOf\":{\"@id\":\"https:\/\/noticiasdefato.net\/?p=2099\"},\"author\":{\"name\":\"Noticias de Fato\",\"@id\":\"https:\/\/noticiasdefato.net\/#\/schema\/person\/982ce60211d95acf059cd702aa260d08\"},\"headline\":\"ESCOLA DO LEGISLATIVO DEVE COME\u00c7AR ESTE ANO\",\"datePublished\":\"2024-10-30T11:46:38+00:00\",\"dateModified\":\"2024-12-19T17:56:12+00:00\",\"mainEntityOfPage\":{\"@id\":\"https:\/\/noticiasdefato.net\/?p=2099\"},\"wordCount\":297,\"commentCount\":0,\"publisher\":{\"@id\":\"https:\/\/noticiasdefato.net\/#organization\"},\"image\":{\"@id\":\"https:\/\/noticiasdefato.net\/?p=2099#primaryimage\"},\"thumbnailUrl\":\"https:\/\/noticiasdefato.net\/wp-content\/uploads\/2024\/10\/Imagem-do-WhatsApp-de-2024-10-30-as-07.59.20_552ca408.jpg\",\"articleSection\":[\"Pol\u00edtica\"],\"inLanguage\":\"pt-BR\",\"potentialAction\":[{\"@type\":\"CommentAction\",\"name\":\"Comment\",\"target\":[\"https:\/\/noticiasdefato.net\/?p=2099#respond\"]}]},{\"@type\":\"WebPage\",\"@id\":\"https:\/\/noticiasdefato.net\/?p=2099\",\"url\":\"https:\/\/noticiasdefato.net\/?p=2099\",\"name\":\"ESCOLA DO LEGISLATIVO DEVE COME\u00c7AR ESTE ANO - Not\u00edcias de Fato\",\"isPartOf\":{\"@id\":\"https:\/\/noticiasdefato.net\/#website\"},\"primaryImageOfPage\":{\"@id\":\"https:\/\/noticiasdefato.net\/?p=2099#primaryimage\"},\"image\":{\"@id\":\"https:\/\/noticiasdefato.net\/?p=2099#primaryimage\"},\"thumbnailUrl\":\"https:\/\/noticiasdefato.net\/wp-content\/uploads\/2024\/10\/Imagem-do-WhatsApp-de-2024-10-30-as-07.59.20_552ca408.jpg\",\"datePublished\":\"2024-10-30T11:46:38+00:00\",\"dateModified\":\"2024-12-19T17:56:12+00:00\",\"description\":\"Preparativos do projeto est\u00e3o em fase final. A Escola do Legislativo Professor Edson Ant\u00f4nio Velano vai funcionar pr\u00f3ximo \u00e0 C\u00e2mara Municipal de Alfenas.\",\"breadcrumb\":{\"@id\":\"https:\/\/noticiasdefato.net\/?p=2099#breadcrumb\"},\"inLanguage\":\"pt-BR\",\"potentialAction\":[{\"@type\":\"ReadAction\",\"target\":[\"https:\/\/noticiasdefato.net\/?p=2099\"]}]},{\"@type\":\"ImageObject\",\"inLanguage\":\"pt-BR\",\"@id\":\"https:\/\/noticiasdefato.net\/?p=2099#primaryimage\",\"url\":\"https:\/\/noticiasdefato.net\/wp-content\/uploads\/2024\/10\/Imagem-do-WhatsApp-de-2024-10-30-as-07.59.20_552ca408.jpg\",\"contentUrl\":\"https:\/\/noticiasdefato.net\/wp-content\/uploads\/2024\/10\/Imagem-do-WhatsApp-de-2024-10-30-as-07.59.20_552ca408.jpg\",\"width\":960,\"height\":1280},{\"@type\":\"BreadcrumbList\",\"@id\":\"https:\/\/noticiasdefato.net\/?p=2099#breadcrumb\",\"itemListElement\":[{\"@type\":\"ListItem\",\"position\":1,\"name\":\"In\u00edcio\",\"item\":\"https:\/\/noticiasdefato.net\/\"},{\"@type\":\"ListItem\",\"position\":2,\"name\":\"ESCOLA DO LEGISLATIVO DEVE COME\u00c7AR ESTE ANO\"}]},{\"@type\":\"WebSite\",\"@id\":\"https:\/\/noticiasdefato.net\/#website\",\"url\":\"https:\/\/noticiasdefato.net\/\",\"name\":\"Not\u00edcias de Fato\",\"description\":\"Trabalhamos com honestidade, seriedade e com a verdade.\",\"publisher\":{\"@id\":\"https:\/\/noticiasdefato.net\/#organization\"},\"potentialAction\":[{\"@type\":\"SearchAction\",\"target\":{\"@type\":\"EntryPoint\",\"urlTemplate\":\"https:\/\/noticiasdefato.net\/?s={search_term_string}\"},\"query-input\":\"required name=search_term_string\"}],\"inLanguage\":\"pt-BR\"},{\"@type\":\"Organization\",\"@id\":\"https:\/\/noticiasdefato.net\/#organization\",\"name\":\"Not\u00edcias de Fato\",\"url\":\"https:\/\/noticiasdefato.net\/\",\"logo\":{\"@type\":\"ImageObject\",\"inLanguage\":\"pt-BR\",\"@id\":\"https:\/\/noticiasdefato.net\/#\/schema\/logo\/image\/\",\"url\":\"https:\/\/noticiasdefato.net\/wp-content\/uploads\/2024\/02\/cropped-logo_topo.png\",\"contentUrl\":\"https:\/\/noticiasdefato.net\/wp-content\/uploads\/2024\/02\/cropped-logo_topo.png\",\"width\":1948,\"height\":665,\"caption\":\"Not\u00edcias de Fato\"},\"image\":{\"@id\":\"https:\/\/noticiasdefato.net\/#\/schema\/logo\/image\/\"},\"sameAs\":[\"https:\/\/fb.com\/noticiasdefato.jornal\",\"https:\/\/x.com\/noticiasdefato_\",\"https:\/\/instagram.com\/noticiasdefato.jornal\",\"https:\/\/youtube.com\/@JornalNoticiasDeFato\"]},{\"@type\":\"Person\",\"@id\":\"https:\/\/noticiasdefato.net\/#\/schema\/person\/982ce60211d95acf059cd702aa260d08\",\"name\":\"Noticias de Fato\",\"image\":{\"@type\":\"ImageObject\",\"inLanguage\":\"pt-BR\",\"@id\":\"https:\/\/noticiasdefato.net\/#\/schema\/person\/image\/\",\"url\":\"https:\/\/secure.gravatar.com\/avatar\/700227fab2316f0366a1b5d4988d10f847249cf13293450527ac9553c994611a?s=96&d=mm&r=g\",\"contentUrl\":\"https:\/\/secure.gravatar.com\/avatar\/700227fab2316f0366a1b5d4988d10f847249cf13293450527ac9553c994611a?s=96&d=mm&r=g\",\"caption\":\"Noticias de Fato\"},\"sameAs\":[\"https:\/\/noticiasdefato.net\",\"http:\/\/fb.com\/\/noticiasdefato.jornal\",\"https:\/\/x.com\/https:\/\/twitter.com\/NoticiasDeFato_\"],\"url\":\"https:\/\/noticiasdefato.net\/?author=1\"}]}<\/script>\n<!-- \/ Yoast SEO plugin. -->","yoast_head_json":{"title":"ESCOLA DO LEGISLATIVO DEVE COME\u00c7AR ESTE ANO - Not\u00edcias de Fato","description":"Preparativos do projeto est\u00e3o em fase final. A Escola do Legislativo Professor Edson Ant\u00f4nio Velano vai funcionar pr\u00f3ximo \u00e0 C\u00e2mara Municipal de Alfenas.","robots":{"index":"index","follow":"follow","max-snippet":"max-snippet:-1","max-image-preview":"max-image-preview:large","max-video-preview":"max-video-preview:-1"},"canonical":"https:\/\/noticiasdefato.net\/?p=2099","og_locale":"pt_BR","og_type":"article","og_title":"ESCOLA DO LEGISLATIVO DEVE COME\u00c7AR ESTE ANO - Not\u00edcias de Fato","og_description":"Preparativos do projeto est\u00e3o em fase final. A Escola do Legislativo Professor Edson Ant\u00f4nio Velano vai funcionar pr\u00f3ximo \u00e0 C\u00e2mara Municipal de Alfenas.","og_url":"https:\/\/noticiasdefato.net\/?p=2099","og_site_name":"Not\u00edcias de Fato","article_publisher":"https:\/\/fb.com\/noticiasdefato.jornal","article_author":"http:\/\/fb.com\/\/noticiasdefato.jornal","article_published_time":"2024-10-30T11:46:38+00:00","article_modified_time":"2024-12-19T17:56:12+00:00","og_image":[{"width":960,"height":1280,"url":"https:\/\/noticiasdefato.net\/wp-content\/uploads\/2024\/10\/Imagem-do-WhatsApp-de-2024-10-30-as-07.59.20_552ca408.jpg","type":"image\/jpeg"}],"author":"Noticias de Fato","twitter_card":"summary_large_image","twitter_creator":"@https:\/\/twitter.com\/NoticiasDeFato_","twitter_site":"@noticiasdefato_","twitter_misc":{"Escrito por":"Noticias de Fato","Est. tempo de leitura":"2 minutos"},"schema":{"@context":"https:\/\/schema.org","@graph":[{"@type":"Article","@id":"https:\/\/noticiasdefato.net\/?p=2099#article","isPartOf":{"@id":"https:\/\/noticiasdefato.net\/?p=2099"},"author":{"name":"Noticias de Fato","@id":"https:\/\/noticiasdefato.net\/#\/schema\/person\/982ce60211d95acf059cd702aa260d08"},"headline":"ESCOLA DO LEGISLATIVO DEVE COME\u00c7AR ESTE ANO","datePublished":"2024-10-30T11:46:38+00:00","dateModified":"2024-12-19T17:56:12+00:00","mainEntityOfPage":{"@id":"https:\/\/noticiasdefato.net\/?p=2099"},"wordCount":297,"commentCount":0,"publisher":{"@id":"https:\/\/noticiasdefato.net\/#organization"},"image":{"@id":"https:\/\/noticiasdefato.net\/?p=2099#primaryimage"},"thumbnailUrl":"https:\/\/noticiasdefato.net\/wp-content\/uploads\/2024\/10\/Imagem-do-WhatsApp-de-2024-10-30-as-07.59.20_552ca408.jpg","articleSection":["Pol\u00edtica"],"inLanguage":"pt-BR","potentialAction":[{"@type":"CommentAction","name":"Comment","target":["https:\/\/noticiasdefato.net\/?p=2099#respond"]}]},{"@type":"WebPage","@id":"https:\/\/noticiasdefato.net\/?p=2099","url":"https:\/\/noticiasdefato.net\/?p=2099","name":"ESCOLA DO LEGISLATIVO DEVE COME\u00c7AR ESTE ANO - Not\u00edcias de Fato","isPartOf":{"@id":"https:\/\/noticiasdefato.net\/#website"},"primaryImageOfPage":{"@id":"https:\/\/noticiasdefato.net\/?p=2099#primaryimage"},"image":{"@id":"https:\/\/noticiasdefato.net\/?p=2099#primaryimage"},"thumbnailUrl":"https:\/\/noticiasdefato.net\/wp-content\/uploads\/2024\/10\/Imagem-do-WhatsApp-de-2024-10-30-as-07.59.20_552ca408.jpg","datePublished":"2024-10-30T11:46:38+00:00","dateModified":"2024-12-19T17:56:12+00:00","description":"Preparativos do projeto est\u00e3o em fase final. A Escola do Legislativo Professor Edson Ant\u00f4nio Velano vai funcionar pr\u00f3ximo \u00e0 C\u00e2mara Municipal de Alfenas.","breadcrumb":{"@id":"https:\/\/noticiasdefato.net\/?p=2099#breadcrumb"},"inLanguage":"pt-BR","potentialAction":[{"@type":"ReadAction","target":["https:\/\/noticiasdefato.net\/?p=2099"]}]},{"@type":"ImageObject","inLanguage":"pt-BR","@id":"https:\/\/noticiasdefato.net\/?p=2099#primaryimage","url":"https:\/\/noticiasdefato.net\/wp-content\/uploads\/2024\/10\/Imagem-do-WhatsApp-de-2024-10-30-as-07.59.20_552ca408.jpg","contentUrl":"https:\/\/noticiasdefato.net\/wp-content\/uploads\/2024\/10\/Imagem-do-WhatsApp-de-2024-10-30-as-07.59.20_552ca408.jpg","width":960,"height":1280},{"@type":"BreadcrumbList","@id":"https:\/\/noticiasdefato.net\/?p=2099#breadcrumb","itemListElement":[{"@type":"ListItem","position":1,"name":"In\u00edcio","item":"https:\/\/noticiasdefato.net\/"},{"@type":"ListItem","position":2,"name":"ESCOLA DO LEGISLATIVO DEVE COME\u00c7AR ESTE ANO"}]},{"@type":"WebSite","@id":"https:\/\/noticiasdefato.net\/#website","url":"https:\/\/noticiasdefato.net\/","name":"Not\u00edcias de Fato","description":"Trabalhamos com honestidade, seriedade e com a verdade.","publisher":{"@id":"https:\/\/noticiasdefato.net\/#organization"},"potentialAction":[{"@type":"SearchAction","target":{"@type":"EntryPoint","urlTemplate":"https:\/\/noticiasdefato.net\/?s={search_term_string}"},"query-input":"required name=search_term_string"}],"inLanguage":"pt-BR"},{"@type":"Organization","@id":"https:\/\/noticiasdefato.net\/#organization","name":"Not\u00edcias de Fato","url":"https:\/\/noticiasdefato.net\/","logo":{"@type":"ImageObject","inLanguage":"pt-BR","@id":"https:\/\/noticiasdefato.net\/#\/schema\/logo\/image\/","url":"https:\/\/noticiasdefato.net\/wp-content\/uploads\/2024\/02\/cropped-logo_topo.png","contentUrl":"https:\/\/noticiasdefato.net\/wp-content\/uploads\/2024\/02\/cropped-logo_topo.png","width":1948,"height":665,"caption":"Not\u00edcias de Fato"},"image":{"@id":"https:\/\/noticiasdefato.net\/#\/schema\/logo\/image\/"},"sameAs":["https:\/\/fb.com\/noticiasdefato.jornal","https:\/\/x.com\/noticiasdefato_","https:\/\/instagram.com\/noticiasdefato.jornal","https:\/\/youtube.com\/@JornalNoticiasDeFato"]},{"@type":"Person","@id":"https:\/\/noticiasdefato.net\/#\/schema\/person\/982ce60211d95acf059cd702aa260d08","name":"Noticias de Fato","image":{"@type":"ImageObject","inLanguage":"pt-BR","@id":"https:\/\/noticiasdefato.net\/#\/schema\/person\/image\/","url":"https:\/\/secure.gravatar.com\/avatar\/700227fab2316f0366a1b5d4988d10f847249cf13293450527ac9553c994611a?s=96&d=mm&r=g","contentUrl":"https:\/\/secure.gravatar.com\/avatar\/700227fab2316f0366a1b5d4988d10f847249cf13293450527ac9553c994611a?s=96&d=mm&r=g","caption":"Noticias de Fato"},"sameAs":["https:\/\/noticiasdefato.net","http:\/\/fb.com\/\/noticiasdefato.jornal","https:\/\/x.com\/https:\/\/twitter.com\/NoticiasDeFato_"],"url":"https:\/\/noticiasdefato.net\/?author=1"}]}},"_links":{"self":[{"href":"https:\/\/noticiasdefato.net\/index.php?rest_route=\/wp\/v2\/posts\/2099","targetHints":{"allow":["GET"]}}],"collection":[{"href":"https:\/\/noticiasdefato.net\/index.php?rest_route=\/wp\/v2\/posts"}],"about":[{"href":"https:\/\/noticiasdefato.net\/index.php?rest_route=\/wp\/v2\/types\/post"}],"author":[{"embeddable":true,"href":"https:\/\/noticiasdefato.net\/index.php?rest_route=\/wp\/v2\/users\/1"}],"replies":[{"embeddable":true,"href":"https:\/\/noticiasdefato.net\/index.php?rest_route=%2Fwp%2Fv2%2Fcomments&post=2099"}],"version-history":[{"count":2,"href":"https:\/\/noticiasdefato.net\/index.php?rest_route=\/wp\/v2\/posts\/2099\/revisions"}],"predecessor-version":[{"id":2102,"href":"https:\/\/noticiasdefato.net\/index.php?rest_route=\/wp\/v2\/posts\/2099\/revisions\/2102"}],"wp:featuredmedia":[{"embeddable":true,"href":"https:\/\/noticiasdefato.net\/index.php?rest_route=\/wp\/v2\/media\/2100"}],"wp:attachment":[{"href":"https:\/\/noticiasdefato.net\/index.php?rest_route=%2Fwp%2Fv2%2Fmedia&parent=2099"}],"wp:term":[{"taxonomy":"category","embeddable":true,"href":"https:\/\/noticiasdefato.net\/index.php?rest_route=%2Fwp%2Fv2%2Fcategories&post=2099"},{"taxonomy":"post_tag","embeddable":true,"href":"https:\/\/noticiasdefato.net\/index.php?rest_route=%2Fwp%2Fv2%2Ftags&post=2099"}],"curies":[{"name":"wp","href":"https:\/\/api.w.org\/{rel}","templated":true}]}}