{"id":2120,"date":"2024-11-07T13:21:04","date_gmt":"2024-11-07T16:21:04","guid":{"rendered":"https:\/\/noticiasdefato.net\/?p=2120"},"modified":"2024-11-07T13:21:05","modified_gmt":"2024-11-07T16:21:05","slug":"carmo-do-rio-claro-justica-determina-demissoes-na-prefeitura","status":"publish","type":"post","link":"https:\/\/noticiasdefato.net\/?p=2120","title":{"rendered":"CARMO DO RIO CLARO: JUSTI\u00c7A DETERMINA DEMISS\u00d5ES NA PREFEITURA"},"content":{"rendered":"\n<p><em>A Prefeitura Municipal aguarda notifica\u00e7\u00e3o oficial para apresentar recurso.<\/em><\/p>\n\n\n\n<p>A Prefeitura de Carmo do Rio Claro deve exonerar, no prazo de seis meses, servidores comissionados que assumiram 16 cargos no munic\u00edpio sem concurso p\u00fablico. Al\u00e9m disso, n\u00e3o podem ser nomeadas outras pessoas sem antes realizar um certame.<\/p>\n\n\n\n<p>A decis\u00e3o \u00e9 do Tribunal de Justi\u00e7a de Minas Gerais (TJMG) e confirma decis\u00e3o cautelar da Vara \u00danica da Comarca de Carmo do Rio Claro que atendeu pedido do Minist\u00e9rio P\u00fablico de Minas Gerais (MPMG) feito em A\u00e7\u00e3o Civil P\u00fablica Condenat\u00f3ria. A decis\u00e3o proferida em 1\u00aa inst\u00e2ncia foi questionada pelo Munic\u00edpio com recurso, que, por sua vez, foi negado pelo TJMG.<\/p>\n\n\n\n<p>De acordo com peti\u00e7\u00e3o inicial do Minist\u00e9rio P\u00fablico, ajuizada por meio da Promotoria de Justi\u00e7a de Carmo do Rio Claro, diversas normas que criaram cargos de livre provimento em leis complementares municipais foram declaradas inconstitucionais por duas vezes pelo TJMG, tornando necess\u00e1ria a realiza\u00e7\u00e3o de concurso p\u00fablico.<\/p>\n\n\n\n<p>Mesmo assim, nas duas vezes, conforme esclarece a A\u00e7\u00e3o ajuizada pelo MPMG, os poderes Executivo e Legislativo de Carmo do Rio Claro utilizaram subterf\u00fagios na elabora\u00e7\u00e3o de nova Lei Complementar, como troca de nomes de cargos, atribui\u00e7\u00f5es e de compet\u00eancias, na tentativa de manter cargos de livre provimento para postos claramente burocr\u00e1ticos, repetindo os mesmos v\u00edcios de inconstitucionalidade das declara\u00e7\u00f5es anteriores do TJMG.<\/p>\n\n\n\n<p>Segundo ACP, \u201cisso tem sua raz\u00e3o de ser: inchar a m\u00e1quina p\u00fablica com os apaniguados e simpatizantes externos que nela n\u00e3o adentraram pela via do concurso p\u00fablico.\u201d<\/p>\n\n\n\n<p>A Prefeitura Municipal est\u00e1 aguardando a cientifica\u00e7\u00e3o formal da decis\u00e3o do Tribunal de Justi\u00e7a de Minas Gerais, por via de publica\u00e7\u00e3o no di\u00e1rio oficial, para apresentar recurso em face da decis\u00e3o, por entender que tem agido de&nbsp;forma&nbsp;correta.<\/p>\n","protected":false},"excerpt":{"rendered":"<p>A Prefeitura Municipal aguarda notifica\u00e7\u00e3o oficial para apresentar recurso. <a href=\"https:\/\/noticiasdefato.net\/?p=2120\" class=\"more-link\">Continuar lendo <span class=\"screen-reader-text\">CARMO DO RIO CLARO: JUSTI\u00c7A DETERMINA DEMISS\u00d5ES NA PREFEITURA<\/span><\/a><\/p>\n","protected":false},"author":1,"featured_media":2121,"comment_status":"open","ping_status":"open","sticky":false,"template":"","format":"standard","meta":{"footnotes":""},"categories":[18],"tags":[],"class_list":["post-2120","post","type-post","status-publish","format-standard","has-post-thumbnail","hentry","category-politica"],"yoast_head":"<!-- This site is optimized with the Yoast SEO plugin v23.2 - https:\/\/yoast.com\/wordpress\/plugins\/seo\/ -->\n<title>CARMO DO RIO CLARO: JUSTI\u00c7A DETERMINA DEMISS\u00d5ES NA PREFEITURA - Not\u00edcias de Fato<\/title>\n<meta name=\"description\" content=\"A Prefeitura Municipal aguarda notifica\u00e7\u00e3o oficial para apresentar recurso.\" \/>\n<meta name=\"robots\" content=\"index, follow, max-snippet:-1, max-image-preview:large, max-video-preview:-1\" \/>\n<link rel=\"canonical\" href=\"https:\/\/noticiasdefato.net\/?p=2120\" \/>\n<meta property=\"og:locale\" content=\"pt_BR\" \/>\n<meta property=\"og:type\" content=\"article\" \/>\n<meta property=\"og:title\" content=\"CARMO DO RIO CLARO: JUSTI\u00c7A DETERMINA DEMISS\u00d5ES NA PREFEITURA - Not\u00edcias de Fato\" \/>\n<meta property=\"og:description\" content=\"A Prefeitura Municipal aguarda notifica\u00e7\u00e3o oficial para apresentar recurso.\" \/>\n<meta property=\"og:url\" content=\"https:\/\/noticiasdefato.net\/?p=2120\" \/>\n<meta property=\"og:site_name\" content=\"Not\u00edcias de Fato\" \/>\n<meta property=\"article:publisher\" content=\"https:\/\/fb.com\/noticiasdefato.jornal\" \/>\n<meta property=\"article:author\" content=\"http:\/\/fb.com\/\/noticiasdefato.jornal\" \/>\n<meta property=\"article:published_time\" content=\"2024-11-07T16:21:04+00:00\" \/>\n<meta property=\"article:modified_time\" content=\"2024-11-07T16:21:05+00:00\" \/>\n<meta property=\"og:image\" content=\"https:\/\/noticiasdefato.net\/wp-content\/uploads\/2024\/11\/Imagem-do-WhatsApp-de-2024-11-06-as-23.04.48_a3325c0c.jpg\" \/>\n\t<meta property=\"og:image:width\" content=\"768\" \/>\n\t<meta property=\"og:image:height\" content=\"432\" \/>\n\t<meta property=\"og:image:type\" content=\"image\/jpeg\" \/>\n<meta name=\"author\" content=\"Noticias de Fato\" \/>\n<meta name=\"twitter:card\" content=\"summary_large_image\" \/>\n<meta name=\"twitter:creator\" content=\"@https:\/\/twitter.com\/NoticiasDeFato_\" \/>\n<meta name=\"twitter:site\" content=\"@noticiasdefato_\" \/>\n<meta name=\"twitter:label1\" content=\"Escrito por\" \/>\n\t<meta name=\"twitter:data1\" content=\"Noticias de Fato\" \/>\n\t<meta name=\"twitter:label2\" content=\"Est. tempo de leitura\" \/>\n\t<meta name=\"twitter:data2\" content=\"2 minutos\" \/>\n<script type=\"application\/ld+json\" class=\"yoast-schema-graph\">{\"@context\":\"https:\/\/schema.org\",\"@graph\":[{\"@type\":\"Article\",\"@id\":\"https:\/\/noticiasdefato.net\/?p=2120#article\",\"isPartOf\":{\"@id\":\"https:\/\/noticiasdefato.net\/?p=2120\"},\"author\":{\"name\":\"Noticias de Fato\",\"@id\":\"https:\/\/noticiasdefato.net\/#\/schema\/person\/982ce60211d95acf059cd702aa260d08\"},\"headline\":\"CARMO DO RIO CLARO: JUSTI\u00c7A DETERMINA DEMISS\u00d5ES NA PREFEITURA\",\"datePublished\":\"2024-11-07T16:21:04+00:00\",\"dateModified\":\"2024-11-07T16:21:05+00:00\",\"mainEntityOfPage\":{\"@id\":\"https:\/\/noticiasdefato.net\/?p=2120\"},\"wordCount\":336,\"commentCount\":0,\"publisher\":{\"@id\":\"https:\/\/noticiasdefato.net\/#organization\"},\"image\":{\"@id\":\"https:\/\/noticiasdefato.net\/?p=2120#primaryimage\"},\"thumbnailUrl\":\"https:\/\/noticiasdefato.net\/wp-content\/uploads\/2024\/11\/Imagem-do-WhatsApp-de-2024-11-06-as-23.04.48_a3325c0c.jpg\",\"articleSection\":[\"Pol\u00edtica\"],\"inLanguage\":\"pt-BR\",\"potentialAction\":[{\"@type\":\"CommentAction\",\"name\":\"Comment\",\"target\":[\"https:\/\/noticiasdefato.net\/?p=2120#respond\"]}]},{\"@type\":\"WebPage\",\"@id\":\"https:\/\/noticiasdefato.net\/?p=2120\",\"url\":\"https:\/\/noticiasdefato.net\/?p=2120\",\"name\":\"CARMO DO RIO CLARO: JUSTI\u00c7A DETERMINA DEMISS\u00d5ES NA PREFEITURA - Not\u00edcias de Fato\",\"isPartOf\":{\"@id\":\"https:\/\/noticiasdefato.net\/#website\"},\"primaryImageOfPage\":{\"@id\":\"https:\/\/noticiasdefato.net\/?p=2120#primaryimage\"},\"image\":{\"@id\":\"https:\/\/noticiasdefato.net\/?p=2120#primaryimage\"},\"thumbnailUrl\":\"https:\/\/noticiasdefato.net\/wp-content\/uploads\/2024\/11\/Imagem-do-WhatsApp-de-2024-11-06-as-23.04.48_a3325c0c.jpg\",\"datePublished\":\"2024-11-07T16:21:04+00:00\",\"dateModified\":\"2024-11-07T16:21:05+00:00\",\"description\":\"A Prefeitura Municipal aguarda notifica\u00e7\u00e3o oficial para apresentar recurso.\",\"breadcrumb\":{\"@id\":\"https:\/\/noticiasdefato.net\/?p=2120#breadcrumb\"},\"inLanguage\":\"pt-BR\",\"potentialAction\":[{\"@type\":\"ReadAction\",\"target\":[\"https:\/\/noticiasdefato.net\/?p=2120\"]}]},{\"@type\":\"ImageObject\",\"inLanguage\":\"pt-BR\",\"@id\":\"https:\/\/noticiasdefato.net\/?p=2120#primaryimage\",\"url\":\"https:\/\/noticiasdefato.net\/wp-content\/uploads\/2024\/11\/Imagem-do-WhatsApp-de-2024-11-06-as-23.04.48_a3325c0c.jpg\",\"contentUrl\":\"https:\/\/noticiasdefato.net\/wp-content\/uploads\/2024\/11\/Imagem-do-WhatsApp-de-2024-11-06-as-23.04.48_a3325c0c.jpg\",\"width\":768,\"height\":432},{\"@type\":\"BreadcrumbList\",\"@id\":\"https:\/\/noticiasdefato.net\/?p=2120#breadcrumb\",\"itemListElement\":[{\"@type\":\"ListItem\",\"position\":1,\"name\":\"In\u00edcio\",\"item\":\"https:\/\/noticiasdefato.net\/\"},{\"@type\":\"ListItem\",\"position\":2,\"name\":\"CARMO DO RIO CLARO: JUSTI\u00c7A DETERMINA DEMISS\u00d5ES NA PREFEITURA\"}]},{\"@type\":\"WebSite\",\"@id\":\"https:\/\/noticiasdefato.net\/#website\",\"url\":\"https:\/\/noticiasdefato.net\/\",\"name\":\"Not\u00edcias de Fato\",\"description\":\"Trabalhamos com honestidade, seriedade e com a verdade.\",\"publisher\":{\"@id\":\"https:\/\/noticiasdefato.net\/#organization\"},\"potentialAction\":[{\"@type\":\"SearchAction\",\"target\":{\"@type\":\"EntryPoint\",\"urlTemplate\":\"https:\/\/noticiasdefato.net\/?s={search_term_string}\"},\"query-input\":\"required name=search_term_string\"}],\"inLanguage\":\"pt-BR\"},{\"@type\":\"Organization\",\"@id\":\"https:\/\/noticiasdefato.net\/#organization\",\"name\":\"Not\u00edcias de Fato\",\"url\":\"https:\/\/noticiasdefato.net\/\",\"logo\":{\"@type\":\"ImageObject\",\"inLanguage\":\"pt-BR\",\"@id\":\"https:\/\/noticiasdefato.net\/#\/schema\/logo\/image\/\",\"url\":\"https:\/\/noticiasdefato.net\/wp-content\/uploads\/2024\/02\/cropped-logo_topo.png\",\"contentUrl\":\"https:\/\/noticiasdefato.net\/wp-content\/uploads\/2024\/02\/cropped-logo_topo.png\",\"width\":1948,\"height\":665,\"caption\":\"Not\u00edcias de Fato\"},\"image\":{\"@id\":\"https:\/\/noticiasdefato.net\/#\/schema\/logo\/image\/\"},\"sameAs\":[\"https:\/\/fb.com\/noticiasdefato.jornal\",\"https:\/\/x.com\/noticiasdefato_\",\"https:\/\/instagram.com\/noticiasdefato.jornal\",\"https:\/\/youtube.com\/@JornalNoticiasDeFato\"]},{\"@type\":\"Person\",\"@id\":\"https:\/\/noticiasdefato.net\/#\/schema\/person\/982ce60211d95acf059cd702aa260d08\",\"name\":\"Noticias de Fato\",\"image\":{\"@type\":\"ImageObject\",\"inLanguage\":\"pt-BR\",\"@id\":\"https:\/\/noticiasdefato.net\/#\/schema\/person\/image\/\",\"url\":\"https:\/\/secure.gravatar.com\/avatar\/700227fab2316f0366a1b5d4988d10f847249cf13293450527ac9553c994611a?s=96&d=mm&r=g\",\"contentUrl\":\"https:\/\/secure.gravatar.com\/avatar\/700227fab2316f0366a1b5d4988d10f847249cf13293450527ac9553c994611a?s=96&d=mm&r=g\",\"caption\":\"Noticias de Fato\"},\"sameAs\":[\"https:\/\/noticiasdefato.net\",\"http:\/\/fb.com\/\/noticiasdefato.jornal\",\"https:\/\/x.com\/https:\/\/twitter.com\/NoticiasDeFato_\"],\"url\":\"https:\/\/noticiasdefato.net\/?author=1\"}]}<\/script>\n<!-- \/ Yoast SEO plugin. -->","yoast_head_json":{"title":"CARMO DO RIO CLARO: JUSTI\u00c7A DETERMINA DEMISS\u00d5ES NA PREFEITURA - Not\u00edcias de Fato","description":"A Prefeitura Municipal aguarda notifica\u00e7\u00e3o oficial para apresentar recurso.","robots":{"index":"index","follow":"follow","max-snippet":"max-snippet:-1","max-image-preview":"max-image-preview:large","max-video-preview":"max-video-preview:-1"},"canonical":"https:\/\/noticiasdefato.net\/?p=2120","og_locale":"pt_BR","og_type":"article","og_title":"CARMO DO RIO CLARO: JUSTI\u00c7A DETERMINA DEMISS\u00d5ES NA PREFEITURA - Not\u00edcias de Fato","og_description":"A Prefeitura Municipal aguarda notifica\u00e7\u00e3o oficial para apresentar recurso.","og_url":"https:\/\/noticiasdefato.net\/?p=2120","og_site_name":"Not\u00edcias de Fato","article_publisher":"https:\/\/fb.com\/noticiasdefato.jornal","article_author":"http:\/\/fb.com\/\/noticiasdefato.jornal","article_published_time":"2024-11-07T16:21:04+00:00","article_modified_time":"2024-11-07T16:21:05+00:00","og_image":[{"width":768,"height":432,"url":"https:\/\/noticiasdefato.net\/wp-content\/uploads\/2024\/11\/Imagem-do-WhatsApp-de-2024-11-06-as-23.04.48_a3325c0c.jpg","type":"image\/jpeg"}],"author":"Noticias de Fato","twitter_card":"summary_large_image","twitter_creator":"@https:\/\/twitter.com\/NoticiasDeFato_","twitter_site":"@noticiasdefato_","twitter_misc":{"Escrito por":"Noticias de Fato","Est. tempo de leitura":"2 minutos"},"schema":{"@context":"https:\/\/schema.org","@graph":[{"@type":"Article","@id":"https:\/\/noticiasdefato.net\/?p=2120#article","isPartOf":{"@id":"https:\/\/noticiasdefato.net\/?p=2120"},"author":{"name":"Noticias de Fato","@id":"https:\/\/noticiasdefato.net\/#\/schema\/person\/982ce60211d95acf059cd702aa260d08"},"headline":"CARMO DO RIO CLARO: JUSTI\u00c7A DETERMINA DEMISS\u00d5ES NA PREFEITURA","datePublished":"2024-11-07T16:21:04+00:00","dateModified":"2024-11-07T16:21:05+00:00","mainEntityOfPage":{"@id":"https:\/\/noticiasdefato.net\/?p=2120"},"wordCount":336,"commentCount":0,"publisher":{"@id":"https:\/\/noticiasdefato.net\/#organization"},"image":{"@id":"https:\/\/noticiasdefato.net\/?p=2120#primaryimage"},"thumbnailUrl":"https:\/\/noticiasdefato.net\/wp-content\/uploads\/2024\/11\/Imagem-do-WhatsApp-de-2024-11-06-as-23.04.48_a3325c0c.jpg","articleSection":["Pol\u00edtica"],"inLanguage":"pt-BR","potentialAction":[{"@type":"CommentAction","name":"Comment","target":["https:\/\/noticiasdefato.net\/?p=2120#respond"]}]},{"@type":"WebPage","@id":"https:\/\/noticiasdefato.net\/?p=2120","url":"https:\/\/noticiasdefato.net\/?p=2120","name":"CARMO DO RIO CLARO: JUSTI\u00c7A DETERMINA DEMISS\u00d5ES NA PREFEITURA - Not\u00edcias de Fato","isPartOf":{"@id":"https:\/\/noticiasdefato.net\/#website"},"primaryImageOfPage":{"@id":"https:\/\/noticiasdefato.net\/?p=2120#primaryimage"},"image":{"@id":"https:\/\/noticiasdefato.net\/?p=2120#primaryimage"},"thumbnailUrl":"https:\/\/noticiasdefato.net\/wp-content\/uploads\/2024\/11\/Imagem-do-WhatsApp-de-2024-11-06-as-23.04.48_a3325c0c.jpg","datePublished":"2024-11-07T16:21:04+00:00","dateModified":"2024-11-07T16:21:05+00:00","description":"A Prefeitura Municipal aguarda notifica\u00e7\u00e3o oficial para apresentar recurso.","breadcrumb":{"@id":"https:\/\/noticiasdefato.net\/?p=2120#breadcrumb"},"inLanguage":"pt-BR","potentialAction":[{"@type":"ReadAction","target":["https:\/\/noticiasdefato.net\/?p=2120"]}]},{"@type":"ImageObject","inLanguage":"pt-BR","@id":"https:\/\/noticiasdefato.net\/?p=2120#primaryimage","url":"https:\/\/noticiasdefato.net\/wp-content\/uploads\/2024\/11\/Imagem-do-WhatsApp-de-2024-11-06-as-23.04.48_a3325c0c.jpg","contentUrl":"https:\/\/noticiasdefato.net\/wp-content\/uploads\/2024\/11\/Imagem-do-WhatsApp-de-2024-11-06-as-23.04.48_a3325c0c.jpg","width":768,"height":432},{"@type":"BreadcrumbList","@id":"https:\/\/noticiasdefato.net\/?p=2120#breadcrumb","itemListElement":[{"@type":"ListItem","position":1,"name":"In\u00edcio","item":"https:\/\/noticiasdefato.net\/"},{"@type":"ListItem","position":2,"name":"CARMO DO RIO CLARO: JUSTI\u00c7A DETERMINA DEMISS\u00d5ES NA PREFEITURA"}]},{"@type":"WebSite","@id":"https:\/\/noticiasdefato.net\/#website","url":"https:\/\/noticiasdefato.net\/","name":"Not\u00edcias de Fato","description":"Trabalhamos com honestidade, seriedade e com a verdade.","publisher":{"@id":"https:\/\/noticiasdefato.net\/#organization"},"potentialAction":[{"@type":"SearchAction","target":{"@type":"EntryPoint","urlTemplate":"https:\/\/noticiasdefato.net\/?s={search_term_string}"},"query-input":"required name=search_term_string"}],"inLanguage":"pt-BR"},{"@type":"Organization","@id":"https:\/\/noticiasdefato.net\/#organization","name":"Not\u00edcias de Fato","url":"https:\/\/noticiasdefato.net\/","logo":{"@type":"ImageObject","inLanguage":"pt-BR","@id":"https:\/\/noticiasdefato.net\/#\/schema\/logo\/image\/","url":"https:\/\/noticiasdefato.net\/wp-content\/uploads\/2024\/02\/cropped-logo_topo.png","contentUrl":"https:\/\/noticiasdefato.net\/wp-content\/uploads\/2024\/02\/cropped-logo_topo.png","width":1948,"height":665,"caption":"Not\u00edcias de Fato"},"image":{"@id":"https:\/\/noticiasdefato.net\/#\/schema\/logo\/image\/"},"sameAs":["https:\/\/fb.com\/noticiasdefato.jornal","https:\/\/x.com\/noticiasdefato_","https:\/\/instagram.com\/noticiasdefato.jornal","https:\/\/youtube.com\/@JornalNoticiasDeFato"]},{"@type":"Person","@id":"https:\/\/noticiasdefato.net\/#\/schema\/person\/982ce60211d95acf059cd702aa260d08","name":"Noticias de Fato","image":{"@type":"ImageObject","inLanguage":"pt-BR","@id":"https:\/\/noticiasdefato.net\/#\/schema\/person\/image\/","url":"https:\/\/secure.gravatar.com\/avatar\/700227fab2316f0366a1b5d4988d10f847249cf13293450527ac9553c994611a?s=96&d=mm&r=g","contentUrl":"https:\/\/secure.gravatar.com\/avatar\/700227fab2316f0366a1b5d4988d10f847249cf13293450527ac9553c994611a?s=96&d=mm&r=g","caption":"Noticias de Fato"},"sameAs":["https:\/\/noticiasdefato.net","http:\/\/fb.com\/\/noticiasdefato.jornal","https:\/\/x.com\/https:\/\/twitter.com\/NoticiasDeFato_"],"url":"https:\/\/noticiasdefato.net\/?author=1"}]}},"_links":{"self":[{"href":"https:\/\/noticiasdefato.net\/index.php?rest_route=\/wp\/v2\/posts\/2120","targetHints":{"allow":["GET"]}}],"collection":[{"href":"https:\/\/noticiasdefato.net\/index.php?rest_route=\/wp\/v2\/posts"}],"about":[{"href":"https:\/\/noticiasdefato.net\/index.php?rest_route=\/wp\/v2\/types\/post"}],"author":[{"embeddable":true,"href":"https:\/\/noticiasdefato.net\/index.php?rest_route=\/wp\/v2\/users\/1"}],"replies":[{"embeddable":true,"href":"https:\/\/noticiasdefato.net\/index.php?rest_route=%2Fwp%2Fv2%2Fcomments&post=2120"}],"version-history":[{"count":1,"href":"https:\/\/noticiasdefato.net\/index.php?rest_route=\/wp\/v2\/posts\/2120\/revisions"}],"predecessor-version":[{"id":2122,"href":"https:\/\/noticiasdefato.net\/index.php?rest_route=\/wp\/v2\/posts\/2120\/revisions\/2122"}],"wp:featuredmedia":[{"embeddable":true,"href":"https:\/\/noticiasdefato.net\/index.php?rest_route=\/wp\/v2\/media\/2121"}],"wp:attachment":[{"href":"https:\/\/noticiasdefato.net\/index.php?rest_route=%2Fwp%2Fv2%2Fmedia&parent=2120"}],"wp:term":[{"taxonomy":"category","embeddable":true,"href":"https:\/\/noticiasdefato.net\/index.php?rest_route=%2Fwp%2Fv2%2Fcategories&post=2120"},{"taxonomy":"post_tag","embeddable":true,"href":"https:\/\/noticiasdefato.net\/index.php?rest_route=%2Fwp%2Fv2%2Ftags&post=2120"}],"curies":[{"name":"wp","href":"https:\/\/api.w.org\/{rel}","templated":true}]}}