{"id":2129,"date":"2024-11-14T08:19:12","date_gmt":"2024-11-14T11:19:12","guid":{"rendered":"https:\/\/noticiasdefato.net\/?p=2129"},"modified":"2024-12-19T14:56:28","modified_gmt":"2024-12-19T17:56:28","slug":"pcmg-prende-27-pessoas-no-sul-de-minas","status":"publish","type":"post","link":"https:\/\/noticiasdefato.net\/?p=2129","title":{"rendered":"PCMG PRENDE 27 PESSOAS NO SUL DE MINAS"},"content":{"rendered":"\n<p><em>Drogas eram armazenadas em embalagens estilizadas de marcas famosas. Um laborat\u00f3rio de drogas foi apreendido durante a Opera\u00e7\u00e3o em Po\u00e7os de Caldas.<\/em><\/p>\n\n\n\n<p>Na manh\u00e3 de quarta-feira (13\/11), a Pol\u00edcia Civil MG realizou a opera\u00e7\u00e3o El Patr\u00f3n, em combate ao tr\u00e1fico de drogas e lavagem de dinheiro em Po\u00e7os de Caldas, regi\u00e3o Sul do estado. A a\u00e7\u00e3o tamb\u00e9m aconteceu nas cidades de Osasco, Mogi Gua\u00e7u e S\u00e3o Jos\u00e9 do Rio Pardo, no estado de S\u00e3o Paulo. 27 pessoas foram presas.<\/p>\n\n\n\n<p>A opera\u00e7\u00e3o \u00e9 o desdobramento de uma investiga\u00e7\u00e3o criminal que teve in\u00edcio em mar\u00e7o de 2023, pela Delegacia Regional em Po\u00e7os de Caldas, por meio da Ag\u00eancia de Intelig\u00eancia Policial, sobre um esquema de tr\u00e1fico de drogas na cidade, operado de forma sofisticada por meio de redes sociais, especialmente aplicativo de troca de mensagens.<\/p>\n\n\n\n<figure class=\"wp-block-image size-full wp-container-content-69bc4bdf\"><img fetchpriority=\"high\" decoding=\"async\" width=\"984\" height=\"677\" src=\"https:\/\/noticiasdefato.net\/wp-content\/uploads\/2024\/11\/Imagem-do-WhatsApp-de-2024-11-14-as-07.44.06_050d0a78.jpg\" alt=\"\" class=\"wp-image-2132\" srcset=\"https:\/\/noticiasdefato.net\/wp-content\/uploads\/2024\/11\/Imagem-do-WhatsApp-de-2024-11-14-as-07.44.06_050d0a78.jpg 984w, https:\/\/noticiasdefato.net\/wp-content\/uploads\/2024\/11\/Imagem-do-WhatsApp-de-2024-11-14-as-07.44.06_050d0a78-300x206.jpg 300w, https:\/\/noticiasdefato.net\/wp-content\/uploads\/2024\/11\/Imagem-do-WhatsApp-de-2024-11-14-as-07.44.06_050d0a78-768x528.jpg 768w, https:\/\/noticiasdefato.net\/wp-content\/uploads\/2024\/11\/Imagem-do-WhatsApp-de-2024-11-14-as-07.44.06_050d0a78-131x90.jpg 131w\" sizes=\"(max-width: 984px) 100vw, 984px\" \/><\/figure>\n\n\n\n<p>\u201cNesses grupos, eram divulgados card\u00e1pios de entorpecentes com pre\u00e7os e detalhes sobre as entregas, que eram realizadas por motoboys em embalagens personalizadas. O pagamento era feito via Pix\u201d, revelou o delegado respons\u00e1vel, Cleyson Brene.<\/p>\n\n\n\n<div class=\"wp-block-group is-vertical is-layout-flex wp-container-core-group-is-layout-8cf370e7 wp-block-group-is-layout-flex\">\n<figure class=\"wp-block-image size-full\"><img decoding=\"async\" width=\"984\" height=\"616\" src=\"https:\/\/noticiasdefato.net\/wp-content\/uploads\/2024\/11\/Imagem-do-WhatsApp-de-2024-11-14-as-07.44.06_0884d19c.jpg\" alt=\"\" class=\"wp-image-2133\" srcset=\"https:\/\/noticiasdefato.net\/wp-content\/uploads\/2024\/11\/Imagem-do-WhatsApp-de-2024-11-14-as-07.44.06_0884d19c.jpg 984w, https:\/\/noticiasdefato.net\/wp-content\/uploads\/2024\/11\/Imagem-do-WhatsApp-de-2024-11-14-as-07.44.06_0884d19c-300x188.jpg 300w, https:\/\/noticiasdefato.net\/wp-content\/uploads\/2024\/11\/Imagem-do-WhatsApp-de-2024-11-14-as-07.44.06_0884d19c-768x481.jpg 768w, https:\/\/noticiasdefato.net\/wp-content\/uploads\/2024\/11\/Imagem-do-WhatsApp-de-2024-11-14-as-07.44.06_0884d19c-144x90.jpg 144w\" sizes=\"(max-width: 984px) 100vw, 984px\" \/><\/figure>\n\n\n\n<figure class=\"wp-block-image size-full\"><img decoding=\"async\" width=\"984\" height=\"572\" src=\"https:\/\/noticiasdefato.net\/wp-content\/uploads\/2024\/11\/Imagem-do-WhatsApp-de-2024-11-14-as-07.44.04_e72b0dc0.jpg\" alt=\"\" class=\"wp-image-2134\" srcset=\"https:\/\/noticiasdefato.net\/wp-content\/uploads\/2024\/11\/Imagem-do-WhatsApp-de-2024-11-14-as-07.44.04_e72b0dc0.jpg 984w, https:\/\/noticiasdefato.net\/wp-content\/uploads\/2024\/11\/Imagem-do-WhatsApp-de-2024-11-14-as-07.44.04_e72b0dc0-300x174.jpg 300w, https:\/\/noticiasdefato.net\/wp-content\/uploads\/2024\/11\/Imagem-do-WhatsApp-de-2024-11-14-as-07.44.04_e72b0dc0-768x446.jpg 768w, https:\/\/noticiasdefato.net\/wp-content\/uploads\/2024\/11\/Imagem-do-WhatsApp-de-2024-11-14-as-07.44.04_e72b0dc0-155x90.jpg 155w\" sizes=\"(max-width: 984px) 100vw, 984px\" \/><figcaption class=\"wp-element-caption\">Droga era armazenada em embalagens estilizadas de marcas famosas \u2014 Foto: Pol\u00edcia Civil\u00a0de\u00a0Minas\u00a0Gerais<\/figcaption><\/figure>\n\n\n\n<div class=\"wp-block-columns is-layout-flex wp-container-core-columns-is-layout-9d6595d7 wp-block-columns-is-layout-flex\"><\/div>\n<\/div>\n\n\n\n<p><\/p>\n\n\n\n<p>A investiga\u00e7\u00e3o teve in\u00edcio com pris\u00f5es em flagrante relacionadas com o tr\u00e1fico, o que possibilitou a an\u00e1lise minuciosa de aparelhos celulares apreendidos e a quebra de sigilo telem\u00e1tico, autorizada pela Justi\u00e7a.<\/p>\n\n\n\n<p>Com base em dados de fontes abertas, sistemas policiais e informa\u00e7\u00f5es sigilosas, a PCMG identificou ind\u00edcios de lavagem de dinheiro. Transa\u00e7\u00f5es financeiras de mais de R$ 500 mil mensais em uma das contas investigadas foram detectadas, al\u00e9m de movimenta\u00e7\u00f5es que ultrapassaram a cifra de R$ 2 milh\u00f5es, no per\u00edodo de seis meses.<\/p>\n\n\n\n<p>\u201cConforme apuramos, esses valores eram utilizados em transfer\u00eancias para contas de laranjas e empresas fict\u00edcias em diversos estados, como Rio de Janeiro e Amazonas\u201d, informa Brene.<\/p>\n\n\n\n<p><strong>PRIS\u00d5ES E APREENS\u00d5ES<\/strong><\/p>\n\n\n\n<p>Como resultado do cumprimento de mandados judiciais, 27 pessoas foram presas, sendo 21 delas em flagrante por envolvimento no tr\u00e1fico de drogas. O principal alvo da opera\u00e7\u00e3o foi preso pela equipe da Coordena\u00e7\u00e3o de Recursos Especiais (Core) da PCMG em Mogi Gua\u00e7u (SP).<\/p>\n\n\n\n<p>Al\u00e9m disso, foram apreendidos grande quantidade de entorpecentes, equipamentos eletr\u00f4nicos, ve\u00edculos de luxo (como caminhonetes) e mais de R$ 20 mil em dinheiro. As apreens\u00f5es ocorreram ap\u00f3s o cumprimento de 72 mandados de busca em Po\u00e7os de Caldas e nas cidades paulistas de Osasco, Mogi Gua\u00e7u e S\u00e3o Jos\u00e9 do Rio Pardo.<\/p>\n\n\n\n<figure class=\"wp-block-image size-full\"><img loading=\"lazy\" decoding=\"async\" width=\"984\" height=\"569\" src=\"https:\/\/noticiasdefato.net\/wp-content\/uploads\/2024\/11\/Imagem-do-WhatsApp-de-2024-11-14-as-07.44.05_0e9347f7.jpg\" alt=\"\" class=\"wp-image-2135\" srcset=\"https:\/\/noticiasdefato.net\/wp-content\/uploads\/2024\/11\/Imagem-do-WhatsApp-de-2024-11-14-as-07.44.05_0e9347f7.jpg 984w, https:\/\/noticiasdefato.net\/wp-content\/uploads\/2024\/11\/Imagem-do-WhatsApp-de-2024-11-14-as-07.44.05_0e9347f7-300x173.jpg 300w, https:\/\/noticiasdefato.net\/wp-content\/uploads\/2024\/11\/Imagem-do-WhatsApp-de-2024-11-14-as-07.44.05_0e9347f7-768x444.jpg 768w, https:\/\/noticiasdefato.net\/wp-content\/uploads\/2024\/11\/Imagem-do-WhatsApp-de-2024-11-14-as-07.44.05_0e9347f7-156x90.jpg 156w\" sizes=\"(max-width: 984px) 100vw, 984px\" \/><\/figure>\n\n\n\n<p><strong>EL PATR\u00d3N<\/strong><\/p>\n\n\n\n<p>A opera\u00e7\u00e3o recebeu o nome de El Patr\u00f3n com base no perfil utilizado pelo grupo criminoso nas redes sociais, que modificava frequentemente os dados de contato para dificultar a identifica\u00e7\u00e3o.<\/p>\n\n\n\n<p>Conforme adiantou o chefe do 18\u00ba Departamento de Pol\u00edcia Civil em Po\u00e7os de Caldas, delegado-geral Marcos Pimenta, a PCMG continua as investiga\u00e7\u00f5es para identificar outros envolvidos e desmantelar toda a estrutura do grupo criminoso. \u201cA pris\u00e3o tempor\u00e1ria dos suspeitos ser\u00e1 analisada conforme o andamento do caso. O n\u00famero total de pris\u00f5es e apreens\u00f5es ser\u00e1 atualizado conforme o progresso da opera\u00e7\u00e3o\u201d, disse.<\/p>\n\n\n\n<p>A a\u00e7\u00e3o contou com o empenho de mais de 200 policiais, com apoio do 6\u00ba e do 17\u00ba Departamento da PCMG, incluindo a colabora\u00e7\u00e3o da Core, da Coordena\u00e7\u00e3o Aerot\u00e1tica (CAT) e da Coordena\u00e7\u00e3o de Opera\u00e7\u00f5es com C\u00e3es (COC), al\u00e9m da Pol\u00edcia Civil do Estado de S\u00e3o Paulo (PCESP).<\/p>\n\n\n<div class=\"wp-block-image\">\n<figure class=\"aligncenter size-full\"><img loading=\"lazy\" decoding=\"async\" width=\"800\" height=\"630\" src=\"https:\/\/noticiasdefato.net\/wp-content\/uploads\/2024\/11\/Imagem-do-WhatsApp-de-2024-11-14-as-07.44.04_24831ae0.jpg\" alt=\"\" class=\"wp-image-2131\" srcset=\"https:\/\/noticiasdefato.net\/wp-content\/uploads\/2024\/11\/Imagem-do-WhatsApp-de-2024-11-14-as-07.44.04_24831ae0.jpg 800w, https:\/\/noticiasdefato.net\/wp-content\/uploads\/2024\/11\/Imagem-do-WhatsApp-de-2024-11-14-as-07.44.04_24831ae0-300x236.jpg 300w, https:\/\/noticiasdefato.net\/wp-content\/uploads\/2024\/11\/Imagem-do-WhatsApp-de-2024-11-14-as-07.44.04_24831ae0-768x605.jpg 768w, https:\/\/noticiasdefato.net\/wp-content\/uploads\/2024\/11\/Imagem-do-WhatsApp-de-2024-11-14-as-07.44.04_24831ae0-114x90.jpg 114w\" sizes=\"(max-width: 800px) 100vw, 800px\" \/><\/figure>\n<\/div>\n\n\n<p><strong>Por: <\/strong>Policia Civil MG- PCMG<br><strong>Foto: <\/strong>Pol\u00edcia Civil\u00a0de\u00a0Minas\u00a0Gerais<\/p>\n","protected":false},"excerpt":{"rendered":"<p>Drogas eram armazenadas em embalagens estilizadas de marcas famosas. Um laborat\u00f3rio de drogas foi apreendido durante a Opera\u00e7\u00e3o em Po\u00e7os de Caldas. <a href=\"https:\/\/noticiasdefato.net\/?p=2129\" class=\"more-link\">Continuar lendo <span class=\"screen-reader-text\">PCMG PRENDE 27 PESSOAS NO SUL DE MINAS<\/span><\/a><\/p>\n","protected":false},"author":1,"featured_media":2130,"comment_status":"open","ping_status":"open","sticky":false,"template":"","format":"standard","meta":{"footnotes":""},"categories":[25],"tags":[],"class_list":["post-2129","post","type-post","status-publish","format-standard","has-post-thumbnail","hentry","category-policial"],"yoast_head":"<!-- This site is optimized with the Yoast SEO plugin v23.2 - https:\/\/yoast.com\/wordpress\/plugins\/seo\/ -->\n<title>PCMG PRENDE 27 PESSOAS NO SUL DE MINAS - Not\u00edcias de Fato<\/title>\n<meta name=\"description\" content=\"Drogas eram armazenadas em embalagens estilizadas de marcas famosas. Um laborat\u00f3rio de drogas foi apreendido durante a Opera\u00e7\u00e3o em Po\u00e7os de Caldas.\" \/>\n<meta name=\"robots\" content=\"index, follow, max-snippet:-1, max-image-preview:large, max-video-preview:-1\" \/>\n<link rel=\"canonical\" href=\"https:\/\/noticiasdefato.net\/?p=2129\" \/>\n<meta property=\"og:locale\" content=\"pt_BR\" \/>\n<meta property=\"og:type\" content=\"article\" \/>\n<meta property=\"og:title\" content=\"PCMG PRENDE 27 PESSOAS NO SUL DE MINAS - Not\u00edcias de Fato\" \/>\n<meta property=\"og:description\" content=\"Drogas eram armazenadas em embalagens estilizadas de marcas famosas. Um laborat\u00f3rio de drogas foi apreendido durante a Opera\u00e7\u00e3o em Po\u00e7os de Caldas.\" \/>\n<meta property=\"og:url\" content=\"https:\/\/noticiasdefato.net\/?p=2129\" \/>\n<meta property=\"og:site_name\" content=\"Not\u00edcias de Fato\" \/>\n<meta property=\"article:publisher\" content=\"https:\/\/fb.com\/noticiasdefato.jornal\" \/>\n<meta property=\"article:author\" content=\"http:\/\/fb.com\/\/noticiasdefato.jornal\" \/>\n<meta property=\"article:published_time\" content=\"2024-11-14T11:19:12+00:00\" \/>\n<meta property=\"article:modified_time\" content=\"2024-12-19T17:56:28+00:00\" \/>\n<meta property=\"og:image\" content=\"https:\/\/noticiasdefato.net\/wp-content\/uploads\/2024\/11\/Imagem-do-WhatsApp-de-2024-11-14-as-07.44.04_58c4cc83.jpg\" \/>\n\t<meta property=\"og:image:width\" content=\"984\" \/>\n\t<meta property=\"og:image:height\" content=\"616\" \/>\n\t<meta property=\"og:image:type\" content=\"image\/jpeg\" \/>\n<meta name=\"author\" content=\"Noticias de Fato\" \/>\n<meta name=\"twitter:card\" content=\"summary_large_image\" \/>\n<meta name=\"twitter:creator\" content=\"@https:\/\/twitter.com\/NoticiasDeFato_\" \/>\n<meta name=\"twitter:site\" content=\"@noticiasdefato_\" \/>\n<meta name=\"twitter:label1\" content=\"Escrito por\" \/>\n\t<meta name=\"twitter:data1\" content=\"Noticias de Fato\" \/>\n\t<meta name=\"twitter:label2\" content=\"Est. tempo de leitura\" \/>\n\t<meta name=\"twitter:data2\" content=\"5 minutos\" \/>\n<script type=\"application\/ld+json\" class=\"yoast-schema-graph\">{\"@context\":\"https:\/\/schema.org\",\"@graph\":[{\"@type\":\"Article\",\"@id\":\"https:\/\/noticiasdefato.net\/?p=2129#article\",\"isPartOf\":{\"@id\":\"https:\/\/noticiasdefato.net\/?p=2129\"},\"author\":{\"name\":\"Noticias de Fato\",\"@id\":\"https:\/\/noticiasdefato.net\/#\/schema\/person\/982ce60211d95acf059cd702aa260d08\"},\"headline\":\"PCMG PRENDE 27 PESSOAS NO SUL DE MINAS\",\"datePublished\":\"2024-11-14T11:19:12+00:00\",\"dateModified\":\"2024-12-19T17:56:28+00:00\",\"mainEntityOfPage\":{\"@id\":\"https:\/\/noticiasdefato.net\/?p=2129\"},\"wordCount\":614,\"commentCount\":0,\"publisher\":{\"@id\":\"https:\/\/noticiasdefato.net\/#organization\"},\"image\":{\"@id\":\"https:\/\/noticiasdefato.net\/?p=2129#primaryimage\"},\"thumbnailUrl\":\"https:\/\/noticiasdefato.net\/wp-content\/uploads\/2024\/11\/Imagem-do-WhatsApp-de-2024-11-14-as-07.44.04_58c4cc83.jpg\",\"articleSection\":[\"Policial\"],\"inLanguage\":\"pt-BR\",\"potentialAction\":[{\"@type\":\"CommentAction\",\"name\":\"Comment\",\"target\":[\"https:\/\/noticiasdefato.net\/?p=2129#respond\"]}]},{\"@type\":\"WebPage\",\"@id\":\"https:\/\/noticiasdefato.net\/?p=2129\",\"url\":\"https:\/\/noticiasdefato.net\/?p=2129\",\"name\":\"PCMG PRENDE 27 PESSOAS NO SUL DE MINAS - Not\u00edcias de Fato\",\"isPartOf\":{\"@id\":\"https:\/\/noticiasdefato.net\/#website\"},\"primaryImageOfPage\":{\"@id\":\"https:\/\/noticiasdefato.net\/?p=2129#primaryimage\"},\"image\":{\"@id\":\"https:\/\/noticiasdefato.net\/?p=2129#primaryimage\"},\"thumbnailUrl\":\"https:\/\/noticiasdefato.net\/wp-content\/uploads\/2024\/11\/Imagem-do-WhatsApp-de-2024-11-14-as-07.44.04_58c4cc83.jpg\",\"datePublished\":\"2024-11-14T11:19:12+00:00\",\"dateModified\":\"2024-12-19T17:56:28+00:00\",\"description\":\"Drogas eram armazenadas em embalagens estilizadas de marcas famosas. Um laborat\u00f3rio de drogas foi apreendido durante a Opera\u00e7\u00e3o em Po\u00e7os de Caldas.\",\"breadcrumb\":{\"@id\":\"https:\/\/noticiasdefato.net\/?p=2129#breadcrumb\"},\"inLanguage\":\"pt-BR\",\"potentialAction\":[{\"@type\":\"ReadAction\",\"target\":[\"https:\/\/noticiasdefato.net\/?p=2129\"]}]},{\"@type\":\"ImageObject\",\"inLanguage\":\"pt-BR\",\"@id\":\"https:\/\/noticiasdefato.net\/?p=2129#primaryimage\",\"url\":\"https:\/\/noticiasdefato.net\/wp-content\/uploads\/2024\/11\/Imagem-do-WhatsApp-de-2024-11-14-as-07.44.04_58c4cc83.jpg\",\"contentUrl\":\"https:\/\/noticiasdefato.net\/wp-content\/uploads\/2024\/11\/Imagem-do-WhatsApp-de-2024-11-14-as-07.44.04_58c4cc83.jpg\",\"width\":984,\"height\":616},{\"@type\":\"BreadcrumbList\",\"@id\":\"https:\/\/noticiasdefato.net\/?p=2129#breadcrumb\",\"itemListElement\":[{\"@type\":\"ListItem\",\"position\":1,\"name\":\"In\u00edcio\",\"item\":\"https:\/\/noticiasdefato.net\/\"},{\"@type\":\"ListItem\",\"position\":2,\"name\":\"PCMG PRENDE 27 PESSOAS NO SUL DE MINAS\"}]},{\"@type\":\"WebSite\",\"@id\":\"https:\/\/noticiasdefato.net\/#website\",\"url\":\"https:\/\/noticiasdefato.net\/\",\"name\":\"Not\u00edcias de Fato\",\"description\":\"Trabalhamos com honestidade, seriedade e com a verdade.\",\"publisher\":{\"@id\":\"https:\/\/noticiasdefato.net\/#organization\"},\"potentialAction\":[{\"@type\":\"SearchAction\",\"target\":{\"@type\":\"EntryPoint\",\"urlTemplate\":\"https:\/\/noticiasdefato.net\/?s={search_term_string}\"},\"query-input\":\"required name=search_term_string\"}],\"inLanguage\":\"pt-BR\"},{\"@type\":\"Organization\",\"@id\":\"https:\/\/noticiasdefato.net\/#organization\",\"name\":\"Not\u00edcias de Fato\",\"url\":\"https:\/\/noticiasdefato.net\/\",\"logo\":{\"@type\":\"ImageObject\",\"inLanguage\":\"pt-BR\",\"@id\":\"https:\/\/noticiasdefato.net\/#\/schema\/logo\/image\/\",\"url\":\"https:\/\/noticiasdefato.net\/wp-content\/uploads\/2024\/02\/cropped-logo_topo.png\",\"contentUrl\":\"https:\/\/noticiasdefato.net\/wp-content\/uploads\/2024\/02\/cropped-logo_topo.png\",\"width\":1948,\"height\":665,\"caption\":\"Not\u00edcias de Fato\"},\"image\":{\"@id\":\"https:\/\/noticiasdefato.net\/#\/schema\/logo\/image\/\"},\"sameAs\":[\"https:\/\/fb.com\/noticiasdefato.jornal\",\"https:\/\/x.com\/noticiasdefato_\",\"https:\/\/instagram.com\/noticiasdefato.jornal\",\"https:\/\/youtube.com\/@JornalNoticiasDeFato\"]},{\"@type\":\"Person\",\"@id\":\"https:\/\/noticiasdefato.net\/#\/schema\/person\/982ce60211d95acf059cd702aa260d08\",\"name\":\"Noticias de Fato\",\"image\":{\"@type\":\"ImageObject\",\"inLanguage\":\"pt-BR\",\"@id\":\"https:\/\/noticiasdefato.net\/#\/schema\/person\/image\/\",\"url\":\"https:\/\/secure.gravatar.com\/avatar\/700227fab2316f0366a1b5d4988d10f847249cf13293450527ac9553c994611a?s=96&d=mm&r=g\",\"contentUrl\":\"https:\/\/secure.gravatar.com\/avatar\/700227fab2316f0366a1b5d4988d10f847249cf13293450527ac9553c994611a?s=96&d=mm&r=g\",\"caption\":\"Noticias de Fato\"},\"sameAs\":[\"https:\/\/noticiasdefato.net\",\"http:\/\/fb.com\/\/noticiasdefato.jornal\",\"https:\/\/x.com\/https:\/\/twitter.com\/NoticiasDeFato_\"],\"url\":\"https:\/\/noticiasdefato.net\/?author=1\"}]}<\/script>\n<!-- \/ Yoast SEO plugin. -->","yoast_head_json":{"title":"PCMG PRENDE 27 PESSOAS NO SUL DE MINAS - Not\u00edcias de Fato","description":"Drogas eram armazenadas em embalagens estilizadas de marcas famosas. Um laborat\u00f3rio de drogas foi apreendido durante a Opera\u00e7\u00e3o em Po\u00e7os de Caldas.","robots":{"index":"index","follow":"follow","max-snippet":"max-snippet:-1","max-image-preview":"max-image-preview:large","max-video-preview":"max-video-preview:-1"},"canonical":"https:\/\/noticiasdefato.net\/?p=2129","og_locale":"pt_BR","og_type":"article","og_title":"PCMG PRENDE 27 PESSOAS NO SUL DE MINAS - Not\u00edcias de Fato","og_description":"Drogas eram armazenadas em embalagens estilizadas de marcas famosas. Um laborat\u00f3rio de drogas foi apreendido durante a Opera\u00e7\u00e3o em Po\u00e7os de Caldas.","og_url":"https:\/\/noticiasdefato.net\/?p=2129","og_site_name":"Not\u00edcias de Fato","article_publisher":"https:\/\/fb.com\/noticiasdefato.jornal","article_author":"http:\/\/fb.com\/\/noticiasdefato.jornal","article_published_time":"2024-11-14T11:19:12+00:00","article_modified_time":"2024-12-19T17:56:28+00:00","og_image":[{"width":984,"height":616,"url":"https:\/\/noticiasdefato.net\/wp-content\/uploads\/2024\/11\/Imagem-do-WhatsApp-de-2024-11-14-as-07.44.04_58c4cc83.jpg","type":"image\/jpeg"}],"author":"Noticias de Fato","twitter_card":"summary_large_image","twitter_creator":"@https:\/\/twitter.com\/NoticiasDeFato_","twitter_site":"@noticiasdefato_","twitter_misc":{"Escrito por":"Noticias de Fato","Est. tempo de leitura":"5 minutos"},"schema":{"@context":"https:\/\/schema.org","@graph":[{"@type":"Article","@id":"https:\/\/noticiasdefato.net\/?p=2129#article","isPartOf":{"@id":"https:\/\/noticiasdefato.net\/?p=2129"},"author":{"name":"Noticias de Fato","@id":"https:\/\/noticiasdefato.net\/#\/schema\/person\/982ce60211d95acf059cd702aa260d08"},"headline":"PCMG PRENDE 27 PESSOAS NO SUL DE MINAS","datePublished":"2024-11-14T11:19:12+00:00","dateModified":"2024-12-19T17:56:28+00:00","mainEntityOfPage":{"@id":"https:\/\/noticiasdefato.net\/?p=2129"},"wordCount":614,"commentCount":0,"publisher":{"@id":"https:\/\/noticiasdefato.net\/#organization"},"image":{"@id":"https:\/\/noticiasdefato.net\/?p=2129#primaryimage"},"thumbnailUrl":"https:\/\/noticiasdefato.net\/wp-content\/uploads\/2024\/11\/Imagem-do-WhatsApp-de-2024-11-14-as-07.44.04_58c4cc83.jpg","articleSection":["Policial"],"inLanguage":"pt-BR","potentialAction":[{"@type":"CommentAction","name":"Comment","target":["https:\/\/noticiasdefato.net\/?p=2129#respond"]}]},{"@type":"WebPage","@id":"https:\/\/noticiasdefato.net\/?p=2129","url":"https:\/\/noticiasdefato.net\/?p=2129","name":"PCMG PRENDE 27 PESSOAS NO SUL DE MINAS - Not\u00edcias de Fato","isPartOf":{"@id":"https:\/\/noticiasdefato.net\/#website"},"primaryImageOfPage":{"@id":"https:\/\/noticiasdefato.net\/?p=2129#primaryimage"},"image":{"@id":"https:\/\/noticiasdefato.net\/?p=2129#primaryimage"},"thumbnailUrl":"https:\/\/noticiasdefato.net\/wp-content\/uploads\/2024\/11\/Imagem-do-WhatsApp-de-2024-11-14-as-07.44.04_58c4cc83.jpg","datePublished":"2024-11-14T11:19:12+00:00","dateModified":"2024-12-19T17:56:28+00:00","description":"Drogas eram armazenadas em embalagens estilizadas de marcas famosas. Um laborat\u00f3rio de drogas foi apreendido durante a Opera\u00e7\u00e3o em Po\u00e7os de Caldas.","breadcrumb":{"@id":"https:\/\/noticiasdefato.net\/?p=2129#breadcrumb"},"inLanguage":"pt-BR","potentialAction":[{"@type":"ReadAction","target":["https:\/\/noticiasdefato.net\/?p=2129"]}]},{"@type":"ImageObject","inLanguage":"pt-BR","@id":"https:\/\/noticiasdefato.net\/?p=2129#primaryimage","url":"https:\/\/noticiasdefato.net\/wp-content\/uploads\/2024\/11\/Imagem-do-WhatsApp-de-2024-11-14-as-07.44.04_58c4cc83.jpg","contentUrl":"https:\/\/noticiasdefato.net\/wp-content\/uploads\/2024\/11\/Imagem-do-WhatsApp-de-2024-11-14-as-07.44.04_58c4cc83.jpg","width":984,"height":616},{"@type":"BreadcrumbList","@id":"https:\/\/noticiasdefato.net\/?p=2129#breadcrumb","itemListElement":[{"@type":"ListItem","position":1,"name":"In\u00edcio","item":"https:\/\/noticiasdefato.net\/"},{"@type":"ListItem","position":2,"name":"PCMG PRENDE 27 PESSOAS NO SUL DE MINAS"}]},{"@type":"WebSite","@id":"https:\/\/noticiasdefato.net\/#website","url":"https:\/\/noticiasdefato.net\/","name":"Not\u00edcias de Fato","description":"Trabalhamos com honestidade, seriedade e com a verdade.","publisher":{"@id":"https:\/\/noticiasdefato.net\/#organization"},"potentialAction":[{"@type":"SearchAction","target":{"@type":"EntryPoint","urlTemplate":"https:\/\/noticiasdefato.net\/?s={search_term_string}"},"query-input":"required name=search_term_string"}],"inLanguage":"pt-BR"},{"@type":"Organization","@id":"https:\/\/noticiasdefato.net\/#organization","name":"Not\u00edcias de Fato","url":"https:\/\/noticiasdefato.net\/","logo":{"@type":"ImageObject","inLanguage":"pt-BR","@id":"https:\/\/noticiasdefato.net\/#\/schema\/logo\/image\/","url":"https:\/\/noticiasdefato.net\/wp-content\/uploads\/2024\/02\/cropped-logo_topo.png","contentUrl":"https:\/\/noticiasdefato.net\/wp-content\/uploads\/2024\/02\/cropped-logo_topo.png","width":1948,"height":665,"caption":"Not\u00edcias de Fato"},"image":{"@id":"https:\/\/noticiasdefato.net\/#\/schema\/logo\/image\/"},"sameAs":["https:\/\/fb.com\/noticiasdefato.jornal","https:\/\/x.com\/noticiasdefato_","https:\/\/instagram.com\/noticiasdefato.jornal","https:\/\/youtube.com\/@JornalNoticiasDeFato"]},{"@type":"Person","@id":"https:\/\/noticiasdefato.net\/#\/schema\/person\/982ce60211d95acf059cd702aa260d08","name":"Noticias de Fato","image":{"@type":"ImageObject","inLanguage":"pt-BR","@id":"https:\/\/noticiasdefato.net\/#\/schema\/person\/image\/","url":"https:\/\/secure.gravatar.com\/avatar\/700227fab2316f0366a1b5d4988d10f847249cf13293450527ac9553c994611a?s=96&d=mm&r=g","contentUrl":"https:\/\/secure.gravatar.com\/avatar\/700227fab2316f0366a1b5d4988d10f847249cf13293450527ac9553c994611a?s=96&d=mm&r=g","caption":"Noticias de Fato"},"sameAs":["https:\/\/noticiasdefato.net","http:\/\/fb.com\/\/noticiasdefato.jornal","https:\/\/x.com\/https:\/\/twitter.com\/NoticiasDeFato_"],"url":"https:\/\/noticiasdefato.net\/?author=1"}]}},"_links":{"self":[{"href":"https:\/\/noticiasdefato.net\/index.php?rest_route=\/wp\/v2\/posts\/2129","targetHints":{"allow":["GET"]}}],"collection":[{"href":"https:\/\/noticiasdefato.net\/index.php?rest_route=\/wp\/v2\/posts"}],"about":[{"href":"https:\/\/noticiasdefato.net\/index.php?rest_route=\/wp\/v2\/types\/post"}],"author":[{"embeddable":true,"href":"https:\/\/noticiasdefato.net\/index.php?rest_route=\/wp\/v2\/users\/1"}],"replies":[{"embeddable":true,"href":"https:\/\/noticiasdefato.net\/index.php?rest_route=%2Fwp%2Fv2%2Fcomments&post=2129"}],"version-history":[{"count":2,"href":"https:\/\/noticiasdefato.net\/index.php?rest_route=\/wp\/v2\/posts\/2129\/revisions"}],"predecessor-version":[{"id":2137,"href":"https:\/\/noticiasdefato.net\/index.php?rest_route=\/wp\/v2\/posts\/2129\/revisions\/2137"}],"wp:featuredmedia":[{"embeddable":true,"href":"https:\/\/noticiasdefato.net\/index.php?rest_route=\/wp\/v2\/media\/2130"}],"wp:attachment":[{"href":"https:\/\/noticiasdefato.net\/index.php?rest_route=%2Fwp%2Fv2%2Fmedia&parent=2129"}],"wp:term":[{"taxonomy":"category","embeddable":true,"href":"https:\/\/noticiasdefato.net\/index.php?rest_route=%2Fwp%2Fv2%2Fcategories&post=2129"},{"taxonomy":"post_tag","embeddable":true,"href":"https:\/\/noticiasdefato.net\/index.php?rest_route=%2Fwp%2Fv2%2Ftags&post=2129"}],"curies":[{"name":"wp","href":"https:\/\/api.w.org\/{rel}","templated":true}]}}