{"id":2140,"date":"2024-11-20T09:07:55","date_gmt":"2024-11-20T12:07:55","guid":{"rendered":"https:\/\/noticiasdefato.net\/?p=2140"},"modified":"2024-12-19T14:56:32","modified_gmt":"2024-12-19T17:56:32","slug":"alfenas-debatera-a-sustentabilidade-no-lago-de-furnas","status":"publish","type":"post","link":"https:\/\/noticiasdefato.net\/?p=2140","title":{"rendered":"ALFENAS DEBATER\u00c1 A SUSTENTABILIDADE NO LAGO DE FURNAS"},"content":{"rendered":"\n<p><em>Evento ocorrer\u00e1 no dia 21\/11, a partir das 08h, no Audit\u00f3rio Le\u00e3o de Faria, UNIFAL-MG, Alfenas.<\/em><\/p>\n\n\n\n<p>O Circuito Tur\u00edstico do Lago de Furnas e o Comit\u00ea da Bacia Hidrogr\u00e1fica do Lago de Furnas promovem, nesta quinta-feira, 21, em Alfenas, o encontro Sustentabilidade em Foco, com o tema \u201cDi\u00e1logos para um Futuro Verde no Entorno do Lago de Furnas\u201d. O objetivo \u00e9 debater o futuro ambiental dos munic\u00edpios pr\u00f3ximos ao reservat\u00f3rio.<\/p>\n\n\n\n<p>O evento ser\u00e1 realizado no audit\u00f3rio da Unifal, em Alfenas. O evento ter\u00e1 in\u00edcio \u00e0s s 8h com um caf\u00e9 da manh\u00e3 e vai reunir prefeitos, pesquisadores e autoridades ambientais das esferas municipal, estadual e federal. Entre os temas, merecem destaque: a educa\u00e7\u00e3o ambiental, a qualidade da \u00e1gua e saneamento, turismo sustent\u00e1vel e a revitaliza\u00e7\u00e3o das bacias do Lago de Furnas.<\/p>\n\n\n\n<p>De acordo com a presidente do Circuito Tur\u00edstico do Lago de Furnas, Thayse Castro, ser\u00e3o realizados tr\u00eas pain\u00e9is, al\u00e9m de uma apresenta\u00e7\u00e3o sobre como submeter projetos ao comit\u00ea Gestor da CPR Furnas \u2013 Conta do Programa de Revitaliza\u00e7\u00e3o da Bacia de Furnas, onde h\u00e1 mais de R$ 230 milh\u00f5es anuais dispon\u00edveis por dez anos com a Desestatiza\u00e7\u00e3o da Eletrobras e est\u00e1 se acumulando desde 202<\/p>\n\n\n\n<p>Os prefeitos que participarem v\u00e3o concorrer ao sorteio de um m\u00e9todo de tratamento de esgoto para o munic\u00edpio, doado por uma empresa de inova\u00e7\u00e3o tecnol\u00f3gica. As inscri\u00e7\u00f5es s\u00e3o gratuitas e podem ser feitas pelo site <a href=\"https:\/\/sistemas.unifal-mg.edu.br\/app\/caex\/\">https:\/\/sistemas.unifal-mg.edu.br\/app\/caex\/<\/a> , do Controle de A\u00e7\u00f5es de Extens\u00e3o, o Caex, da Universidade Federal de Alfenas.<\/p>\n\n\n\n<p>Al\u00e9m disso, os prefeitos receber\u00e3o o livro \u201cLago de Furnas, Peixoto e Serra da Canastra \u2013 Patrim\u00f4nios Paisag\u00edsticos e Culturais de Minas Gerais\u201d, entregue pelo secret\u00e1rio de Estado de Cultura e Turismo, Le\u00f4nidas de Oliveira.<\/p>\n\n\n\n<p>Para recebimento dos certificados \u00e9 necess\u00e1rio estar cadastrado no sistema. Utilize o login do GOV.BR ou crie seu cadastro: [n\u00e3o sou cadastrado e n\u00e3o quero usar o Login \u00danico GOV.BR] e preencha os dados solicitados. Para participar da atividade, acesse a aba de inscri\u00e7\u00f5es, eventos, \u201cSustentabilidade em Foco: Di\u00e1logos para um Futuro Verde no entorno do Lago de Furnas\u201d. Caso n\u00e3o consiga realizar sua inscri\u00e7\u00e3o, contaremos com uma equipe de apoio durante o evento.<\/p>\n\n\n\n<p>Sustentabilidade em Foco &#8211; Di\u00e1logos para um Futuro Verde no Entorno do Lago de Furnas<\/p>\n\n\n\n<p>\u23f0 21\/11, a partir das 08h<br>\ud83d\udccd Audit\u00f3rio Le\u00e3o de Faria, UNIFAL-MG, Alfenas.<\/p>\n\n\n\n<p>Mais informa\u00e7\u00f5es: @furnas.circuito<\/p>\n\n\n\n<p>(35) 98444-2471 &#8211; Thayse<br>(35) 99899-6133 &#8211; Fran<br>(35) 99164-8808 &#8211; Jenifer<\/p>\n\n\n\n<figure class=\"wp-block-image size-large\"><img fetchpriority=\"high\" decoding=\"async\" width=\"1024\" height=\"1024\" src=\"https:\/\/noticiasdefato.net\/wp-content\/uploads\/2024\/11\/image-1-1024x1024.png\" alt=\"\" class=\"wp-image-2143\" srcset=\"https:\/\/noticiasdefato.net\/wp-content\/uploads\/2024\/11\/image-1-1024x1024.png 1024w, https:\/\/noticiasdefato.net\/wp-content\/uploads\/2024\/11\/image-1-300x300.png 300w, https:\/\/noticiasdefato.net\/wp-content\/uploads\/2024\/11\/image-1-150x150.png 150w, https:\/\/noticiasdefato.net\/wp-content\/uploads\/2024\/11\/image-1-768x768.png 768w, https:\/\/noticiasdefato.net\/wp-content\/uploads\/2024\/11\/image-1-90x90.png 90w, https:\/\/noticiasdefato.net\/wp-content\/uploads\/2024\/11\/image-1.png 1080w\" sizes=\"(max-width: 1024px) 100vw, 1024px\" \/><\/figure>\n\n\n\n<figure class=\"wp-block-image size-large\"><img decoding=\"async\" width=\"724\" height=\"1024\" src=\"https:\/\/noticiasdefato.net\/wp-content\/uploads\/2024\/11\/image-2-724x1024.png\" alt=\"\" class=\"wp-image-2144\" srcset=\"https:\/\/noticiasdefato.net\/wp-content\/uploads\/2024\/11\/image-2-724x1024.png 724w, https:\/\/noticiasdefato.net\/wp-content\/uploads\/2024\/11\/image-2-212x300.png 212w, https:\/\/noticiasdefato.net\/wp-content\/uploads\/2024\/11\/image-2-768x1086.png 768w, https:\/\/noticiasdefato.net\/wp-content\/uploads\/2024\/11\/image-2-1086x1536.png 1086w, https:\/\/noticiasdefato.net\/wp-content\/uploads\/2024\/11\/image-2-64x90.png 64w, https:\/\/noticiasdefato.net\/wp-content\/uploads\/2024\/11\/image-2.png 1131w\" sizes=\"(max-width: 724px) 100vw, 724px\" \/><\/figure>\n","protected":false},"excerpt":{"rendered":"<p>Evento ocorrer\u00e1 no dia 21\/11, a partir das 08h, no Audit\u00f3rio Le\u00e3o de Faria, UNIFAL-MG, Alfenas. <a href=\"https:\/\/noticiasdefato.net\/?p=2140\" class=\"more-link\">Continuar lendo <span class=\"screen-reader-text\">ALFENAS DEBATER\u00c1 A SUSTENTABILIDADE NO LAGO DE FURNAS<\/span><\/a><\/p>\n","protected":false},"author":1,"featured_media":2141,"comment_status":"open","ping_status":"open","sticky":false,"template":"","format":"standard","meta":{"footnotes":""},"categories":[34],"tags":[],"class_list":["post-2140","post","type-post","status-publish","format-standard","has-post-thumbnail","hentry","category-meio-ambiente"],"yoast_head":"<!-- This site is optimized with the Yoast SEO plugin v23.2 - https:\/\/yoast.com\/wordpress\/plugins\/seo\/ -->\n<title>ALFENAS DEBATER\u00c1 A SUSTENTABILIDADE NO LAGO DE FURNAS - Not\u00edcias de Fato<\/title>\n<meta name=\"description\" content=\"Evento ocorrer\u00e1 no dia 21\/11, a partir das 08h, no Audit\u00f3rio Le\u00e3o de Faria, UNIFAL-MG, Alfenas.\" \/>\n<meta name=\"robots\" content=\"index, follow, max-snippet:-1, max-image-preview:large, max-video-preview:-1\" \/>\n<link rel=\"canonical\" href=\"https:\/\/noticiasdefato.net\/?p=2140\" \/>\n<meta property=\"og:locale\" content=\"pt_BR\" \/>\n<meta property=\"og:type\" content=\"article\" \/>\n<meta property=\"og:title\" content=\"ALFENAS DEBATER\u00c1 A SUSTENTABILIDADE NO LAGO DE FURNAS - Not\u00edcias de Fato\" \/>\n<meta property=\"og:description\" content=\"Evento ocorrer\u00e1 no dia 21\/11, a partir das 08h, no Audit\u00f3rio Le\u00e3o de Faria, UNIFAL-MG, Alfenas.\" \/>\n<meta property=\"og:url\" content=\"https:\/\/noticiasdefato.net\/?p=2140\" \/>\n<meta property=\"og:site_name\" content=\"Not\u00edcias de Fato\" \/>\n<meta property=\"article:publisher\" content=\"https:\/\/fb.com\/noticiasdefato.jornal\" \/>\n<meta property=\"article:author\" content=\"http:\/\/fb.com\/\/noticiasdefato.jornal\" \/>\n<meta property=\"article:published_time\" content=\"2024-11-20T12:07:55+00:00\" \/>\n<meta property=\"article:modified_time\" content=\"2024-12-19T17:56:32+00:00\" \/>\n<meta property=\"og:image\" content=\"https:\/\/noticiasdefato.net\/wp-content\/uploads\/2024\/11\/image.png\" \/>\n\t<meta property=\"og:image:width\" content=\"766\" \/>\n\t<meta property=\"og:image:height\" content=\"472\" \/>\n\t<meta property=\"og:image:type\" content=\"image\/png\" \/>\n<meta name=\"author\" content=\"Noticias de Fato\" \/>\n<meta name=\"twitter:card\" content=\"summary_large_image\" \/>\n<meta name=\"twitter:creator\" content=\"@https:\/\/twitter.com\/NoticiasDeFato_\" \/>\n<meta name=\"twitter:site\" content=\"@noticiasdefato_\" \/>\n<meta name=\"twitter:label1\" content=\"Escrito por\" \/>\n\t<meta name=\"twitter:data1\" content=\"Noticias de Fato\" \/>\n\t<meta name=\"twitter:label2\" content=\"Est. tempo de leitura\" \/>\n\t<meta name=\"twitter:data2\" content=\"3 minutos\" \/>\n<script type=\"application\/ld+json\" class=\"yoast-schema-graph\">{\"@context\":\"https:\/\/schema.org\",\"@graph\":[{\"@type\":\"Article\",\"@id\":\"https:\/\/noticiasdefato.net\/?p=2140#article\",\"isPartOf\":{\"@id\":\"https:\/\/noticiasdefato.net\/?p=2140\"},\"author\":{\"name\":\"Noticias de Fato\",\"@id\":\"https:\/\/noticiasdefato.net\/#\/schema\/person\/982ce60211d95acf059cd702aa260d08\"},\"headline\":\"ALFENAS DEBATER\u00c1 A SUSTENTABILIDADE NO LAGO DE FURNAS\",\"datePublished\":\"2024-11-20T12:07:55+00:00\",\"dateModified\":\"2024-12-19T17:56:32+00:00\",\"mainEntityOfPage\":{\"@id\":\"https:\/\/noticiasdefato.net\/?p=2140\"},\"wordCount\":449,\"commentCount\":0,\"publisher\":{\"@id\":\"https:\/\/noticiasdefato.net\/#organization\"},\"image\":{\"@id\":\"https:\/\/noticiasdefato.net\/?p=2140#primaryimage\"},\"thumbnailUrl\":\"https:\/\/noticiasdefato.net\/wp-content\/uploads\/2024\/11\/image.png\",\"articleSection\":[\"Meio ambiente\"],\"inLanguage\":\"pt-BR\",\"potentialAction\":[{\"@type\":\"CommentAction\",\"name\":\"Comment\",\"target\":[\"https:\/\/noticiasdefato.net\/?p=2140#respond\"]}]},{\"@type\":\"WebPage\",\"@id\":\"https:\/\/noticiasdefato.net\/?p=2140\",\"url\":\"https:\/\/noticiasdefato.net\/?p=2140\",\"name\":\"ALFENAS DEBATER\u00c1 A SUSTENTABILIDADE NO LAGO DE FURNAS - Not\u00edcias de Fato\",\"isPartOf\":{\"@id\":\"https:\/\/noticiasdefato.net\/#website\"},\"primaryImageOfPage\":{\"@id\":\"https:\/\/noticiasdefato.net\/?p=2140#primaryimage\"},\"image\":{\"@id\":\"https:\/\/noticiasdefato.net\/?p=2140#primaryimage\"},\"thumbnailUrl\":\"https:\/\/noticiasdefato.net\/wp-content\/uploads\/2024\/11\/image.png\",\"datePublished\":\"2024-11-20T12:07:55+00:00\",\"dateModified\":\"2024-12-19T17:56:32+00:00\",\"description\":\"Evento ocorrer\u00e1 no dia 21\/11, a partir das 08h, no Audit\u00f3rio Le\u00e3o de Faria, UNIFAL-MG, Alfenas.\",\"breadcrumb\":{\"@id\":\"https:\/\/noticiasdefato.net\/?p=2140#breadcrumb\"},\"inLanguage\":\"pt-BR\",\"potentialAction\":[{\"@type\":\"ReadAction\",\"target\":[\"https:\/\/noticiasdefato.net\/?p=2140\"]}]},{\"@type\":\"ImageObject\",\"inLanguage\":\"pt-BR\",\"@id\":\"https:\/\/noticiasdefato.net\/?p=2140#primaryimage\",\"url\":\"https:\/\/noticiasdefato.net\/wp-content\/uploads\/2024\/11\/image.png\",\"contentUrl\":\"https:\/\/noticiasdefato.net\/wp-content\/uploads\/2024\/11\/image.png\",\"width\":766,\"height\":472},{\"@type\":\"BreadcrumbList\",\"@id\":\"https:\/\/noticiasdefato.net\/?p=2140#breadcrumb\",\"itemListElement\":[{\"@type\":\"ListItem\",\"position\":1,\"name\":\"In\u00edcio\",\"item\":\"https:\/\/noticiasdefato.net\/\"},{\"@type\":\"ListItem\",\"position\":2,\"name\":\"ALFENAS DEBATER\u00c1 A SUSTENTABILIDADE NO LAGO DE FURNAS\"}]},{\"@type\":\"WebSite\",\"@id\":\"https:\/\/noticiasdefato.net\/#website\",\"url\":\"https:\/\/noticiasdefato.net\/\",\"name\":\"Not\u00edcias de Fato\",\"description\":\"Trabalhamos com honestidade, seriedade e com a verdade.\",\"publisher\":{\"@id\":\"https:\/\/noticiasdefato.net\/#organization\"},\"potentialAction\":[{\"@type\":\"SearchAction\",\"target\":{\"@type\":\"EntryPoint\",\"urlTemplate\":\"https:\/\/noticiasdefato.net\/?s={search_term_string}\"},\"query-input\":\"required name=search_term_string\"}],\"inLanguage\":\"pt-BR\"},{\"@type\":\"Organization\",\"@id\":\"https:\/\/noticiasdefato.net\/#organization\",\"name\":\"Not\u00edcias de Fato\",\"url\":\"https:\/\/noticiasdefato.net\/\",\"logo\":{\"@type\":\"ImageObject\",\"inLanguage\":\"pt-BR\",\"@id\":\"https:\/\/noticiasdefato.net\/#\/schema\/logo\/image\/\",\"url\":\"https:\/\/noticiasdefato.net\/wp-content\/uploads\/2024\/02\/cropped-logo_topo.png\",\"contentUrl\":\"https:\/\/noticiasdefato.net\/wp-content\/uploads\/2024\/02\/cropped-logo_topo.png\",\"width\":1948,\"height\":665,\"caption\":\"Not\u00edcias de Fato\"},\"image\":{\"@id\":\"https:\/\/noticiasdefato.net\/#\/schema\/logo\/image\/\"},\"sameAs\":[\"https:\/\/fb.com\/noticiasdefato.jornal\",\"https:\/\/x.com\/noticiasdefato_\",\"https:\/\/instagram.com\/noticiasdefato.jornal\",\"https:\/\/youtube.com\/@JornalNoticiasDeFato\"]},{\"@type\":\"Person\",\"@id\":\"https:\/\/noticiasdefato.net\/#\/schema\/person\/982ce60211d95acf059cd702aa260d08\",\"name\":\"Noticias de Fato\",\"image\":{\"@type\":\"ImageObject\",\"inLanguage\":\"pt-BR\",\"@id\":\"https:\/\/noticiasdefato.net\/#\/schema\/person\/image\/\",\"url\":\"https:\/\/secure.gravatar.com\/avatar\/700227fab2316f0366a1b5d4988d10f847249cf13293450527ac9553c994611a?s=96&d=mm&r=g\",\"contentUrl\":\"https:\/\/secure.gravatar.com\/avatar\/700227fab2316f0366a1b5d4988d10f847249cf13293450527ac9553c994611a?s=96&d=mm&r=g\",\"caption\":\"Noticias de Fato\"},\"sameAs\":[\"https:\/\/noticiasdefato.net\",\"http:\/\/fb.com\/\/noticiasdefato.jornal\",\"https:\/\/x.com\/https:\/\/twitter.com\/NoticiasDeFato_\"],\"url\":\"https:\/\/noticiasdefato.net\/?author=1\"}]}<\/script>\n<!-- \/ Yoast SEO plugin. -->","yoast_head_json":{"title":"ALFENAS DEBATER\u00c1 A SUSTENTABILIDADE NO LAGO DE FURNAS - Not\u00edcias de Fato","description":"Evento ocorrer\u00e1 no dia 21\/11, a partir das 08h, no Audit\u00f3rio Le\u00e3o de Faria, UNIFAL-MG, Alfenas.","robots":{"index":"index","follow":"follow","max-snippet":"max-snippet:-1","max-image-preview":"max-image-preview:large","max-video-preview":"max-video-preview:-1"},"canonical":"https:\/\/noticiasdefato.net\/?p=2140","og_locale":"pt_BR","og_type":"article","og_title":"ALFENAS DEBATER\u00c1 A SUSTENTABILIDADE NO LAGO DE FURNAS - Not\u00edcias de Fato","og_description":"Evento ocorrer\u00e1 no dia 21\/11, a partir das 08h, no Audit\u00f3rio Le\u00e3o de Faria, UNIFAL-MG, Alfenas.","og_url":"https:\/\/noticiasdefato.net\/?p=2140","og_site_name":"Not\u00edcias de Fato","article_publisher":"https:\/\/fb.com\/noticiasdefato.jornal","article_author":"http:\/\/fb.com\/\/noticiasdefato.jornal","article_published_time":"2024-11-20T12:07:55+00:00","article_modified_time":"2024-12-19T17:56:32+00:00","og_image":[{"width":766,"height":472,"url":"https:\/\/noticiasdefato.net\/wp-content\/uploads\/2024\/11\/image.png","type":"image\/png"}],"author":"Noticias de Fato","twitter_card":"summary_large_image","twitter_creator":"@https:\/\/twitter.com\/NoticiasDeFato_","twitter_site":"@noticiasdefato_","twitter_misc":{"Escrito por":"Noticias de Fato","Est. tempo de leitura":"3 minutos"},"schema":{"@context":"https:\/\/schema.org","@graph":[{"@type":"Article","@id":"https:\/\/noticiasdefato.net\/?p=2140#article","isPartOf":{"@id":"https:\/\/noticiasdefato.net\/?p=2140"},"author":{"name":"Noticias de Fato","@id":"https:\/\/noticiasdefato.net\/#\/schema\/person\/982ce60211d95acf059cd702aa260d08"},"headline":"ALFENAS DEBATER\u00c1 A SUSTENTABILIDADE NO LAGO DE FURNAS","datePublished":"2024-11-20T12:07:55+00:00","dateModified":"2024-12-19T17:56:32+00:00","mainEntityOfPage":{"@id":"https:\/\/noticiasdefato.net\/?p=2140"},"wordCount":449,"commentCount":0,"publisher":{"@id":"https:\/\/noticiasdefato.net\/#organization"},"image":{"@id":"https:\/\/noticiasdefato.net\/?p=2140#primaryimage"},"thumbnailUrl":"https:\/\/noticiasdefato.net\/wp-content\/uploads\/2024\/11\/image.png","articleSection":["Meio ambiente"],"inLanguage":"pt-BR","potentialAction":[{"@type":"CommentAction","name":"Comment","target":["https:\/\/noticiasdefato.net\/?p=2140#respond"]}]},{"@type":"WebPage","@id":"https:\/\/noticiasdefato.net\/?p=2140","url":"https:\/\/noticiasdefato.net\/?p=2140","name":"ALFENAS DEBATER\u00c1 A SUSTENTABILIDADE NO LAGO DE FURNAS - Not\u00edcias de Fato","isPartOf":{"@id":"https:\/\/noticiasdefato.net\/#website"},"primaryImageOfPage":{"@id":"https:\/\/noticiasdefato.net\/?p=2140#primaryimage"},"image":{"@id":"https:\/\/noticiasdefato.net\/?p=2140#primaryimage"},"thumbnailUrl":"https:\/\/noticiasdefato.net\/wp-content\/uploads\/2024\/11\/image.png","datePublished":"2024-11-20T12:07:55+00:00","dateModified":"2024-12-19T17:56:32+00:00","description":"Evento ocorrer\u00e1 no dia 21\/11, a partir das 08h, no Audit\u00f3rio Le\u00e3o de Faria, UNIFAL-MG, Alfenas.","breadcrumb":{"@id":"https:\/\/noticiasdefato.net\/?p=2140#breadcrumb"},"inLanguage":"pt-BR","potentialAction":[{"@type":"ReadAction","target":["https:\/\/noticiasdefato.net\/?p=2140"]}]},{"@type":"ImageObject","inLanguage":"pt-BR","@id":"https:\/\/noticiasdefato.net\/?p=2140#primaryimage","url":"https:\/\/noticiasdefato.net\/wp-content\/uploads\/2024\/11\/image.png","contentUrl":"https:\/\/noticiasdefato.net\/wp-content\/uploads\/2024\/11\/image.png","width":766,"height":472},{"@type":"BreadcrumbList","@id":"https:\/\/noticiasdefato.net\/?p=2140#breadcrumb","itemListElement":[{"@type":"ListItem","position":1,"name":"In\u00edcio","item":"https:\/\/noticiasdefato.net\/"},{"@type":"ListItem","position":2,"name":"ALFENAS DEBATER\u00c1 A SUSTENTABILIDADE NO LAGO DE FURNAS"}]},{"@type":"WebSite","@id":"https:\/\/noticiasdefato.net\/#website","url":"https:\/\/noticiasdefato.net\/","name":"Not\u00edcias de Fato","description":"Trabalhamos com honestidade, seriedade e com a verdade.","publisher":{"@id":"https:\/\/noticiasdefato.net\/#organization"},"potentialAction":[{"@type":"SearchAction","target":{"@type":"EntryPoint","urlTemplate":"https:\/\/noticiasdefato.net\/?s={search_term_string}"},"query-input":"required name=search_term_string"}],"inLanguage":"pt-BR"},{"@type":"Organization","@id":"https:\/\/noticiasdefato.net\/#organization","name":"Not\u00edcias de Fato","url":"https:\/\/noticiasdefato.net\/","logo":{"@type":"ImageObject","inLanguage":"pt-BR","@id":"https:\/\/noticiasdefato.net\/#\/schema\/logo\/image\/","url":"https:\/\/noticiasdefato.net\/wp-content\/uploads\/2024\/02\/cropped-logo_topo.png","contentUrl":"https:\/\/noticiasdefato.net\/wp-content\/uploads\/2024\/02\/cropped-logo_topo.png","width":1948,"height":665,"caption":"Not\u00edcias de Fato"},"image":{"@id":"https:\/\/noticiasdefato.net\/#\/schema\/logo\/image\/"},"sameAs":["https:\/\/fb.com\/noticiasdefato.jornal","https:\/\/x.com\/noticiasdefato_","https:\/\/instagram.com\/noticiasdefato.jornal","https:\/\/youtube.com\/@JornalNoticiasDeFato"]},{"@type":"Person","@id":"https:\/\/noticiasdefato.net\/#\/schema\/person\/982ce60211d95acf059cd702aa260d08","name":"Noticias de Fato","image":{"@type":"ImageObject","inLanguage":"pt-BR","@id":"https:\/\/noticiasdefato.net\/#\/schema\/person\/image\/","url":"https:\/\/secure.gravatar.com\/avatar\/700227fab2316f0366a1b5d4988d10f847249cf13293450527ac9553c994611a?s=96&d=mm&r=g","contentUrl":"https:\/\/secure.gravatar.com\/avatar\/700227fab2316f0366a1b5d4988d10f847249cf13293450527ac9553c994611a?s=96&d=mm&r=g","caption":"Noticias de Fato"},"sameAs":["https:\/\/noticiasdefato.net","http:\/\/fb.com\/\/noticiasdefato.jornal","https:\/\/x.com\/https:\/\/twitter.com\/NoticiasDeFato_"],"url":"https:\/\/noticiasdefato.net\/?author=1"}]}},"_links":{"self":[{"href":"https:\/\/noticiasdefato.net\/index.php?rest_route=\/wp\/v2\/posts\/2140","targetHints":{"allow":["GET"]}}],"collection":[{"href":"https:\/\/noticiasdefato.net\/index.php?rest_route=\/wp\/v2\/posts"}],"about":[{"href":"https:\/\/noticiasdefato.net\/index.php?rest_route=\/wp\/v2\/types\/post"}],"author":[{"embeddable":true,"href":"https:\/\/noticiasdefato.net\/index.php?rest_route=\/wp\/v2\/users\/1"}],"replies":[{"embeddable":true,"href":"https:\/\/noticiasdefato.net\/index.php?rest_route=%2Fwp%2Fv2%2Fcomments&post=2140"}],"version-history":[{"count":3,"href":"https:\/\/noticiasdefato.net\/index.php?rest_route=\/wp\/v2\/posts\/2140\/revisions"}],"predecessor-version":[{"id":2151,"href":"https:\/\/noticiasdefato.net\/index.php?rest_route=\/wp\/v2\/posts\/2140\/revisions\/2151"}],"wp:featuredmedia":[{"embeddable":true,"href":"https:\/\/noticiasdefato.net\/index.php?rest_route=\/wp\/v2\/media\/2141"}],"wp:attachment":[{"href":"https:\/\/noticiasdefato.net\/index.php?rest_route=%2Fwp%2Fv2%2Fmedia&parent=2140"}],"wp:term":[{"taxonomy":"category","embeddable":true,"href":"https:\/\/noticiasdefato.net\/index.php?rest_route=%2Fwp%2Fv2%2Fcategories&post=2140"},{"taxonomy":"post_tag","embeddable":true,"href":"https:\/\/noticiasdefato.net\/index.php?rest_route=%2Fwp%2Fv2%2Ftags&post=2140"}],"curies":[{"name":"wp","href":"https:\/\/api.w.org\/{rel}","templated":true}]}}