{"id":2146,"date":"2024-11-20T09:10:40","date_gmt":"2024-11-20T12:10:40","guid":{"rendered":"https:\/\/noticiasdefato.net\/?p=2146"},"modified":"2024-12-19T14:56:36","modified_gmt":"2024-12-19T17:56:36","slug":"mpmg-inaugura-unidade-de-combate-ao-crime-e-a-corrupcao-regional-em-varginha","status":"publish","type":"post","link":"https:\/\/noticiasdefato.net\/?p=2146","title":{"rendered":"MPMG INAUGURA UNIDADE DE COMBATE AO CRIME E \u00c0 CORRUP\u00c7\u00c3O REGIONAL EM VARGINHA"},"content":{"rendered":"\n<p><em>Nova sede reunir\u00e1, em um \u00fanico edif\u00edcio, todos os \u00f3rg\u00e3os da institui\u00e7\u00e3o de combate \u00e0 criminalidade e \u00e0 corrup\u00e7\u00e3o.<\/em><\/p>\n\n\n\n<p>Foi inaugurada nessa quinta-feira, 14 de novembro, a Unidade de Combate ao Crime e \u00e0 Corrup\u00e7\u00e3o (UCC) Regional de Varginha. A nova sede da UCC reunir\u00e1, em um \u00fanico edif\u00edcio, todos os \u00f3rg\u00e3os do Minist\u00e9rio P\u00fablico de Minas Gerais (MPMG) de combate \u00e0 criminalidade e \u00e0 corrup\u00e7\u00e3o. As instala\u00e7\u00f5es, equipamentos e estrutura foram organizados de forma estrat\u00e9gica para a atividade dessa \u00e1rea de atua\u00e7\u00e3o.<\/p>\n\n\n\n<p>Estiveram presentes na cerim\u00f4nia, o procurador-geral de Justi\u00e7a, Jarbas Soares J\u00fanior; o corregedor-geral do MPMG, Marco Ant\u00f4nio Lopes de Almeida; a ouvidora do MPMG, N\u00e1dia Estela Ferreira Mateus; o prefeito de Varginha, Verdi L\u00facio Melo; o desembargador federal do Tribunal da 6\u00aa Regi\u00e3o Fl\u00e1vio Boson Gambogi; o coordenador estadual de Defesa da Ordem Econ\u00f4mica e Tribut\u00e1ria do MPMG, Rodrigo Storino; a presidente da Associa\u00e7\u00e3o Mineira do Minist\u00e9rio P\u00fablico, Larissa Rodrigues Amaral; o coordenador do Grupo de Atua\u00e7\u00e3o Especial de Combate ao Crime Organizado (Gaeco) de Varginha, Igor Serrano; o coordenador regional de Defesa da Ordem Econ\u00f4mica e Tribut\u00e1ria de Varginha, Daniel Ribeiro Costa; coordenador regional de Defesa do Patrim\u00f4nio P\u00fablico do Sudoeste de Minas em Varginha, Fernando Muniz da Silva; entre outras autoridades.<\/p>\n\n\n\n<p>O coordenador do Gaeco Varginha, promotor de Justi\u00e7a Igor Serrano, destacou os muitos desafios no combate ao crime organizado e \u00e0 corrup\u00e7\u00e3o, que exigem profissionalismo e atua\u00e7\u00e3o conjunta. Ele lembrou opera\u00e7\u00f5es j\u00e1 realizadas, recupera\u00e7\u00f5es de ativos e ressarcimentos j\u00e1 alcan\u00e7ados pelo trabalho do MPMG, que busca, cada vez mais, estruturar-se e aprimorar a atua\u00e7\u00e3o.<\/p>\n\n\n\n<p>O coordenador estadual de Defesa da Ordem Econ\u00f4mica e Tribut\u00e1ria, promotor de Justi\u00e7a Rodrigo Storino, fez um breve hist\u00f3rico do combate ao crime organizado pelo MPMG a partir da cria\u00e7\u00e3o dos grupos especializados, os Gaecos. Segundo ele, a UCC n\u00e3o \u00e9 um pr\u00e9dio, \u00e9 uma estrat\u00e9gia baseada no planejamento e na integra\u00e7\u00e3o, inclusive interinstitucional.<\/p>\n\n\n\n<p>Encerrando a solenidade, o procurador-geral de Justi\u00e7a e presidente do Conselho Nacional de Procuradores-Gerais (CNPG), Jarbas Soares J\u00fanior, citou o fato de que o crime organizado vem se infiltrando em institui\u00e7\u00f5es e setores econ\u00f4micos, tornando o seu combate ainda mais urgente e complexo. Por isso, conforme o procurador-geral, \u00e9 t\u00e3o necess\u00e1rio reunir equipes, compartilhar dados e estruturas de investiga\u00e7\u00e3o, sem Minas Gerais uma refer\u00eancia nessa atua\u00e7\u00e3o conjunta.<\/p>\n\n\n<div class=\"wp-block-image\">\n<figure class=\"aligncenter size-full\"><img fetchpriority=\"high\" decoding=\"async\" width=\"650\" height=\"433\" src=\"https:\/\/noticiasdefato.net\/wp-content\/uploads\/2024\/11\/image-4.png\" alt=\"\" class=\"wp-image-2148\" srcset=\"https:\/\/noticiasdefato.net\/wp-content\/uploads\/2024\/11\/image-4.png 650w, https:\/\/noticiasdefato.net\/wp-content\/uploads\/2024\/11\/image-4-300x200.png 300w, https:\/\/noticiasdefato.net\/wp-content\/uploads\/2024\/11\/image-4-135x90.png 135w\" sizes=\"(max-width: 650px) 100vw, 650px\" \/><\/figure>\n<\/div>\n\n<div class=\"wp-block-image\">\n<figure class=\"aligncenter size-full\"><img decoding=\"async\" width=\"650\" height=\"433\" src=\"https:\/\/noticiasdefato.net\/wp-content\/uploads\/2024\/11\/image-5.png\" alt=\"\" class=\"wp-image-2149\" srcset=\"https:\/\/noticiasdefato.net\/wp-content\/uploads\/2024\/11\/image-5.png 650w, https:\/\/noticiasdefato.net\/wp-content\/uploads\/2024\/11\/image-5-300x200.png 300w, https:\/\/noticiasdefato.net\/wp-content\/uploads\/2024\/11\/image-5-135x90.png 135w\" sizes=\"(max-width: 650px) 100vw, 650px\" \/><\/figure>\n<\/div>","protected":false},"excerpt":{"rendered":"<p>Nova sede reunir\u00e1, em um \u00fanico edif\u00edcio, todos os \u00f3rg\u00e3os da institui\u00e7\u00e3o de combate \u00e0 criminalidade e \u00e0 corrup\u00e7\u00e3o. <a href=\"https:\/\/noticiasdefato.net\/?p=2146\" class=\"more-link\">Continuar lendo <span class=\"screen-reader-text\">MPMG INAUGURA UNIDADE DE COMBATE AO CRIME E \u00c0 CORRUP\u00c7\u00c3O REGIONAL EM VARGINHA<\/span><\/a><\/p>\n","protected":false},"author":1,"featured_media":2147,"comment_status":"open","ping_status":"open","sticky":false,"template":"","format":"standard","meta":{"footnotes":""},"categories":[25],"tags":[],"class_list":["post-2146","post","type-post","status-publish","format-standard","has-post-thumbnail","hentry","category-policial"],"yoast_head":"<!-- This site is optimized with the Yoast SEO plugin v23.2 - https:\/\/yoast.com\/wordpress\/plugins\/seo\/ -->\n<title>MPMG INAUGURA UNIDADE DE COMBATE AO CRIME E \u00c0 CORRUP\u00c7\u00c3O REGIONAL EM VARGINHA - Not\u00edcias de Fato<\/title>\n<meta name=\"description\" content=\"Nova sede reunir\u00e1, em um \u00fanico edif\u00edcio, todos os \u00f3rg\u00e3os da institui\u00e7\u00e3o de combate \u00e0 criminalidade e \u00e0 corrup\u00e7\u00e3o.\" \/>\n<meta name=\"robots\" content=\"index, follow, max-snippet:-1, max-image-preview:large, max-video-preview:-1\" \/>\n<link rel=\"canonical\" href=\"https:\/\/noticiasdefato.net\/?p=2146\" \/>\n<meta property=\"og:locale\" content=\"pt_BR\" \/>\n<meta property=\"og:type\" content=\"article\" \/>\n<meta property=\"og:title\" content=\"MPMG INAUGURA UNIDADE DE COMBATE AO CRIME E \u00c0 CORRUP\u00c7\u00c3O REGIONAL EM VARGINHA - Not\u00edcias de Fato\" \/>\n<meta property=\"og:description\" content=\"Nova sede reunir\u00e1, em um \u00fanico edif\u00edcio, todos os \u00f3rg\u00e3os da institui\u00e7\u00e3o de combate \u00e0 criminalidade e \u00e0 corrup\u00e7\u00e3o.\" \/>\n<meta property=\"og:url\" content=\"https:\/\/noticiasdefato.net\/?p=2146\" \/>\n<meta property=\"og:site_name\" content=\"Not\u00edcias de Fato\" \/>\n<meta property=\"article:publisher\" content=\"https:\/\/fb.com\/noticiasdefato.jornal\" \/>\n<meta property=\"article:author\" content=\"http:\/\/fb.com\/\/noticiasdefato.jornal\" \/>\n<meta property=\"article:published_time\" content=\"2024-11-20T12:10:40+00:00\" \/>\n<meta property=\"article:modified_time\" content=\"2024-12-19T17:56:36+00:00\" \/>\n<meta property=\"og:image\" content=\"https:\/\/noticiasdefato.net\/wp-content\/uploads\/2024\/11\/image-3.png\" \/>\n\t<meta property=\"og:image:width\" content=\"650\" \/>\n\t<meta property=\"og:image:height\" content=\"433\" \/>\n\t<meta property=\"og:image:type\" content=\"image\/png\" \/>\n<meta name=\"author\" content=\"Noticias de Fato\" \/>\n<meta name=\"twitter:card\" content=\"summary_large_image\" \/>\n<meta name=\"twitter:creator\" content=\"@https:\/\/twitter.com\/NoticiasDeFato_\" \/>\n<meta name=\"twitter:site\" content=\"@noticiasdefato_\" \/>\n<meta name=\"twitter:label1\" content=\"Escrito por\" \/>\n\t<meta name=\"twitter:data1\" content=\"Noticias de Fato\" \/>\n\t<meta name=\"twitter:label2\" content=\"Est. tempo de leitura\" \/>\n\t<meta name=\"twitter:data2\" content=\"3 minutos\" \/>\n<script type=\"application\/ld+json\" class=\"yoast-schema-graph\">{\"@context\":\"https:\/\/schema.org\",\"@graph\":[{\"@type\":\"Article\",\"@id\":\"https:\/\/noticiasdefato.net\/?p=2146#article\",\"isPartOf\":{\"@id\":\"https:\/\/noticiasdefato.net\/?p=2146\"},\"author\":{\"name\":\"Noticias de Fato\",\"@id\":\"https:\/\/noticiasdefato.net\/#\/schema\/person\/982ce60211d95acf059cd702aa260d08\"},\"headline\":\"MPMG INAUGURA UNIDADE DE COMBATE AO CRIME E \u00c0 CORRUP\u00c7\u00c3O REGIONAL EM VARGINHA\",\"datePublished\":\"2024-11-20T12:10:40+00:00\",\"dateModified\":\"2024-12-19T17:56:36+00:00\",\"mainEntityOfPage\":{\"@id\":\"https:\/\/noticiasdefato.net\/?p=2146\"},\"wordCount\":439,\"commentCount\":0,\"publisher\":{\"@id\":\"https:\/\/noticiasdefato.net\/#organization\"},\"image\":{\"@id\":\"https:\/\/noticiasdefato.net\/?p=2146#primaryimage\"},\"thumbnailUrl\":\"https:\/\/noticiasdefato.net\/wp-content\/uploads\/2024\/11\/image-3.png\",\"articleSection\":[\"Policial\"],\"inLanguage\":\"pt-BR\",\"potentialAction\":[{\"@type\":\"CommentAction\",\"name\":\"Comment\",\"target\":[\"https:\/\/noticiasdefato.net\/?p=2146#respond\"]}]},{\"@type\":\"WebPage\",\"@id\":\"https:\/\/noticiasdefato.net\/?p=2146\",\"url\":\"https:\/\/noticiasdefato.net\/?p=2146\",\"name\":\"MPMG INAUGURA UNIDADE DE COMBATE AO CRIME E \u00c0 CORRUP\u00c7\u00c3O REGIONAL EM VARGINHA - Not\u00edcias de Fato\",\"isPartOf\":{\"@id\":\"https:\/\/noticiasdefato.net\/#website\"},\"primaryImageOfPage\":{\"@id\":\"https:\/\/noticiasdefato.net\/?p=2146#primaryimage\"},\"image\":{\"@id\":\"https:\/\/noticiasdefato.net\/?p=2146#primaryimage\"},\"thumbnailUrl\":\"https:\/\/noticiasdefato.net\/wp-content\/uploads\/2024\/11\/image-3.png\",\"datePublished\":\"2024-11-20T12:10:40+00:00\",\"dateModified\":\"2024-12-19T17:56:36+00:00\",\"description\":\"Nova sede reunir\u00e1, em um \u00fanico edif\u00edcio, todos os \u00f3rg\u00e3os da institui\u00e7\u00e3o de combate \u00e0 criminalidade e \u00e0 corrup\u00e7\u00e3o.\",\"breadcrumb\":{\"@id\":\"https:\/\/noticiasdefato.net\/?p=2146#breadcrumb\"},\"inLanguage\":\"pt-BR\",\"potentialAction\":[{\"@type\":\"ReadAction\",\"target\":[\"https:\/\/noticiasdefato.net\/?p=2146\"]}]},{\"@type\":\"ImageObject\",\"inLanguage\":\"pt-BR\",\"@id\":\"https:\/\/noticiasdefato.net\/?p=2146#primaryimage\",\"url\":\"https:\/\/noticiasdefato.net\/wp-content\/uploads\/2024\/11\/image-3.png\",\"contentUrl\":\"https:\/\/noticiasdefato.net\/wp-content\/uploads\/2024\/11\/image-3.png\",\"width\":650,\"height\":433},{\"@type\":\"BreadcrumbList\",\"@id\":\"https:\/\/noticiasdefato.net\/?p=2146#breadcrumb\",\"itemListElement\":[{\"@type\":\"ListItem\",\"position\":1,\"name\":\"In\u00edcio\",\"item\":\"https:\/\/noticiasdefato.net\/\"},{\"@type\":\"ListItem\",\"position\":2,\"name\":\"MPMG INAUGURA UNIDADE DE COMBATE AO CRIME E \u00c0 CORRUP\u00c7\u00c3O REGIONAL EM VARGINHA\"}]},{\"@type\":\"WebSite\",\"@id\":\"https:\/\/noticiasdefato.net\/#website\",\"url\":\"https:\/\/noticiasdefato.net\/\",\"name\":\"Not\u00edcias de Fato\",\"description\":\"Trabalhamos com honestidade, seriedade e com a verdade.\",\"publisher\":{\"@id\":\"https:\/\/noticiasdefato.net\/#organization\"},\"potentialAction\":[{\"@type\":\"SearchAction\",\"target\":{\"@type\":\"EntryPoint\",\"urlTemplate\":\"https:\/\/noticiasdefato.net\/?s={search_term_string}\"},\"query-input\":\"required name=search_term_string\"}],\"inLanguage\":\"pt-BR\"},{\"@type\":\"Organization\",\"@id\":\"https:\/\/noticiasdefato.net\/#organization\",\"name\":\"Not\u00edcias de Fato\",\"url\":\"https:\/\/noticiasdefato.net\/\",\"logo\":{\"@type\":\"ImageObject\",\"inLanguage\":\"pt-BR\",\"@id\":\"https:\/\/noticiasdefato.net\/#\/schema\/logo\/image\/\",\"url\":\"https:\/\/noticiasdefato.net\/wp-content\/uploads\/2024\/02\/cropped-logo_topo.png\",\"contentUrl\":\"https:\/\/noticiasdefato.net\/wp-content\/uploads\/2024\/02\/cropped-logo_topo.png\",\"width\":1948,\"height\":665,\"caption\":\"Not\u00edcias de Fato\"},\"image\":{\"@id\":\"https:\/\/noticiasdefato.net\/#\/schema\/logo\/image\/\"},\"sameAs\":[\"https:\/\/fb.com\/noticiasdefato.jornal\",\"https:\/\/x.com\/noticiasdefato_\",\"https:\/\/instagram.com\/noticiasdefato.jornal\",\"https:\/\/youtube.com\/@JornalNoticiasDeFato\"]},{\"@type\":\"Person\",\"@id\":\"https:\/\/noticiasdefato.net\/#\/schema\/person\/982ce60211d95acf059cd702aa260d08\",\"name\":\"Noticias de Fato\",\"image\":{\"@type\":\"ImageObject\",\"inLanguage\":\"pt-BR\",\"@id\":\"https:\/\/noticiasdefato.net\/#\/schema\/person\/image\/\",\"url\":\"https:\/\/secure.gravatar.com\/avatar\/700227fab2316f0366a1b5d4988d10f847249cf13293450527ac9553c994611a?s=96&d=mm&r=g\",\"contentUrl\":\"https:\/\/secure.gravatar.com\/avatar\/700227fab2316f0366a1b5d4988d10f847249cf13293450527ac9553c994611a?s=96&d=mm&r=g\",\"caption\":\"Noticias de Fato\"},\"sameAs\":[\"https:\/\/noticiasdefato.net\",\"http:\/\/fb.com\/\/noticiasdefato.jornal\",\"https:\/\/x.com\/https:\/\/twitter.com\/NoticiasDeFato_\"],\"url\":\"https:\/\/noticiasdefato.net\/?author=1\"}]}<\/script>\n<!-- \/ Yoast SEO plugin. -->","yoast_head_json":{"title":"MPMG INAUGURA UNIDADE DE COMBATE AO CRIME E \u00c0 CORRUP\u00c7\u00c3O REGIONAL EM VARGINHA - Not\u00edcias de Fato","description":"Nova sede reunir\u00e1, em um \u00fanico edif\u00edcio, todos os \u00f3rg\u00e3os da institui\u00e7\u00e3o de combate \u00e0 criminalidade e \u00e0 corrup\u00e7\u00e3o.","robots":{"index":"index","follow":"follow","max-snippet":"max-snippet:-1","max-image-preview":"max-image-preview:large","max-video-preview":"max-video-preview:-1"},"canonical":"https:\/\/noticiasdefato.net\/?p=2146","og_locale":"pt_BR","og_type":"article","og_title":"MPMG INAUGURA UNIDADE DE COMBATE AO CRIME E \u00c0 CORRUP\u00c7\u00c3O REGIONAL EM VARGINHA - Not\u00edcias de Fato","og_description":"Nova sede reunir\u00e1, em um \u00fanico edif\u00edcio, todos os \u00f3rg\u00e3os da institui\u00e7\u00e3o de combate \u00e0 criminalidade e \u00e0 corrup\u00e7\u00e3o.","og_url":"https:\/\/noticiasdefato.net\/?p=2146","og_site_name":"Not\u00edcias de Fato","article_publisher":"https:\/\/fb.com\/noticiasdefato.jornal","article_author":"http:\/\/fb.com\/\/noticiasdefato.jornal","article_published_time":"2024-11-20T12:10:40+00:00","article_modified_time":"2024-12-19T17:56:36+00:00","og_image":[{"width":650,"height":433,"url":"https:\/\/noticiasdefato.net\/wp-content\/uploads\/2024\/11\/image-3.png","type":"image\/png"}],"author":"Noticias de Fato","twitter_card":"summary_large_image","twitter_creator":"@https:\/\/twitter.com\/NoticiasDeFato_","twitter_site":"@noticiasdefato_","twitter_misc":{"Escrito por":"Noticias de Fato","Est. tempo de leitura":"3 minutos"},"schema":{"@context":"https:\/\/schema.org","@graph":[{"@type":"Article","@id":"https:\/\/noticiasdefato.net\/?p=2146#article","isPartOf":{"@id":"https:\/\/noticiasdefato.net\/?p=2146"},"author":{"name":"Noticias de Fato","@id":"https:\/\/noticiasdefato.net\/#\/schema\/person\/982ce60211d95acf059cd702aa260d08"},"headline":"MPMG INAUGURA UNIDADE DE COMBATE AO CRIME E \u00c0 CORRUP\u00c7\u00c3O REGIONAL EM VARGINHA","datePublished":"2024-11-20T12:10:40+00:00","dateModified":"2024-12-19T17:56:36+00:00","mainEntityOfPage":{"@id":"https:\/\/noticiasdefato.net\/?p=2146"},"wordCount":439,"commentCount":0,"publisher":{"@id":"https:\/\/noticiasdefato.net\/#organization"},"image":{"@id":"https:\/\/noticiasdefato.net\/?p=2146#primaryimage"},"thumbnailUrl":"https:\/\/noticiasdefato.net\/wp-content\/uploads\/2024\/11\/image-3.png","articleSection":["Policial"],"inLanguage":"pt-BR","potentialAction":[{"@type":"CommentAction","name":"Comment","target":["https:\/\/noticiasdefato.net\/?p=2146#respond"]}]},{"@type":"WebPage","@id":"https:\/\/noticiasdefato.net\/?p=2146","url":"https:\/\/noticiasdefato.net\/?p=2146","name":"MPMG INAUGURA UNIDADE DE COMBATE AO CRIME E \u00c0 CORRUP\u00c7\u00c3O REGIONAL EM VARGINHA - Not\u00edcias de Fato","isPartOf":{"@id":"https:\/\/noticiasdefato.net\/#website"},"primaryImageOfPage":{"@id":"https:\/\/noticiasdefato.net\/?p=2146#primaryimage"},"image":{"@id":"https:\/\/noticiasdefato.net\/?p=2146#primaryimage"},"thumbnailUrl":"https:\/\/noticiasdefato.net\/wp-content\/uploads\/2024\/11\/image-3.png","datePublished":"2024-11-20T12:10:40+00:00","dateModified":"2024-12-19T17:56:36+00:00","description":"Nova sede reunir\u00e1, em um \u00fanico edif\u00edcio, todos os \u00f3rg\u00e3os da institui\u00e7\u00e3o de combate \u00e0 criminalidade e \u00e0 corrup\u00e7\u00e3o.","breadcrumb":{"@id":"https:\/\/noticiasdefato.net\/?p=2146#breadcrumb"},"inLanguage":"pt-BR","potentialAction":[{"@type":"ReadAction","target":["https:\/\/noticiasdefato.net\/?p=2146"]}]},{"@type":"ImageObject","inLanguage":"pt-BR","@id":"https:\/\/noticiasdefato.net\/?p=2146#primaryimage","url":"https:\/\/noticiasdefato.net\/wp-content\/uploads\/2024\/11\/image-3.png","contentUrl":"https:\/\/noticiasdefato.net\/wp-content\/uploads\/2024\/11\/image-3.png","width":650,"height":433},{"@type":"BreadcrumbList","@id":"https:\/\/noticiasdefato.net\/?p=2146#breadcrumb","itemListElement":[{"@type":"ListItem","position":1,"name":"In\u00edcio","item":"https:\/\/noticiasdefato.net\/"},{"@type":"ListItem","position":2,"name":"MPMG INAUGURA UNIDADE DE COMBATE AO CRIME E \u00c0 CORRUP\u00c7\u00c3O REGIONAL EM VARGINHA"}]},{"@type":"WebSite","@id":"https:\/\/noticiasdefato.net\/#website","url":"https:\/\/noticiasdefato.net\/","name":"Not\u00edcias de Fato","description":"Trabalhamos com honestidade, seriedade e com a verdade.","publisher":{"@id":"https:\/\/noticiasdefato.net\/#organization"},"potentialAction":[{"@type":"SearchAction","target":{"@type":"EntryPoint","urlTemplate":"https:\/\/noticiasdefato.net\/?s={search_term_string}"},"query-input":"required name=search_term_string"}],"inLanguage":"pt-BR"},{"@type":"Organization","@id":"https:\/\/noticiasdefato.net\/#organization","name":"Not\u00edcias de Fato","url":"https:\/\/noticiasdefato.net\/","logo":{"@type":"ImageObject","inLanguage":"pt-BR","@id":"https:\/\/noticiasdefato.net\/#\/schema\/logo\/image\/","url":"https:\/\/noticiasdefato.net\/wp-content\/uploads\/2024\/02\/cropped-logo_topo.png","contentUrl":"https:\/\/noticiasdefato.net\/wp-content\/uploads\/2024\/02\/cropped-logo_topo.png","width":1948,"height":665,"caption":"Not\u00edcias de Fato"},"image":{"@id":"https:\/\/noticiasdefato.net\/#\/schema\/logo\/image\/"},"sameAs":["https:\/\/fb.com\/noticiasdefato.jornal","https:\/\/x.com\/noticiasdefato_","https:\/\/instagram.com\/noticiasdefato.jornal","https:\/\/youtube.com\/@JornalNoticiasDeFato"]},{"@type":"Person","@id":"https:\/\/noticiasdefato.net\/#\/schema\/person\/982ce60211d95acf059cd702aa260d08","name":"Noticias de Fato","image":{"@type":"ImageObject","inLanguage":"pt-BR","@id":"https:\/\/noticiasdefato.net\/#\/schema\/person\/image\/","url":"https:\/\/secure.gravatar.com\/avatar\/700227fab2316f0366a1b5d4988d10f847249cf13293450527ac9553c994611a?s=96&d=mm&r=g","contentUrl":"https:\/\/secure.gravatar.com\/avatar\/700227fab2316f0366a1b5d4988d10f847249cf13293450527ac9553c994611a?s=96&d=mm&r=g","caption":"Noticias de Fato"},"sameAs":["https:\/\/noticiasdefato.net","http:\/\/fb.com\/\/noticiasdefato.jornal","https:\/\/x.com\/https:\/\/twitter.com\/NoticiasDeFato_"],"url":"https:\/\/noticiasdefato.net\/?author=1"}]}},"_links":{"self":[{"href":"https:\/\/noticiasdefato.net\/index.php?rest_route=\/wp\/v2\/posts\/2146","targetHints":{"allow":["GET"]}}],"collection":[{"href":"https:\/\/noticiasdefato.net\/index.php?rest_route=\/wp\/v2\/posts"}],"about":[{"href":"https:\/\/noticiasdefato.net\/index.php?rest_route=\/wp\/v2\/types\/post"}],"author":[{"embeddable":true,"href":"https:\/\/noticiasdefato.net\/index.php?rest_route=\/wp\/v2\/users\/1"}],"replies":[{"embeddable":true,"href":"https:\/\/noticiasdefato.net\/index.php?rest_route=%2Fwp%2Fv2%2Fcomments&post=2146"}],"version-history":[{"count":1,"href":"https:\/\/noticiasdefato.net\/index.php?rest_route=\/wp\/v2\/posts\/2146\/revisions"}],"predecessor-version":[{"id":2150,"href":"https:\/\/noticiasdefato.net\/index.php?rest_route=\/wp\/v2\/posts\/2146\/revisions\/2150"}],"wp:featuredmedia":[{"embeddable":true,"href":"https:\/\/noticiasdefato.net\/index.php?rest_route=\/wp\/v2\/media\/2147"}],"wp:attachment":[{"href":"https:\/\/noticiasdefato.net\/index.php?rest_route=%2Fwp%2Fv2%2Fmedia&parent=2146"}],"wp:term":[{"taxonomy":"category","embeddable":true,"href":"https:\/\/noticiasdefato.net\/index.php?rest_route=%2Fwp%2Fv2%2Fcategories&post=2146"},{"taxonomy":"post_tag","embeddable":true,"href":"https:\/\/noticiasdefato.net\/index.php?rest_route=%2Fwp%2Fv2%2Ftags&post=2146"}],"curies":[{"name":"wp","href":"https:\/\/api.w.org\/{rel}","templated":true}]}}