{"id":2152,"date":"2024-11-28T07:30:39","date_gmt":"2024-11-28T10:30:39","guid":{"rendered":"https:\/\/noticiasdefato.net\/?p=2152"},"modified":"2024-12-19T17:10:43","modified_gmt":"2024-12-19T20:10:43","slug":"artistas-de-alfenas-questionam-a-prefeitura","status":"publish","type":"post","link":"https:\/\/noticiasdefato.net\/?p=2152","title":{"rendered":"ARTISTAS DE ALFENAS QUESTIONAM A PREFEITURA"},"content":{"rendered":"\n<p><em>Em nota, a classe repudia a falta de clareza e de transpar\u00eancia na sele\u00e7\u00e3o de projetos e na divulga\u00e7\u00e3o dos resultados.<\/em><\/p>\n\n\n\n<p>A classe art\u00edstica de Alfenas emitiu uma nota de rep\u00fadio (confira nesta mat\u00e9ria a nota) na tarde desta quarta-feira, 27, questionando o processo de avalia\u00e7\u00e3o da Pol\u00edtica Nacional Aldir Blanc (PNAB) realizado pela Prefeitura de Alfenas.<\/p>\n\n\n\n<p>No dia 4 de novembro, a Prefeitura divulgou a abertura de inscri\u00e7\u00f5es de projetos para a Lei Aldir Blanc, por meio da Lei Federal N\u00ba 14.399\/2022, que oferecia oportunidades de financiamento para iniciativas culturais.<br>As inscri\u00e7\u00f5es se encerraram no dia 17 deste m\u00eas. Os editais e inscri\u00e7\u00f5es podiam ser realizados atrav\u00e9s do Aplicativo Conecta Alfenas e qualquer agente cultural, pessoa f\u00edsica ou jur\u00eddica, que atue e resida no munic\u00edpio de Alfenas, poderia se inscrever.<\/p>\n\n\n\n<p>Os editais contemplavam diferentes categorias de financiamento e apoio cultural:<br>Edital n\u00ba 01\/2024 &#8211; Trajet\u00f3ria de Agentes Culturais<br>Edital n\u00ba 02\/2024 &#8211; Sele\u00e7\u00e3o de Espa\u00e7os, Ambientes e Iniciativas Art\u00edstico-Culturais<br>Edital n\u00ba 03\/2024 &#8211; Cultura Viva do Tamanho do Brasil! Premia\u00e7\u00e3o de Pontos e Pont\u00f5es de Cultura.<\/p>\n\n\n\n<p>Entre in\u00fameros questionamentos, alguns artistas alegam que, at\u00e9 projetos de fora de Alfenas foram contemplados.<\/p>\n\n\n<div class=\"wp-block-image\">\n<figure class=\"aligncenter size-large\"><img fetchpriority=\"high\" decoding=\"async\" width=\"573\" height=\"1024\" src=\"https:\/\/noticiasdefato.net\/wp-content\/uploads\/2024\/11\/Imagem-do-WhatsApp-de-2024-11-27-as-22.12.17_967e7dda-573x1024.jpg\" alt=\"\" class=\"wp-image-2153\" srcset=\"https:\/\/noticiasdefato.net\/wp-content\/uploads\/2024\/11\/Imagem-do-WhatsApp-de-2024-11-27-as-22.12.17_967e7dda-573x1024.jpg 573w, https:\/\/noticiasdefato.net\/wp-content\/uploads\/2024\/11\/Imagem-do-WhatsApp-de-2024-11-27-as-22.12.17_967e7dda-168x300.jpg 168w, https:\/\/noticiasdefato.net\/wp-content\/uploads\/2024\/11\/Imagem-do-WhatsApp-de-2024-11-27-as-22.12.17_967e7dda-50x90.jpg 50w, https:\/\/noticiasdefato.net\/wp-content\/uploads\/2024\/11\/Imagem-do-WhatsApp-de-2024-11-27-as-22.12.17_967e7dda.jpg 716w\" sizes=\"(max-width: 573px) 100vw, 573px\" \/><\/figure>\n<\/div>","protected":false},"excerpt":{"rendered":"<p>Em nota, a classe repudia a falta de clareza e de transpar\u00eancia na sele\u00e7\u00e3o de projetos e na divulga\u00e7\u00e3o dos resultados. <a href=\"https:\/\/noticiasdefato.net\/?p=2152\" class=\"more-link\">Continuar lendo <span class=\"screen-reader-text\">ARTISTAS DE ALFENAS QUESTIONAM A PREFEITURA<\/span><\/a><\/p>\n","protected":false},"author":1,"featured_media":2154,"comment_status":"open","ping_status":"open","sticky":false,"template":"","format":"standard","meta":{"footnotes":""},"categories":[24],"tags":[],"class_list":["post-2152","post","type-post","status-publish","format-standard","has-post-thumbnail","hentry","category-cultura"],"yoast_head":"<!-- This site is optimized with the Yoast SEO plugin v23.2 - https:\/\/yoast.com\/wordpress\/plugins\/seo\/ -->\n<title>ARTISTAS DE ALFENAS QUESTIONAM A PREFEITURA - Not\u00edcias de Fato<\/title>\n<meta name=\"description\" content=\"Em nota, a classe repudia a falta de clareza e de transpar\u00eancia na sele\u00e7\u00e3o de projetos e na divulga\u00e7\u00e3o dos resultados.\" \/>\n<meta name=\"robots\" content=\"index, follow, max-snippet:-1, max-image-preview:large, max-video-preview:-1\" \/>\n<link rel=\"canonical\" href=\"https:\/\/noticiasdefato.net\/?p=2152\" \/>\n<meta property=\"og:locale\" content=\"pt_BR\" \/>\n<meta property=\"og:type\" content=\"article\" \/>\n<meta property=\"og:title\" content=\"ARTISTAS DE ALFENAS QUESTIONAM A PREFEITURA - Not\u00edcias de Fato\" \/>\n<meta property=\"og:description\" content=\"Em nota, a classe repudia a falta de clareza e de transpar\u00eancia na sele\u00e7\u00e3o de projetos e na divulga\u00e7\u00e3o dos resultados.\" \/>\n<meta property=\"og:url\" content=\"https:\/\/noticiasdefato.net\/?p=2152\" \/>\n<meta property=\"og:site_name\" content=\"Not\u00edcias de Fato\" \/>\n<meta property=\"article:publisher\" content=\"https:\/\/fb.com\/noticiasdefato.jornal\" \/>\n<meta property=\"article:author\" content=\"http:\/\/fb.com\/\/noticiasdefato.jornal\" \/>\n<meta property=\"article:published_time\" content=\"2024-11-28T10:30:39+00:00\" \/>\n<meta property=\"article:modified_time\" content=\"2024-12-19T20:10:43+00:00\" \/>\n<meta property=\"og:image\" content=\"https:\/\/noticiasdefato.net\/wp-content\/uploads\/2024\/11\/image-6.png\" \/>\n\t<meta property=\"og:image:width\" content=\"748\" \/>\n\t<meta property=\"og:image:height\" content=\"245\" \/>\n\t<meta property=\"og:image:type\" content=\"image\/png\" \/>\n<meta name=\"author\" content=\"Noticias de Fato\" \/>\n<meta name=\"twitter:card\" content=\"summary_large_image\" \/>\n<meta name=\"twitter:creator\" content=\"@https:\/\/twitter.com\/NoticiasDeFato_\" \/>\n<meta name=\"twitter:site\" content=\"@noticiasdefato_\" \/>\n<meta name=\"twitter:label1\" content=\"Escrito por\" \/>\n\t<meta name=\"twitter:data1\" content=\"Noticias de Fato\" \/>\n\t<meta name=\"twitter:label2\" content=\"Est. tempo de leitura\" \/>\n\t<meta name=\"twitter:data2\" content=\"2 minutos\" \/>\n<script type=\"application\/ld+json\" class=\"yoast-schema-graph\">{\"@context\":\"https:\/\/schema.org\",\"@graph\":[{\"@type\":\"Article\",\"@id\":\"https:\/\/noticiasdefato.net\/?p=2152#article\",\"isPartOf\":{\"@id\":\"https:\/\/noticiasdefato.net\/?p=2152\"},\"author\":{\"name\":\"Noticias de Fato\",\"@id\":\"https:\/\/noticiasdefato.net\/#\/schema\/person\/982ce60211d95acf059cd702aa260d08\"},\"headline\":\"ARTISTAS DE ALFENAS QUESTIONAM A PREFEITURA\",\"datePublished\":\"2024-11-28T10:30:39+00:00\",\"dateModified\":\"2024-12-19T20:10:43+00:00\",\"mainEntityOfPage\":{\"@id\":\"https:\/\/noticiasdefato.net\/?p=2152\"},\"wordCount\":212,\"commentCount\":0,\"publisher\":{\"@id\":\"https:\/\/noticiasdefato.net\/#organization\"},\"image\":{\"@id\":\"https:\/\/noticiasdefato.net\/?p=2152#primaryimage\"},\"thumbnailUrl\":\"https:\/\/noticiasdefato.net\/wp-content\/uploads\/2024\/11\/image-6.png\",\"articleSection\":[\"Cultura\"],\"inLanguage\":\"pt-BR\",\"potentialAction\":[{\"@type\":\"CommentAction\",\"name\":\"Comment\",\"target\":[\"https:\/\/noticiasdefato.net\/?p=2152#respond\"]}]},{\"@type\":\"WebPage\",\"@id\":\"https:\/\/noticiasdefato.net\/?p=2152\",\"url\":\"https:\/\/noticiasdefato.net\/?p=2152\",\"name\":\"ARTISTAS DE ALFENAS QUESTIONAM A PREFEITURA - Not\u00edcias de Fato\",\"isPartOf\":{\"@id\":\"https:\/\/noticiasdefato.net\/#website\"},\"primaryImageOfPage\":{\"@id\":\"https:\/\/noticiasdefato.net\/?p=2152#primaryimage\"},\"image\":{\"@id\":\"https:\/\/noticiasdefato.net\/?p=2152#primaryimage\"},\"thumbnailUrl\":\"https:\/\/noticiasdefato.net\/wp-content\/uploads\/2024\/11\/image-6.png\",\"datePublished\":\"2024-11-28T10:30:39+00:00\",\"dateModified\":\"2024-12-19T20:10:43+00:00\",\"description\":\"Em nota, a classe repudia a falta de clareza e de transpar\u00eancia na sele\u00e7\u00e3o de projetos e na divulga\u00e7\u00e3o dos resultados.\",\"breadcrumb\":{\"@id\":\"https:\/\/noticiasdefato.net\/?p=2152#breadcrumb\"},\"inLanguage\":\"pt-BR\",\"potentialAction\":[{\"@type\":\"ReadAction\",\"target\":[\"https:\/\/noticiasdefato.net\/?p=2152\"]}]},{\"@type\":\"ImageObject\",\"inLanguage\":\"pt-BR\",\"@id\":\"https:\/\/noticiasdefato.net\/?p=2152#primaryimage\",\"url\":\"https:\/\/noticiasdefato.net\/wp-content\/uploads\/2024\/11\/image-6.png\",\"contentUrl\":\"https:\/\/noticiasdefato.net\/wp-content\/uploads\/2024\/11\/image-6.png\",\"width\":748,\"height\":245},{\"@type\":\"BreadcrumbList\",\"@id\":\"https:\/\/noticiasdefato.net\/?p=2152#breadcrumb\",\"itemListElement\":[{\"@type\":\"ListItem\",\"position\":1,\"name\":\"In\u00edcio\",\"item\":\"https:\/\/noticiasdefato.net\/\"},{\"@type\":\"ListItem\",\"position\":2,\"name\":\"ARTISTAS DE ALFENAS QUESTIONAM A PREFEITURA\"}]},{\"@type\":\"WebSite\",\"@id\":\"https:\/\/noticiasdefato.net\/#website\",\"url\":\"https:\/\/noticiasdefato.net\/\",\"name\":\"Not\u00edcias de Fato\",\"description\":\"Trabalhamos com honestidade, seriedade e com a verdade.\",\"publisher\":{\"@id\":\"https:\/\/noticiasdefato.net\/#organization\"},\"potentialAction\":[{\"@type\":\"SearchAction\",\"target\":{\"@type\":\"EntryPoint\",\"urlTemplate\":\"https:\/\/noticiasdefato.net\/?s={search_term_string}\"},\"query-input\":\"required name=search_term_string\"}],\"inLanguage\":\"pt-BR\"},{\"@type\":\"Organization\",\"@id\":\"https:\/\/noticiasdefato.net\/#organization\",\"name\":\"Not\u00edcias de Fato\",\"url\":\"https:\/\/noticiasdefato.net\/\",\"logo\":{\"@type\":\"ImageObject\",\"inLanguage\":\"pt-BR\",\"@id\":\"https:\/\/noticiasdefato.net\/#\/schema\/logo\/image\/\",\"url\":\"https:\/\/noticiasdefato.net\/wp-content\/uploads\/2024\/02\/cropped-logo_topo.png\",\"contentUrl\":\"https:\/\/noticiasdefato.net\/wp-content\/uploads\/2024\/02\/cropped-logo_topo.png\",\"width\":1948,\"height\":665,\"caption\":\"Not\u00edcias de Fato\"},\"image\":{\"@id\":\"https:\/\/noticiasdefato.net\/#\/schema\/logo\/image\/\"},\"sameAs\":[\"https:\/\/fb.com\/noticiasdefato.jornal\",\"https:\/\/x.com\/noticiasdefato_\",\"https:\/\/instagram.com\/noticiasdefato.jornal\",\"https:\/\/youtube.com\/@JornalNoticiasDeFato\"]},{\"@type\":\"Person\",\"@id\":\"https:\/\/noticiasdefato.net\/#\/schema\/person\/982ce60211d95acf059cd702aa260d08\",\"name\":\"Noticias de Fato\",\"image\":{\"@type\":\"ImageObject\",\"inLanguage\":\"pt-BR\",\"@id\":\"https:\/\/noticiasdefato.net\/#\/schema\/person\/image\/\",\"url\":\"https:\/\/secure.gravatar.com\/avatar\/700227fab2316f0366a1b5d4988d10f847249cf13293450527ac9553c994611a?s=96&d=mm&r=g\",\"contentUrl\":\"https:\/\/secure.gravatar.com\/avatar\/700227fab2316f0366a1b5d4988d10f847249cf13293450527ac9553c994611a?s=96&d=mm&r=g\",\"caption\":\"Noticias de Fato\"},\"sameAs\":[\"https:\/\/noticiasdefato.net\",\"http:\/\/fb.com\/\/noticiasdefato.jornal\",\"https:\/\/x.com\/https:\/\/twitter.com\/NoticiasDeFato_\"],\"url\":\"https:\/\/noticiasdefato.net\/?author=1\"}]}<\/script>\n<!-- \/ Yoast SEO plugin. -->","yoast_head_json":{"title":"ARTISTAS DE ALFENAS QUESTIONAM A PREFEITURA - Not\u00edcias de Fato","description":"Em nota, a classe repudia a falta de clareza e de transpar\u00eancia na sele\u00e7\u00e3o de projetos e na divulga\u00e7\u00e3o dos resultados.","robots":{"index":"index","follow":"follow","max-snippet":"max-snippet:-1","max-image-preview":"max-image-preview:large","max-video-preview":"max-video-preview:-1"},"canonical":"https:\/\/noticiasdefato.net\/?p=2152","og_locale":"pt_BR","og_type":"article","og_title":"ARTISTAS DE ALFENAS QUESTIONAM A PREFEITURA - Not\u00edcias de Fato","og_description":"Em nota, a classe repudia a falta de clareza e de transpar\u00eancia na sele\u00e7\u00e3o de projetos e na divulga\u00e7\u00e3o dos resultados.","og_url":"https:\/\/noticiasdefato.net\/?p=2152","og_site_name":"Not\u00edcias de Fato","article_publisher":"https:\/\/fb.com\/noticiasdefato.jornal","article_author":"http:\/\/fb.com\/\/noticiasdefato.jornal","article_published_time":"2024-11-28T10:30:39+00:00","article_modified_time":"2024-12-19T20:10:43+00:00","og_image":[{"width":748,"height":245,"url":"https:\/\/noticiasdefato.net\/wp-content\/uploads\/2024\/11\/image-6.png","type":"image\/png"}],"author":"Noticias de Fato","twitter_card":"summary_large_image","twitter_creator":"@https:\/\/twitter.com\/NoticiasDeFato_","twitter_site":"@noticiasdefato_","twitter_misc":{"Escrito por":"Noticias de Fato","Est. tempo de leitura":"2 minutos"},"schema":{"@context":"https:\/\/schema.org","@graph":[{"@type":"Article","@id":"https:\/\/noticiasdefato.net\/?p=2152#article","isPartOf":{"@id":"https:\/\/noticiasdefato.net\/?p=2152"},"author":{"name":"Noticias de Fato","@id":"https:\/\/noticiasdefato.net\/#\/schema\/person\/982ce60211d95acf059cd702aa260d08"},"headline":"ARTISTAS DE ALFENAS QUESTIONAM A PREFEITURA","datePublished":"2024-11-28T10:30:39+00:00","dateModified":"2024-12-19T20:10:43+00:00","mainEntityOfPage":{"@id":"https:\/\/noticiasdefato.net\/?p=2152"},"wordCount":212,"commentCount":0,"publisher":{"@id":"https:\/\/noticiasdefato.net\/#organization"},"image":{"@id":"https:\/\/noticiasdefato.net\/?p=2152#primaryimage"},"thumbnailUrl":"https:\/\/noticiasdefato.net\/wp-content\/uploads\/2024\/11\/image-6.png","articleSection":["Cultura"],"inLanguage":"pt-BR","potentialAction":[{"@type":"CommentAction","name":"Comment","target":["https:\/\/noticiasdefato.net\/?p=2152#respond"]}]},{"@type":"WebPage","@id":"https:\/\/noticiasdefato.net\/?p=2152","url":"https:\/\/noticiasdefato.net\/?p=2152","name":"ARTISTAS DE ALFENAS QUESTIONAM A PREFEITURA - Not\u00edcias de Fato","isPartOf":{"@id":"https:\/\/noticiasdefato.net\/#website"},"primaryImageOfPage":{"@id":"https:\/\/noticiasdefato.net\/?p=2152#primaryimage"},"image":{"@id":"https:\/\/noticiasdefato.net\/?p=2152#primaryimage"},"thumbnailUrl":"https:\/\/noticiasdefato.net\/wp-content\/uploads\/2024\/11\/image-6.png","datePublished":"2024-11-28T10:30:39+00:00","dateModified":"2024-12-19T20:10:43+00:00","description":"Em nota, a classe repudia a falta de clareza e de transpar\u00eancia na sele\u00e7\u00e3o de projetos e na divulga\u00e7\u00e3o dos resultados.","breadcrumb":{"@id":"https:\/\/noticiasdefato.net\/?p=2152#breadcrumb"},"inLanguage":"pt-BR","potentialAction":[{"@type":"ReadAction","target":["https:\/\/noticiasdefato.net\/?p=2152"]}]},{"@type":"ImageObject","inLanguage":"pt-BR","@id":"https:\/\/noticiasdefato.net\/?p=2152#primaryimage","url":"https:\/\/noticiasdefato.net\/wp-content\/uploads\/2024\/11\/image-6.png","contentUrl":"https:\/\/noticiasdefato.net\/wp-content\/uploads\/2024\/11\/image-6.png","width":748,"height":245},{"@type":"BreadcrumbList","@id":"https:\/\/noticiasdefato.net\/?p=2152#breadcrumb","itemListElement":[{"@type":"ListItem","position":1,"name":"In\u00edcio","item":"https:\/\/noticiasdefato.net\/"},{"@type":"ListItem","position":2,"name":"ARTISTAS DE ALFENAS QUESTIONAM A PREFEITURA"}]},{"@type":"WebSite","@id":"https:\/\/noticiasdefato.net\/#website","url":"https:\/\/noticiasdefato.net\/","name":"Not\u00edcias de Fato","description":"Trabalhamos com honestidade, seriedade e com a verdade.","publisher":{"@id":"https:\/\/noticiasdefato.net\/#organization"},"potentialAction":[{"@type":"SearchAction","target":{"@type":"EntryPoint","urlTemplate":"https:\/\/noticiasdefato.net\/?s={search_term_string}"},"query-input":"required name=search_term_string"}],"inLanguage":"pt-BR"},{"@type":"Organization","@id":"https:\/\/noticiasdefato.net\/#organization","name":"Not\u00edcias de Fato","url":"https:\/\/noticiasdefato.net\/","logo":{"@type":"ImageObject","inLanguage":"pt-BR","@id":"https:\/\/noticiasdefato.net\/#\/schema\/logo\/image\/","url":"https:\/\/noticiasdefato.net\/wp-content\/uploads\/2024\/02\/cropped-logo_topo.png","contentUrl":"https:\/\/noticiasdefato.net\/wp-content\/uploads\/2024\/02\/cropped-logo_topo.png","width":1948,"height":665,"caption":"Not\u00edcias de Fato"},"image":{"@id":"https:\/\/noticiasdefato.net\/#\/schema\/logo\/image\/"},"sameAs":["https:\/\/fb.com\/noticiasdefato.jornal","https:\/\/x.com\/noticiasdefato_","https:\/\/instagram.com\/noticiasdefato.jornal","https:\/\/youtube.com\/@JornalNoticiasDeFato"]},{"@type":"Person","@id":"https:\/\/noticiasdefato.net\/#\/schema\/person\/982ce60211d95acf059cd702aa260d08","name":"Noticias de Fato","image":{"@type":"ImageObject","inLanguage":"pt-BR","@id":"https:\/\/noticiasdefato.net\/#\/schema\/person\/image\/","url":"https:\/\/secure.gravatar.com\/avatar\/700227fab2316f0366a1b5d4988d10f847249cf13293450527ac9553c994611a?s=96&d=mm&r=g","contentUrl":"https:\/\/secure.gravatar.com\/avatar\/700227fab2316f0366a1b5d4988d10f847249cf13293450527ac9553c994611a?s=96&d=mm&r=g","caption":"Noticias de Fato"},"sameAs":["https:\/\/noticiasdefato.net","http:\/\/fb.com\/\/noticiasdefato.jornal","https:\/\/x.com\/https:\/\/twitter.com\/NoticiasDeFato_"],"url":"https:\/\/noticiasdefato.net\/?author=1"}]}},"_links":{"self":[{"href":"https:\/\/noticiasdefato.net\/index.php?rest_route=\/wp\/v2\/posts\/2152","targetHints":{"allow":["GET"]}}],"collection":[{"href":"https:\/\/noticiasdefato.net\/index.php?rest_route=\/wp\/v2\/posts"}],"about":[{"href":"https:\/\/noticiasdefato.net\/index.php?rest_route=\/wp\/v2\/types\/post"}],"author":[{"embeddable":true,"href":"https:\/\/noticiasdefato.net\/index.php?rest_route=\/wp\/v2\/users\/1"}],"replies":[{"embeddable":true,"href":"https:\/\/noticiasdefato.net\/index.php?rest_route=%2Fwp%2Fv2%2Fcomments&post=2152"}],"version-history":[{"count":1,"href":"https:\/\/noticiasdefato.net\/index.php?rest_route=\/wp\/v2\/posts\/2152\/revisions"}],"predecessor-version":[{"id":2155,"href":"https:\/\/noticiasdefato.net\/index.php?rest_route=\/wp\/v2\/posts\/2152\/revisions\/2155"}],"wp:featuredmedia":[{"embeddable":true,"href":"https:\/\/noticiasdefato.net\/index.php?rest_route=\/wp\/v2\/media\/2154"}],"wp:attachment":[{"href":"https:\/\/noticiasdefato.net\/index.php?rest_route=%2Fwp%2Fv2%2Fmedia&parent=2152"}],"wp:term":[{"taxonomy":"category","embeddable":true,"href":"https:\/\/noticiasdefato.net\/index.php?rest_route=%2Fwp%2Fv2%2Fcategories&post=2152"},{"taxonomy":"post_tag","embeddable":true,"href":"https:\/\/noticiasdefato.net\/index.php?rest_route=%2Fwp%2Fv2%2Ftags&post=2152"}],"curies":[{"name":"wp","href":"https:\/\/api.w.org\/{rel}","templated":true}]}}