{"id":2166,"date":"2024-11-28T07:37:49","date_gmt":"2024-11-28T10:37:49","guid":{"rendered":"https:\/\/noticiasdefato.net\/?p=2166"},"modified":"2024-12-19T14:56:47","modified_gmt":"2024-12-19T17:56:47","slug":"lago-de-furnas-nivel-volta-a-registrar-queda","status":"publish","type":"post","link":"https:\/\/noticiasdefato.net\/?p=2166","title":{"rendered":"LAGO DE FURNAS: N\u00cdVEL VOLTA A REGISTRAR QUEDA"},"content":{"rendered":"\n<p><em>Segundo Operador Nacional do Sistema (ONS), na \u00faltima segunda-feira, o n\u00edvel estava em 757,3 metros, considerado insuficiente.<\/em><\/p>\n\n\n\n<p>O Lago de Furnas est\u00e1 operando com apenas 29% de sua capacidade total. Nos \u00faltimos dias, com a redu\u00e7\u00e3o das chuvas, o n\u00edvel do reservat\u00f3rio voltou a registrar queda. Atualmente, o lago banha 34 munic\u00edpios, sendo 29 deles localizados no Sul de Minas. Este n\u00edvel t\u00e3o baixo n\u00e3o era registrado desde dezembro de 2021.<br>Em junho deste ano, o volume do lago ultrapassava os 70%, mas a estiagem prolongada reduziu significativamente sua capacidade, chegando a novembro abaixo dos 30%. Segundo dados do Operador Nacional do Sistema (ONS), na \u00faltima segunda-feira, o n\u00edvel estava em 757,3 metros, considerado insuficiente para garantir o pleno funcionamento das atividades que dependem do reservat\u00f3rio. Essa baixa gera impactos ambientais e econ\u00f4micos na regi\u00e3o.<\/p>\n\n\n\n<p>De acordo com especialistas, a expectativa \u00e9 de que as chuvas das pr\u00f3ximas semanas possam auxiliar na recupera\u00e7\u00e3o do n\u00edvel do lago, trazendo al\u00edvio \u00e0s comunidades e setores que dependem diretamente de suas \u00e1guas.<\/p>\n\n\n\n<p><strong>Fonte:<\/strong>\u00a0<em>G1\u00a0Sul\u00a0de\u00a0Minas<\/em><\/p>\n","protected":false},"excerpt":{"rendered":"<p>Segundo Operador Nacional do Sistema (ONS), na \u00faltima segunda-feira, o n\u00edvel estava em 757,3 metros, considerado insuficiente. <a href=\"https:\/\/noticiasdefato.net\/?p=2166\" class=\"more-link\">Continuar lendo <span class=\"screen-reader-text\">LAGO DE FURNAS: N\u00cdVEL VOLTA A REGISTRAR QUEDA<\/span><\/a><\/p>\n","protected":false},"author":1,"featured_media":2167,"comment_status":"open","ping_status":"open","sticky":false,"template":"","format":"standard","meta":{"footnotes":""},"categories":[34],"tags":[],"class_list":["post-2166","post","type-post","status-publish","format-standard","has-post-thumbnail","hentry","category-meio-ambiente"],"yoast_head":"<!-- This site is optimized with the Yoast SEO plugin v23.2 - https:\/\/yoast.com\/wordpress\/plugins\/seo\/ -->\n<title>LAGO DE FURNAS: N\u00cdVEL VOLTA A REGISTRAR QUEDA - Not\u00edcias de Fato<\/title>\n<meta name=\"description\" content=\"Segundo Operador Nacional do Sistema (ONS), na \u00faltima segunda-feira, o n\u00edvel estava em 757,3 metros, considerado insuficiente.\" \/>\n<meta name=\"robots\" content=\"index, follow, max-snippet:-1, max-image-preview:large, max-video-preview:-1\" \/>\n<link rel=\"canonical\" href=\"https:\/\/noticiasdefato.net\/?p=2166\" \/>\n<meta property=\"og:locale\" content=\"pt_BR\" \/>\n<meta property=\"og:type\" content=\"article\" \/>\n<meta property=\"og:title\" content=\"LAGO DE FURNAS: N\u00cdVEL VOLTA A REGISTRAR QUEDA - Not\u00edcias de Fato\" \/>\n<meta property=\"og:description\" content=\"Segundo Operador Nacional do Sistema (ONS), na \u00faltima segunda-feira, o n\u00edvel estava em 757,3 metros, considerado insuficiente.\" \/>\n<meta property=\"og:url\" content=\"https:\/\/noticiasdefato.net\/?p=2166\" \/>\n<meta property=\"og:site_name\" content=\"Not\u00edcias de Fato\" \/>\n<meta property=\"article:publisher\" content=\"https:\/\/fb.com\/noticiasdefato.jornal\" \/>\n<meta property=\"article:author\" content=\"http:\/\/fb.com\/\/noticiasdefato.jornal\" \/>\n<meta property=\"article:published_time\" content=\"2024-11-28T10:37:49+00:00\" \/>\n<meta property=\"article:modified_time\" content=\"2024-12-19T17:56:47+00:00\" \/>\n<meta property=\"og:image\" content=\"https:\/\/noticiasdefato.net\/wp-content\/uploads\/2024\/11\/Imagem-do-WhatsApp-de-2024-11-27-as-23.18.54_88e3a97d.jpg\" \/>\n\t<meta property=\"og:image:width\" content=\"984\" \/>\n\t<meta property=\"og:image:height\" content=\"537\" \/>\n\t<meta property=\"og:image:type\" content=\"image\/jpeg\" \/>\n<meta name=\"author\" content=\"Noticias de Fato\" \/>\n<meta name=\"twitter:card\" content=\"summary_large_image\" \/>\n<meta name=\"twitter:creator\" content=\"@https:\/\/twitter.com\/NoticiasDeFato_\" \/>\n<meta name=\"twitter:site\" content=\"@noticiasdefato_\" \/>\n<meta name=\"twitter:label1\" content=\"Escrito por\" \/>\n\t<meta name=\"twitter:data1\" content=\"Noticias de Fato\" \/>\n\t<meta name=\"twitter:label2\" content=\"Est. tempo de leitura\" \/>\n\t<meta name=\"twitter:data2\" content=\"2 minutos\" \/>\n<script type=\"application\/ld+json\" class=\"yoast-schema-graph\">{\"@context\":\"https:\/\/schema.org\",\"@graph\":[{\"@type\":\"Article\",\"@id\":\"https:\/\/noticiasdefato.net\/?p=2166#article\",\"isPartOf\":{\"@id\":\"https:\/\/noticiasdefato.net\/?p=2166\"},\"author\":{\"name\":\"Noticias de Fato\",\"@id\":\"https:\/\/noticiasdefato.net\/#\/schema\/person\/982ce60211d95acf059cd702aa260d08\"},\"headline\":\"LAGO DE FURNAS: N\u00cdVEL VOLTA A REGISTRAR QUEDA\",\"datePublished\":\"2024-11-28T10:37:49+00:00\",\"dateModified\":\"2024-12-19T17:56:47+00:00\",\"mainEntityOfPage\":{\"@id\":\"https:\/\/noticiasdefato.net\/?p=2166\"},\"wordCount\":190,\"commentCount\":0,\"publisher\":{\"@id\":\"https:\/\/noticiasdefato.net\/#organization\"},\"image\":{\"@id\":\"https:\/\/noticiasdefato.net\/?p=2166#primaryimage\"},\"thumbnailUrl\":\"https:\/\/noticiasdefato.net\/wp-content\/uploads\/2024\/11\/Imagem-do-WhatsApp-de-2024-11-27-as-23.18.54_88e3a97d.jpg\",\"articleSection\":[\"Meio ambiente\"],\"inLanguage\":\"pt-BR\",\"potentialAction\":[{\"@type\":\"CommentAction\",\"name\":\"Comment\",\"target\":[\"https:\/\/noticiasdefato.net\/?p=2166#respond\"]}]},{\"@type\":\"WebPage\",\"@id\":\"https:\/\/noticiasdefato.net\/?p=2166\",\"url\":\"https:\/\/noticiasdefato.net\/?p=2166\",\"name\":\"LAGO DE FURNAS: N\u00cdVEL VOLTA A REGISTRAR QUEDA - Not\u00edcias de Fato\",\"isPartOf\":{\"@id\":\"https:\/\/noticiasdefato.net\/#website\"},\"primaryImageOfPage\":{\"@id\":\"https:\/\/noticiasdefato.net\/?p=2166#primaryimage\"},\"image\":{\"@id\":\"https:\/\/noticiasdefato.net\/?p=2166#primaryimage\"},\"thumbnailUrl\":\"https:\/\/noticiasdefato.net\/wp-content\/uploads\/2024\/11\/Imagem-do-WhatsApp-de-2024-11-27-as-23.18.54_88e3a97d.jpg\",\"datePublished\":\"2024-11-28T10:37:49+00:00\",\"dateModified\":\"2024-12-19T17:56:47+00:00\",\"description\":\"Segundo Operador Nacional do Sistema (ONS), na \u00faltima segunda-feira, o n\u00edvel estava em 757,3 metros, considerado insuficiente.\",\"breadcrumb\":{\"@id\":\"https:\/\/noticiasdefato.net\/?p=2166#breadcrumb\"},\"inLanguage\":\"pt-BR\",\"potentialAction\":[{\"@type\":\"ReadAction\",\"target\":[\"https:\/\/noticiasdefato.net\/?p=2166\"]}]},{\"@type\":\"ImageObject\",\"inLanguage\":\"pt-BR\",\"@id\":\"https:\/\/noticiasdefato.net\/?p=2166#primaryimage\",\"url\":\"https:\/\/noticiasdefato.net\/wp-content\/uploads\/2024\/11\/Imagem-do-WhatsApp-de-2024-11-27-as-23.18.54_88e3a97d.jpg\",\"contentUrl\":\"https:\/\/noticiasdefato.net\/wp-content\/uploads\/2024\/11\/Imagem-do-WhatsApp-de-2024-11-27-as-23.18.54_88e3a97d.jpg\",\"width\":984,\"height\":537},{\"@type\":\"BreadcrumbList\",\"@id\":\"https:\/\/noticiasdefato.net\/?p=2166#breadcrumb\",\"itemListElement\":[{\"@type\":\"ListItem\",\"position\":1,\"name\":\"In\u00edcio\",\"item\":\"https:\/\/noticiasdefato.net\/\"},{\"@type\":\"ListItem\",\"position\":2,\"name\":\"LAGO DE FURNAS: N\u00cdVEL VOLTA A REGISTRAR QUEDA\"}]},{\"@type\":\"WebSite\",\"@id\":\"https:\/\/noticiasdefato.net\/#website\",\"url\":\"https:\/\/noticiasdefato.net\/\",\"name\":\"Not\u00edcias de Fato\",\"description\":\"Trabalhamos com honestidade, seriedade e com a verdade.\",\"publisher\":{\"@id\":\"https:\/\/noticiasdefato.net\/#organization\"},\"potentialAction\":[{\"@type\":\"SearchAction\",\"target\":{\"@type\":\"EntryPoint\",\"urlTemplate\":\"https:\/\/noticiasdefato.net\/?s={search_term_string}\"},\"query-input\":\"required name=search_term_string\"}],\"inLanguage\":\"pt-BR\"},{\"@type\":\"Organization\",\"@id\":\"https:\/\/noticiasdefato.net\/#organization\",\"name\":\"Not\u00edcias de Fato\",\"url\":\"https:\/\/noticiasdefato.net\/\",\"logo\":{\"@type\":\"ImageObject\",\"inLanguage\":\"pt-BR\",\"@id\":\"https:\/\/noticiasdefato.net\/#\/schema\/logo\/image\/\",\"url\":\"https:\/\/noticiasdefato.net\/wp-content\/uploads\/2024\/02\/cropped-logo_topo.png\",\"contentUrl\":\"https:\/\/noticiasdefato.net\/wp-content\/uploads\/2024\/02\/cropped-logo_topo.png\",\"width\":1948,\"height\":665,\"caption\":\"Not\u00edcias de Fato\"},\"image\":{\"@id\":\"https:\/\/noticiasdefato.net\/#\/schema\/logo\/image\/\"},\"sameAs\":[\"https:\/\/fb.com\/noticiasdefato.jornal\",\"https:\/\/x.com\/noticiasdefato_\",\"https:\/\/instagram.com\/noticiasdefato.jornal\",\"https:\/\/youtube.com\/@JornalNoticiasDeFato\"]},{\"@type\":\"Person\",\"@id\":\"https:\/\/noticiasdefato.net\/#\/schema\/person\/982ce60211d95acf059cd702aa260d08\",\"name\":\"Noticias de Fato\",\"image\":{\"@type\":\"ImageObject\",\"inLanguage\":\"pt-BR\",\"@id\":\"https:\/\/noticiasdefato.net\/#\/schema\/person\/image\/\",\"url\":\"https:\/\/secure.gravatar.com\/avatar\/700227fab2316f0366a1b5d4988d10f847249cf13293450527ac9553c994611a?s=96&d=mm&r=g\",\"contentUrl\":\"https:\/\/secure.gravatar.com\/avatar\/700227fab2316f0366a1b5d4988d10f847249cf13293450527ac9553c994611a?s=96&d=mm&r=g\",\"caption\":\"Noticias de Fato\"},\"sameAs\":[\"https:\/\/noticiasdefato.net\",\"http:\/\/fb.com\/\/noticiasdefato.jornal\",\"https:\/\/x.com\/https:\/\/twitter.com\/NoticiasDeFato_\"],\"url\":\"https:\/\/noticiasdefato.net\/?author=1\"}]}<\/script>\n<!-- \/ Yoast SEO plugin. -->","yoast_head_json":{"title":"LAGO DE FURNAS: N\u00cdVEL VOLTA A REGISTRAR QUEDA - Not\u00edcias de Fato","description":"Segundo Operador Nacional do Sistema (ONS), na \u00faltima segunda-feira, o n\u00edvel estava em 757,3 metros, considerado insuficiente.","robots":{"index":"index","follow":"follow","max-snippet":"max-snippet:-1","max-image-preview":"max-image-preview:large","max-video-preview":"max-video-preview:-1"},"canonical":"https:\/\/noticiasdefato.net\/?p=2166","og_locale":"pt_BR","og_type":"article","og_title":"LAGO DE FURNAS: N\u00cdVEL VOLTA A REGISTRAR QUEDA - Not\u00edcias de Fato","og_description":"Segundo Operador Nacional do Sistema (ONS), na \u00faltima segunda-feira, o n\u00edvel estava em 757,3 metros, considerado insuficiente.","og_url":"https:\/\/noticiasdefato.net\/?p=2166","og_site_name":"Not\u00edcias de Fato","article_publisher":"https:\/\/fb.com\/noticiasdefato.jornal","article_author":"http:\/\/fb.com\/\/noticiasdefato.jornal","article_published_time":"2024-11-28T10:37:49+00:00","article_modified_time":"2024-12-19T17:56:47+00:00","og_image":[{"width":984,"height":537,"url":"https:\/\/noticiasdefato.net\/wp-content\/uploads\/2024\/11\/Imagem-do-WhatsApp-de-2024-11-27-as-23.18.54_88e3a97d.jpg","type":"image\/jpeg"}],"author":"Noticias de Fato","twitter_card":"summary_large_image","twitter_creator":"@https:\/\/twitter.com\/NoticiasDeFato_","twitter_site":"@noticiasdefato_","twitter_misc":{"Escrito por":"Noticias de Fato","Est. tempo de leitura":"2 minutos"},"schema":{"@context":"https:\/\/schema.org","@graph":[{"@type":"Article","@id":"https:\/\/noticiasdefato.net\/?p=2166#article","isPartOf":{"@id":"https:\/\/noticiasdefato.net\/?p=2166"},"author":{"name":"Noticias de Fato","@id":"https:\/\/noticiasdefato.net\/#\/schema\/person\/982ce60211d95acf059cd702aa260d08"},"headline":"LAGO DE FURNAS: N\u00cdVEL VOLTA A REGISTRAR QUEDA","datePublished":"2024-11-28T10:37:49+00:00","dateModified":"2024-12-19T17:56:47+00:00","mainEntityOfPage":{"@id":"https:\/\/noticiasdefato.net\/?p=2166"},"wordCount":190,"commentCount":0,"publisher":{"@id":"https:\/\/noticiasdefato.net\/#organization"},"image":{"@id":"https:\/\/noticiasdefato.net\/?p=2166#primaryimage"},"thumbnailUrl":"https:\/\/noticiasdefato.net\/wp-content\/uploads\/2024\/11\/Imagem-do-WhatsApp-de-2024-11-27-as-23.18.54_88e3a97d.jpg","articleSection":["Meio ambiente"],"inLanguage":"pt-BR","potentialAction":[{"@type":"CommentAction","name":"Comment","target":["https:\/\/noticiasdefato.net\/?p=2166#respond"]}]},{"@type":"WebPage","@id":"https:\/\/noticiasdefato.net\/?p=2166","url":"https:\/\/noticiasdefato.net\/?p=2166","name":"LAGO DE FURNAS: N\u00cdVEL VOLTA A REGISTRAR QUEDA - Not\u00edcias de Fato","isPartOf":{"@id":"https:\/\/noticiasdefato.net\/#website"},"primaryImageOfPage":{"@id":"https:\/\/noticiasdefato.net\/?p=2166#primaryimage"},"image":{"@id":"https:\/\/noticiasdefato.net\/?p=2166#primaryimage"},"thumbnailUrl":"https:\/\/noticiasdefato.net\/wp-content\/uploads\/2024\/11\/Imagem-do-WhatsApp-de-2024-11-27-as-23.18.54_88e3a97d.jpg","datePublished":"2024-11-28T10:37:49+00:00","dateModified":"2024-12-19T17:56:47+00:00","description":"Segundo Operador Nacional do Sistema (ONS), na \u00faltima segunda-feira, o n\u00edvel estava em 757,3 metros, considerado insuficiente.","breadcrumb":{"@id":"https:\/\/noticiasdefato.net\/?p=2166#breadcrumb"},"inLanguage":"pt-BR","potentialAction":[{"@type":"ReadAction","target":["https:\/\/noticiasdefato.net\/?p=2166"]}]},{"@type":"ImageObject","inLanguage":"pt-BR","@id":"https:\/\/noticiasdefato.net\/?p=2166#primaryimage","url":"https:\/\/noticiasdefato.net\/wp-content\/uploads\/2024\/11\/Imagem-do-WhatsApp-de-2024-11-27-as-23.18.54_88e3a97d.jpg","contentUrl":"https:\/\/noticiasdefato.net\/wp-content\/uploads\/2024\/11\/Imagem-do-WhatsApp-de-2024-11-27-as-23.18.54_88e3a97d.jpg","width":984,"height":537},{"@type":"BreadcrumbList","@id":"https:\/\/noticiasdefato.net\/?p=2166#breadcrumb","itemListElement":[{"@type":"ListItem","position":1,"name":"In\u00edcio","item":"https:\/\/noticiasdefato.net\/"},{"@type":"ListItem","position":2,"name":"LAGO DE FURNAS: N\u00cdVEL VOLTA A REGISTRAR QUEDA"}]},{"@type":"WebSite","@id":"https:\/\/noticiasdefato.net\/#website","url":"https:\/\/noticiasdefato.net\/","name":"Not\u00edcias de Fato","description":"Trabalhamos com honestidade, seriedade e com a verdade.","publisher":{"@id":"https:\/\/noticiasdefato.net\/#organization"},"potentialAction":[{"@type":"SearchAction","target":{"@type":"EntryPoint","urlTemplate":"https:\/\/noticiasdefato.net\/?s={search_term_string}"},"query-input":"required name=search_term_string"}],"inLanguage":"pt-BR"},{"@type":"Organization","@id":"https:\/\/noticiasdefato.net\/#organization","name":"Not\u00edcias de Fato","url":"https:\/\/noticiasdefato.net\/","logo":{"@type":"ImageObject","inLanguage":"pt-BR","@id":"https:\/\/noticiasdefato.net\/#\/schema\/logo\/image\/","url":"https:\/\/noticiasdefato.net\/wp-content\/uploads\/2024\/02\/cropped-logo_topo.png","contentUrl":"https:\/\/noticiasdefato.net\/wp-content\/uploads\/2024\/02\/cropped-logo_topo.png","width":1948,"height":665,"caption":"Not\u00edcias de Fato"},"image":{"@id":"https:\/\/noticiasdefato.net\/#\/schema\/logo\/image\/"},"sameAs":["https:\/\/fb.com\/noticiasdefato.jornal","https:\/\/x.com\/noticiasdefato_","https:\/\/instagram.com\/noticiasdefato.jornal","https:\/\/youtube.com\/@JornalNoticiasDeFato"]},{"@type":"Person","@id":"https:\/\/noticiasdefato.net\/#\/schema\/person\/982ce60211d95acf059cd702aa260d08","name":"Noticias de Fato","image":{"@type":"ImageObject","inLanguage":"pt-BR","@id":"https:\/\/noticiasdefato.net\/#\/schema\/person\/image\/","url":"https:\/\/secure.gravatar.com\/avatar\/700227fab2316f0366a1b5d4988d10f847249cf13293450527ac9553c994611a?s=96&d=mm&r=g","contentUrl":"https:\/\/secure.gravatar.com\/avatar\/700227fab2316f0366a1b5d4988d10f847249cf13293450527ac9553c994611a?s=96&d=mm&r=g","caption":"Noticias de Fato"},"sameAs":["https:\/\/noticiasdefato.net","http:\/\/fb.com\/\/noticiasdefato.jornal","https:\/\/x.com\/https:\/\/twitter.com\/NoticiasDeFato_"],"url":"https:\/\/noticiasdefato.net\/?author=1"}]}},"_links":{"self":[{"href":"https:\/\/noticiasdefato.net\/index.php?rest_route=\/wp\/v2\/posts\/2166","targetHints":{"allow":["GET"]}}],"collection":[{"href":"https:\/\/noticiasdefato.net\/index.php?rest_route=\/wp\/v2\/posts"}],"about":[{"href":"https:\/\/noticiasdefato.net\/index.php?rest_route=\/wp\/v2\/types\/post"}],"author":[{"embeddable":true,"href":"https:\/\/noticiasdefato.net\/index.php?rest_route=\/wp\/v2\/users\/1"}],"replies":[{"embeddable":true,"href":"https:\/\/noticiasdefato.net\/index.php?rest_route=%2Fwp%2Fv2%2Fcomments&post=2166"}],"version-history":[{"count":1,"href":"https:\/\/noticiasdefato.net\/index.php?rest_route=\/wp\/v2\/posts\/2166\/revisions"}],"predecessor-version":[{"id":2168,"href":"https:\/\/noticiasdefato.net\/index.php?rest_route=\/wp\/v2\/posts\/2166\/revisions\/2168"}],"wp:featuredmedia":[{"embeddable":true,"href":"https:\/\/noticiasdefato.net\/index.php?rest_route=\/wp\/v2\/media\/2167"}],"wp:attachment":[{"href":"https:\/\/noticiasdefato.net\/index.php?rest_route=%2Fwp%2Fv2%2Fmedia&parent=2166"}],"wp:term":[{"taxonomy":"category","embeddable":true,"href":"https:\/\/noticiasdefato.net\/index.php?rest_route=%2Fwp%2Fv2%2Fcategories&post=2166"},{"taxonomy":"post_tag","embeddable":true,"href":"https:\/\/noticiasdefato.net\/index.php?rest_route=%2Fwp%2Fv2%2Ftags&post=2166"}],"curies":[{"name":"wp","href":"https:\/\/api.w.org\/{rel}","templated":true}]}}