{"id":2169,"date":"2024-11-28T19:27:34","date_gmt":"2024-11-28T22:27:34","guid":{"rendered":"https:\/\/noticiasdefato.net\/?p=2169"},"modified":"2024-12-19T14:56:50","modified_gmt":"2024-12-19T17:56:50","slug":"alfenas-atraso-na-coleta-de-lixo-gera-reclamacoes","status":"publish","type":"post","link":"https:\/\/noticiasdefato.net\/?p=2169","title":{"rendered":"ALFENAS: ATRASO NA COLETA DE LIXO GERA RECLAMA\u00c7\u00d5ES"},"content":{"rendered":"\n<p><em>Moradores sofrem com o atraso e at\u00e9 mesmo com a aus\u00eancia do servi\u00e7o de coleta de lixo domiciliar em Alfenas, o que resulta em ac\u00famulo de dejetos, sujeira e mau cheiro nas ruas.<\/em><\/p>\n\n\n\n<p>A falta ou o atraso da coleta de lixo em Alfenas, que era um problema pontual em alguns bairros, agora se tornou frequente. Hoje moradores da Rua Duque de Caxias, nas imedia\u00e7\u00f5es da Vila Formosa; da Avenida S\u00e3o Jos\u00e9, pr\u00f3ximo ao centro e dos bairros: Residencial Oliveira, P\u00f4r do Sol, Jardim Am\u00e9rica e Nova Am\u00e9rica enfrentaram o problema.<\/p>\n\n\n\n<p>No m\u00eas de outubro, foram os moradores do bairro Pinheirinho e imedia\u00e7\u00f5es que enfrentaram dificuldades com a falta de coleta de lixo.<\/p>\n\n\n\n<p>A reclama\u00e7\u00e3o \u00e9 a de que, a simples demora no servi\u00e7o causa transtornos como ac\u00famulo de lixo, cachorros e animais que espalham a sujeira, al\u00e9m do mau cheiro e da prolifera\u00e7\u00e3o de moscas.<\/p>\n\n\n\n<p>De acordo com um funcion\u00e1rio da Secretaria de Meio Ambiente da Prefeitura, hoje, os dois caminh\u00f5es que fazem a coleta da regi\u00e3o dos bairros Residencial Oliveira e P\u00f4r do Sol quebraram e que at\u00e9 mesmo o caminh\u00e3o reserva tamb\u00e9m apresentou problemas.<\/p>\n\n\n\n<p>De acordo com esse funcion\u00e1rio \u201cat\u00e9 amanh\u00e3\u201d o servi\u00e7os ser\u00e3o normalizados.<\/p>\n\n\n\n<p>A preocupa\u00e7\u00e3o dos moradores \u00e9 com o fato de que o lixo n\u00e3o recolhido comece a acumular o que vai aumentar problemas como moscas, ratos e mau cheiro.<\/p>\n\n\n\n<p>As perguntas as quais n\u00e3o obtivemos respostas: como tr\u00eas caminh\u00f5es estragam ao mesmo tempo? Sendo o servi\u00e7o terceirizado, por que a empresa n\u00e3o oferece uma alternativa para&nbsp;o&nbsp;problema?<\/p>\n","protected":false},"excerpt":{"rendered":"<p>Moradores sofrem com o atraso e at\u00e9 mesmo com a aus\u00eancia do servi\u00e7o de coleta de lixo domiciliar em Alfenas, o que resulta em ac\u00famulo de dejetos, sujeira e mau cheiro nas ruas. <a href=\"https:\/\/noticiasdefato.net\/?p=2169\" class=\"more-link\">Continuar lendo <span class=\"screen-reader-text\">ALFENAS: ATRASO NA COLETA DE LIXO GERA RECLAMA\u00c7\u00d5ES<\/span><\/a><\/p>\n","protected":false},"author":1,"featured_media":2170,"comment_status":"open","ping_status":"open","sticky":false,"template":"","format":"standard","meta":{"footnotes":""},"categories":[34],"tags":[],"class_list":["post-2169","post","type-post","status-publish","format-standard","has-post-thumbnail","hentry","category-meio-ambiente"],"yoast_head":"<!-- This site is optimized with the Yoast SEO plugin v23.2 - https:\/\/yoast.com\/wordpress\/plugins\/seo\/ -->\n<title>ALFENAS: ATRASO NA COLETA DE LIXO GERA RECLAMA\u00c7\u00d5ES - Not\u00edcias de Fato<\/title>\n<meta name=\"description\" content=\"Moradores sofrem com o atraso e at\u00e9 mesmo com a aus\u00eancia do servi\u00e7o de coleta de lixo domiciliar em Alfenas, o que resulta em ac\u00famulo de dejetos, sujeira e mau cheiro nas ruas.\" \/>\n<meta name=\"robots\" content=\"index, follow, max-snippet:-1, max-image-preview:large, max-video-preview:-1\" \/>\n<link rel=\"canonical\" href=\"https:\/\/noticiasdefato.net\/?p=2169\" \/>\n<meta property=\"og:locale\" content=\"pt_BR\" \/>\n<meta property=\"og:type\" content=\"article\" \/>\n<meta property=\"og:title\" content=\"ALFENAS: ATRASO NA COLETA DE LIXO GERA RECLAMA\u00c7\u00d5ES - Not\u00edcias de Fato\" \/>\n<meta property=\"og:description\" content=\"Moradores sofrem com o atraso e at\u00e9 mesmo com a aus\u00eancia do servi\u00e7o de coleta de lixo domiciliar em Alfenas, o que resulta em ac\u00famulo de dejetos, sujeira e mau cheiro nas ruas.\" \/>\n<meta property=\"og:url\" content=\"https:\/\/noticiasdefato.net\/?p=2169\" \/>\n<meta property=\"og:site_name\" content=\"Not\u00edcias de Fato\" \/>\n<meta property=\"article:publisher\" content=\"https:\/\/fb.com\/noticiasdefato.jornal\" \/>\n<meta property=\"article:author\" content=\"http:\/\/fb.com\/\/noticiasdefato.jornal\" \/>\n<meta property=\"article:published_time\" content=\"2024-11-28T22:27:34+00:00\" \/>\n<meta property=\"article:modified_time\" content=\"2024-12-19T17:56:50+00:00\" \/>\n<meta property=\"og:image\" content=\"https:\/\/noticiasdefato.net\/wp-content\/uploads\/2024\/11\/image-7.png\" \/>\n\t<meta property=\"og:image:width\" content=\"422\" \/>\n\t<meta property=\"og:image:height\" content=\"394\" \/>\n\t<meta property=\"og:image:type\" content=\"image\/png\" \/>\n<meta name=\"author\" content=\"Noticias de Fato\" \/>\n<meta name=\"twitter:card\" content=\"summary_large_image\" \/>\n<meta name=\"twitter:creator\" content=\"@https:\/\/twitter.com\/NoticiasDeFato_\" \/>\n<meta name=\"twitter:site\" content=\"@noticiasdefato_\" \/>\n<meta name=\"twitter:label1\" content=\"Escrito por\" \/>\n\t<meta name=\"twitter:data1\" content=\"Noticias de Fato\" \/>\n\t<meta name=\"twitter:label2\" content=\"Est. tempo de leitura\" \/>\n\t<meta name=\"twitter:data2\" content=\"2 minutos\" \/>\n<script type=\"application\/ld+json\" class=\"yoast-schema-graph\">{\"@context\":\"https:\/\/schema.org\",\"@graph\":[{\"@type\":\"Article\",\"@id\":\"https:\/\/noticiasdefato.net\/?p=2169#article\",\"isPartOf\":{\"@id\":\"https:\/\/noticiasdefato.net\/?p=2169\"},\"author\":{\"name\":\"Noticias de Fato\",\"@id\":\"https:\/\/noticiasdefato.net\/#\/schema\/person\/982ce60211d95acf059cd702aa260d08\"},\"headline\":\"ALFENAS: ATRASO NA COLETA DE LIXO GERA RECLAMA\u00c7\u00d5ES\",\"datePublished\":\"2024-11-28T22:27:34+00:00\",\"dateModified\":\"2024-12-19T17:56:50+00:00\",\"mainEntityOfPage\":{\"@id\":\"https:\/\/noticiasdefato.net\/?p=2169\"},\"wordCount\":296,\"commentCount\":0,\"publisher\":{\"@id\":\"https:\/\/noticiasdefato.net\/#organization\"},\"image\":{\"@id\":\"https:\/\/noticiasdefato.net\/?p=2169#primaryimage\"},\"thumbnailUrl\":\"https:\/\/noticiasdefato.net\/wp-content\/uploads\/2024\/11\/image-7.png\",\"articleSection\":[\"Meio ambiente\"],\"inLanguage\":\"pt-BR\",\"potentialAction\":[{\"@type\":\"CommentAction\",\"name\":\"Comment\",\"target\":[\"https:\/\/noticiasdefato.net\/?p=2169#respond\"]}]},{\"@type\":\"WebPage\",\"@id\":\"https:\/\/noticiasdefato.net\/?p=2169\",\"url\":\"https:\/\/noticiasdefato.net\/?p=2169\",\"name\":\"ALFENAS: ATRASO NA COLETA DE LIXO GERA RECLAMA\u00c7\u00d5ES - Not\u00edcias de Fato\",\"isPartOf\":{\"@id\":\"https:\/\/noticiasdefato.net\/#website\"},\"primaryImageOfPage\":{\"@id\":\"https:\/\/noticiasdefato.net\/?p=2169#primaryimage\"},\"image\":{\"@id\":\"https:\/\/noticiasdefato.net\/?p=2169#primaryimage\"},\"thumbnailUrl\":\"https:\/\/noticiasdefato.net\/wp-content\/uploads\/2024\/11\/image-7.png\",\"datePublished\":\"2024-11-28T22:27:34+00:00\",\"dateModified\":\"2024-12-19T17:56:50+00:00\",\"description\":\"Moradores sofrem com o atraso e at\u00e9 mesmo com a aus\u00eancia do servi\u00e7o de coleta de lixo domiciliar em Alfenas, o que resulta em ac\u00famulo de dejetos, sujeira e mau cheiro nas ruas.\",\"breadcrumb\":{\"@id\":\"https:\/\/noticiasdefato.net\/?p=2169#breadcrumb\"},\"inLanguage\":\"pt-BR\",\"potentialAction\":[{\"@type\":\"ReadAction\",\"target\":[\"https:\/\/noticiasdefato.net\/?p=2169\"]}]},{\"@type\":\"ImageObject\",\"inLanguage\":\"pt-BR\",\"@id\":\"https:\/\/noticiasdefato.net\/?p=2169#primaryimage\",\"url\":\"https:\/\/noticiasdefato.net\/wp-content\/uploads\/2024\/11\/image-7.png\",\"contentUrl\":\"https:\/\/noticiasdefato.net\/wp-content\/uploads\/2024\/11\/image-7.png\",\"width\":422,\"height\":394},{\"@type\":\"BreadcrumbList\",\"@id\":\"https:\/\/noticiasdefato.net\/?p=2169#breadcrumb\",\"itemListElement\":[{\"@type\":\"ListItem\",\"position\":1,\"name\":\"In\u00edcio\",\"item\":\"https:\/\/noticiasdefato.net\/\"},{\"@type\":\"ListItem\",\"position\":2,\"name\":\"ALFENAS: ATRASO NA COLETA DE LIXO GERA RECLAMA\u00c7\u00d5ES\"}]},{\"@type\":\"WebSite\",\"@id\":\"https:\/\/noticiasdefato.net\/#website\",\"url\":\"https:\/\/noticiasdefato.net\/\",\"name\":\"Not\u00edcias de Fato\",\"description\":\"Trabalhamos com honestidade, seriedade e com a verdade.\",\"publisher\":{\"@id\":\"https:\/\/noticiasdefato.net\/#organization\"},\"potentialAction\":[{\"@type\":\"SearchAction\",\"target\":{\"@type\":\"EntryPoint\",\"urlTemplate\":\"https:\/\/noticiasdefato.net\/?s={search_term_string}\"},\"query-input\":\"required name=search_term_string\"}],\"inLanguage\":\"pt-BR\"},{\"@type\":\"Organization\",\"@id\":\"https:\/\/noticiasdefato.net\/#organization\",\"name\":\"Not\u00edcias de Fato\",\"url\":\"https:\/\/noticiasdefato.net\/\",\"logo\":{\"@type\":\"ImageObject\",\"inLanguage\":\"pt-BR\",\"@id\":\"https:\/\/noticiasdefato.net\/#\/schema\/logo\/image\/\",\"url\":\"https:\/\/noticiasdefato.net\/wp-content\/uploads\/2024\/02\/cropped-logo_topo.png\",\"contentUrl\":\"https:\/\/noticiasdefato.net\/wp-content\/uploads\/2024\/02\/cropped-logo_topo.png\",\"width\":1948,\"height\":665,\"caption\":\"Not\u00edcias de Fato\"},\"image\":{\"@id\":\"https:\/\/noticiasdefato.net\/#\/schema\/logo\/image\/\"},\"sameAs\":[\"https:\/\/fb.com\/noticiasdefato.jornal\",\"https:\/\/x.com\/noticiasdefato_\",\"https:\/\/instagram.com\/noticiasdefato.jornal\",\"https:\/\/youtube.com\/@JornalNoticiasDeFato\"]},{\"@type\":\"Person\",\"@id\":\"https:\/\/noticiasdefato.net\/#\/schema\/person\/982ce60211d95acf059cd702aa260d08\",\"name\":\"Noticias de Fato\",\"image\":{\"@type\":\"ImageObject\",\"inLanguage\":\"pt-BR\",\"@id\":\"https:\/\/noticiasdefato.net\/#\/schema\/person\/image\/\",\"url\":\"https:\/\/secure.gravatar.com\/avatar\/700227fab2316f0366a1b5d4988d10f847249cf13293450527ac9553c994611a?s=96&d=mm&r=g\",\"contentUrl\":\"https:\/\/secure.gravatar.com\/avatar\/700227fab2316f0366a1b5d4988d10f847249cf13293450527ac9553c994611a?s=96&d=mm&r=g\",\"caption\":\"Noticias de Fato\"},\"sameAs\":[\"https:\/\/noticiasdefato.net\",\"http:\/\/fb.com\/\/noticiasdefato.jornal\",\"https:\/\/x.com\/https:\/\/twitter.com\/NoticiasDeFato_\"],\"url\":\"https:\/\/noticiasdefato.net\/?author=1\"}]}<\/script>\n<!-- \/ Yoast SEO plugin. -->","yoast_head_json":{"title":"ALFENAS: ATRASO NA COLETA DE LIXO GERA RECLAMA\u00c7\u00d5ES - Not\u00edcias de Fato","description":"Moradores sofrem com o atraso e at\u00e9 mesmo com a aus\u00eancia do servi\u00e7o de coleta de lixo domiciliar em Alfenas, o que resulta em ac\u00famulo de dejetos, sujeira e mau cheiro nas ruas.","robots":{"index":"index","follow":"follow","max-snippet":"max-snippet:-1","max-image-preview":"max-image-preview:large","max-video-preview":"max-video-preview:-1"},"canonical":"https:\/\/noticiasdefato.net\/?p=2169","og_locale":"pt_BR","og_type":"article","og_title":"ALFENAS: ATRASO NA COLETA DE LIXO GERA RECLAMA\u00c7\u00d5ES - Not\u00edcias de Fato","og_description":"Moradores sofrem com o atraso e at\u00e9 mesmo com a aus\u00eancia do servi\u00e7o de coleta de lixo domiciliar em Alfenas, o que resulta em ac\u00famulo de dejetos, sujeira e mau cheiro nas ruas.","og_url":"https:\/\/noticiasdefato.net\/?p=2169","og_site_name":"Not\u00edcias de Fato","article_publisher":"https:\/\/fb.com\/noticiasdefato.jornal","article_author":"http:\/\/fb.com\/\/noticiasdefato.jornal","article_published_time":"2024-11-28T22:27:34+00:00","article_modified_time":"2024-12-19T17:56:50+00:00","og_image":[{"width":422,"height":394,"url":"https:\/\/noticiasdefato.net\/wp-content\/uploads\/2024\/11\/image-7.png","type":"image\/png"}],"author":"Noticias de Fato","twitter_card":"summary_large_image","twitter_creator":"@https:\/\/twitter.com\/NoticiasDeFato_","twitter_site":"@noticiasdefato_","twitter_misc":{"Escrito por":"Noticias de Fato","Est. tempo de leitura":"2 minutos"},"schema":{"@context":"https:\/\/schema.org","@graph":[{"@type":"Article","@id":"https:\/\/noticiasdefato.net\/?p=2169#article","isPartOf":{"@id":"https:\/\/noticiasdefato.net\/?p=2169"},"author":{"name":"Noticias de Fato","@id":"https:\/\/noticiasdefato.net\/#\/schema\/person\/982ce60211d95acf059cd702aa260d08"},"headline":"ALFENAS: ATRASO NA COLETA DE LIXO GERA RECLAMA\u00c7\u00d5ES","datePublished":"2024-11-28T22:27:34+00:00","dateModified":"2024-12-19T17:56:50+00:00","mainEntityOfPage":{"@id":"https:\/\/noticiasdefato.net\/?p=2169"},"wordCount":296,"commentCount":0,"publisher":{"@id":"https:\/\/noticiasdefato.net\/#organization"},"image":{"@id":"https:\/\/noticiasdefato.net\/?p=2169#primaryimage"},"thumbnailUrl":"https:\/\/noticiasdefato.net\/wp-content\/uploads\/2024\/11\/image-7.png","articleSection":["Meio ambiente"],"inLanguage":"pt-BR","potentialAction":[{"@type":"CommentAction","name":"Comment","target":["https:\/\/noticiasdefato.net\/?p=2169#respond"]}]},{"@type":"WebPage","@id":"https:\/\/noticiasdefato.net\/?p=2169","url":"https:\/\/noticiasdefato.net\/?p=2169","name":"ALFENAS: ATRASO NA COLETA DE LIXO GERA RECLAMA\u00c7\u00d5ES - Not\u00edcias de Fato","isPartOf":{"@id":"https:\/\/noticiasdefato.net\/#website"},"primaryImageOfPage":{"@id":"https:\/\/noticiasdefato.net\/?p=2169#primaryimage"},"image":{"@id":"https:\/\/noticiasdefato.net\/?p=2169#primaryimage"},"thumbnailUrl":"https:\/\/noticiasdefato.net\/wp-content\/uploads\/2024\/11\/image-7.png","datePublished":"2024-11-28T22:27:34+00:00","dateModified":"2024-12-19T17:56:50+00:00","description":"Moradores sofrem com o atraso e at\u00e9 mesmo com a aus\u00eancia do servi\u00e7o de coleta de lixo domiciliar em Alfenas, o que resulta em ac\u00famulo de dejetos, sujeira e mau cheiro nas ruas.","breadcrumb":{"@id":"https:\/\/noticiasdefato.net\/?p=2169#breadcrumb"},"inLanguage":"pt-BR","potentialAction":[{"@type":"ReadAction","target":["https:\/\/noticiasdefato.net\/?p=2169"]}]},{"@type":"ImageObject","inLanguage":"pt-BR","@id":"https:\/\/noticiasdefato.net\/?p=2169#primaryimage","url":"https:\/\/noticiasdefato.net\/wp-content\/uploads\/2024\/11\/image-7.png","contentUrl":"https:\/\/noticiasdefato.net\/wp-content\/uploads\/2024\/11\/image-7.png","width":422,"height":394},{"@type":"BreadcrumbList","@id":"https:\/\/noticiasdefato.net\/?p=2169#breadcrumb","itemListElement":[{"@type":"ListItem","position":1,"name":"In\u00edcio","item":"https:\/\/noticiasdefato.net\/"},{"@type":"ListItem","position":2,"name":"ALFENAS: ATRASO NA COLETA DE LIXO GERA RECLAMA\u00c7\u00d5ES"}]},{"@type":"WebSite","@id":"https:\/\/noticiasdefato.net\/#website","url":"https:\/\/noticiasdefato.net\/","name":"Not\u00edcias de Fato","description":"Trabalhamos com honestidade, seriedade e com a verdade.","publisher":{"@id":"https:\/\/noticiasdefato.net\/#organization"},"potentialAction":[{"@type":"SearchAction","target":{"@type":"EntryPoint","urlTemplate":"https:\/\/noticiasdefato.net\/?s={search_term_string}"},"query-input":"required name=search_term_string"}],"inLanguage":"pt-BR"},{"@type":"Organization","@id":"https:\/\/noticiasdefato.net\/#organization","name":"Not\u00edcias de Fato","url":"https:\/\/noticiasdefato.net\/","logo":{"@type":"ImageObject","inLanguage":"pt-BR","@id":"https:\/\/noticiasdefato.net\/#\/schema\/logo\/image\/","url":"https:\/\/noticiasdefato.net\/wp-content\/uploads\/2024\/02\/cropped-logo_topo.png","contentUrl":"https:\/\/noticiasdefato.net\/wp-content\/uploads\/2024\/02\/cropped-logo_topo.png","width":1948,"height":665,"caption":"Not\u00edcias de Fato"},"image":{"@id":"https:\/\/noticiasdefato.net\/#\/schema\/logo\/image\/"},"sameAs":["https:\/\/fb.com\/noticiasdefato.jornal","https:\/\/x.com\/noticiasdefato_","https:\/\/instagram.com\/noticiasdefato.jornal","https:\/\/youtube.com\/@JornalNoticiasDeFato"]},{"@type":"Person","@id":"https:\/\/noticiasdefato.net\/#\/schema\/person\/982ce60211d95acf059cd702aa260d08","name":"Noticias de Fato","image":{"@type":"ImageObject","inLanguage":"pt-BR","@id":"https:\/\/noticiasdefato.net\/#\/schema\/person\/image\/","url":"https:\/\/secure.gravatar.com\/avatar\/700227fab2316f0366a1b5d4988d10f847249cf13293450527ac9553c994611a?s=96&d=mm&r=g","contentUrl":"https:\/\/secure.gravatar.com\/avatar\/700227fab2316f0366a1b5d4988d10f847249cf13293450527ac9553c994611a?s=96&d=mm&r=g","caption":"Noticias de Fato"},"sameAs":["https:\/\/noticiasdefato.net","http:\/\/fb.com\/\/noticiasdefato.jornal","https:\/\/x.com\/https:\/\/twitter.com\/NoticiasDeFato_"],"url":"https:\/\/noticiasdefato.net\/?author=1"}]}},"_links":{"self":[{"href":"https:\/\/noticiasdefato.net\/index.php?rest_route=\/wp\/v2\/posts\/2169","targetHints":{"allow":["GET"]}}],"collection":[{"href":"https:\/\/noticiasdefato.net\/index.php?rest_route=\/wp\/v2\/posts"}],"about":[{"href":"https:\/\/noticiasdefato.net\/index.php?rest_route=\/wp\/v2\/types\/post"}],"author":[{"embeddable":true,"href":"https:\/\/noticiasdefato.net\/index.php?rest_route=\/wp\/v2\/users\/1"}],"replies":[{"embeddable":true,"href":"https:\/\/noticiasdefato.net\/index.php?rest_route=%2Fwp%2Fv2%2Fcomments&post=2169"}],"version-history":[{"count":1,"href":"https:\/\/noticiasdefato.net\/index.php?rest_route=\/wp\/v2\/posts\/2169\/revisions"}],"predecessor-version":[{"id":2171,"href":"https:\/\/noticiasdefato.net\/index.php?rest_route=\/wp\/v2\/posts\/2169\/revisions\/2171"}],"wp:featuredmedia":[{"embeddable":true,"href":"https:\/\/noticiasdefato.net\/index.php?rest_route=\/wp\/v2\/media\/2170"}],"wp:attachment":[{"href":"https:\/\/noticiasdefato.net\/index.php?rest_route=%2Fwp%2Fv2%2Fmedia&parent=2169"}],"wp:term":[{"taxonomy":"category","embeddable":true,"href":"https:\/\/noticiasdefato.net\/index.php?rest_route=%2Fwp%2Fv2%2Fcategories&post=2169"},{"taxonomy":"post_tag","embeddable":true,"href":"https:\/\/noticiasdefato.net\/index.php?rest_route=%2Fwp%2Fv2%2Ftags&post=2169"}],"curies":[{"name":"wp","href":"https:\/\/api.w.org\/{rel}","templated":true}]}}