{"id":2176,"date":"2024-12-04T20:41:24","date_gmt":"2024-12-04T23:41:24","guid":{"rendered":"https:\/\/noticiasdefato.net\/?p=2176"},"modified":"2024-12-19T14:56:58","modified_gmt":"2024-12-19T17:56:58","slug":"alfenas-vereadores-aprovam-orcamento-de-600-milhoes-para-2025","status":"publish","type":"post","link":"https:\/\/noticiasdefato.net\/?p=2176","title":{"rendered":"ALFENAS: VEREADORES APROVAM OR\u00c7AMENTO DE 600 MILH\u00d5ES PARA 2025"},"content":{"rendered":"\n<p><em>Projeto foi aprovado por unanimidade pelos vereadores em primeiro turno, ap\u00f3s inclus\u00e3o das Emendas Impositivas, que t\u00eam o valor de R$ 771.498,03 para cada Vereador.<\/em><\/p>\n\n\n\n<p>Foi aprovado tamb\u00e9m projeto que instituiu gratifica\u00e7\u00e3o de risco e aux\u00edlio-fardamento aos Guardas Municipais.<\/p>\n\n\n\n<p>Durante a reuni\u00e3o da C\u00e2mara, do dia 02 de dezembro, foram votados Projetos de Lei para que caminhem sem obedecer aos tr\u00e2mites da casa e um em regime de urg\u00eancia.<\/p>\n\n\n\n<p>Foi inclu\u00eddo na pauta o Projeto de Lei n\u00ba 35\/2024, de autoria do Executivo, que estabelece o or\u00e7amento de 600 milh\u00f5es de reais para o munic\u00edpio para 2025; R$ 41 milh\u00f5es a mais do que estava previsto.<\/p>\n\n\n\n<p>O Projeto foi aprovado por unanimidade pelos vereadores em primeiro turno, ap\u00f3s inclus\u00e3o das Emendas Impositivas, que t\u00eam o valor de R$$ 771.498,03 para cada Vereador, num total de R$ 9.257.976,36 do or\u00e7amento municipal. De acordo com site da c\u00e2mara, \u201cas emendas impositivas s\u00e3o instrumentos que os parlamentares possuem para participar da elabora\u00e7\u00e3o do or\u00e7amento anual, visando uma melhor aloca\u00e7\u00e3o dos recursos p\u00fablicos, destinando valores espec\u00edficos para os setores que mais necessitam de investimento.\u201d<\/p>\n\n\n\n<p><\/p>\n\n\n\n<p>O outro projeto que entrou em regime de urg\u00eancia foi o Projeto de Lei n\u00ba 49\/2024, que altera a Lei Municipal n\u00ba 4.897, de 2019, que instituiu a gratifica\u00e7\u00e3o de atividade de risco e o aux\u00edlio-fardamento aos Guardas Municipais.<\/p>\n\n\n\n<p>Houve uma discuss\u00e3o em torno do projeto que foi aprovado, com um voto contr\u00e1rio, do Vereador Jaime Daniel dos Santos (Uni\u00e3o). Ele foi contra a forma como o projeto deu entrada na c\u00e2mara.<\/p>\n\n\n\n<p>\u201cVotarei contra o regime de urg\u00eancia do projeto (\u2026) sem que sequer o secret\u00e1rio da pasta \u2018vir\u2019 aqui, ou o coordenador ou um representante da guarda municipal para falar sobre esse projeto. Pra mim deveria tramitar na casa sem problema nenhum, mas a gente poder ter um entendimento juntamente com os guardas. N\u00f3s n\u00e3o podemos tirar o direito dos guardas, tem a quest\u00e3o do fardamento, das bonifica\u00e7\u00f5es, mas sou contra a urg\u00eancia deste projeto\u201d, disparou Jaime Daniel.<br>\u00a0<br>Vagner Tarcisio de Moraes, o Guinho (PT), concordou com o fato de que a discuss\u00e3o do projeto mereceria a presen\u00e7a do secret\u00e1rio de seguran\u00e7a p\u00fablica ou do coordenador da guarda municipal, mas admitiu que a aprova\u00e7\u00e3o do projeto vai melhorar a atua\u00e7\u00e3o da guarda que, segundo ele, \u201cvai punir aqueles que n\u00e3o querem cumprir com o seu dever.\u201d<\/p>\n\n\n\n<p>Jaime Daniel discordou e ressaltou que o problema da guarda municipal \u00e9 a \u201cfalta de comando\u201d. \u201cPor exemplo quando um secret\u00e1rio ou coordenador determina que um guarda tem que ir pra Pra\u00e7a Get\u00falio Vargas, se ele n\u00e3o for, ele \u00e9 um servidor da prefeitura e \u00e9 s\u00f3 abrir processo administrativo contra ele\u201d, retrucou Jaime.<\/p>\n\n\n\n<p>Ele lembrou que o efetivo da guarda municipal de Alfenas, hoje, n\u00e3o passa de 30 pessoas e que, a seu ver, aprovar um projeto que restringe direitos n\u00e3o vai punir os guardas que se recusam a cumprir suas fun\u00e7\u00f5es.<\/p>\n\n\n\n<p>Para o vereador Guinho faltam leis que amparem a puni\u00e7\u00e3o. \u201cO comandante n\u00e3o pune porque a lei n\u00e3o ampara\u201d, acredita o vereador petista. \u201cA puni\u00e7\u00e3o hoje \u00e9 de 3% em cima da gratifica\u00e7\u00e3o, com a aprova\u00e7\u00e3o do projeto ser\u00e1 de 100%\u201c, afirmou Guinho, em defesa do projeto.<\/p>\n","protected":false},"excerpt":{"rendered":"<p>Projeto foi aprovado por unanimidade pelos vereadores em primeiro turno, ap\u00f3s inclus\u00e3o das Emendas Impositivas, que t\u00eam o valor de R$$ 771.498,03 para cada Vereador. <a href=\"https:\/\/noticiasdefato.net\/?p=2176\" class=\"more-link\">Continuar lendo <span class=\"screen-reader-text\">ALFENAS: VEREADORES APROVAM OR\u00c7AMENTO DE 600 MILH\u00d5ES PARA 2025<\/span><\/a><\/p>\n","protected":false},"author":1,"featured_media":2177,"comment_status":"open","ping_status":"open","sticky":false,"template":"","format":"standard","meta":{"footnotes":""},"categories":[18],"tags":[],"class_list":["post-2176","post","type-post","status-publish","format-standard","has-post-thumbnail","hentry","category-politica"],"yoast_head":"<!-- This site is optimized with the Yoast SEO plugin v23.2 - https:\/\/yoast.com\/wordpress\/plugins\/seo\/ -->\n<title>ALFENAS: VEREADORES APROVAM OR\u00c7AMENTO DE 600 MILH\u00d5ES PARA 2025 - Not\u00edcias de Fato<\/title>\n<meta name=\"description\" content=\"Projeto foi aprovado por unanimidade pelos vereadores em primeiro turno, ap\u00f3s inclus\u00e3o das Emendas Impositivas, que t\u00eam o valor de R$$ 771.498,03 para cada Vereador.\" \/>\n<meta name=\"robots\" content=\"index, follow, max-snippet:-1, max-image-preview:large, max-video-preview:-1\" \/>\n<link rel=\"canonical\" href=\"https:\/\/noticiasdefato.net\/?p=2176\" \/>\n<meta property=\"og:locale\" content=\"pt_BR\" \/>\n<meta property=\"og:type\" content=\"article\" \/>\n<meta property=\"og:title\" content=\"ALFENAS: VEREADORES APROVAM OR\u00c7AMENTO DE 600 MILH\u00d5ES PARA 2025 - Not\u00edcias de Fato\" \/>\n<meta property=\"og:description\" content=\"Projeto foi aprovado por unanimidade pelos vereadores em primeiro turno, ap\u00f3s inclus\u00e3o das Emendas Impositivas, que t\u00eam o valor de R$$ 771.498,03 para cada Vereador.\" \/>\n<meta property=\"og:url\" content=\"https:\/\/noticiasdefato.net\/?p=2176\" \/>\n<meta property=\"og:site_name\" content=\"Not\u00edcias de Fato\" \/>\n<meta property=\"article:publisher\" content=\"https:\/\/fb.com\/noticiasdefato.jornal\" \/>\n<meta property=\"article:author\" content=\"http:\/\/fb.com\/\/noticiasdefato.jornal\" \/>\n<meta property=\"article:published_time\" content=\"2024-12-04T23:41:24+00:00\" \/>\n<meta property=\"article:modified_time\" content=\"2024-12-19T17:56:58+00:00\" \/>\n<meta property=\"og:image\" content=\"https:\/\/noticiasdefato.net\/wp-content\/uploads\/2024\/12\/image-1024x682.png\" \/>\n\t<meta property=\"og:image:width\" content=\"1024\" \/>\n\t<meta property=\"og:image:height\" content=\"682\" \/>\n\t<meta property=\"og:image:type\" content=\"image\/png\" \/>\n<meta name=\"author\" content=\"Noticias de Fato\" \/>\n<meta name=\"twitter:card\" content=\"summary_large_image\" \/>\n<meta name=\"twitter:creator\" content=\"@https:\/\/twitter.com\/NoticiasDeFato_\" \/>\n<meta name=\"twitter:site\" content=\"@noticiasdefato_\" \/>\n<meta name=\"twitter:label1\" content=\"Escrito por\" \/>\n\t<meta name=\"twitter:data1\" content=\"Noticias de Fato\" \/>\n\t<meta name=\"twitter:label2\" content=\"Est. tempo de leitura\" \/>\n\t<meta name=\"twitter:data2\" content=\"4 minutos\" \/>\n<script type=\"application\/ld+json\" class=\"yoast-schema-graph\">{\"@context\":\"https:\/\/schema.org\",\"@graph\":[{\"@type\":\"Article\",\"@id\":\"https:\/\/noticiasdefato.net\/?p=2176#article\",\"isPartOf\":{\"@id\":\"https:\/\/noticiasdefato.net\/?p=2176\"},\"author\":{\"name\":\"Noticias de Fato\",\"@id\":\"https:\/\/noticiasdefato.net\/#\/schema\/person\/982ce60211d95acf059cd702aa260d08\"},\"headline\":\"ALFENAS: VEREADORES APROVAM OR\u00c7AMENTO DE 600 MILH\u00d5ES PARA 2025\",\"datePublished\":\"2024-12-04T23:41:24+00:00\",\"dateModified\":\"2024-12-19T17:56:58+00:00\",\"mainEntityOfPage\":{\"@id\":\"https:\/\/noticiasdefato.net\/?p=2176\"},\"wordCount\":578,\"commentCount\":0,\"publisher\":{\"@id\":\"https:\/\/noticiasdefato.net\/#organization\"},\"image\":{\"@id\":\"https:\/\/noticiasdefato.net\/?p=2176#primaryimage\"},\"thumbnailUrl\":\"https:\/\/noticiasdefato.net\/wp-content\/uploads\/2024\/12\/image.png\",\"articleSection\":[\"Pol\u00edtica\"],\"inLanguage\":\"pt-BR\",\"potentialAction\":[{\"@type\":\"CommentAction\",\"name\":\"Comment\",\"target\":[\"https:\/\/noticiasdefato.net\/?p=2176#respond\"]}]},{\"@type\":\"WebPage\",\"@id\":\"https:\/\/noticiasdefato.net\/?p=2176\",\"url\":\"https:\/\/noticiasdefato.net\/?p=2176\",\"name\":\"ALFENAS: VEREADORES APROVAM OR\u00c7AMENTO DE 600 MILH\u00d5ES PARA 2025 - Not\u00edcias de Fato\",\"isPartOf\":{\"@id\":\"https:\/\/noticiasdefato.net\/#website\"},\"primaryImageOfPage\":{\"@id\":\"https:\/\/noticiasdefato.net\/?p=2176#primaryimage\"},\"image\":{\"@id\":\"https:\/\/noticiasdefato.net\/?p=2176#primaryimage\"},\"thumbnailUrl\":\"https:\/\/noticiasdefato.net\/wp-content\/uploads\/2024\/12\/image.png\",\"datePublished\":\"2024-12-04T23:41:24+00:00\",\"dateModified\":\"2024-12-19T17:56:58+00:00\",\"description\":\"Projeto foi aprovado por unanimidade pelos vereadores em primeiro turno, ap\u00f3s inclus\u00e3o das Emendas Impositivas, que t\u00eam o valor de R$$ 771.498,03 para cada Vereador.\",\"breadcrumb\":{\"@id\":\"https:\/\/noticiasdefato.net\/?p=2176#breadcrumb\"},\"inLanguage\":\"pt-BR\",\"potentialAction\":[{\"@type\":\"ReadAction\",\"target\":[\"https:\/\/noticiasdefato.net\/?p=2176\"]}]},{\"@type\":\"ImageObject\",\"inLanguage\":\"pt-BR\",\"@id\":\"https:\/\/noticiasdefato.net\/?p=2176#primaryimage\",\"url\":\"https:\/\/noticiasdefato.net\/wp-content\/uploads\/2024\/12\/image.png\",\"contentUrl\":\"https:\/\/noticiasdefato.net\/wp-content\/uploads\/2024\/12\/image.png\",\"width\":1600,\"height\":1066},{\"@type\":\"BreadcrumbList\",\"@id\":\"https:\/\/noticiasdefato.net\/?p=2176#breadcrumb\",\"itemListElement\":[{\"@type\":\"ListItem\",\"position\":1,\"name\":\"In\u00edcio\",\"item\":\"https:\/\/noticiasdefato.net\/\"},{\"@type\":\"ListItem\",\"position\":2,\"name\":\"ALFENAS: VEREADORES APROVAM OR\u00c7AMENTO DE 600 MILH\u00d5ES PARA 2025\"}]},{\"@type\":\"WebSite\",\"@id\":\"https:\/\/noticiasdefato.net\/#website\",\"url\":\"https:\/\/noticiasdefato.net\/\",\"name\":\"Not\u00edcias de Fato\",\"description\":\"Trabalhamos com honestidade, seriedade e com a verdade.\",\"publisher\":{\"@id\":\"https:\/\/noticiasdefato.net\/#organization\"},\"potentialAction\":[{\"@type\":\"SearchAction\",\"target\":{\"@type\":\"EntryPoint\",\"urlTemplate\":\"https:\/\/noticiasdefato.net\/?s={search_term_string}\"},\"query-input\":\"required name=search_term_string\"}],\"inLanguage\":\"pt-BR\"},{\"@type\":\"Organization\",\"@id\":\"https:\/\/noticiasdefato.net\/#organization\",\"name\":\"Not\u00edcias de Fato\",\"url\":\"https:\/\/noticiasdefato.net\/\",\"logo\":{\"@type\":\"ImageObject\",\"inLanguage\":\"pt-BR\",\"@id\":\"https:\/\/noticiasdefato.net\/#\/schema\/logo\/image\/\",\"url\":\"https:\/\/noticiasdefato.net\/wp-content\/uploads\/2024\/02\/cropped-logo_topo.png\",\"contentUrl\":\"https:\/\/noticiasdefato.net\/wp-content\/uploads\/2024\/02\/cropped-logo_topo.png\",\"width\":1948,\"height\":665,\"caption\":\"Not\u00edcias de Fato\"},\"image\":{\"@id\":\"https:\/\/noticiasdefato.net\/#\/schema\/logo\/image\/\"},\"sameAs\":[\"https:\/\/fb.com\/noticiasdefato.jornal\",\"https:\/\/x.com\/noticiasdefato_\",\"https:\/\/instagram.com\/noticiasdefato.jornal\",\"https:\/\/youtube.com\/@JornalNoticiasDeFato\"]},{\"@type\":\"Person\",\"@id\":\"https:\/\/noticiasdefato.net\/#\/schema\/person\/982ce60211d95acf059cd702aa260d08\",\"name\":\"Noticias de Fato\",\"image\":{\"@type\":\"ImageObject\",\"inLanguage\":\"pt-BR\",\"@id\":\"https:\/\/noticiasdefato.net\/#\/schema\/person\/image\/\",\"url\":\"https:\/\/secure.gravatar.com\/avatar\/700227fab2316f0366a1b5d4988d10f847249cf13293450527ac9553c994611a?s=96&d=mm&r=g\",\"contentUrl\":\"https:\/\/secure.gravatar.com\/avatar\/700227fab2316f0366a1b5d4988d10f847249cf13293450527ac9553c994611a?s=96&d=mm&r=g\",\"caption\":\"Noticias de Fato\"},\"sameAs\":[\"https:\/\/noticiasdefato.net\",\"http:\/\/fb.com\/\/noticiasdefato.jornal\",\"https:\/\/x.com\/https:\/\/twitter.com\/NoticiasDeFato_\"],\"url\":\"https:\/\/noticiasdefato.net\/?author=1\"}]}<\/script>\n<!-- \/ Yoast SEO plugin. -->","yoast_head_json":{"title":"ALFENAS: VEREADORES APROVAM OR\u00c7AMENTO DE 600 MILH\u00d5ES PARA 2025 - Not\u00edcias de Fato","description":"Projeto foi aprovado por unanimidade pelos vereadores em primeiro turno, ap\u00f3s inclus\u00e3o das Emendas Impositivas, que t\u00eam o valor de R$$ 771.498,03 para cada Vereador.","robots":{"index":"index","follow":"follow","max-snippet":"max-snippet:-1","max-image-preview":"max-image-preview:large","max-video-preview":"max-video-preview:-1"},"canonical":"https:\/\/noticiasdefato.net\/?p=2176","og_locale":"pt_BR","og_type":"article","og_title":"ALFENAS: VEREADORES APROVAM OR\u00c7AMENTO DE 600 MILH\u00d5ES PARA 2025 - Not\u00edcias de Fato","og_description":"Projeto foi aprovado por unanimidade pelos vereadores em primeiro turno, ap\u00f3s inclus\u00e3o das Emendas Impositivas, que t\u00eam o valor de R$$ 771.498,03 para cada Vereador.","og_url":"https:\/\/noticiasdefato.net\/?p=2176","og_site_name":"Not\u00edcias de Fato","article_publisher":"https:\/\/fb.com\/noticiasdefato.jornal","article_author":"http:\/\/fb.com\/\/noticiasdefato.jornal","article_published_time":"2024-12-04T23:41:24+00:00","article_modified_time":"2024-12-19T17:56:58+00:00","og_image":[{"width":1024,"height":682,"url":"https:\/\/noticiasdefato.net\/wp-content\/uploads\/2024\/12\/image-1024x682.png","type":"image\/png"}],"author":"Noticias de Fato","twitter_card":"summary_large_image","twitter_creator":"@https:\/\/twitter.com\/NoticiasDeFato_","twitter_site":"@noticiasdefato_","twitter_misc":{"Escrito por":"Noticias de Fato","Est. tempo de leitura":"4 minutos"},"schema":{"@context":"https:\/\/schema.org","@graph":[{"@type":"Article","@id":"https:\/\/noticiasdefato.net\/?p=2176#article","isPartOf":{"@id":"https:\/\/noticiasdefato.net\/?p=2176"},"author":{"name":"Noticias de Fato","@id":"https:\/\/noticiasdefato.net\/#\/schema\/person\/982ce60211d95acf059cd702aa260d08"},"headline":"ALFENAS: VEREADORES APROVAM OR\u00c7AMENTO DE 600 MILH\u00d5ES PARA 2025","datePublished":"2024-12-04T23:41:24+00:00","dateModified":"2024-12-19T17:56:58+00:00","mainEntityOfPage":{"@id":"https:\/\/noticiasdefato.net\/?p=2176"},"wordCount":578,"commentCount":0,"publisher":{"@id":"https:\/\/noticiasdefato.net\/#organization"},"image":{"@id":"https:\/\/noticiasdefato.net\/?p=2176#primaryimage"},"thumbnailUrl":"https:\/\/noticiasdefato.net\/wp-content\/uploads\/2024\/12\/image.png","articleSection":["Pol\u00edtica"],"inLanguage":"pt-BR","potentialAction":[{"@type":"CommentAction","name":"Comment","target":["https:\/\/noticiasdefato.net\/?p=2176#respond"]}]},{"@type":"WebPage","@id":"https:\/\/noticiasdefato.net\/?p=2176","url":"https:\/\/noticiasdefato.net\/?p=2176","name":"ALFENAS: VEREADORES APROVAM OR\u00c7AMENTO DE 600 MILH\u00d5ES PARA 2025 - Not\u00edcias de Fato","isPartOf":{"@id":"https:\/\/noticiasdefato.net\/#website"},"primaryImageOfPage":{"@id":"https:\/\/noticiasdefato.net\/?p=2176#primaryimage"},"image":{"@id":"https:\/\/noticiasdefato.net\/?p=2176#primaryimage"},"thumbnailUrl":"https:\/\/noticiasdefato.net\/wp-content\/uploads\/2024\/12\/image.png","datePublished":"2024-12-04T23:41:24+00:00","dateModified":"2024-12-19T17:56:58+00:00","description":"Projeto foi aprovado por unanimidade pelos vereadores em primeiro turno, ap\u00f3s inclus\u00e3o das Emendas Impositivas, que t\u00eam o valor de R$$ 771.498,03 para cada Vereador.","breadcrumb":{"@id":"https:\/\/noticiasdefato.net\/?p=2176#breadcrumb"},"inLanguage":"pt-BR","potentialAction":[{"@type":"ReadAction","target":["https:\/\/noticiasdefato.net\/?p=2176"]}]},{"@type":"ImageObject","inLanguage":"pt-BR","@id":"https:\/\/noticiasdefato.net\/?p=2176#primaryimage","url":"https:\/\/noticiasdefato.net\/wp-content\/uploads\/2024\/12\/image.png","contentUrl":"https:\/\/noticiasdefato.net\/wp-content\/uploads\/2024\/12\/image.png","width":1600,"height":1066},{"@type":"BreadcrumbList","@id":"https:\/\/noticiasdefato.net\/?p=2176#breadcrumb","itemListElement":[{"@type":"ListItem","position":1,"name":"In\u00edcio","item":"https:\/\/noticiasdefato.net\/"},{"@type":"ListItem","position":2,"name":"ALFENAS: VEREADORES APROVAM OR\u00c7AMENTO DE 600 MILH\u00d5ES PARA 2025"}]},{"@type":"WebSite","@id":"https:\/\/noticiasdefato.net\/#website","url":"https:\/\/noticiasdefato.net\/","name":"Not\u00edcias de Fato","description":"Trabalhamos com honestidade, seriedade e com a verdade.","publisher":{"@id":"https:\/\/noticiasdefato.net\/#organization"},"potentialAction":[{"@type":"SearchAction","target":{"@type":"EntryPoint","urlTemplate":"https:\/\/noticiasdefato.net\/?s={search_term_string}"},"query-input":"required name=search_term_string"}],"inLanguage":"pt-BR"},{"@type":"Organization","@id":"https:\/\/noticiasdefato.net\/#organization","name":"Not\u00edcias de Fato","url":"https:\/\/noticiasdefato.net\/","logo":{"@type":"ImageObject","inLanguage":"pt-BR","@id":"https:\/\/noticiasdefato.net\/#\/schema\/logo\/image\/","url":"https:\/\/noticiasdefato.net\/wp-content\/uploads\/2024\/02\/cropped-logo_topo.png","contentUrl":"https:\/\/noticiasdefato.net\/wp-content\/uploads\/2024\/02\/cropped-logo_topo.png","width":1948,"height":665,"caption":"Not\u00edcias de Fato"},"image":{"@id":"https:\/\/noticiasdefato.net\/#\/schema\/logo\/image\/"},"sameAs":["https:\/\/fb.com\/noticiasdefato.jornal","https:\/\/x.com\/noticiasdefato_","https:\/\/instagram.com\/noticiasdefato.jornal","https:\/\/youtube.com\/@JornalNoticiasDeFato"]},{"@type":"Person","@id":"https:\/\/noticiasdefato.net\/#\/schema\/person\/982ce60211d95acf059cd702aa260d08","name":"Noticias de Fato","image":{"@type":"ImageObject","inLanguage":"pt-BR","@id":"https:\/\/noticiasdefato.net\/#\/schema\/person\/image\/","url":"https:\/\/secure.gravatar.com\/avatar\/700227fab2316f0366a1b5d4988d10f847249cf13293450527ac9553c994611a?s=96&d=mm&r=g","contentUrl":"https:\/\/secure.gravatar.com\/avatar\/700227fab2316f0366a1b5d4988d10f847249cf13293450527ac9553c994611a?s=96&d=mm&r=g","caption":"Noticias de Fato"},"sameAs":["https:\/\/noticiasdefato.net","http:\/\/fb.com\/\/noticiasdefato.jornal","https:\/\/x.com\/https:\/\/twitter.com\/NoticiasDeFato_"],"url":"https:\/\/noticiasdefato.net\/?author=1"}]}},"_links":{"self":[{"href":"https:\/\/noticiasdefato.net\/index.php?rest_route=\/wp\/v2\/posts\/2176","targetHints":{"allow":["GET"]}}],"collection":[{"href":"https:\/\/noticiasdefato.net\/index.php?rest_route=\/wp\/v2\/posts"}],"about":[{"href":"https:\/\/noticiasdefato.net\/index.php?rest_route=\/wp\/v2\/types\/post"}],"author":[{"embeddable":true,"href":"https:\/\/noticiasdefato.net\/index.php?rest_route=\/wp\/v2\/users\/1"}],"replies":[{"embeddable":true,"href":"https:\/\/noticiasdefato.net\/index.php?rest_route=%2Fwp%2Fv2%2Fcomments&post=2176"}],"version-history":[{"count":3,"href":"https:\/\/noticiasdefato.net\/index.php?rest_route=\/wp\/v2\/posts\/2176\/revisions"}],"predecessor-version":[{"id":2180,"href":"https:\/\/noticiasdefato.net\/index.php?rest_route=\/wp\/v2\/posts\/2176\/revisions\/2180"}],"wp:featuredmedia":[{"embeddable":true,"href":"https:\/\/noticiasdefato.net\/index.php?rest_route=\/wp\/v2\/media\/2177"}],"wp:attachment":[{"href":"https:\/\/noticiasdefato.net\/index.php?rest_route=%2Fwp%2Fv2%2Fmedia&parent=2176"}],"wp:term":[{"taxonomy":"category","embeddable":true,"href":"https:\/\/noticiasdefato.net\/index.php?rest_route=%2Fwp%2Fv2%2Fcategories&post=2176"},{"taxonomy":"post_tag","embeddable":true,"href":"https:\/\/noticiasdefato.net\/index.php?rest_route=%2Fwp%2Fv2%2Ftags&post=2176"}],"curies":[{"name":"wp","href":"https:\/\/api.w.org\/{rel}","templated":true}]}}