{"id":2227,"date":"2024-12-11T12:34:43","date_gmt":"2024-12-11T15:34:43","guid":{"rendered":"https:\/\/noticiasdefato.net\/?p=2227"},"modified":"2024-12-19T14:57:17","modified_gmt":"2024-12-19T17:57:17","slug":"alfenas-policia-recupera-veiculo-e-objetos-furtados-da-apae","status":"publish","type":"post","link":"https:\/\/noticiasdefato.net\/?p=2227","title":{"rendered":"ALFENAS: POL\u00cdCIA RECUPERA VE\u00cdCULO E OBJETOS FURTADOS DA APAE"},"content":{"rendered":"\n<p><em>APAE de Alfenas foi invadida em 24\/11\/2024 por indiv\u00edduos que subtra\u00edram o ve\u00edculo da institui\u00e7\u00e3o e in\u00fameros objetos, incluindo g\u00eaneros aliment\u00edcios e fraldas.<\/em><\/p>\n\n\n\n<p>A 2\u00aa Delegacia Regional da Pol\u00edcia Civil de Alfenas, recuperou na manh\u00e3 de hoje um ve\u00edculo e diversos objetos subtra\u00eddos da sede da APAE de Alfenas, que foi invadida no dia 24 de novembro por indiv\u00edduos. Foram recuperados um ve\u00edculo Chevrolet Spin, pertencente \u00e0 institui\u00e7\u00e3o, in\u00fameros objetos, al\u00e9m de g\u00eaneros aliment\u00edcios e fraldas. <\/p>\n\n\n\n<p>Ap\u00f3s a den\u00fancia aportar na delegacia de crimes contra o patrim\u00f4nio, a equipe de policiais civis efetuou dilig\u00eancias, vindo a identificar os autores e, nesta manh\u00e3, localizou o ve\u00edculo abandonado com os objetos em seu interior.<\/p>\n\n\n\n<p>Os autores ser\u00e3o indiciados pelo crime de furto qualificado e os objeto ser\u00e3o restitu\u00eddos\u00a0a\u00a0APAE.<\/p>\n\n\n\n<div class=\"wp-block-columns is-layout-flex wp-container-core-columns-is-layout-9d6595d7 wp-block-columns-is-layout-flex\">\n<div class=\"wp-block-column is-layout-flow wp-block-column-is-layout-flow\">\n<figure class=\"wp-block-image size-large\"><img fetchpriority=\"high\" decoding=\"async\" width=\"577\" height=\"1024\" src=\"https:\/\/noticiasdefato.net\/wp-content\/uploads\/2024\/12\/image-13-577x1024.png\" alt=\"\" class=\"wp-image-2228\" srcset=\"https:\/\/noticiasdefato.net\/wp-content\/uploads\/2024\/12\/image-13-577x1024.png 577w, https:\/\/noticiasdefato.net\/wp-content\/uploads\/2024\/12\/image-13-169x300.png 169w, https:\/\/noticiasdefato.net\/wp-content\/uploads\/2024\/12\/image-13-51x90.png 51w, https:\/\/noticiasdefato.net\/wp-content\/uploads\/2024\/12\/image-13.png 634w\" sizes=\"(max-width: 577px) 100vw, 577px\" \/><\/figure>\n<\/div>\n\n\n\n<div class=\"wp-block-column is-layout-flow wp-block-column-is-layout-flow\">\n<figure class=\"wp-block-image size-large\"><img decoding=\"async\" width=\"582\" height=\"1024\" src=\"https:\/\/noticiasdefato.net\/wp-content\/uploads\/2024\/12\/image-14-582x1024.png\" alt=\"\" class=\"wp-image-2229\" srcset=\"https:\/\/noticiasdefato.net\/wp-content\/uploads\/2024\/12\/image-14-582x1024.png 582w, https:\/\/noticiasdefato.net\/wp-content\/uploads\/2024\/12\/image-14-170x300.png 170w, https:\/\/noticiasdefato.net\/wp-content\/uploads\/2024\/12\/image-14-51x90.png 51w, https:\/\/noticiasdefato.net\/wp-content\/uploads\/2024\/12\/image-14.png 639w\" sizes=\"(max-width: 582px) 100vw, 582px\" \/><\/figure>\n<\/div>\n\n\n\n<div class=\"wp-block-column is-layout-flow wp-block-column-is-layout-flow\">\n<figure class=\"wp-block-image size-large\"><img decoding=\"async\" width=\"577\" height=\"1024\" src=\"https:\/\/noticiasdefato.net\/wp-content\/uploads\/2024\/12\/image-15-577x1024.png\" alt=\"\" class=\"wp-image-2230\" srcset=\"https:\/\/noticiasdefato.net\/wp-content\/uploads\/2024\/12\/image-15-577x1024.png 577w, https:\/\/noticiasdefato.net\/wp-content\/uploads\/2024\/12\/image-15-169x300.png 169w, https:\/\/noticiasdefato.net\/wp-content\/uploads\/2024\/12\/image-15-51x90.png 51w, https:\/\/noticiasdefato.net\/wp-content\/uploads\/2024\/12\/image-15.png 634w\" sizes=\"(max-width: 577px) 100vw, 577px\" \/><\/figure>\n<\/div>\n<\/div>\n\n\n\n<p><strong>Por: <\/strong>Di\u00e1rio de Not\u00edcias Minas<\/p>\n\n\n\n<p><\/p>\n","protected":false},"excerpt":{"rendered":"<p>APAE de Alfenas foi invadida em 24\/11\/2024 por indiv\u00edduos que subtra\u00edram o ve\u00edculo da institui\u00e7\u00e3o e in\u00fameros objetos, incluindo g\u00eaneros aliment\u00edcios e fraldas. <a href=\"https:\/\/noticiasdefato.net\/?p=2227\" class=\"more-link\">Continuar lendo <span class=\"screen-reader-text\">ALFENAS: POL\u00cdCIA RECUPERA VE\u00cdCULO E OBJETOS FURTADOS DA APAE<\/span><\/a><\/p>\n","protected":false},"author":1,"featured_media":2231,"comment_status":"open","ping_status":"open","sticky":false,"template":"","format":"standard","meta":{"footnotes":""},"categories":[25],"tags":[],"class_list":["post-2227","post","type-post","status-publish","format-standard","has-post-thumbnail","hentry","category-policial"],"yoast_head":"<!-- This site is optimized with the Yoast SEO plugin v23.2 - https:\/\/yoast.com\/wordpress\/plugins\/seo\/ -->\n<title>ALFENAS: POL\u00cdCIA RECUPERA VE\u00cdCULO E OBJETOS FURTADOS DA APAE - Not\u00edcias de Fato<\/title>\n<meta name=\"description\" content=\"APAE de Alfenas foi invadida em 24\/11\/2024 por indiv\u00edduos que subtra\u00edram o ve\u00edculo da institui\u00e7\u00e3o e in\u00fameros objetos, incluindo g\u00eaneros aliment\u00edcios e fraldas.\" \/>\n<meta name=\"robots\" content=\"index, follow, max-snippet:-1, max-image-preview:large, max-video-preview:-1\" \/>\n<link rel=\"canonical\" href=\"https:\/\/noticiasdefato.net\/?p=2227\" \/>\n<meta property=\"og:locale\" content=\"pt_BR\" \/>\n<meta property=\"og:type\" content=\"article\" \/>\n<meta property=\"og:title\" content=\"ALFENAS: POL\u00cdCIA RECUPERA VE\u00cdCULO E OBJETOS FURTADOS DA APAE - Not\u00edcias de Fato\" \/>\n<meta property=\"og:description\" content=\"APAE de Alfenas foi invadida em 24\/11\/2024 por indiv\u00edduos que subtra\u00edram o ve\u00edculo da institui\u00e7\u00e3o e in\u00fameros objetos, incluindo g\u00eaneros aliment\u00edcios e fraldas.\" \/>\n<meta property=\"og:url\" content=\"https:\/\/noticiasdefato.net\/?p=2227\" \/>\n<meta property=\"og:site_name\" content=\"Not\u00edcias de Fato\" \/>\n<meta property=\"article:publisher\" content=\"https:\/\/fb.com\/noticiasdefato.jornal\" \/>\n<meta property=\"article:author\" content=\"http:\/\/fb.com\/\/noticiasdefato.jornal\" \/>\n<meta property=\"article:published_time\" content=\"2024-12-11T15:34:43+00:00\" \/>\n<meta property=\"article:modified_time\" content=\"2024-12-19T17:57:17+00:00\" \/>\n<meta property=\"og:image\" content=\"https:\/\/noticiasdefato.net\/wp-content\/uploads\/2024\/12\/image-16-1024x576.png\" \/>\n\t<meta property=\"og:image:width\" content=\"1024\" \/>\n\t<meta property=\"og:image:height\" content=\"576\" \/>\n\t<meta property=\"og:image:type\" content=\"image\/png\" \/>\n<meta name=\"author\" content=\"Noticias de Fato\" \/>\n<meta name=\"twitter:card\" content=\"summary_large_image\" \/>\n<meta name=\"twitter:creator\" content=\"@https:\/\/twitter.com\/NoticiasDeFato_\" \/>\n<meta name=\"twitter:site\" content=\"@noticiasdefato_\" \/>\n<meta name=\"twitter:label1\" content=\"Escrito por\" \/>\n\t<meta name=\"twitter:data1\" content=\"Noticias de Fato\" \/>\n\t<meta name=\"twitter:label2\" content=\"Est. tempo de leitura\" \/>\n\t<meta name=\"twitter:data2\" content=\"2 minutos\" \/>\n<script type=\"application\/ld+json\" class=\"yoast-schema-graph\">{\"@context\":\"https:\/\/schema.org\",\"@graph\":[{\"@type\":\"Article\",\"@id\":\"https:\/\/noticiasdefato.net\/?p=2227#article\",\"isPartOf\":{\"@id\":\"https:\/\/noticiasdefato.net\/?p=2227\"},\"author\":{\"name\":\"Noticias de Fato\",\"@id\":\"https:\/\/noticiasdefato.net\/#\/schema\/person\/982ce60211d95acf059cd702aa260d08\"},\"headline\":\"ALFENAS: POL\u00cdCIA RECUPERA VE\u00cdCULO E OBJETOS FURTADOS DA APAE\",\"datePublished\":\"2024-12-11T15:34:43+00:00\",\"dateModified\":\"2024-12-19T17:57:17+00:00\",\"mainEntityOfPage\":{\"@id\":\"https:\/\/noticiasdefato.net\/?p=2227\"},\"wordCount\":167,\"commentCount\":0,\"publisher\":{\"@id\":\"https:\/\/noticiasdefato.net\/#organization\"},\"image\":{\"@id\":\"https:\/\/noticiasdefato.net\/?p=2227#primaryimage\"},\"thumbnailUrl\":\"https:\/\/noticiasdefato.net\/wp-content\/uploads\/2024\/12\/image-16.png\",\"articleSection\":[\"Policial\"],\"inLanguage\":\"pt-BR\",\"potentialAction\":[{\"@type\":\"CommentAction\",\"name\":\"Comment\",\"target\":[\"https:\/\/noticiasdefato.net\/?p=2227#respond\"]}]},{\"@type\":\"WebPage\",\"@id\":\"https:\/\/noticiasdefato.net\/?p=2227\",\"url\":\"https:\/\/noticiasdefato.net\/?p=2227\",\"name\":\"ALFENAS: POL\u00cdCIA RECUPERA VE\u00cdCULO E OBJETOS FURTADOS DA APAE - Not\u00edcias de Fato\",\"isPartOf\":{\"@id\":\"https:\/\/noticiasdefato.net\/#website\"},\"primaryImageOfPage\":{\"@id\":\"https:\/\/noticiasdefato.net\/?p=2227#primaryimage\"},\"image\":{\"@id\":\"https:\/\/noticiasdefato.net\/?p=2227#primaryimage\"},\"thumbnailUrl\":\"https:\/\/noticiasdefato.net\/wp-content\/uploads\/2024\/12\/image-16.png\",\"datePublished\":\"2024-12-11T15:34:43+00:00\",\"dateModified\":\"2024-12-19T17:57:17+00:00\",\"description\":\"APAE de Alfenas foi invadida em 24\/11\/2024 por indiv\u00edduos que subtra\u00edram o ve\u00edculo da institui\u00e7\u00e3o e in\u00fameros objetos, incluindo g\u00eaneros aliment\u00edcios e fraldas.\",\"breadcrumb\":{\"@id\":\"https:\/\/noticiasdefato.net\/?p=2227#breadcrumb\"},\"inLanguage\":\"pt-BR\",\"potentialAction\":[{\"@type\":\"ReadAction\",\"target\":[\"https:\/\/noticiasdefato.net\/?p=2227\"]}]},{\"@type\":\"ImageObject\",\"inLanguage\":\"pt-BR\",\"@id\":\"https:\/\/noticiasdefato.net\/?p=2227#primaryimage\",\"url\":\"https:\/\/noticiasdefato.net\/wp-content\/uploads\/2024\/12\/image-16.png\",\"contentUrl\":\"https:\/\/noticiasdefato.net\/wp-content\/uploads\/2024\/12\/image-16.png\",\"width\":2002,\"height\":1127},{\"@type\":\"BreadcrumbList\",\"@id\":\"https:\/\/noticiasdefato.net\/?p=2227#breadcrumb\",\"itemListElement\":[{\"@type\":\"ListItem\",\"position\":1,\"name\":\"In\u00edcio\",\"item\":\"https:\/\/noticiasdefato.net\/\"},{\"@type\":\"ListItem\",\"position\":2,\"name\":\"ALFENAS: POL\u00cdCIA RECUPERA VE\u00cdCULO E OBJETOS FURTADOS DA APAE\"}]},{\"@type\":\"WebSite\",\"@id\":\"https:\/\/noticiasdefato.net\/#website\",\"url\":\"https:\/\/noticiasdefato.net\/\",\"name\":\"Not\u00edcias de Fato\",\"description\":\"Trabalhamos com honestidade, seriedade e com a verdade.\",\"publisher\":{\"@id\":\"https:\/\/noticiasdefato.net\/#organization\"},\"potentialAction\":[{\"@type\":\"SearchAction\",\"target\":{\"@type\":\"EntryPoint\",\"urlTemplate\":\"https:\/\/noticiasdefato.net\/?s={search_term_string}\"},\"query-input\":\"required name=search_term_string\"}],\"inLanguage\":\"pt-BR\"},{\"@type\":\"Organization\",\"@id\":\"https:\/\/noticiasdefato.net\/#organization\",\"name\":\"Not\u00edcias de Fato\",\"url\":\"https:\/\/noticiasdefato.net\/\",\"logo\":{\"@type\":\"ImageObject\",\"inLanguage\":\"pt-BR\",\"@id\":\"https:\/\/noticiasdefato.net\/#\/schema\/logo\/image\/\",\"url\":\"https:\/\/noticiasdefato.net\/wp-content\/uploads\/2024\/02\/cropped-logo_topo.png\",\"contentUrl\":\"https:\/\/noticiasdefato.net\/wp-content\/uploads\/2024\/02\/cropped-logo_topo.png\",\"width\":1948,\"height\":665,\"caption\":\"Not\u00edcias de Fato\"},\"image\":{\"@id\":\"https:\/\/noticiasdefato.net\/#\/schema\/logo\/image\/\"},\"sameAs\":[\"https:\/\/fb.com\/noticiasdefato.jornal\",\"https:\/\/x.com\/noticiasdefato_\",\"https:\/\/instagram.com\/noticiasdefato.jornal\",\"https:\/\/youtube.com\/@JornalNoticiasDeFato\"]},{\"@type\":\"Person\",\"@id\":\"https:\/\/noticiasdefato.net\/#\/schema\/person\/982ce60211d95acf059cd702aa260d08\",\"name\":\"Noticias de Fato\",\"image\":{\"@type\":\"ImageObject\",\"inLanguage\":\"pt-BR\",\"@id\":\"https:\/\/noticiasdefato.net\/#\/schema\/person\/image\/\",\"url\":\"https:\/\/secure.gravatar.com\/avatar\/700227fab2316f0366a1b5d4988d10f847249cf13293450527ac9553c994611a?s=96&d=mm&r=g\",\"contentUrl\":\"https:\/\/secure.gravatar.com\/avatar\/700227fab2316f0366a1b5d4988d10f847249cf13293450527ac9553c994611a?s=96&d=mm&r=g\",\"caption\":\"Noticias de Fato\"},\"sameAs\":[\"https:\/\/noticiasdefato.net\",\"http:\/\/fb.com\/\/noticiasdefato.jornal\",\"https:\/\/x.com\/https:\/\/twitter.com\/NoticiasDeFato_\"],\"url\":\"https:\/\/noticiasdefato.net\/?author=1\"}]}<\/script>\n<!-- \/ Yoast SEO plugin. -->","yoast_head_json":{"title":"ALFENAS: POL\u00cdCIA RECUPERA VE\u00cdCULO E OBJETOS FURTADOS DA APAE - Not\u00edcias de Fato","description":"APAE de Alfenas foi invadida em 24\/11\/2024 por indiv\u00edduos que subtra\u00edram o ve\u00edculo da institui\u00e7\u00e3o e in\u00fameros objetos, incluindo g\u00eaneros aliment\u00edcios e fraldas.","robots":{"index":"index","follow":"follow","max-snippet":"max-snippet:-1","max-image-preview":"max-image-preview:large","max-video-preview":"max-video-preview:-1"},"canonical":"https:\/\/noticiasdefato.net\/?p=2227","og_locale":"pt_BR","og_type":"article","og_title":"ALFENAS: POL\u00cdCIA RECUPERA VE\u00cdCULO E OBJETOS FURTADOS DA APAE - Not\u00edcias de Fato","og_description":"APAE de Alfenas foi invadida em 24\/11\/2024 por indiv\u00edduos que subtra\u00edram o ve\u00edculo da institui\u00e7\u00e3o e in\u00fameros objetos, incluindo g\u00eaneros aliment\u00edcios e fraldas.","og_url":"https:\/\/noticiasdefato.net\/?p=2227","og_site_name":"Not\u00edcias de Fato","article_publisher":"https:\/\/fb.com\/noticiasdefato.jornal","article_author":"http:\/\/fb.com\/\/noticiasdefato.jornal","article_published_time":"2024-12-11T15:34:43+00:00","article_modified_time":"2024-12-19T17:57:17+00:00","og_image":[{"width":1024,"height":576,"url":"https:\/\/noticiasdefato.net\/wp-content\/uploads\/2024\/12\/image-16-1024x576.png","type":"image\/png"}],"author":"Noticias de Fato","twitter_card":"summary_large_image","twitter_creator":"@https:\/\/twitter.com\/NoticiasDeFato_","twitter_site":"@noticiasdefato_","twitter_misc":{"Escrito por":"Noticias de Fato","Est. tempo de leitura":"2 minutos"},"schema":{"@context":"https:\/\/schema.org","@graph":[{"@type":"Article","@id":"https:\/\/noticiasdefato.net\/?p=2227#article","isPartOf":{"@id":"https:\/\/noticiasdefato.net\/?p=2227"},"author":{"name":"Noticias de Fato","@id":"https:\/\/noticiasdefato.net\/#\/schema\/person\/982ce60211d95acf059cd702aa260d08"},"headline":"ALFENAS: POL\u00cdCIA RECUPERA VE\u00cdCULO E OBJETOS FURTADOS DA APAE","datePublished":"2024-12-11T15:34:43+00:00","dateModified":"2024-12-19T17:57:17+00:00","mainEntityOfPage":{"@id":"https:\/\/noticiasdefato.net\/?p=2227"},"wordCount":167,"commentCount":0,"publisher":{"@id":"https:\/\/noticiasdefato.net\/#organization"},"image":{"@id":"https:\/\/noticiasdefato.net\/?p=2227#primaryimage"},"thumbnailUrl":"https:\/\/noticiasdefato.net\/wp-content\/uploads\/2024\/12\/image-16.png","articleSection":["Policial"],"inLanguage":"pt-BR","potentialAction":[{"@type":"CommentAction","name":"Comment","target":["https:\/\/noticiasdefato.net\/?p=2227#respond"]}]},{"@type":"WebPage","@id":"https:\/\/noticiasdefato.net\/?p=2227","url":"https:\/\/noticiasdefato.net\/?p=2227","name":"ALFENAS: POL\u00cdCIA RECUPERA VE\u00cdCULO E OBJETOS FURTADOS DA APAE - Not\u00edcias de Fato","isPartOf":{"@id":"https:\/\/noticiasdefato.net\/#website"},"primaryImageOfPage":{"@id":"https:\/\/noticiasdefato.net\/?p=2227#primaryimage"},"image":{"@id":"https:\/\/noticiasdefato.net\/?p=2227#primaryimage"},"thumbnailUrl":"https:\/\/noticiasdefato.net\/wp-content\/uploads\/2024\/12\/image-16.png","datePublished":"2024-12-11T15:34:43+00:00","dateModified":"2024-12-19T17:57:17+00:00","description":"APAE de Alfenas foi invadida em 24\/11\/2024 por indiv\u00edduos que subtra\u00edram o ve\u00edculo da institui\u00e7\u00e3o e in\u00fameros objetos, incluindo g\u00eaneros aliment\u00edcios e fraldas.","breadcrumb":{"@id":"https:\/\/noticiasdefato.net\/?p=2227#breadcrumb"},"inLanguage":"pt-BR","potentialAction":[{"@type":"ReadAction","target":["https:\/\/noticiasdefato.net\/?p=2227"]}]},{"@type":"ImageObject","inLanguage":"pt-BR","@id":"https:\/\/noticiasdefato.net\/?p=2227#primaryimage","url":"https:\/\/noticiasdefato.net\/wp-content\/uploads\/2024\/12\/image-16.png","contentUrl":"https:\/\/noticiasdefato.net\/wp-content\/uploads\/2024\/12\/image-16.png","width":2002,"height":1127},{"@type":"BreadcrumbList","@id":"https:\/\/noticiasdefato.net\/?p=2227#breadcrumb","itemListElement":[{"@type":"ListItem","position":1,"name":"In\u00edcio","item":"https:\/\/noticiasdefato.net\/"},{"@type":"ListItem","position":2,"name":"ALFENAS: POL\u00cdCIA RECUPERA VE\u00cdCULO E OBJETOS FURTADOS DA APAE"}]},{"@type":"WebSite","@id":"https:\/\/noticiasdefato.net\/#website","url":"https:\/\/noticiasdefato.net\/","name":"Not\u00edcias de Fato","description":"Trabalhamos com honestidade, seriedade e com a verdade.","publisher":{"@id":"https:\/\/noticiasdefato.net\/#organization"},"potentialAction":[{"@type":"SearchAction","target":{"@type":"EntryPoint","urlTemplate":"https:\/\/noticiasdefato.net\/?s={search_term_string}"},"query-input":"required name=search_term_string"}],"inLanguage":"pt-BR"},{"@type":"Organization","@id":"https:\/\/noticiasdefato.net\/#organization","name":"Not\u00edcias de Fato","url":"https:\/\/noticiasdefato.net\/","logo":{"@type":"ImageObject","inLanguage":"pt-BR","@id":"https:\/\/noticiasdefato.net\/#\/schema\/logo\/image\/","url":"https:\/\/noticiasdefato.net\/wp-content\/uploads\/2024\/02\/cropped-logo_topo.png","contentUrl":"https:\/\/noticiasdefato.net\/wp-content\/uploads\/2024\/02\/cropped-logo_topo.png","width":1948,"height":665,"caption":"Not\u00edcias de Fato"},"image":{"@id":"https:\/\/noticiasdefato.net\/#\/schema\/logo\/image\/"},"sameAs":["https:\/\/fb.com\/noticiasdefato.jornal","https:\/\/x.com\/noticiasdefato_","https:\/\/instagram.com\/noticiasdefato.jornal","https:\/\/youtube.com\/@JornalNoticiasDeFato"]},{"@type":"Person","@id":"https:\/\/noticiasdefato.net\/#\/schema\/person\/982ce60211d95acf059cd702aa260d08","name":"Noticias de Fato","image":{"@type":"ImageObject","inLanguage":"pt-BR","@id":"https:\/\/noticiasdefato.net\/#\/schema\/person\/image\/","url":"https:\/\/secure.gravatar.com\/avatar\/700227fab2316f0366a1b5d4988d10f847249cf13293450527ac9553c994611a?s=96&d=mm&r=g","contentUrl":"https:\/\/secure.gravatar.com\/avatar\/700227fab2316f0366a1b5d4988d10f847249cf13293450527ac9553c994611a?s=96&d=mm&r=g","caption":"Noticias de Fato"},"sameAs":["https:\/\/noticiasdefato.net","http:\/\/fb.com\/\/noticiasdefato.jornal","https:\/\/x.com\/https:\/\/twitter.com\/NoticiasDeFato_"],"url":"https:\/\/noticiasdefato.net\/?author=1"}]}},"_links":{"self":[{"href":"https:\/\/noticiasdefato.net\/index.php?rest_route=\/wp\/v2\/posts\/2227","targetHints":{"allow":["GET"]}}],"collection":[{"href":"https:\/\/noticiasdefato.net\/index.php?rest_route=\/wp\/v2\/posts"}],"about":[{"href":"https:\/\/noticiasdefato.net\/index.php?rest_route=\/wp\/v2\/types\/post"}],"author":[{"embeddable":true,"href":"https:\/\/noticiasdefato.net\/index.php?rest_route=\/wp\/v2\/users\/1"}],"replies":[{"embeddable":true,"href":"https:\/\/noticiasdefato.net\/index.php?rest_route=%2Fwp%2Fv2%2Fcomments&post=2227"}],"version-history":[{"count":1,"href":"https:\/\/noticiasdefato.net\/index.php?rest_route=\/wp\/v2\/posts\/2227\/revisions"}],"predecessor-version":[{"id":2232,"href":"https:\/\/noticiasdefato.net\/index.php?rest_route=\/wp\/v2\/posts\/2227\/revisions\/2232"}],"wp:featuredmedia":[{"embeddable":true,"href":"https:\/\/noticiasdefato.net\/index.php?rest_route=\/wp\/v2\/media\/2231"}],"wp:attachment":[{"href":"https:\/\/noticiasdefato.net\/index.php?rest_route=%2Fwp%2Fv2%2Fmedia&parent=2227"}],"wp:term":[{"taxonomy":"category","embeddable":true,"href":"https:\/\/noticiasdefato.net\/index.php?rest_route=%2Fwp%2Fv2%2Fcategories&post=2227"},{"taxonomy":"post_tag","embeddable":true,"href":"https:\/\/noticiasdefato.net\/index.php?rest_route=%2Fwp%2Fv2%2Ftags&post=2227"}],"curies":[{"name":"wp","href":"https:\/\/api.w.org\/{rel}","templated":true}]}}