{"id":2241,"date":"2024-12-12T10:12:49","date_gmt":"2024-12-12T13:12:49","guid":{"rendered":"https:\/\/noticiasdefato.net\/?p=2241"},"modified":"2024-12-12T10:36:23","modified_gmt":"2024-12-12T13:36:23","slug":"r14-mil-por-mes-vereador-virou-profissao-em-alfenas","status":"publish","type":"post","link":"https:\/\/noticiasdefato.net\/?p=2241","title":{"rendered":"R$14 MIL POR M\u00caS. VEREADOR VIROU PROFISS\u00c3O EM ALFENAS?"},"content":{"rendered":"\n<p><em>Em cidades maiores da regi\u00e3o os vereadores recebem menos, como em Pouso Alegre (R$ 11.444,38) e Varginha (R$ 10.384,06).<\/em><\/p>\n\n\n\n<p>Em um cen\u00e1rio de crescente insatisfa\u00e7\u00e3o popular com o uso de recursos p\u00fablicos, a cidade de Alfenas se destaca por uma decis\u00e3o pol\u00eamica que elevou os subs\u00eddios mensais dos seus vereadores em 55%, de 9 mil para quase 14 mil reais (na oportunidade, apenas os vereadores Jaime Daniel e Br\u00e1s da M\u00e1quina votaram contra). Com uma popula\u00e7\u00e3o de aproximadamente 80 mil habitantes, Alfenas est\u00e1 prestes a pagar aos seus parlamentares um valor superior ao que ser\u00e1 pago em cidades com popula\u00e7\u00f5es muito mais expressivas.<\/p>\n\n\n\n<p>Em 2025, Varginha, com mais de 130 mil habitantes, pagar\u00e1 R$ 10.384,06 aos seus vereadores, um valor consideravelmente inferior.<\/p>\n\n\n\n<p>Pouso Alegre, com cerca de 150 mil habitantes, segue a tend\u00eancia e ter\u00e1 subs\u00eddios mensais de R$ 11.444,38, mais uma vez abaixo dos R$ 13.900,00 de Alfenas.<\/p>\n\n\n\n<p><strong>O QUE A POPULA\u00c7\u00c3O DE ALFENAS RECEBE EM TROCA DESSES ALTOS SUBS\u00cdDIOS<\/strong><\/p>\n\n\n\n<p>Nas sess\u00f5es da C\u00e2mara, o que se observa com frequ\u00eancia s\u00e3o vereadores abordando quest\u00f5es que deveriam ser responsabilidade do poder executivo, como o conserto de luzes de postes queimadas, a indica\u00e7\u00e3o de locais para capinagem, e a instala\u00e7\u00e3o de quebra-molas. Tais atividades s\u00e3o parte das fun\u00e7\u00f5es de gest\u00e3o e manuten\u00e7\u00e3o urbana que cabem \u00e0 Prefeitura, e n\u00e3o ao Legislativo. Isso levanta a pergunta: o que os vereadores de Alfenas est\u00e3o realmente entregando \u00e0 popula\u00e7\u00e3o por esse valor de subs\u00eddio?<\/p>\n\n\n\n<p><strong>AS FUN\u00c7\u00d5ES DE UM VEREADOR<\/strong><\/p>\n\n\n\n<p>\u00c9 importante lembrar que as fun\u00e7\u00f5es de um vereador s\u00e3o estabelecidas pela Constitui\u00e7\u00e3o e incluem principalmente a fiscaliza\u00e7\u00e3o do Executivo, a elabora\u00e7\u00e3o de leis e a representa\u00e7\u00e3o da popula\u00e7\u00e3o. O vereador deve atuar na an\u00e1lise e aprova\u00e7\u00e3o de projetos de lei que atendam aos interesses coletivos, al\u00e9m de fiscalizar e questionar as a\u00e7\u00f5es do prefeito, buscando sempre a transpar\u00eancia e a efici\u00eancia na aplica\u00e7\u00e3o dos recursos p\u00fablicos.<\/p>\n\n\n\n<p>Portanto, ao inv\u00e9s de se imiscuir em quest\u00f5es operacionais de zeladoria que s\u00e3o de compet\u00eancia da Prefeitura, os vereadores de Alfenas deveriam focar em suas responsabilidades constitucionais, promovendo legisla\u00e7\u00f5es que realmente beneficiem a cidade e fiscalizando a aplica\u00e7\u00e3o dos recursos p\u00fablicos. A discrep\u00e2ncia entre os altos subs\u00eddios e as fun\u00e7\u00f5es desempenhadas por esses parlamentares gera um questionamento leg\u00edtimo: ser\u00e1 que a popula\u00e7\u00e3o de Alfenas est\u00e1 recebendo o retorno que deveria por esse custo? A sociedade precisa de respostas claras, e os vereadores t\u00eam o dever de se dedicar ao que realmente importa para o desenvolvimento da cidade.<\/p>\n\n\n\n<p><strong>COMO A POPULA\u00c7\u00c3O PODE AGIR?<\/strong><\/p>\n\n\n\n<p>Diante dessa situa\u00e7\u00e3o, a popula\u00e7\u00e3o de Alfenas pode agir e fazer valer sua voz. <strong>Uma maneira eficaz de questionar essa decis\u00e3o \u00e9 por meio de uma peti\u00e7\u00e3o online, que pode ser encaminhada ao Minist\u00e9rio P\u00fablico<\/strong>, <a href=\"https:\/\/terradomandu.com.br\/index.php\/2024\/12\/12\/mpmg-pede-revogacao-no-reajuste-de-83-no-salario-de-vereadores-de-srs\/\">como ocorreu em Santa Rita do Sapuca\u00ed<\/a>. O objetivo seria questionar a discrep\u00e2ncia entre os subs\u00eddios dos vereadores de Alfenas e os de cidades maiores, que recebem valores menores. Organiza\u00e7\u00f5es de cidad\u00e3os podem se unir para exigir uma revis\u00e3o dos subs\u00eddios, buscando garantir que os recursos p\u00fablicos sejam mais bem aplicados em benef\u00edcios diretos para a popula\u00e7\u00e3o. A participa\u00e7\u00e3o ativa da comunidade \u00e9 fundamental para que a cidade siga um caminho de maior transpar\u00eancia e justi\u00e7a social.<\/p>\n","protected":false},"excerpt":{"rendered":"<p>Em cidades maiores da regi\u00e3o os vereadores recebem menos, como em Pouso Alegre (R$ 11.444,38) e Varginha (R$ 10.384,06). <a href=\"https:\/\/noticiasdefato.net\/?p=2241\" class=\"more-link\">Continuar lendo <span class=\"screen-reader-text\">R$14 MIL POR M\u00caS. VEREADOR VIROU PROFISS\u00c3O EM ALFENAS?<\/span><\/a><\/p>\n","protected":false},"author":1,"featured_media":2242,"comment_status":"open","ping_status":"open","sticky":false,"template":"","format":"standard","meta":{"footnotes":""},"categories":[15,18],"tags":[],"class_list":["post-2241","post","type-post","status-publish","format-standard","has-post-thumbnail","hentry","category-destaques","category-politica"],"yoast_head":"<!-- This site is optimized with the Yoast SEO plugin v23.2 - https:\/\/yoast.com\/wordpress\/plugins\/seo\/ -->\n<title>R$14 MIL POR M\u00caS. VEREADOR VIROU PROFISS\u00c3O EM ALFENAS? - Not\u00edcias de Fato<\/title>\n<meta name=\"description\" content=\"Em cidades maiores da regi\u00e3o os vereadores recebem menos, como em Pouso Alegre (R$ 11.444,38) e Varginha (R$ 10.384,06).\" \/>\n<meta name=\"robots\" content=\"index, follow, max-snippet:-1, max-image-preview:large, max-video-preview:-1\" \/>\n<link rel=\"canonical\" href=\"https:\/\/noticiasdefato.net\/?p=2241\" \/>\n<meta property=\"og:locale\" content=\"pt_BR\" \/>\n<meta property=\"og:type\" content=\"article\" \/>\n<meta property=\"og:title\" content=\"R$14 MIL POR M\u00caS. VEREADOR VIROU PROFISS\u00c3O EM ALFENAS? - Not\u00edcias de Fato\" \/>\n<meta property=\"og:description\" content=\"Em cidades maiores da regi\u00e3o os vereadores recebem menos, como em Pouso Alegre (R$ 11.444,38) e Varginha (R$ 10.384,06).\" \/>\n<meta property=\"og:url\" content=\"https:\/\/noticiasdefato.net\/?p=2241\" \/>\n<meta property=\"og:site_name\" content=\"Not\u00edcias de Fato\" \/>\n<meta property=\"article:publisher\" content=\"https:\/\/fb.com\/noticiasdefato.jornal\" \/>\n<meta property=\"article:author\" content=\"http:\/\/fb.com\/\/noticiasdefato.jornal\" \/>\n<meta property=\"article:published_time\" content=\"2024-12-12T13:12:49+00:00\" \/>\n<meta property=\"article:modified_time\" content=\"2024-12-12T13:36:23+00:00\" \/>\n<meta property=\"og:image\" content=\"https:\/\/noticiasdefato.net\/wp-content\/uploads\/2024\/12\/image-18-1024x378.png\" \/>\n\t<meta property=\"og:image:width\" content=\"1024\" \/>\n\t<meta property=\"og:image:height\" content=\"378\" \/>\n\t<meta property=\"og:image:type\" content=\"image\/png\" \/>\n<meta name=\"author\" content=\"Noticias de Fato\" \/>\n<meta name=\"twitter:card\" content=\"summary_large_image\" \/>\n<meta name=\"twitter:creator\" content=\"@https:\/\/twitter.com\/NoticiasDeFato_\" \/>\n<meta name=\"twitter:site\" content=\"@noticiasdefato_\" \/>\n<meta name=\"twitter:label1\" content=\"Escrito por\" \/>\n\t<meta name=\"twitter:data1\" content=\"Noticias de Fato\" \/>\n\t<meta name=\"twitter:label2\" content=\"Est. tempo de leitura\" \/>\n\t<meta name=\"twitter:data2\" content=\"4 minutos\" \/>\n<script type=\"application\/ld+json\" class=\"yoast-schema-graph\">{\"@context\":\"https:\/\/schema.org\",\"@graph\":[{\"@type\":\"Article\",\"@id\":\"https:\/\/noticiasdefato.net\/?p=2241#article\",\"isPartOf\":{\"@id\":\"https:\/\/noticiasdefato.net\/?p=2241\"},\"author\":{\"name\":\"Noticias de Fato\",\"@id\":\"https:\/\/noticiasdefato.net\/#\/schema\/person\/982ce60211d95acf059cd702aa260d08\"},\"headline\":\"R$14 MIL POR M\u00caS. VEREADOR VIROU PROFISS\u00c3O EM ALFENAS?\",\"datePublished\":\"2024-12-12T13:12:49+00:00\",\"dateModified\":\"2024-12-12T13:36:23+00:00\",\"mainEntityOfPage\":{\"@id\":\"https:\/\/noticiasdefato.net\/?p=2241\"},\"wordCount\":598,\"commentCount\":2,\"publisher\":{\"@id\":\"https:\/\/noticiasdefato.net\/#organization\"},\"image\":{\"@id\":\"https:\/\/noticiasdefato.net\/?p=2241#primaryimage\"},\"thumbnailUrl\":\"https:\/\/noticiasdefato.net\/wp-content\/uploads\/2024\/12\/image-18.png\",\"articleSection\":[\"Destaques\",\"Pol\u00edtica\"],\"inLanguage\":\"pt-BR\",\"potentialAction\":[{\"@type\":\"CommentAction\",\"name\":\"Comment\",\"target\":[\"https:\/\/noticiasdefato.net\/?p=2241#respond\"]}]},{\"@type\":\"WebPage\",\"@id\":\"https:\/\/noticiasdefato.net\/?p=2241\",\"url\":\"https:\/\/noticiasdefato.net\/?p=2241\",\"name\":\"R$14 MIL POR M\u00caS. VEREADOR VIROU PROFISS\u00c3O EM ALFENAS? - Not\u00edcias de Fato\",\"isPartOf\":{\"@id\":\"https:\/\/noticiasdefato.net\/#website\"},\"primaryImageOfPage\":{\"@id\":\"https:\/\/noticiasdefato.net\/?p=2241#primaryimage\"},\"image\":{\"@id\":\"https:\/\/noticiasdefato.net\/?p=2241#primaryimage\"},\"thumbnailUrl\":\"https:\/\/noticiasdefato.net\/wp-content\/uploads\/2024\/12\/image-18.png\",\"datePublished\":\"2024-12-12T13:12:49+00:00\",\"dateModified\":\"2024-12-12T13:36:23+00:00\",\"description\":\"Em cidades maiores da regi\u00e3o os vereadores recebem menos, como em Pouso Alegre (R$ 11.444,38) e Varginha (R$ 10.384,06).\",\"breadcrumb\":{\"@id\":\"https:\/\/noticiasdefato.net\/?p=2241#breadcrumb\"},\"inLanguage\":\"pt-BR\",\"potentialAction\":[{\"@type\":\"ReadAction\",\"target\":[\"https:\/\/noticiasdefato.net\/?p=2241\"]}]},{\"@type\":\"ImageObject\",\"inLanguage\":\"pt-BR\",\"@id\":\"https:\/\/noticiasdefato.net\/?p=2241#primaryimage\",\"url\":\"https:\/\/noticiasdefato.net\/wp-content\/uploads\/2024\/12\/image-18.png\",\"contentUrl\":\"https:\/\/noticiasdefato.net\/wp-content\/uploads\/2024\/12\/image-18.png\",\"width\":2976,\"height\":1098},{\"@type\":\"BreadcrumbList\",\"@id\":\"https:\/\/noticiasdefato.net\/?p=2241#breadcrumb\",\"itemListElement\":[{\"@type\":\"ListItem\",\"position\":1,\"name\":\"In\u00edcio\",\"item\":\"https:\/\/noticiasdefato.net\/\"},{\"@type\":\"ListItem\",\"position\":2,\"name\":\"R$14 MIL POR M\u00caS. VEREADOR VIROU PROFISS\u00c3O EM ALFENAS?\"}]},{\"@type\":\"WebSite\",\"@id\":\"https:\/\/noticiasdefato.net\/#website\",\"url\":\"https:\/\/noticiasdefato.net\/\",\"name\":\"Not\u00edcias de Fato\",\"description\":\"Trabalhamos com honestidade, seriedade e com a verdade.\",\"publisher\":{\"@id\":\"https:\/\/noticiasdefato.net\/#organization\"},\"potentialAction\":[{\"@type\":\"SearchAction\",\"target\":{\"@type\":\"EntryPoint\",\"urlTemplate\":\"https:\/\/noticiasdefato.net\/?s={search_term_string}\"},\"query-input\":\"required name=search_term_string\"}],\"inLanguage\":\"pt-BR\"},{\"@type\":\"Organization\",\"@id\":\"https:\/\/noticiasdefato.net\/#organization\",\"name\":\"Not\u00edcias de Fato\",\"url\":\"https:\/\/noticiasdefato.net\/\",\"logo\":{\"@type\":\"ImageObject\",\"inLanguage\":\"pt-BR\",\"@id\":\"https:\/\/noticiasdefato.net\/#\/schema\/logo\/image\/\",\"url\":\"https:\/\/noticiasdefato.net\/wp-content\/uploads\/2024\/02\/cropped-logo_topo.png\",\"contentUrl\":\"https:\/\/noticiasdefato.net\/wp-content\/uploads\/2024\/02\/cropped-logo_topo.png\",\"width\":1948,\"height\":665,\"caption\":\"Not\u00edcias de Fato\"},\"image\":{\"@id\":\"https:\/\/noticiasdefato.net\/#\/schema\/logo\/image\/\"},\"sameAs\":[\"https:\/\/fb.com\/noticiasdefato.jornal\",\"https:\/\/x.com\/noticiasdefato_\",\"https:\/\/instagram.com\/noticiasdefato.jornal\",\"https:\/\/youtube.com\/@JornalNoticiasDeFato\"]},{\"@type\":\"Person\",\"@id\":\"https:\/\/noticiasdefato.net\/#\/schema\/person\/982ce60211d95acf059cd702aa260d08\",\"name\":\"Noticias de Fato\",\"image\":{\"@type\":\"ImageObject\",\"inLanguage\":\"pt-BR\",\"@id\":\"https:\/\/noticiasdefato.net\/#\/schema\/person\/image\/\",\"url\":\"https:\/\/secure.gravatar.com\/avatar\/700227fab2316f0366a1b5d4988d10f847249cf13293450527ac9553c994611a?s=96&d=mm&r=g\",\"contentUrl\":\"https:\/\/secure.gravatar.com\/avatar\/700227fab2316f0366a1b5d4988d10f847249cf13293450527ac9553c994611a?s=96&d=mm&r=g\",\"caption\":\"Noticias de Fato\"},\"sameAs\":[\"https:\/\/noticiasdefato.net\",\"http:\/\/fb.com\/\/noticiasdefato.jornal\",\"https:\/\/x.com\/https:\/\/twitter.com\/NoticiasDeFato_\"],\"url\":\"https:\/\/noticiasdefato.net\/?author=1\"}]}<\/script>\n<!-- \/ Yoast SEO plugin. -->","yoast_head_json":{"title":"R$14 MIL POR M\u00caS. VEREADOR VIROU PROFISS\u00c3O EM ALFENAS? - Not\u00edcias de Fato","description":"Em cidades maiores da regi\u00e3o os vereadores recebem menos, como em Pouso Alegre (R$ 11.444,38) e Varginha (R$ 10.384,06).","robots":{"index":"index","follow":"follow","max-snippet":"max-snippet:-1","max-image-preview":"max-image-preview:large","max-video-preview":"max-video-preview:-1"},"canonical":"https:\/\/noticiasdefato.net\/?p=2241","og_locale":"pt_BR","og_type":"article","og_title":"R$14 MIL POR M\u00caS. VEREADOR VIROU PROFISS\u00c3O EM ALFENAS? - Not\u00edcias de Fato","og_description":"Em cidades maiores da regi\u00e3o os vereadores recebem menos, como em Pouso Alegre (R$ 11.444,38) e Varginha (R$ 10.384,06).","og_url":"https:\/\/noticiasdefato.net\/?p=2241","og_site_name":"Not\u00edcias de Fato","article_publisher":"https:\/\/fb.com\/noticiasdefato.jornal","article_author":"http:\/\/fb.com\/\/noticiasdefato.jornal","article_published_time":"2024-12-12T13:12:49+00:00","article_modified_time":"2024-12-12T13:36:23+00:00","og_image":[{"width":1024,"height":378,"url":"https:\/\/noticiasdefato.net\/wp-content\/uploads\/2024\/12\/image-18-1024x378.png","type":"image\/png"}],"author":"Noticias de Fato","twitter_card":"summary_large_image","twitter_creator":"@https:\/\/twitter.com\/NoticiasDeFato_","twitter_site":"@noticiasdefato_","twitter_misc":{"Escrito por":"Noticias de Fato","Est. tempo de leitura":"4 minutos"},"schema":{"@context":"https:\/\/schema.org","@graph":[{"@type":"Article","@id":"https:\/\/noticiasdefato.net\/?p=2241#article","isPartOf":{"@id":"https:\/\/noticiasdefato.net\/?p=2241"},"author":{"name":"Noticias de Fato","@id":"https:\/\/noticiasdefato.net\/#\/schema\/person\/982ce60211d95acf059cd702aa260d08"},"headline":"R$14 MIL POR M\u00caS. VEREADOR VIROU PROFISS\u00c3O EM ALFENAS?","datePublished":"2024-12-12T13:12:49+00:00","dateModified":"2024-12-12T13:36:23+00:00","mainEntityOfPage":{"@id":"https:\/\/noticiasdefato.net\/?p=2241"},"wordCount":598,"commentCount":2,"publisher":{"@id":"https:\/\/noticiasdefato.net\/#organization"},"image":{"@id":"https:\/\/noticiasdefato.net\/?p=2241#primaryimage"},"thumbnailUrl":"https:\/\/noticiasdefato.net\/wp-content\/uploads\/2024\/12\/image-18.png","articleSection":["Destaques","Pol\u00edtica"],"inLanguage":"pt-BR","potentialAction":[{"@type":"CommentAction","name":"Comment","target":["https:\/\/noticiasdefato.net\/?p=2241#respond"]}]},{"@type":"WebPage","@id":"https:\/\/noticiasdefato.net\/?p=2241","url":"https:\/\/noticiasdefato.net\/?p=2241","name":"R$14 MIL POR M\u00caS. VEREADOR VIROU PROFISS\u00c3O EM ALFENAS? - Not\u00edcias de Fato","isPartOf":{"@id":"https:\/\/noticiasdefato.net\/#website"},"primaryImageOfPage":{"@id":"https:\/\/noticiasdefato.net\/?p=2241#primaryimage"},"image":{"@id":"https:\/\/noticiasdefato.net\/?p=2241#primaryimage"},"thumbnailUrl":"https:\/\/noticiasdefato.net\/wp-content\/uploads\/2024\/12\/image-18.png","datePublished":"2024-12-12T13:12:49+00:00","dateModified":"2024-12-12T13:36:23+00:00","description":"Em cidades maiores da regi\u00e3o os vereadores recebem menos, como em Pouso Alegre (R$ 11.444,38) e Varginha (R$ 10.384,06).","breadcrumb":{"@id":"https:\/\/noticiasdefato.net\/?p=2241#breadcrumb"},"inLanguage":"pt-BR","potentialAction":[{"@type":"ReadAction","target":["https:\/\/noticiasdefato.net\/?p=2241"]}]},{"@type":"ImageObject","inLanguage":"pt-BR","@id":"https:\/\/noticiasdefato.net\/?p=2241#primaryimage","url":"https:\/\/noticiasdefato.net\/wp-content\/uploads\/2024\/12\/image-18.png","contentUrl":"https:\/\/noticiasdefato.net\/wp-content\/uploads\/2024\/12\/image-18.png","width":2976,"height":1098},{"@type":"BreadcrumbList","@id":"https:\/\/noticiasdefato.net\/?p=2241#breadcrumb","itemListElement":[{"@type":"ListItem","position":1,"name":"In\u00edcio","item":"https:\/\/noticiasdefato.net\/"},{"@type":"ListItem","position":2,"name":"R$14 MIL POR M\u00caS. VEREADOR VIROU PROFISS\u00c3O EM ALFENAS?"}]},{"@type":"WebSite","@id":"https:\/\/noticiasdefato.net\/#website","url":"https:\/\/noticiasdefato.net\/","name":"Not\u00edcias de Fato","description":"Trabalhamos com honestidade, seriedade e com a verdade.","publisher":{"@id":"https:\/\/noticiasdefato.net\/#organization"},"potentialAction":[{"@type":"SearchAction","target":{"@type":"EntryPoint","urlTemplate":"https:\/\/noticiasdefato.net\/?s={search_term_string}"},"query-input":"required name=search_term_string"}],"inLanguage":"pt-BR"},{"@type":"Organization","@id":"https:\/\/noticiasdefato.net\/#organization","name":"Not\u00edcias de Fato","url":"https:\/\/noticiasdefato.net\/","logo":{"@type":"ImageObject","inLanguage":"pt-BR","@id":"https:\/\/noticiasdefato.net\/#\/schema\/logo\/image\/","url":"https:\/\/noticiasdefato.net\/wp-content\/uploads\/2024\/02\/cropped-logo_topo.png","contentUrl":"https:\/\/noticiasdefato.net\/wp-content\/uploads\/2024\/02\/cropped-logo_topo.png","width":1948,"height":665,"caption":"Not\u00edcias de Fato"},"image":{"@id":"https:\/\/noticiasdefato.net\/#\/schema\/logo\/image\/"},"sameAs":["https:\/\/fb.com\/noticiasdefato.jornal","https:\/\/x.com\/noticiasdefato_","https:\/\/instagram.com\/noticiasdefato.jornal","https:\/\/youtube.com\/@JornalNoticiasDeFato"]},{"@type":"Person","@id":"https:\/\/noticiasdefato.net\/#\/schema\/person\/982ce60211d95acf059cd702aa260d08","name":"Noticias de Fato","image":{"@type":"ImageObject","inLanguage":"pt-BR","@id":"https:\/\/noticiasdefato.net\/#\/schema\/person\/image\/","url":"https:\/\/secure.gravatar.com\/avatar\/700227fab2316f0366a1b5d4988d10f847249cf13293450527ac9553c994611a?s=96&d=mm&r=g","contentUrl":"https:\/\/secure.gravatar.com\/avatar\/700227fab2316f0366a1b5d4988d10f847249cf13293450527ac9553c994611a?s=96&d=mm&r=g","caption":"Noticias de Fato"},"sameAs":["https:\/\/noticiasdefato.net","http:\/\/fb.com\/\/noticiasdefato.jornal","https:\/\/x.com\/https:\/\/twitter.com\/NoticiasDeFato_"],"url":"https:\/\/noticiasdefato.net\/?author=1"}]}},"_links":{"self":[{"href":"https:\/\/noticiasdefato.net\/index.php?rest_route=\/wp\/v2\/posts\/2241","targetHints":{"allow":["GET"]}}],"collection":[{"href":"https:\/\/noticiasdefato.net\/index.php?rest_route=\/wp\/v2\/posts"}],"about":[{"href":"https:\/\/noticiasdefato.net\/index.php?rest_route=\/wp\/v2\/types\/post"}],"author":[{"embeddable":true,"href":"https:\/\/noticiasdefato.net\/index.php?rest_route=\/wp\/v2\/users\/1"}],"replies":[{"embeddable":true,"href":"https:\/\/noticiasdefato.net\/index.php?rest_route=%2Fwp%2Fv2%2Fcomments&post=2241"}],"version-history":[{"count":5,"href":"https:\/\/noticiasdefato.net\/index.php?rest_route=\/wp\/v2\/posts\/2241\/revisions"}],"predecessor-version":[{"id":2250,"href":"https:\/\/noticiasdefato.net\/index.php?rest_route=\/wp\/v2\/posts\/2241\/revisions\/2250"}],"wp:featuredmedia":[{"embeddable":true,"href":"https:\/\/noticiasdefato.net\/index.php?rest_route=\/wp\/v2\/media\/2242"}],"wp:attachment":[{"href":"https:\/\/noticiasdefato.net\/index.php?rest_route=%2Fwp%2Fv2%2Fmedia&parent=2241"}],"wp:term":[{"taxonomy":"category","embeddable":true,"href":"https:\/\/noticiasdefato.net\/index.php?rest_route=%2Fwp%2Fv2%2Fcategories&post=2241"},{"taxonomy":"post_tag","embeddable":true,"href":"https:\/\/noticiasdefato.net\/index.php?rest_route=%2Fwp%2Fv2%2Ftags&post=2241"}],"curies":[{"name":"wp","href":"https:\/\/api.w.org\/{rel}","templated":true}]}}