{"id":2251,"date":"2024-12-12T12:25:31","date_gmt":"2024-12-12T15:25:31","guid":{"rendered":"https:\/\/noticiasdefato.net\/?p=2251"},"modified":"2024-12-19T14:58:06","modified_gmt":"2024-12-19T17:58:06","slug":"prefeito-tenta-aumentar-iptu-mas-e-derrotado","status":"publish","type":"post","link":"https:\/\/noticiasdefato.net\/?p=2251","title":{"rendered":"PREFEITO TENTA AUMENTAR IPTU, MAS \u00c9 DERROTADO"},"content":{"rendered":"\n<p><em>A inten\u00e7\u00e3o do prefeito F\u00e1bio Flor\u00eancio seria aumentar o valor venal dos im\u00f3veis, que resultaria em aumento do IPTU. Vereadores barram projeto de ir a plen\u00e1rio.<\/em><\/p>\n\n\n\n<p>O prefeito F\u00e1bio Flor\u00eancio (PT) enviou para a c\u00e2mara de vereadores um projeto de lei para aumentar o valor venal dos im\u00f3veis, na cidade de Alfenas. O aumento do valor venal automaticamente resultaria em aumento do valor do IPTU, uma vez que o valor do imposto \u00e9 calculado em cima do valor venal dos im\u00f3veis.<\/p>\n\n\n\n<p>Segundo uma fonte ouvida pelo jornal Not\u00edcias de Fato (NF) a inten\u00e7\u00e3o do prefeito seria aumentar a arrecada\u00e7ao via aumento do IPTU. Entretanto, como um projeto para aumentar o IPTU seria impopular, o prefeito teria tentado &#8220;dar um jeitinho&#8221;, realizando o aumento de IPTU indiretamente.<\/p>\n\n\n\n<p>&#8220;<em>A inten\u00e7\u00e3o do prefeito \u00e9 consertar o rombo que ele mesmo criou, quando tentou se eleger. Como n\u00e3o faria via aumento de imposto, resolveu dar um jeitinho.<\/em>&#8221; &#8211; disse a fonte.<\/p>\n\n\n\n<p><strong>PROJETO SEQUER FOI A PLEN\u00c1RIO<\/strong><\/p>\n\n\n\n<p>Por se tratar de um projeto que resultaria em aumento de imposto, os vereadores barraram prontamente, e o projeto sequer foi levado a plen\u00e1rio, concretizando uma importante derrota para o chefe do executivo.<\/p>\n","protected":false},"excerpt":{"rendered":"<p>A inten\u00e7\u00e3o do prefeito F\u00e1bio Flor\u00eancio seria aumentar o valor venal dos im\u00f3veis, que resultaria em aumento do IPTU. Vereadores barram projeto de ir a plen\u00e1rio. <a href=\"https:\/\/noticiasdefato.net\/?p=2251\" class=\"more-link\">Continuar lendo <span class=\"screen-reader-text\">PREFEITO TENTA AUMENTAR IPTU, MAS \u00c9 DERROTADO<\/span><\/a><\/p>\n","protected":false},"author":1,"featured_media":2253,"comment_status":"open","ping_status":"open","sticky":false,"template":"","format":"standard","meta":{"footnotes":""},"categories":[18],"tags":[],"class_list":["post-2251","post","type-post","status-publish","format-standard","has-post-thumbnail","hentry","category-politica"],"yoast_head":"<!-- This site is optimized with the Yoast SEO plugin v23.2 - https:\/\/yoast.com\/wordpress\/plugins\/seo\/ -->\n<title>PREFEITO TENTA AUMENTAR IPTU, MAS \u00c9 DERROTADO - Not\u00edcias de Fato<\/title>\n<meta name=\"description\" content=\"A inten\u00e7\u00e3o do prefeito F\u00e1bio Flor\u00eancio seria aumentar o valor venal dos im\u00f3veis, que resultaria em aumento do IPTU. Vereadores barram projeto de ir a plen\u00e1rio.\" \/>\n<meta name=\"robots\" content=\"index, follow, max-snippet:-1, max-image-preview:large, max-video-preview:-1\" \/>\n<link rel=\"canonical\" href=\"https:\/\/noticiasdefato.net\/?p=2251\" \/>\n<meta property=\"og:locale\" content=\"pt_BR\" \/>\n<meta property=\"og:type\" content=\"article\" \/>\n<meta property=\"og:title\" content=\"PREFEITO TENTA AUMENTAR IPTU, MAS \u00c9 DERROTADO - Not\u00edcias de Fato\" \/>\n<meta property=\"og:description\" content=\"A inten\u00e7\u00e3o do prefeito F\u00e1bio Flor\u00eancio seria aumentar o valor venal dos im\u00f3veis, que resultaria em aumento do IPTU. Vereadores barram projeto de ir a plen\u00e1rio.\" \/>\n<meta property=\"og:url\" content=\"https:\/\/noticiasdefato.net\/?p=2251\" \/>\n<meta property=\"og:site_name\" content=\"Not\u00edcias de Fato\" \/>\n<meta property=\"article:publisher\" content=\"https:\/\/fb.com\/noticiasdefato.jornal\" \/>\n<meta property=\"article:author\" content=\"http:\/\/fb.com\/\/noticiasdefato.jornal\" \/>\n<meta property=\"article:published_time\" content=\"2024-12-12T15:25:31+00:00\" \/>\n<meta property=\"article:modified_time\" content=\"2024-12-19T17:58:06+00:00\" \/>\n<meta property=\"og:image\" content=\"https:\/\/noticiasdefato.net\/wp-content\/uploads\/2024\/12\/image-20.png\" \/>\n\t<meta property=\"og:image:width\" content=\"1000\" \/>\n\t<meta property=\"og:image:height\" content=\"600\" \/>\n\t<meta property=\"og:image:type\" content=\"image\/png\" \/>\n<meta name=\"author\" content=\"Noticias de Fato\" \/>\n<meta name=\"twitter:card\" content=\"summary_large_image\" \/>\n<meta name=\"twitter:creator\" content=\"@https:\/\/twitter.com\/NoticiasDeFato_\" \/>\n<meta name=\"twitter:site\" content=\"@noticiasdefato_\" \/>\n<meta name=\"twitter:label1\" content=\"Escrito por\" \/>\n\t<meta name=\"twitter:data1\" content=\"Noticias de Fato\" \/>\n\t<meta name=\"twitter:label2\" content=\"Est. tempo de leitura\" \/>\n\t<meta name=\"twitter:data2\" content=\"2 minutos\" \/>\n<script type=\"application\/ld+json\" class=\"yoast-schema-graph\">{\"@context\":\"https:\/\/schema.org\",\"@graph\":[{\"@type\":\"Article\",\"@id\":\"https:\/\/noticiasdefato.net\/?p=2251#article\",\"isPartOf\":{\"@id\":\"https:\/\/noticiasdefato.net\/?p=2251\"},\"author\":{\"name\":\"Noticias de Fato\",\"@id\":\"https:\/\/noticiasdefato.net\/#\/schema\/person\/982ce60211d95acf059cd702aa260d08\"},\"headline\":\"PREFEITO TENTA AUMENTAR IPTU, MAS \u00c9 DERROTADO\",\"datePublished\":\"2024-12-12T15:25:31+00:00\",\"dateModified\":\"2024-12-19T17:58:06+00:00\",\"mainEntityOfPage\":{\"@id\":\"https:\/\/noticiasdefato.net\/?p=2251\"},\"wordCount\":216,\"commentCount\":3,\"publisher\":{\"@id\":\"https:\/\/noticiasdefato.net\/#organization\"},\"image\":{\"@id\":\"https:\/\/noticiasdefato.net\/?p=2251#primaryimage\"},\"thumbnailUrl\":\"https:\/\/noticiasdefato.net\/wp-content\/uploads\/2024\/12\/image-20.png\",\"articleSection\":[\"Pol\u00edtica\"],\"inLanguage\":\"pt-BR\",\"potentialAction\":[{\"@type\":\"CommentAction\",\"name\":\"Comment\",\"target\":[\"https:\/\/noticiasdefato.net\/?p=2251#respond\"]}]},{\"@type\":\"WebPage\",\"@id\":\"https:\/\/noticiasdefato.net\/?p=2251\",\"url\":\"https:\/\/noticiasdefato.net\/?p=2251\",\"name\":\"PREFEITO TENTA AUMENTAR IPTU, MAS \u00c9 DERROTADO - Not\u00edcias de Fato\",\"isPartOf\":{\"@id\":\"https:\/\/noticiasdefato.net\/#website\"},\"primaryImageOfPage\":{\"@id\":\"https:\/\/noticiasdefato.net\/?p=2251#primaryimage\"},\"image\":{\"@id\":\"https:\/\/noticiasdefato.net\/?p=2251#primaryimage\"},\"thumbnailUrl\":\"https:\/\/noticiasdefato.net\/wp-content\/uploads\/2024\/12\/image-20.png\",\"datePublished\":\"2024-12-12T15:25:31+00:00\",\"dateModified\":\"2024-12-19T17:58:06+00:00\",\"description\":\"A inten\u00e7\u00e3o do prefeito F\u00e1bio Flor\u00eancio seria aumentar o valor venal dos im\u00f3veis, que resultaria em aumento do IPTU. Vereadores barram projeto de ir a plen\u00e1rio.\",\"breadcrumb\":{\"@id\":\"https:\/\/noticiasdefato.net\/?p=2251#breadcrumb\"},\"inLanguage\":\"pt-BR\",\"potentialAction\":[{\"@type\":\"ReadAction\",\"target\":[\"https:\/\/noticiasdefato.net\/?p=2251\"]}]},{\"@type\":\"ImageObject\",\"inLanguage\":\"pt-BR\",\"@id\":\"https:\/\/noticiasdefato.net\/?p=2251#primaryimage\",\"url\":\"https:\/\/noticiasdefato.net\/wp-content\/uploads\/2024\/12\/image-20.png\",\"contentUrl\":\"https:\/\/noticiasdefato.net\/wp-content\/uploads\/2024\/12\/image-20.png\",\"width\":1000,\"height\":600},{\"@type\":\"BreadcrumbList\",\"@id\":\"https:\/\/noticiasdefato.net\/?p=2251#breadcrumb\",\"itemListElement\":[{\"@type\":\"ListItem\",\"position\":1,\"name\":\"In\u00edcio\",\"item\":\"https:\/\/noticiasdefato.net\/\"},{\"@type\":\"ListItem\",\"position\":2,\"name\":\"PREFEITO TENTA AUMENTAR IPTU, MAS \u00c9 DERROTADO\"}]},{\"@type\":\"WebSite\",\"@id\":\"https:\/\/noticiasdefato.net\/#website\",\"url\":\"https:\/\/noticiasdefato.net\/\",\"name\":\"Not\u00edcias de Fato\",\"description\":\"Trabalhamos com honestidade, seriedade e com a verdade.\",\"publisher\":{\"@id\":\"https:\/\/noticiasdefato.net\/#organization\"},\"potentialAction\":[{\"@type\":\"SearchAction\",\"target\":{\"@type\":\"EntryPoint\",\"urlTemplate\":\"https:\/\/noticiasdefato.net\/?s={search_term_string}\"},\"query-input\":\"required name=search_term_string\"}],\"inLanguage\":\"pt-BR\"},{\"@type\":\"Organization\",\"@id\":\"https:\/\/noticiasdefato.net\/#organization\",\"name\":\"Not\u00edcias de Fato\",\"url\":\"https:\/\/noticiasdefato.net\/\",\"logo\":{\"@type\":\"ImageObject\",\"inLanguage\":\"pt-BR\",\"@id\":\"https:\/\/noticiasdefato.net\/#\/schema\/logo\/image\/\",\"url\":\"https:\/\/noticiasdefato.net\/wp-content\/uploads\/2024\/02\/cropped-logo_topo.png\",\"contentUrl\":\"https:\/\/noticiasdefato.net\/wp-content\/uploads\/2024\/02\/cropped-logo_topo.png\",\"width\":1948,\"height\":665,\"caption\":\"Not\u00edcias de Fato\"},\"image\":{\"@id\":\"https:\/\/noticiasdefato.net\/#\/schema\/logo\/image\/\"},\"sameAs\":[\"https:\/\/fb.com\/noticiasdefato.jornal\",\"https:\/\/x.com\/noticiasdefato_\",\"https:\/\/instagram.com\/noticiasdefato.jornal\",\"https:\/\/youtube.com\/@JornalNoticiasDeFato\"]},{\"@type\":\"Person\",\"@id\":\"https:\/\/noticiasdefato.net\/#\/schema\/person\/982ce60211d95acf059cd702aa260d08\",\"name\":\"Noticias de Fato\",\"image\":{\"@type\":\"ImageObject\",\"inLanguage\":\"pt-BR\",\"@id\":\"https:\/\/noticiasdefato.net\/#\/schema\/person\/image\/\",\"url\":\"https:\/\/secure.gravatar.com\/avatar\/700227fab2316f0366a1b5d4988d10f847249cf13293450527ac9553c994611a?s=96&d=mm&r=g\",\"contentUrl\":\"https:\/\/secure.gravatar.com\/avatar\/700227fab2316f0366a1b5d4988d10f847249cf13293450527ac9553c994611a?s=96&d=mm&r=g\",\"caption\":\"Noticias de Fato\"},\"sameAs\":[\"https:\/\/noticiasdefato.net\",\"http:\/\/fb.com\/\/noticiasdefato.jornal\",\"https:\/\/x.com\/https:\/\/twitter.com\/NoticiasDeFato_\"],\"url\":\"https:\/\/noticiasdefato.net\/?author=1\"}]}<\/script>\n<!-- \/ Yoast SEO plugin. -->","yoast_head_json":{"title":"PREFEITO TENTA AUMENTAR IPTU, MAS \u00c9 DERROTADO - Not\u00edcias de Fato","description":"A inten\u00e7\u00e3o do prefeito F\u00e1bio Flor\u00eancio seria aumentar o valor venal dos im\u00f3veis, que resultaria em aumento do IPTU. Vereadores barram projeto de ir a plen\u00e1rio.","robots":{"index":"index","follow":"follow","max-snippet":"max-snippet:-1","max-image-preview":"max-image-preview:large","max-video-preview":"max-video-preview:-1"},"canonical":"https:\/\/noticiasdefato.net\/?p=2251","og_locale":"pt_BR","og_type":"article","og_title":"PREFEITO TENTA AUMENTAR IPTU, MAS \u00c9 DERROTADO - Not\u00edcias de Fato","og_description":"A inten\u00e7\u00e3o do prefeito F\u00e1bio Flor\u00eancio seria aumentar o valor venal dos im\u00f3veis, que resultaria em aumento do IPTU. Vereadores barram projeto de ir a plen\u00e1rio.","og_url":"https:\/\/noticiasdefato.net\/?p=2251","og_site_name":"Not\u00edcias de Fato","article_publisher":"https:\/\/fb.com\/noticiasdefato.jornal","article_author":"http:\/\/fb.com\/\/noticiasdefato.jornal","article_published_time":"2024-12-12T15:25:31+00:00","article_modified_time":"2024-12-19T17:58:06+00:00","og_image":[{"width":1000,"height":600,"url":"https:\/\/noticiasdefato.net\/wp-content\/uploads\/2024\/12\/image-20.png","type":"image\/png"}],"author":"Noticias de Fato","twitter_card":"summary_large_image","twitter_creator":"@https:\/\/twitter.com\/NoticiasDeFato_","twitter_site":"@noticiasdefato_","twitter_misc":{"Escrito por":"Noticias de Fato","Est. tempo de leitura":"2 minutos"},"schema":{"@context":"https:\/\/schema.org","@graph":[{"@type":"Article","@id":"https:\/\/noticiasdefato.net\/?p=2251#article","isPartOf":{"@id":"https:\/\/noticiasdefato.net\/?p=2251"},"author":{"name":"Noticias de Fato","@id":"https:\/\/noticiasdefato.net\/#\/schema\/person\/982ce60211d95acf059cd702aa260d08"},"headline":"PREFEITO TENTA AUMENTAR IPTU, MAS \u00c9 DERROTADO","datePublished":"2024-12-12T15:25:31+00:00","dateModified":"2024-12-19T17:58:06+00:00","mainEntityOfPage":{"@id":"https:\/\/noticiasdefato.net\/?p=2251"},"wordCount":216,"commentCount":3,"publisher":{"@id":"https:\/\/noticiasdefato.net\/#organization"},"image":{"@id":"https:\/\/noticiasdefato.net\/?p=2251#primaryimage"},"thumbnailUrl":"https:\/\/noticiasdefato.net\/wp-content\/uploads\/2024\/12\/image-20.png","articleSection":["Pol\u00edtica"],"inLanguage":"pt-BR","potentialAction":[{"@type":"CommentAction","name":"Comment","target":["https:\/\/noticiasdefato.net\/?p=2251#respond"]}]},{"@type":"WebPage","@id":"https:\/\/noticiasdefato.net\/?p=2251","url":"https:\/\/noticiasdefato.net\/?p=2251","name":"PREFEITO TENTA AUMENTAR IPTU, MAS \u00c9 DERROTADO - Not\u00edcias de Fato","isPartOf":{"@id":"https:\/\/noticiasdefato.net\/#website"},"primaryImageOfPage":{"@id":"https:\/\/noticiasdefato.net\/?p=2251#primaryimage"},"image":{"@id":"https:\/\/noticiasdefato.net\/?p=2251#primaryimage"},"thumbnailUrl":"https:\/\/noticiasdefato.net\/wp-content\/uploads\/2024\/12\/image-20.png","datePublished":"2024-12-12T15:25:31+00:00","dateModified":"2024-12-19T17:58:06+00:00","description":"A inten\u00e7\u00e3o do prefeito F\u00e1bio Flor\u00eancio seria aumentar o valor venal dos im\u00f3veis, que resultaria em aumento do IPTU. Vereadores barram projeto de ir a plen\u00e1rio.","breadcrumb":{"@id":"https:\/\/noticiasdefato.net\/?p=2251#breadcrumb"},"inLanguage":"pt-BR","potentialAction":[{"@type":"ReadAction","target":["https:\/\/noticiasdefato.net\/?p=2251"]}]},{"@type":"ImageObject","inLanguage":"pt-BR","@id":"https:\/\/noticiasdefato.net\/?p=2251#primaryimage","url":"https:\/\/noticiasdefato.net\/wp-content\/uploads\/2024\/12\/image-20.png","contentUrl":"https:\/\/noticiasdefato.net\/wp-content\/uploads\/2024\/12\/image-20.png","width":1000,"height":600},{"@type":"BreadcrumbList","@id":"https:\/\/noticiasdefato.net\/?p=2251#breadcrumb","itemListElement":[{"@type":"ListItem","position":1,"name":"In\u00edcio","item":"https:\/\/noticiasdefato.net\/"},{"@type":"ListItem","position":2,"name":"PREFEITO TENTA AUMENTAR IPTU, MAS \u00c9 DERROTADO"}]},{"@type":"WebSite","@id":"https:\/\/noticiasdefato.net\/#website","url":"https:\/\/noticiasdefato.net\/","name":"Not\u00edcias de Fato","description":"Trabalhamos com honestidade, seriedade e com a verdade.","publisher":{"@id":"https:\/\/noticiasdefato.net\/#organization"},"potentialAction":[{"@type":"SearchAction","target":{"@type":"EntryPoint","urlTemplate":"https:\/\/noticiasdefato.net\/?s={search_term_string}"},"query-input":"required name=search_term_string"}],"inLanguage":"pt-BR"},{"@type":"Organization","@id":"https:\/\/noticiasdefato.net\/#organization","name":"Not\u00edcias de Fato","url":"https:\/\/noticiasdefato.net\/","logo":{"@type":"ImageObject","inLanguage":"pt-BR","@id":"https:\/\/noticiasdefato.net\/#\/schema\/logo\/image\/","url":"https:\/\/noticiasdefato.net\/wp-content\/uploads\/2024\/02\/cropped-logo_topo.png","contentUrl":"https:\/\/noticiasdefato.net\/wp-content\/uploads\/2024\/02\/cropped-logo_topo.png","width":1948,"height":665,"caption":"Not\u00edcias de Fato"},"image":{"@id":"https:\/\/noticiasdefato.net\/#\/schema\/logo\/image\/"},"sameAs":["https:\/\/fb.com\/noticiasdefato.jornal","https:\/\/x.com\/noticiasdefato_","https:\/\/instagram.com\/noticiasdefato.jornal","https:\/\/youtube.com\/@JornalNoticiasDeFato"]},{"@type":"Person","@id":"https:\/\/noticiasdefato.net\/#\/schema\/person\/982ce60211d95acf059cd702aa260d08","name":"Noticias de Fato","image":{"@type":"ImageObject","inLanguage":"pt-BR","@id":"https:\/\/noticiasdefato.net\/#\/schema\/person\/image\/","url":"https:\/\/secure.gravatar.com\/avatar\/700227fab2316f0366a1b5d4988d10f847249cf13293450527ac9553c994611a?s=96&d=mm&r=g","contentUrl":"https:\/\/secure.gravatar.com\/avatar\/700227fab2316f0366a1b5d4988d10f847249cf13293450527ac9553c994611a?s=96&d=mm&r=g","caption":"Noticias de Fato"},"sameAs":["https:\/\/noticiasdefato.net","http:\/\/fb.com\/\/noticiasdefato.jornal","https:\/\/x.com\/https:\/\/twitter.com\/NoticiasDeFato_"],"url":"https:\/\/noticiasdefato.net\/?author=1"}]}},"_links":{"self":[{"href":"https:\/\/noticiasdefato.net\/index.php?rest_route=\/wp\/v2\/posts\/2251","targetHints":{"allow":["GET"]}}],"collection":[{"href":"https:\/\/noticiasdefato.net\/index.php?rest_route=\/wp\/v2\/posts"}],"about":[{"href":"https:\/\/noticiasdefato.net\/index.php?rest_route=\/wp\/v2\/types\/post"}],"author":[{"embeddable":true,"href":"https:\/\/noticiasdefato.net\/index.php?rest_route=\/wp\/v2\/users\/1"}],"replies":[{"embeddable":true,"href":"https:\/\/noticiasdefato.net\/index.php?rest_route=%2Fwp%2Fv2%2Fcomments&post=2251"}],"version-history":[{"count":2,"href":"https:\/\/noticiasdefato.net\/index.php?rest_route=\/wp\/v2\/posts\/2251\/revisions"}],"predecessor-version":[{"id":2255,"href":"https:\/\/noticiasdefato.net\/index.php?rest_route=\/wp\/v2\/posts\/2251\/revisions\/2255"}],"wp:featuredmedia":[{"embeddable":true,"href":"https:\/\/noticiasdefato.net\/index.php?rest_route=\/wp\/v2\/media\/2253"}],"wp:attachment":[{"href":"https:\/\/noticiasdefato.net\/index.php?rest_route=%2Fwp%2Fv2%2Fmedia&parent=2251"}],"wp:term":[{"taxonomy":"category","embeddable":true,"href":"https:\/\/noticiasdefato.net\/index.php?rest_route=%2Fwp%2Fv2%2Fcategories&post=2251"},{"taxonomy":"post_tag","embeddable":true,"href":"https:\/\/noticiasdefato.net\/index.php?rest_route=%2Fwp%2Fv2%2Ftags&post=2251"}],"curies":[{"name":"wp","href":"https:\/\/api.w.org\/{rel}","templated":true}]}}