{"id":2261,"date":"2024-12-16T09:32:21","date_gmt":"2024-12-16T12:32:21","guid":{"rendered":"https:\/\/noticiasdefato.net\/?p=2261"},"modified":"2024-12-19T14:57:37","modified_gmt":"2024-12-19T17:57:37","slug":"camara-inaugura-hoje-a-escola-do-legislativo-de-alfenas","status":"publish","type":"post","link":"https:\/\/noticiasdefato.net\/?p=2261","title":{"rendered":"C\u00c2MARA INAUGURA, HOJE , A ESCOLA DO LEGISLATIVO DE ALFENAS"},"content":{"rendered":"\n<p><em>As atividades come\u00e7am com o funcionamento do CIAC \u2013 Centro de Identifica\u00e7\u00e3o e Atendimento ao Cidad\u00e3o, que foi transferido do antigo terminal rodovi\u00e1rio para a Escola do Legislativo.<\/em><\/p>\n\n\n\n<p>Nesta segunda-feira, 16 de dezembro, a partir das 16h, ser\u00e1 a abertura oficial da Escola do Legislativo Professor Edson Ant\u00f4nio Velano de Alfenas, que foi institu\u00edda por meio de projeto de resolu\u00e7\u00e3o da C\u00e2mara Municipal e est\u00e1 localizada na rua Jo\u00e3o Pinheiro, 65, em frente ao Sacol\u00e3o Center.<\/p>\n\n\n\n<p>E hoje tamb\u00e9m, as carteiras de identidade, passam a ser confeccionadas nessa Escola do Legislativo. Uma parceria entre a C\u00e2mara Municipal e a Pol\u00edcia Civil possibilitou a retirada do CIAC \u2013 Centro de Identifica\u00e7\u00e3o e Atendimento ao Cidad\u00e3o, da antiga rodovi\u00e1ria para o novo espa\u00e7o, oferendo assim mais comodidade para a popula\u00e7\u00e3o com cadeiras de espera, banheiros e bebedouros.<\/p>\n\n\n\n<p>Al\u00e9m das futuras atividades do parlamento jovem, a Escola do Legislativo vai abrigar tamb\u00e9m diversos aparelhos p\u00fablicos como: CONSEPA &#8211; Conselho Comunit\u00e1rio de Seguran\u00e7a P\u00fablica de Alfenas, a Junta Militar al\u00e9m de oferecer um espa\u00e7o destinado ao atendimento das entidades do munic\u00edpio, com cadastramento e aux\u00edlio na documenta\u00e7\u00e3o.<\/p>\n\n\n\n<p>Outro objetivo do projeto \u00e9 aproximar cada vez mais a popula\u00e7\u00e3o de Alfenas do Poder Legislativo atrav\u00e9s de temas e eventos para a discuss\u00e3o de pol\u00edticas p\u00fablicas<\/p>\n\n\n\n<p>A C\u00e2mara Municipal de Alfenas investiu no espa\u00e7o que oferecer\u00e1: dois sal\u00f5es com capacidade para 73 pessoas (cada um), para a realiza\u00e7\u00e3o de cursos, palestras, mostras, exposi\u00e7\u00f5es, entre outras atividades.<\/p>\n\n\n\n<p><strong>&#8211; SERVI\u00c7O:<\/strong><\/p>\n\n\n\n<p>ESCOLA DO LEGISLATIVO<\/p>\n\n\n\n<p>LOCAL: RUA JO\u00c3O PINHEIRO, 65, EM FRENTE AO SACOL\u00c3O<\/p>\n\n\n\n<figure class=\"wp-block-image size-full\"><img fetchpriority=\"high\" decoding=\"async\" width=\"650\" height=\"812\" src=\"https:\/\/noticiasdefato.net\/wp-content\/uploads\/2024\/12\/image-21.png\" alt=\"\" class=\"wp-image-2262\" srcset=\"https:\/\/noticiasdefato.net\/wp-content\/uploads\/2024\/12\/image-21.png 650w, https:\/\/noticiasdefato.net\/wp-content\/uploads\/2024\/12\/image-21-240x300.png 240w, https:\/\/noticiasdefato.net\/wp-content\/uploads\/2024\/12\/image-21-72x90.png 72w\" sizes=\"(max-width: 650px) 100vw, 650px\" \/><\/figure>\n","protected":false},"excerpt":{"rendered":"<p>As atividades come\u00e7am com o funcionamento do CIAC \u2013 Centro de Identifica\u00e7\u00e3o e Atendimento ao Cidad\u00e3o, que foi transferido do antigo terminal rodovi\u00e1rio para a Escola do Legislativo. <a href=\"https:\/\/noticiasdefato.net\/?p=2261\" class=\"more-link\">Continuar lendo <span class=\"screen-reader-text\">C\u00c2MARA INAUGURA, HOJE , A ESCOLA DO LEGISLATIVO DE ALFENAS<\/span><\/a><\/p>\n","protected":false},"author":1,"featured_media":2263,"comment_status":"open","ping_status":"open","sticky":false,"template":"","format":"standard","meta":{"footnotes":""},"categories":[1],"tags":[],"class_list":["post-2261","post","type-post","status-publish","format-standard","has-post-thumbnail","hentry","category-geral"],"yoast_head":"<!-- This site is optimized with the Yoast SEO plugin v23.2 - https:\/\/yoast.com\/wordpress\/plugins\/seo\/ -->\n<title>C\u00c2MARA INAUGURA, HOJE , A ESCOLA DO LEGISLATIVO DE ALFENAS - Not\u00edcias de Fato<\/title>\n<meta name=\"description\" content=\"As atividades come\u00e7am com o funcionamento do CIAC \u2013 Centro de Identifica\u00e7\u00e3o e Atendimento ao Cidad\u00e3o, que foi transferido do antigo terminal rodovi\u00e1rio para a Escola do Legislativo.\" \/>\n<meta name=\"robots\" content=\"index, follow, max-snippet:-1, max-image-preview:large, max-video-preview:-1\" \/>\n<link rel=\"canonical\" href=\"https:\/\/noticiasdefato.net\/?p=2261\" \/>\n<meta property=\"og:locale\" content=\"pt_BR\" \/>\n<meta property=\"og:type\" content=\"article\" \/>\n<meta property=\"og:title\" content=\"C\u00c2MARA INAUGURA, HOJE , A ESCOLA DO LEGISLATIVO DE ALFENAS - Not\u00edcias de Fato\" \/>\n<meta property=\"og:description\" content=\"As atividades come\u00e7am com o funcionamento do CIAC \u2013 Centro de Identifica\u00e7\u00e3o e Atendimento ao Cidad\u00e3o, que foi transferido do antigo terminal rodovi\u00e1rio para a Escola do Legislativo.\" \/>\n<meta property=\"og:url\" content=\"https:\/\/noticiasdefato.net\/?p=2261\" \/>\n<meta property=\"og:site_name\" content=\"Not\u00edcias de Fato\" \/>\n<meta property=\"article:publisher\" content=\"https:\/\/fb.com\/noticiasdefato.jornal\" \/>\n<meta property=\"article:author\" content=\"http:\/\/fb.com\/\/noticiasdefato.jornal\" \/>\n<meta property=\"article:published_time\" content=\"2024-12-16T12:32:21+00:00\" \/>\n<meta property=\"article:modified_time\" content=\"2024-12-19T17:57:37+00:00\" \/>\n<meta property=\"og:image\" content=\"https:\/\/noticiasdefato.net\/wp-content\/uploads\/2024\/12\/image-22.png\" \/>\n\t<meta property=\"og:image:width\" content=\"960\" \/>\n\t<meta property=\"og:image:height\" content=\"1196\" \/>\n\t<meta property=\"og:image:type\" content=\"image\/png\" \/>\n<meta name=\"author\" content=\"Noticias de Fato\" \/>\n<meta name=\"twitter:card\" content=\"summary_large_image\" \/>\n<meta name=\"twitter:creator\" content=\"@https:\/\/twitter.com\/NoticiasDeFato_\" \/>\n<meta name=\"twitter:site\" content=\"@noticiasdefato_\" \/>\n<meta name=\"twitter:label1\" content=\"Escrito por\" \/>\n\t<meta name=\"twitter:data1\" content=\"Noticias de Fato\" \/>\n\t<meta name=\"twitter:label2\" content=\"Est. tempo de leitura\" \/>\n\t<meta name=\"twitter:data2\" content=\"2 minutos\" \/>\n<script type=\"application\/ld+json\" class=\"yoast-schema-graph\">{\"@context\":\"https:\/\/schema.org\",\"@graph\":[{\"@type\":\"Article\",\"@id\":\"https:\/\/noticiasdefato.net\/?p=2261#article\",\"isPartOf\":{\"@id\":\"https:\/\/noticiasdefato.net\/?p=2261\"},\"author\":{\"name\":\"Noticias de Fato\",\"@id\":\"https:\/\/noticiasdefato.net\/#\/schema\/person\/982ce60211d95acf059cd702aa260d08\"},\"headline\":\"C\u00c2MARA INAUGURA, HOJE , A ESCOLA DO LEGISLATIVO DE ALFENAS\",\"datePublished\":\"2024-12-16T12:32:21+00:00\",\"dateModified\":\"2024-12-19T17:57:37+00:00\",\"mainEntityOfPage\":{\"@id\":\"https:\/\/noticiasdefato.net\/?p=2261\"},\"wordCount\":299,\"commentCount\":0,\"publisher\":{\"@id\":\"https:\/\/noticiasdefato.net\/#organization\"},\"image\":{\"@id\":\"https:\/\/noticiasdefato.net\/?p=2261#primaryimage\"},\"thumbnailUrl\":\"https:\/\/noticiasdefato.net\/wp-content\/uploads\/2024\/12\/image-22.png\",\"articleSection\":[\"Geral\"],\"inLanguage\":\"pt-BR\",\"potentialAction\":[{\"@type\":\"CommentAction\",\"name\":\"Comment\",\"target\":[\"https:\/\/noticiasdefato.net\/?p=2261#respond\"]}]},{\"@type\":\"WebPage\",\"@id\":\"https:\/\/noticiasdefato.net\/?p=2261\",\"url\":\"https:\/\/noticiasdefato.net\/?p=2261\",\"name\":\"C\u00c2MARA INAUGURA, HOJE , A ESCOLA DO LEGISLATIVO DE ALFENAS - Not\u00edcias de Fato\",\"isPartOf\":{\"@id\":\"https:\/\/noticiasdefato.net\/#website\"},\"primaryImageOfPage\":{\"@id\":\"https:\/\/noticiasdefato.net\/?p=2261#primaryimage\"},\"image\":{\"@id\":\"https:\/\/noticiasdefato.net\/?p=2261#primaryimage\"},\"thumbnailUrl\":\"https:\/\/noticiasdefato.net\/wp-content\/uploads\/2024\/12\/image-22.png\",\"datePublished\":\"2024-12-16T12:32:21+00:00\",\"dateModified\":\"2024-12-19T17:57:37+00:00\",\"description\":\"As atividades come\u00e7am com o funcionamento do CIAC \u2013 Centro de Identifica\u00e7\u00e3o e Atendimento ao Cidad\u00e3o, que foi transferido do antigo terminal rodovi\u00e1rio para a Escola do Legislativo.\",\"breadcrumb\":{\"@id\":\"https:\/\/noticiasdefato.net\/?p=2261#breadcrumb\"},\"inLanguage\":\"pt-BR\",\"potentialAction\":[{\"@type\":\"ReadAction\",\"target\":[\"https:\/\/noticiasdefato.net\/?p=2261\"]}]},{\"@type\":\"ImageObject\",\"inLanguage\":\"pt-BR\",\"@id\":\"https:\/\/noticiasdefato.net\/?p=2261#primaryimage\",\"url\":\"https:\/\/noticiasdefato.net\/wp-content\/uploads\/2024\/12\/image-22.png\",\"contentUrl\":\"https:\/\/noticiasdefato.net\/wp-content\/uploads\/2024\/12\/image-22.png\",\"width\":960,\"height\":1196},{\"@type\":\"BreadcrumbList\",\"@id\":\"https:\/\/noticiasdefato.net\/?p=2261#breadcrumb\",\"itemListElement\":[{\"@type\":\"ListItem\",\"position\":1,\"name\":\"In\u00edcio\",\"item\":\"https:\/\/noticiasdefato.net\/\"},{\"@type\":\"ListItem\",\"position\":2,\"name\":\"C\u00c2MARA INAUGURA, HOJE , A ESCOLA DO LEGISLATIVO DE ALFENAS\"}]},{\"@type\":\"WebSite\",\"@id\":\"https:\/\/noticiasdefato.net\/#website\",\"url\":\"https:\/\/noticiasdefato.net\/\",\"name\":\"Not\u00edcias de Fato\",\"description\":\"Trabalhamos com honestidade, seriedade e com a verdade.\",\"publisher\":{\"@id\":\"https:\/\/noticiasdefato.net\/#organization\"},\"potentialAction\":[{\"@type\":\"SearchAction\",\"target\":{\"@type\":\"EntryPoint\",\"urlTemplate\":\"https:\/\/noticiasdefato.net\/?s={search_term_string}\"},\"query-input\":\"required name=search_term_string\"}],\"inLanguage\":\"pt-BR\"},{\"@type\":\"Organization\",\"@id\":\"https:\/\/noticiasdefato.net\/#organization\",\"name\":\"Not\u00edcias de Fato\",\"url\":\"https:\/\/noticiasdefato.net\/\",\"logo\":{\"@type\":\"ImageObject\",\"inLanguage\":\"pt-BR\",\"@id\":\"https:\/\/noticiasdefato.net\/#\/schema\/logo\/image\/\",\"url\":\"https:\/\/noticiasdefato.net\/wp-content\/uploads\/2024\/02\/cropped-logo_topo.png\",\"contentUrl\":\"https:\/\/noticiasdefato.net\/wp-content\/uploads\/2024\/02\/cropped-logo_topo.png\",\"width\":1948,\"height\":665,\"caption\":\"Not\u00edcias de Fato\"},\"image\":{\"@id\":\"https:\/\/noticiasdefato.net\/#\/schema\/logo\/image\/\"},\"sameAs\":[\"https:\/\/fb.com\/noticiasdefato.jornal\",\"https:\/\/x.com\/noticiasdefato_\",\"https:\/\/instagram.com\/noticiasdefato.jornal\",\"https:\/\/youtube.com\/@JornalNoticiasDeFato\"]},{\"@type\":\"Person\",\"@id\":\"https:\/\/noticiasdefato.net\/#\/schema\/person\/982ce60211d95acf059cd702aa260d08\",\"name\":\"Noticias de Fato\",\"image\":{\"@type\":\"ImageObject\",\"inLanguage\":\"pt-BR\",\"@id\":\"https:\/\/noticiasdefato.net\/#\/schema\/person\/image\/\",\"url\":\"https:\/\/secure.gravatar.com\/avatar\/700227fab2316f0366a1b5d4988d10f847249cf13293450527ac9553c994611a?s=96&d=mm&r=g\",\"contentUrl\":\"https:\/\/secure.gravatar.com\/avatar\/700227fab2316f0366a1b5d4988d10f847249cf13293450527ac9553c994611a?s=96&d=mm&r=g\",\"caption\":\"Noticias de Fato\"},\"sameAs\":[\"https:\/\/noticiasdefato.net\",\"http:\/\/fb.com\/\/noticiasdefato.jornal\",\"https:\/\/x.com\/https:\/\/twitter.com\/NoticiasDeFato_\"],\"url\":\"https:\/\/noticiasdefato.net\/?author=1\"}]}<\/script>\n<!-- \/ Yoast SEO plugin. -->","yoast_head_json":{"title":"C\u00c2MARA INAUGURA, HOJE , A ESCOLA DO LEGISLATIVO DE ALFENAS - Not\u00edcias de Fato","description":"As atividades come\u00e7am com o funcionamento do CIAC \u2013 Centro de Identifica\u00e7\u00e3o e Atendimento ao Cidad\u00e3o, que foi transferido do antigo terminal rodovi\u00e1rio para a Escola do Legislativo.","robots":{"index":"index","follow":"follow","max-snippet":"max-snippet:-1","max-image-preview":"max-image-preview:large","max-video-preview":"max-video-preview:-1"},"canonical":"https:\/\/noticiasdefato.net\/?p=2261","og_locale":"pt_BR","og_type":"article","og_title":"C\u00c2MARA INAUGURA, HOJE , A ESCOLA DO LEGISLATIVO DE ALFENAS - Not\u00edcias de Fato","og_description":"As atividades come\u00e7am com o funcionamento do CIAC \u2013 Centro de Identifica\u00e7\u00e3o e Atendimento ao Cidad\u00e3o, que foi transferido do antigo terminal rodovi\u00e1rio para a Escola do Legislativo.","og_url":"https:\/\/noticiasdefato.net\/?p=2261","og_site_name":"Not\u00edcias de Fato","article_publisher":"https:\/\/fb.com\/noticiasdefato.jornal","article_author":"http:\/\/fb.com\/\/noticiasdefato.jornal","article_published_time":"2024-12-16T12:32:21+00:00","article_modified_time":"2024-12-19T17:57:37+00:00","og_image":[{"width":960,"height":1196,"url":"https:\/\/noticiasdefato.net\/wp-content\/uploads\/2024\/12\/image-22.png","type":"image\/png"}],"author":"Noticias de Fato","twitter_card":"summary_large_image","twitter_creator":"@https:\/\/twitter.com\/NoticiasDeFato_","twitter_site":"@noticiasdefato_","twitter_misc":{"Escrito por":"Noticias de Fato","Est. tempo de leitura":"2 minutos"},"schema":{"@context":"https:\/\/schema.org","@graph":[{"@type":"Article","@id":"https:\/\/noticiasdefato.net\/?p=2261#article","isPartOf":{"@id":"https:\/\/noticiasdefato.net\/?p=2261"},"author":{"name":"Noticias de Fato","@id":"https:\/\/noticiasdefato.net\/#\/schema\/person\/982ce60211d95acf059cd702aa260d08"},"headline":"C\u00c2MARA INAUGURA, HOJE , A ESCOLA DO LEGISLATIVO DE ALFENAS","datePublished":"2024-12-16T12:32:21+00:00","dateModified":"2024-12-19T17:57:37+00:00","mainEntityOfPage":{"@id":"https:\/\/noticiasdefato.net\/?p=2261"},"wordCount":299,"commentCount":0,"publisher":{"@id":"https:\/\/noticiasdefato.net\/#organization"},"image":{"@id":"https:\/\/noticiasdefato.net\/?p=2261#primaryimage"},"thumbnailUrl":"https:\/\/noticiasdefato.net\/wp-content\/uploads\/2024\/12\/image-22.png","articleSection":["Geral"],"inLanguage":"pt-BR","potentialAction":[{"@type":"CommentAction","name":"Comment","target":["https:\/\/noticiasdefato.net\/?p=2261#respond"]}]},{"@type":"WebPage","@id":"https:\/\/noticiasdefato.net\/?p=2261","url":"https:\/\/noticiasdefato.net\/?p=2261","name":"C\u00c2MARA INAUGURA, HOJE , A ESCOLA DO LEGISLATIVO DE ALFENAS - Not\u00edcias de Fato","isPartOf":{"@id":"https:\/\/noticiasdefato.net\/#website"},"primaryImageOfPage":{"@id":"https:\/\/noticiasdefato.net\/?p=2261#primaryimage"},"image":{"@id":"https:\/\/noticiasdefato.net\/?p=2261#primaryimage"},"thumbnailUrl":"https:\/\/noticiasdefato.net\/wp-content\/uploads\/2024\/12\/image-22.png","datePublished":"2024-12-16T12:32:21+00:00","dateModified":"2024-12-19T17:57:37+00:00","description":"As atividades come\u00e7am com o funcionamento do CIAC \u2013 Centro de Identifica\u00e7\u00e3o e Atendimento ao Cidad\u00e3o, que foi transferido do antigo terminal rodovi\u00e1rio para a Escola do Legislativo.","breadcrumb":{"@id":"https:\/\/noticiasdefato.net\/?p=2261#breadcrumb"},"inLanguage":"pt-BR","potentialAction":[{"@type":"ReadAction","target":["https:\/\/noticiasdefato.net\/?p=2261"]}]},{"@type":"ImageObject","inLanguage":"pt-BR","@id":"https:\/\/noticiasdefato.net\/?p=2261#primaryimage","url":"https:\/\/noticiasdefato.net\/wp-content\/uploads\/2024\/12\/image-22.png","contentUrl":"https:\/\/noticiasdefato.net\/wp-content\/uploads\/2024\/12\/image-22.png","width":960,"height":1196},{"@type":"BreadcrumbList","@id":"https:\/\/noticiasdefato.net\/?p=2261#breadcrumb","itemListElement":[{"@type":"ListItem","position":1,"name":"In\u00edcio","item":"https:\/\/noticiasdefato.net\/"},{"@type":"ListItem","position":2,"name":"C\u00c2MARA INAUGURA, HOJE , A ESCOLA DO LEGISLATIVO DE ALFENAS"}]},{"@type":"WebSite","@id":"https:\/\/noticiasdefato.net\/#website","url":"https:\/\/noticiasdefato.net\/","name":"Not\u00edcias de Fato","description":"Trabalhamos com honestidade, seriedade e com a verdade.","publisher":{"@id":"https:\/\/noticiasdefato.net\/#organization"},"potentialAction":[{"@type":"SearchAction","target":{"@type":"EntryPoint","urlTemplate":"https:\/\/noticiasdefato.net\/?s={search_term_string}"},"query-input":"required name=search_term_string"}],"inLanguage":"pt-BR"},{"@type":"Organization","@id":"https:\/\/noticiasdefato.net\/#organization","name":"Not\u00edcias de Fato","url":"https:\/\/noticiasdefato.net\/","logo":{"@type":"ImageObject","inLanguage":"pt-BR","@id":"https:\/\/noticiasdefato.net\/#\/schema\/logo\/image\/","url":"https:\/\/noticiasdefato.net\/wp-content\/uploads\/2024\/02\/cropped-logo_topo.png","contentUrl":"https:\/\/noticiasdefato.net\/wp-content\/uploads\/2024\/02\/cropped-logo_topo.png","width":1948,"height":665,"caption":"Not\u00edcias de Fato"},"image":{"@id":"https:\/\/noticiasdefato.net\/#\/schema\/logo\/image\/"},"sameAs":["https:\/\/fb.com\/noticiasdefato.jornal","https:\/\/x.com\/noticiasdefato_","https:\/\/instagram.com\/noticiasdefato.jornal","https:\/\/youtube.com\/@JornalNoticiasDeFato"]},{"@type":"Person","@id":"https:\/\/noticiasdefato.net\/#\/schema\/person\/982ce60211d95acf059cd702aa260d08","name":"Noticias de Fato","image":{"@type":"ImageObject","inLanguage":"pt-BR","@id":"https:\/\/noticiasdefato.net\/#\/schema\/person\/image\/","url":"https:\/\/secure.gravatar.com\/avatar\/700227fab2316f0366a1b5d4988d10f847249cf13293450527ac9553c994611a?s=96&d=mm&r=g","contentUrl":"https:\/\/secure.gravatar.com\/avatar\/700227fab2316f0366a1b5d4988d10f847249cf13293450527ac9553c994611a?s=96&d=mm&r=g","caption":"Noticias de Fato"},"sameAs":["https:\/\/noticiasdefato.net","http:\/\/fb.com\/\/noticiasdefato.jornal","https:\/\/x.com\/https:\/\/twitter.com\/NoticiasDeFato_"],"url":"https:\/\/noticiasdefato.net\/?author=1"}]}},"_links":{"self":[{"href":"https:\/\/noticiasdefato.net\/index.php?rest_route=\/wp\/v2\/posts\/2261","targetHints":{"allow":["GET"]}}],"collection":[{"href":"https:\/\/noticiasdefato.net\/index.php?rest_route=\/wp\/v2\/posts"}],"about":[{"href":"https:\/\/noticiasdefato.net\/index.php?rest_route=\/wp\/v2\/types\/post"}],"author":[{"embeddable":true,"href":"https:\/\/noticiasdefato.net\/index.php?rest_route=\/wp\/v2\/users\/1"}],"replies":[{"embeddable":true,"href":"https:\/\/noticiasdefato.net\/index.php?rest_route=%2Fwp%2Fv2%2Fcomments&post=2261"}],"version-history":[{"count":1,"href":"https:\/\/noticiasdefato.net\/index.php?rest_route=\/wp\/v2\/posts\/2261\/revisions"}],"predecessor-version":[{"id":2264,"href":"https:\/\/noticiasdefato.net\/index.php?rest_route=\/wp\/v2\/posts\/2261\/revisions\/2264"}],"wp:featuredmedia":[{"embeddable":true,"href":"https:\/\/noticiasdefato.net\/index.php?rest_route=\/wp\/v2\/media\/2263"}],"wp:attachment":[{"href":"https:\/\/noticiasdefato.net\/index.php?rest_route=%2Fwp%2Fv2%2Fmedia&parent=2261"}],"wp:term":[{"taxonomy":"category","embeddable":true,"href":"https:\/\/noticiasdefato.net\/index.php?rest_route=%2Fwp%2Fv2%2Fcategories&post=2261"},{"taxonomy":"post_tag","embeddable":true,"href":"https:\/\/noticiasdefato.net\/index.php?rest_route=%2Fwp%2Fv2%2Ftags&post=2261"}],"curies":[{"name":"wp","href":"https:\/\/api.w.org\/{rel}","templated":true}]}}