{"id":2265,"date":"2024-12-17T08:49:26","date_gmt":"2024-12-17T11:49:26","guid":{"rendered":"https:\/\/noticiasdefato.net\/?p=2265"},"modified":"2024-12-17T08:49:26","modified_gmt":"2024-12-17T11:49:26","slug":"pagamento-do-ipva-2025-devera-ser-adiado","status":"publish","type":"post","link":"https:\/\/noticiasdefato.net\/?p=2265","title":{"rendered":"PAGAMENTO DO IPVA 2025 DEVER\u00c1 SER ADIADO"},"content":{"rendered":"\n<p><em>Deputados estaduais aprovaram a lei que estabelece novo calend\u00e1rio de pagamento do Imposto. Documentos atrasados poder\u00e3o ser pagos no momento da fiscaliza\u00e7\u00e3o para evitar apreens\u00e3o do ve\u00edculo.<\/em><\/p>\n\n\n\n<p>A Assembleia Legislativa de Minas Gerais (ALMG) aprovou em segundo turno, na \u00faltima quinta-feira, a lei que adia o pagamento do Imposto sobre a Propriedade de Ve\u00edculos Automotores (IPVA) para\u00a0o m\u00eas de fevereiro.<\/p>\n\n\n\n<p>Atualmente o pagamento inicia-se em janeiro, \u00e0 vista ou dividido de tr\u00eas vezes. O texto foi encaminhado para o governador Romeu Zema (Novo), que tem um prazo de 20 dias para san\u00e7\u00e3o. Caso seja sancionada pelo governador, a medida passa a valer para o imposto do ano que vem.<\/p>\n\n\n\n<p><strong>PONTO IMPORTANTE NO PROJETO DE LEI<\/strong><\/p>\n\n\n\n<p>O Projeto de Lei (PL) 1.336\/15 recebeu dois acr\u00e9scimos, sendo um deles permite que o dono ou condutor do ve\u00edculo pague eventuais d\u00e9bitos e encargos financeiros existentes no prontu\u00e1rio do ve\u00edculo no momento da fiscaliza\u00e7\u00e3o. Isso vai evitar a apreens\u00e3o e remo\u00e7\u00e3o do ve\u00edculo quando as autoridades constatarem como irregularidade exclusivamente a falta de pagamento desses d\u00e9bitos.<\/p>\n","protected":false},"excerpt":{"rendered":"<p>Deputados estaduais aprovaram a lei que estabelece novo calend\u00e1rio de pagamento do Imposto. Documentos atrasados poder\u00e3o ser pagos no momento da fiscaliza\u00e7\u00e3o para evitar apreens\u00e3o do ve\u00edculo. <a href=\"https:\/\/noticiasdefato.net\/?p=2265\" class=\"more-link\">Continuar lendo <span class=\"screen-reader-text\">PAGAMENTO DO IPVA 2025 DEVER\u00c1 SER ADIADO<\/span><\/a><\/p>\n","protected":false},"author":1,"featured_media":2266,"comment_status":"open","ping_status":"open","sticky":false,"template":"","format":"standard","meta":{"footnotes":""},"categories":[15,23],"tags":[],"class_list":["post-2265","post","type-post","status-publish","format-standard","has-post-thumbnail","hentry","category-destaques","category-transito"],"yoast_head":"<!-- This site is optimized with the Yoast SEO plugin v23.2 - https:\/\/yoast.com\/wordpress\/plugins\/seo\/ -->\n<title>PAGAMENTO DO IPVA 2025 DEVER\u00c1 SER ADIADO - Not\u00edcias de Fato<\/title>\n<meta name=\"description\" content=\"Deputados estaduais aprovaram a lei que estabelece novo calend\u00e1rio de pagamento do Imposto. Documentos atrasados poder\u00e3o ser pagos no momento da fiscaliza\u00e7\u00e3o para evitar apreens\u00e3o do ve\u00edculo.\" \/>\n<meta name=\"robots\" content=\"index, follow, max-snippet:-1, max-image-preview:large, max-video-preview:-1\" \/>\n<link rel=\"canonical\" href=\"https:\/\/noticiasdefato.net\/?p=2265\" \/>\n<meta property=\"og:locale\" content=\"pt_BR\" \/>\n<meta property=\"og:type\" content=\"article\" \/>\n<meta property=\"og:title\" content=\"PAGAMENTO DO IPVA 2025 DEVER\u00c1 SER ADIADO - Not\u00edcias de Fato\" \/>\n<meta property=\"og:description\" content=\"Deputados estaduais aprovaram a lei que estabelece novo calend\u00e1rio de pagamento do Imposto. Documentos atrasados poder\u00e3o ser pagos no momento da fiscaliza\u00e7\u00e3o para evitar apreens\u00e3o do ve\u00edculo.\" \/>\n<meta property=\"og:url\" content=\"https:\/\/noticiasdefato.net\/?p=2265\" \/>\n<meta property=\"og:site_name\" content=\"Not\u00edcias de Fato\" \/>\n<meta property=\"article:publisher\" content=\"https:\/\/fb.com\/noticiasdefato.jornal\" \/>\n<meta property=\"article:author\" content=\"http:\/\/fb.com\/\/noticiasdefato.jornal\" \/>\n<meta property=\"article:published_time\" content=\"2024-12-17T11:49:26+00:00\" \/>\n<meta property=\"og:image\" content=\"https:\/\/noticiasdefato.net\/wp-content\/uploads\/2024\/12\/image-23.png\" \/>\n\t<meta property=\"og:image:width\" content=\"1200\" \/>\n\t<meta property=\"og:image:height\" content=\"800\" \/>\n\t<meta property=\"og:image:type\" content=\"image\/png\" \/>\n<meta name=\"author\" content=\"Noticias de Fato\" \/>\n<meta name=\"twitter:card\" content=\"summary_large_image\" \/>\n<meta name=\"twitter:creator\" content=\"@https:\/\/twitter.com\/NoticiasDeFato_\" \/>\n<meta name=\"twitter:site\" content=\"@noticiasdefato_\" \/>\n<meta name=\"twitter:label1\" content=\"Escrito por\" \/>\n\t<meta name=\"twitter:data1\" content=\"Noticias de Fato\" \/>\n\t<meta name=\"twitter:label2\" content=\"Est. tempo de leitura\" \/>\n\t<meta name=\"twitter:data2\" content=\"2 minutos\" \/>\n<script type=\"application\/ld+json\" class=\"yoast-schema-graph\">{\"@context\":\"https:\/\/schema.org\",\"@graph\":[{\"@type\":\"Article\",\"@id\":\"https:\/\/noticiasdefato.net\/?p=2265#article\",\"isPartOf\":{\"@id\":\"https:\/\/noticiasdefato.net\/?p=2265\"},\"author\":{\"name\":\"Noticias de Fato\",\"@id\":\"https:\/\/noticiasdefato.net\/#\/schema\/person\/982ce60211d95acf059cd702aa260d08\"},\"headline\":\"PAGAMENTO DO IPVA 2025 DEVER\u00c1 SER ADIADO\",\"datePublished\":\"2024-12-17T11:49:26+00:00\",\"dateModified\":\"2024-12-17T11:49:26+00:00\",\"mainEntityOfPage\":{\"@id\":\"https:\/\/noticiasdefato.net\/?p=2265\"},\"wordCount\":195,\"commentCount\":0,\"publisher\":{\"@id\":\"https:\/\/noticiasdefato.net\/#organization\"},\"image\":{\"@id\":\"https:\/\/noticiasdefato.net\/?p=2265#primaryimage\"},\"thumbnailUrl\":\"https:\/\/noticiasdefato.net\/wp-content\/uploads\/2024\/12\/image-23.png\",\"articleSection\":[\"Destaques\",\"Tr\u00e2nsito\"],\"inLanguage\":\"pt-BR\",\"potentialAction\":[{\"@type\":\"CommentAction\",\"name\":\"Comment\",\"target\":[\"https:\/\/noticiasdefato.net\/?p=2265#respond\"]}]},{\"@type\":\"WebPage\",\"@id\":\"https:\/\/noticiasdefato.net\/?p=2265\",\"url\":\"https:\/\/noticiasdefato.net\/?p=2265\",\"name\":\"PAGAMENTO DO IPVA 2025 DEVER\u00c1 SER ADIADO - Not\u00edcias de Fato\",\"isPartOf\":{\"@id\":\"https:\/\/noticiasdefato.net\/#website\"},\"primaryImageOfPage\":{\"@id\":\"https:\/\/noticiasdefato.net\/?p=2265#primaryimage\"},\"image\":{\"@id\":\"https:\/\/noticiasdefato.net\/?p=2265#primaryimage\"},\"thumbnailUrl\":\"https:\/\/noticiasdefato.net\/wp-content\/uploads\/2024\/12\/image-23.png\",\"datePublished\":\"2024-12-17T11:49:26+00:00\",\"dateModified\":\"2024-12-17T11:49:26+00:00\",\"description\":\"Deputados estaduais aprovaram a lei que estabelece novo calend\u00e1rio de pagamento do Imposto. Documentos atrasados poder\u00e3o ser pagos no momento da fiscaliza\u00e7\u00e3o para evitar apreens\u00e3o do ve\u00edculo.\",\"breadcrumb\":{\"@id\":\"https:\/\/noticiasdefato.net\/?p=2265#breadcrumb\"},\"inLanguage\":\"pt-BR\",\"potentialAction\":[{\"@type\":\"ReadAction\",\"target\":[\"https:\/\/noticiasdefato.net\/?p=2265\"]}]},{\"@type\":\"ImageObject\",\"inLanguage\":\"pt-BR\",\"@id\":\"https:\/\/noticiasdefato.net\/?p=2265#primaryimage\",\"url\":\"https:\/\/noticiasdefato.net\/wp-content\/uploads\/2024\/12\/image-23.png\",\"contentUrl\":\"https:\/\/noticiasdefato.net\/wp-content\/uploads\/2024\/12\/image-23.png\",\"width\":1200,\"height\":800},{\"@type\":\"BreadcrumbList\",\"@id\":\"https:\/\/noticiasdefato.net\/?p=2265#breadcrumb\",\"itemListElement\":[{\"@type\":\"ListItem\",\"position\":1,\"name\":\"In\u00edcio\",\"item\":\"https:\/\/noticiasdefato.net\/\"},{\"@type\":\"ListItem\",\"position\":2,\"name\":\"PAGAMENTO DO IPVA 2025 DEVER\u00c1 SER ADIADO\"}]},{\"@type\":\"WebSite\",\"@id\":\"https:\/\/noticiasdefato.net\/#website\",\"url\":\"https:\/\/noticiasdefato.net\/\",\"name\":\"Not\u00edcias de Fato\",\"description\":\"Trabalhamos com honestidade, seriedade e com a verdade.\",\"publisher\":{\"@id\":\"https:\/\/noticiasdefato.net\/#organization\"},\"potentialAction\":[{\"@type\":\"SearchAction\",\"target\":{\"@type\":\"EntryPoint\",\"urlTemplate\":\"https:\/\/noticiasdefato.net\/?s={search_term_string}\"},\"query-input\":\"required name=search_term_string\"}],\"inLanguage\":\"pt-BR\"},{\"@type\":\"Organization\",\"@id\":\"https:\/\/noticiasdefato.net\/#organization\",\"name\":\"Not\u00edcias de Fato\",\"url\":\"https:\/\/noticiasdefato.net\/\",\"logo\":{\"@type\":\"ImageObject\",\"inLanguage\":\"pt-BR\",\"@id\":\"https:\/\/noticiasdefato.net\/#\/schema\/logo\/image\/\",\"url\":\"https:\/\/noticiasdefato.net\/wp-content\/uploads\/2024\/02\/cropped-logo_topo.png\",\"contentUrl\":\"https:\/\/noticiasdefato.net\/wp-content\/uploads\/2024\/02\/cropped-logo_topo.png\",\"width\":1948,\"height\":665,\"caption\":\"Not\u00edcias de Fato\"},\"image\":{\"@id\":\"https:\/\/noticiasdefato.net\/#\/schema\/logo\/image\/\"},\"sameAs\":[\"https:\/\/fb.com\/noticiasdefato.jornal\",\"https:\/\/x.com\/noticiasdefato_\",\"https:\/\/instagram.com\/noticiasdefato.jornal\",\"https:\/\/youtube.com\/@JornalNoticiasDeFato\"]},{\"@type\":\"Person\",\"@id\":\"https:\/\/noticiasdefato.net\/#\/schema\/person\/982ce60211d95acf059cd702aa260d08\",\"name\":\"Noticias de Fato\",\"image\":{\"@type\":\"ImageObject\",\"inLanguage\":\"pt-BR\",\"@id\":\"https:\/\/noticiasdefato.net\/#\/schema\/person\/image\/\",\"url\":\"https:\/\/secure.gravatar.com\/avatar\/700227fab2316f0366a1b5d4988d10f847249cf13293450527ac9553c994611a?s=96&d=mm&r=g\",\"contentUrl\":\"https:\/\/secure.gravatar.com\/avatar\/700227fab2316f0366a1b5d4988d10f847249cf13293450527ac9553c994611a?s=96&d=mm&r=g\",\"caption\":\"Noticias de Fato\"},\"sameAs\":[\"https:\/\/noticiasdefato.net\",\"http:\/\/fb.com\/\/noticiasdefato.jornal\",\"https:\/\/x.com\/https:\/\/twitter.com\/NoticiasDeFato_\"],\"url\":\"https:\/\/noticiasdefato.net\/?author=1\"}]}<\/script>\n<!-- \/ Yoast SEO plugin. -->","yoast_head_json":{"title":"PAGAMENTO DO IPVA 2025 DEVER\u00c1 SER ADIADO - Not\u00edcias de Fato","description":"Deputados estaduais aprovaram a lei que estabelece novo calend\u00e1rio de pagamento do Imposto. Documentos atrasados poder\u00e3o ser pagos no momento da fiscaliza\u00e7\u00e3o para evitar apreens\u00e3o do ve\u00edculo.","robots":{"index":"index","follow":"follow","max-snippet":"max-snippet:-1","max-image-preview":"max-image-preview:large","max-video-preview":"max-video-preview:-1"},"canonical":"https:\/\/noticiasdefato.net\/?p=2265","og_locale":"pt_BR","og_type":"article","og_title":"PAGAMENTO DO IPVA 2025 DEVER\u00c1 SER ADIADO - Not\u00edcias de Fato","og_description":"Deputados estaduais aprovaram a lei que estabelece novo calend\u00e1rio de pagamento do Imposto. Documentos atrasados poder\u00e3o ser pagos no momento da fiscaliza\u00e7\u00e3o para evitar apreens\u00e3o do ve\u00edculo.","og_url":"https:\/\/noticiasdefato.net\/?p=2265","og_site_name":"Not\u00edcias de Fato","article_publisher":"https:\/\/fb.com\/noticiasdefato.jornal","article_author":"http:\/\/fb.com\/\/noticiasdefato.jornal","article_published_time":"2024-12-17T11:49:26+00:00","og_image":[{"width":1200,"height":800,"url":"https:\/\/noticiasdefato.net\/wp-content\/uploads\/2024\/12\/image-23.png","type":"image\/png"}],"author":"Noticias de Fato","twitter_card":"summary_large_image","twitter_creator":"@https:\/\/twitter.com\/NoticiasDeFato_","twitter_site":"@noticiasdefato_","twitter_misc":{"Escrito por":"Noticias de Fato","Est. tempo de leitura":"2 minutos"},"schema":{"@context":"https:\/\/schema.org","@graph":[{"@type":"Article","@id":"https:\/\/noticiasdefato.net\/?p=2265#article","isPartOf":{"@id":"https:\/\/noticiasdefato.net\/?p=2265"},"author":{"name":"Noticias de Fato","@id":"https:\/\/noticiasdefato.net\/#\/schema\/person\/982ce60211d95acf059cd702aa260d08"},"headline":"PAGAMENTO DO IPVA 2025 DEVER\u00c1 SER ADIADO","datePublished":"2024-12-17T11:49:26+00:00","dateModified":"2024-12-17T11:49:26+00:00","mainEntityOfPage":{"@id":"https:\/\/noticiasdefato.net\/?p=2265"},"wordCount":195,"commentCount":0,"publisher":{"@id":"https:\/\/noticiasdefato.net\/#organization"},"image":{"@id":"https:\/\/noticiasdefato.net\/?p=2265#primaryimage"},"thumbnailUrl":"https:\/\/noticiasdefato.net\/wp-content\/uploads\/2024\/12\/image-23.png","articleSection":["Destaques","Tr\u00e2nsito"],"inLanguage":"pt-BR","potentialAction":[{"@type":"CommentAction","name":"Comment","target":["https:\/\/noticiasdefato.net\/?p=2265#respond"]}]},{"@type":"WebPage","@id":"https:\/\/noticiasdefato.net\/?p=2265","url":"https:\/\/noticiasdefato.net\/?p=2265","name":"PAGAMENTO DO IPVA 2025 DEVER\u00c1 SER ADIADO - Not\u00edcias de Fato","isPartOf":{"@id":"https:\/\/noticiasdefato.net\/#website"},"primaryImageOfPage":{"@id":"https:\/\/noticiasdefato.net\/?p=2265#primaryimage"},"image":{"@id":"https:\/\/noticiasdefato.net\/?p=2265#primaryimage"},"thumbnailUrl":"https:\/\/noticiasdefato.net\/wp-content\/uploads\/2024\/12\/image-23.png","datePublished":"2024-12-17T11:49:26+00:00","dateModified":"2024-12-17T11:49:26+00:00","description":"Deputados estaduais aprovaram a lei que estabelece novo calend\u00e1rio de pagamento do Imposto. Documentos atrasados poder\u00e3o ser pagos no momento da fiscaliza\u00e7\u00e3o para evitar apreens\u00e3o do ve\u00edculo.","breadcrumb":{"@id":"https:\/\/noticiasdefato.net\/?p=2265#breadcrumb"},"inLanguage":"pt-BR","potentialAction":[{"@type":"ReadAction","target":["https:\/\/noticiasdefato.net\/?p=2265"]}]},{"@type":"ImageObject","inLanguage":"pt-BR","@id":"https:\/\/noticiasdefato.net\/?p=2265#primaryimage","url":"https:\/\/noticiasdefato.net\/wp-content\/uploads\/2024\/12\/image-23.png","contentUrl":"https:\/\/noticiasdefato.net\/wp-content\/uploads\/2024\/12\/image-23.png","width":1200,"height":800},{"@type":"BreadcrumbList","@id":"https:\/\/noticiasdefato.net\/?p=2265#breadcrumb","itemListElement":[{"@type":"ListItem","position":1,"name":"In\u00edcio","item":"https:\/\/noticiasdefato.net\/"},{"@type":"ListItem","position":2,"name":"PAGAMENTO DO IPVA 2025 DEVER\u00c1 SER ADIADO"}]},{"@type":"WebSite","@id":"https:\/\/noticiasdefato.net\/#website","url":"https:\/\/noticiasdefato.net\/","name":"Not\u00edcias de Fato","description":"Trabalhamos com honestidade, seriedade e com a verdade.","publisher":{"@id":"https:\/\/noticiasdefato.net\/#organization"},"potentialAction":[{"@type":"SearchAction","target":{"@type":"EntryPoint","urlTemplate":"https:\/\/noticiasdefato.net\/?s={search_term_string}"},"query-input":"required name=search_term_string"}],"inLanguage":"pt-BR"},{"@type":"Organization","@id":"https:\/\/noticiasdefato.net\/#organization","name":"Not\u00edcias de Fato","url":"https:\/\/noticiasdefato.net\/","logo":{"@type":"ImageObject","inLanguage":"pt-BR","@id":"https:\/\/noticiasdefato.net\/#\/schema\/logo\/image\/","url":"https:\/\/noticiasdefato.net\/wp-content\/uploads\/2024\/02\/cropped-logo_topo.png","contentUrl":"https:\/\/noticiasdefato.net\/wp-content\/uploads\/2024\/02\/cropped-logo_topo.png","width":1948,"height":665,"caption":"Not\u00edcias de Fato"},"image":{"@id":"https:\/\/noticiasdefato.net\/#\/schema\/logo\/image\/"},"sameAs":["https:\/\/fb.com\/noticiasdefato.jornal","https:\/\/x.com\/noticiasdefato_","https:\/\/instagram.com\/noticiasdefato.jornal","https:\/\/youtube.com\/@JornalNoticiasDeFato"]},{"@type":"Person","@id":"https:\/\/noticiasdefato.net\/#\/schema\/person\/982ce60211d95acf059cd702aa260d08","name":"Noticias de Fato","image":{"@type":"ImageObject","inLanguage":"pt-BR","@id":"https:\/\/noticiasdefato.net\/#\/schema\/person\/image\/","url":"https:\/\/secure.gravatar.com\/avatar\/700227fab2316f0366a1b5d4988d10f847249cf13293450527ac9553c994611a?s=96&d=mm&r=g","contentUrl":"https:\/\/secure.gravatar.com\/avatar\/700227fab2316f0366a1b5d4988d10f847249cf13293450527ac9553c994611a?s=96&d=mm&r=g","caption":"Noticias de Fato"},"sameAs":["https:\/\/noticiasdefato.net","http:\/\/fb.com\/\/noticiasdefato.jornal","https:\/\/x.com\/https:\/\/twitter.com\/NoticiasDeFato_"],"url":"https:\/\/noticiasdefato.net\/?author=1"}]}},"_links":{"self":[{"href":"https:\/\/noticiasdefato.net\/index.php?rest_route=\/wp\/v2\/posts\/2265","targetHints":{"allow":["GET"]}}],"collection":[{"href":"https:\/\/noticiasdefato.net\/index.php?rest_route=\/wp\/v2\/posts"}],"about":[{"href":"https:\/\/noticiasdefato.net\/index.php?rest_route=\/wp\/v2\/types\/post"}],"author":[{"embeddable":true,"href":"https:\/\/noticiasdefato.net\/index.php?rest_route=\/wp\/v2\/users\/1"}],"replies":[{"embeddable":true,"href":"https:\/\/noticiasdefato.net\/index.php?rest_route=%2Fwp%2Fv2%2Fcomments&post=2265"}],"version-history":[{"count":1,"href":"https:\/\/noticiasdefato.net\/index.php?rest_route=\/wp\/v2\/posts\/2265\/revisions"}],"predecessor-version":[{"id":2267,"href":"https:\/\/noticiasdefato.net\/index.php?rest_route=\/wp\/v2\/posts\/2265\/revisions\/2267"}],"wp:featuredmedia":[{"embeddable":true,"href":"https:\/\/noticiasdefato.net\/index.php?rest_route=\/wp\/v2\/media\/2266"}],"wp:attachment":[{"href":"https:\/\/noticiasdefato.net\/index.php?rest_route=%2Fwp%2Fv2%2Fmedia&parent=2265"}],"wp:term":[{"taxonomy":"category","embeddable":true,"href":"https:\/\/noticiasdefato.net\/index.php?rest_route=%2Fwp%2Fv2%2Fcategories&post=2265"},{"taxonomy":"post_tag","embeddable":true,"href":"https:\/\/noticiasdefato.net\/index.php?rest_route=%2Fwp%2Fv2%2Ftags&post=2265"}],"curies":[{"name":"wp","href":"https:\/\/api.w.org\/{rel}","templated":true}]}}