{"id":2272,"date":"2024-12-17T12:44:07","date_gmt":"2024-12-17T15:44:07","guid":{"rendered":"https:\/\/noticiasdefato.net\/?p=2272"},"modified":"2024-12-17T12:54:13","modified_gmt":"2024-12-17T15:54:13","slug":"poder-de-compra-dos-mais-pobres-devera-cair-em-2025","status":"publish","type":"post","link":"https:\/\/noticiasdefato.net\/?p=2272","title":{"rendered":"PODER DE COMPRA DOS MAIS POBRES DEVER\u00c1 CAIR EM 2025"},"content":{"rendered":"\n<p><em>Itens b\u00e1sicos de alimenta\u00e7\u00e3o, conta de luz, g\u00e1s de cozinha e gasolina ficaram mais caros. Picanha e as viagens de avi\u00e3o prometidas por Lula se tornam inacess\u00edveis para os mais pobres.<\/em><\/p>\n\n\n\n<p><strong>COMIDA MAIS CARA<\/strong><\/p>\n\n\n\n<p>O reajuste do sal\u00e1rio m\u00ednimo para 2025 ser\u00e1 de 6,37%, mas diversos alimentos essenciais tiveram aumentos mais elevados, e j\u00e1 t\u00eam impacto direto no or\u00e7amento das fam\u00edlias brasileiras. Esses aumentos superam o reajuste do sal\u00e1rio m\u00ednimo e comprometem ainda mais o poder de compra dos trabalhadores de baixa renda. Veja abaixo itens b\u00e1sicos na mesa dos brasileiros e o seu reajuste:<\/p>\n\n\n<div class=\"wp-block-image\">\n<figure class=\"aligncenter size-full\"><img fetchpriority=\"high\" decoding=\"async\" width=\"407\" height=\"448\" src=\"https:\/\/noticiasdefato.net\/wp-content\/uploads\/2024\/12\/image-26.png\" alt=\"\" class=\"wp-image-2273\" srcset=\"https:\/\/noticiasdefato.net\/wp-content\/uploads\/2024\/12\/image-26.png 407w, https:\/\/noticiasdefato.net\/wp-content\/uploads\/2024\/12\/image-26-273x300.png 273w, https:\/\/noticiasdefato.net\/wp-content\/uploads\/2024\/12\/image-26-82x90.png 82w\" sizes=\"(max-width: 407px) 100vw, 407px\" \/><figcaption class=\"wp-element-caption\"><strong>Fonte: <\/strong>Universidade Federal de Juiz de Fora (UFJF)<\/figcaption><\/figure>\n<\/div>\n\n\n<p><strong>CONTA DE LUZ AUMENTOU ACIMA DA INFLA\u00c7\u00c3O<\/strong><\/p>\n\n\n\n<p>A energia el\u00e9trica foi outro item b\u00e1sico na vida das pessoas que subiu em 2024 acima do reajuste previsto no sal\u00e1rio m\u00ednimo para 2025. Em 2024, a Ag\u00eancia Nacional de Energia El\u00e9trica (ANEEL) autorizou a CEMIG a reajustar a tarifa residencial dos mineiros em 6,70%. Dessa maneira, o reajuste do sal\u00e1rio m\u00ednimo n\u00e3o ir\u00e1 recompor as perdas inflacion\u00e1rias em rela\u00e7\u00e3o aos gastos com energia el\u00e9trica.<\/p>\n\n\n\n<p><strong>ESCOLHER ENTRE O G\u00c1S OU O ALIMENTO<\/strong><\/p>\n\n\n\n<p>Presente nos lares brasileiros, o g\u00e1s de cozinha foi outro item que sofreu um reajuste (10,5%) acima do reajuste previsto para o sal\u00e1rio m\u00ednimo de 2025. Com isso, algumas fam\u00edlias est\u00e3o recorrendo ao uso do fog\u00e3o a lenha por n\u00e3o ter como encaixar o botij\u00e3o no or\u00e7amento da casa.<\/p>\n\n\n\n<p><strong>COMBUST\u00cdVEIS MAIS CAROS<\/strong><\/p>\n\n\n\n<p>Segundo <a href=\"https:\/\/www.gov.br\/anp\/pt-br\/assuntos\/precos-e-defesa-da-concorrencia\/precos\">levantamento da ANP<\/a>, os combust\u00edveis tamb\u00e9m subiram, com a gasolina passando de R$ 5,44\/litro em 2023, para R$ 6,06\/litro em 2024, em m\u00e9dia, em MG, representando um aumento de 11,4%. J\u00e1 o Etanol que seria uma alternativa passou de R$3,42\/litro em 2023, para R$4,16\/litro em 2024, um reajuste de 21,6%, que \u00e9 3 vezes maior que o reajuste do sal\u00e1rio m\u00ednimo.<\/p>\n\n\n\n<p><strong>D\u00d3LAR E JUROS ALTOS MASSACRAM OS MAIS POBRES<\/strong><\/p>\n\n\n\n<p>Al\u00e9m disso, o d\u00f3lar acima de R$6 pressiona os pre\u00e7os de produtos importados e insumos para alimentos, como o trigo para fazer o p\u00e3ozinho do caf\u00e9 da manh\u00e3, afetando principalmente as camadas mais pobres da popula\u00e7\u00e3o.<\/p>\n\n\n\n<p>Tamb\u00e9m, em novembro de 2024, 77% das fam\u00edlias brasileiras estavam endividadas, de acordo com a Pesquisa de endividamento e inadimpl\u00eancia do consumidor (Peic), divulgada pela Confedera\u00e7\u00e3o Nacional do Com\u00e9rcio de Bens, Servi\u00e7os e Turismo (CNC). Assim, a alta taxa de juros, com a Selic acima de 12%, dificulta o acesso ao cr\u00e9dito e aumenta o custo das d\u00edvidas, tornando ainda mais desafiadora a recupera\u00e7\u00e3o financeira das fam\u00edlias que vivem de sal\u00e1rio m\u00ednimo.<\/p>\n\n\n\n<p><\/p>\n","protected":false},"excerpt":{"rendered":"<p>Itens b\u00e1sicos de alimenta\u00e7\u00e3o, conta de luz, g\u00e1s de cozinha e gasolina ficaram mais caros. Picanha e as viagens de avi\u00e3o prometidas por Lula se tornam inacess\u00edveis para os mais pobres. <a href=\"https:\/\/noticiasdefato.net\/?p=2272\" class=\"more-link\">Continuar lendo <span class=\"screen-reader-text\">PODER DE COMPRA DOS MAIS POBRES DEVER\u00c1 CAIR EM 2025<\/span><\/a><\/p>\n","protected":false},"author":1,"featured_media":2274,"comment_status":"open","ping_status":"open","sticky":false,"template":"","format":"standard","meta":{"footnotes":""},"categories":[1],"tags":[],"class_list":["post-2272","post","type-post","status-publish","format-standard","has-post-thumbnail","hentry","category-geral"],"yoast_head":"<!-- This site is optimized with the Yoast SEO plugin v23.2 - https:\/\/yoast.com\/wordpress\/plugins\/seo\/ -->\n<title>PODER DE COMPRA DOS MAIS POBRES DEVER\u00c1 CAIR EM 2025 - Not\u00edcias de Fato<\/title>\n<meta name=\"description\" content=\"Itens b\u00e1sicos de alimenta\u00e7\u00e3o, conta de luz, g\u00e1s de cozinha e gasolina ficaram mais caros. Picanha e as viagens de avi\u00e3o prometidas por Lula se tornam inacess\u00edveis para os mais pobres.\" \/>\n<meta name=\"robots\" content=\"index, follow, max-snippet:-1, max-image-preview:large, max-video-preview:-1\" \/>\n<link rel=\"canonical\" href=\"https:\/\/noticiasdefato.net\/?p=2272\" \/>\n<meta property=\"og:locale\" content=\"pt_BR\" \/>\n<meta property=\"og:type\" content=\"article\" \/>\n<meta property=\"og:title\" content=\"PODER DE COMPRA DOS MAIS POBRES DEVER\u00c1 CAIR EM 2025 - Not\u00edcias de Fato\" \/>\n<meta property=\"og:description\" content=\"Itens b\u00e1sicos de alimenta\u00e7\u00e3o, conta de luz, g\u00e1s de cozinha e gasolina ficaram mais caros. Picanha e as viagens de avi\u00e3o prometidas por Lula se tornam inacess\u00edveis para os mais pobres.\" \/>\n<meta property=\"og:url\" content=\"https:\/\/noticiasdefato.net\/?p=2272\" \/>\n<meta property=\"og:site_name\" content=\"Not\u00edcias de Fato\" \/>\n<meta property=\"article:publisher\" content=\"https:\/\/fb.com\/noticiasdefato.jornal\" \/>\n<meta property=\"article:author\" content=\"http:\/\/fb.com\/\/noticiasdefato.jornal\" \/>\n<meta property=\"article:published_time\" content=\"2024-12-17T15:44:07+00:00\" \/>\n<meta property=\"article:modified_time\" content=\"2024-12-17T15:54:13+00:00\" \/>\n<meta property=\"og:image\" content=\"https:\/\/noticiasdefato.net\/wp-content\/uploads\/2024\/12\/image-27.png\" \/>\n\t<meta property=\"og:image:width\" content=\"690\" \/>\n\t<meta property=\"og:image:height\" content=\"518\" \/>\n\t<meta property=\"og:image:type\" content=\"image\/png\" \/>\n<meta name=\"author\" content=\"Noticias de Fato\" \/>\n<meta name=\"twitter:card\" content=\"summary_large_image\" \/>\n<meta name=\"twitter:creator\" content=\"@https:\/\/twitter.com\/NoticiasDeFato_\" \/>\n<meta name=\"twitter:site\" content=\"@noticiasdefato_\" \/>\n<meta name=\"twitter:label1\" content=\"Escrito por\" \/>\n\t<meta name=\"twitter:data1\" content=\"Noticias de Fato\" \/>\n\t<meta name=\"twitter:label2\" content=\"Est. tempo de leitura\" \/>\n\t<meta name=\"twitter:data2\" content=\"3 minutos\" \/>\n<script type=\"application\/ld+json\" class=\"yoast-schema-graph\">{\"@context\":\"https:\/\/schema.org\",\"@graph\":[{\"@type\":\"Article\",\"@id\":\"https:\/\/noticiasdefato.net\/?p=2272#article\",\"isPartOf\":{\"@id\":\"https:\/\/noticiasdefato.net\/?p=2272\"},\"author\":{\"name\":\"Noticias de Fato\",\"@id\":\"https:\/\/noticiasdefato.net\/#\/schema\/person\/982ce60211d95acf059cd702aa260d08\"},\"headline\":\"PODER DE COMPRA DOS MAIS POBRES DEVER\u00c1 CAIR EM 2025\",\"datePublished\":\"2024-12-17T15:44:07+00:00\",\"dateModified\":\"2024-12-17T15:54:13+00:00\",\"mainEntityOfPage\":{\"@id\":\"https:\/\/noticiasdefato.net\/?p=2272\"},\"wordCount\":464,\"commentCount\":0,\"publisher\":{\"@id\":\"https:\/\/noticiasdefato.net\/#organization\"},\"image\":{\"@id\":\"https:\/\/noticiasdefato.net\/?p=2272#primaryimage\"},\"thumbnailUrl\":\"https:\/\/noticiasdefato.net\/wp-content\/uploads\/2024\/12\/image-27.png\",\"articleSection\":[\"Geral\"],\"inLanguage\":\"pt-BR\",\"potentialAction\":[{\"@type\":\"CommentAction\",\"name\":\"Comment\",\"target\":[\"https:\/\/noticiasdefato.net\/?p=2272#respond\"]}]},{\"@type\":\"WebPage\",\"@id\":\"https:\/\/noticiasdefato.net\/?p=2272\",\"url\":\"https:\/\/noticiasdefato.net\/?p=2272\",\"name\":\"PODER DE COMPRA DOS MAIS POBRES DEVER\u00c1 CAIR EM 2025 - Not\u00edcias de Fato\",\"isPartOf\":{\"@id\":\"https:\/\/noticiasdefato.net\/#website\"},\"primaryImageOfPage\":{\"@id\":\"https:\/\/noticiasdefato.net\/?p=2272#primaryimage\"},\"image\":{\"@id\":\"https:\/\/noticiasdefato.net\/?p=2272#primaryimage\"},\"thumbnailUrl\":\"https:\/\/noticiasdefato.net\/wp-content\/uploads\/2024\/12\/image-27.png\",\"datePublished\":\"2024-12-17T15:44:07+00:00\",\"dateModified\":\"2024-12-17T15:54:13+00:00\",\"description\":\"Itens b\u00e1sicos de alimenta\u00e7\u00e3o, conta de luz, g\u00e1s de cozinha e gasolina ficaram mais caros. Picanha e as viagens de avi\u00e3o prometidas por Lula se tornam inacess\u00edveis para os mais pobres.\",\"breadcrumb\":{\"@id\":\"https:\/\/noticiasdefato.net\/?p=2272#breadcrumb\"},\"inLanguage\":\"pt-BR\",\"potentialAction\":[{\"@type\":\"ReadAction\",\"target\":[\"https:\/\/noticiasdefato.net\/?p=2272\"]}]},{\"@type\":\"ImageObject\",\"inLanguage\":\"pt-BR\",\"@id\":\"https:\/\/noticiasdefato.net\/?p=2272#primaryimage\",\"url\":\"https:\/\/noticiasdefato.net\/wp-content\/uploads\/2024\/12\/image-27.png\",\"contentUrl\":\"https:\/\/noticiasdefato.net\/wp-content\/uploads\/2024\/12\/image-27.png\",\"width\":690,\"height\":518},{\"@type\":\"BreadcrumbList\",\"@id\":\"https:\/\/noticiasdefato.net\/?p=2272#breadcrumb\",\"itemListElement\":[{\"@type\":\"ListItem\",\"position\":1,\"name\":\"In\u00edcio\",\"item\":\"https:\/\/noticiasdefato.net\/\"},{\"@type\":\"ListItem\",\"position\":2,\"name\":\"PODER DE COMPRA DOS MAIS POBRES DEVER\u00c1 CAIR EM 2025\"}]},{\"@type\":\"WebSite\",\"@id\":\"https:\/\/noticiasdefato.net\/#website\",\"url\":\"https:\/\/noticiasdefato.net\/\",\"name\":\"Not\u00edcias de Fato\",\"description\":\"Trabalhamos com honestidade, seriedade e com a verdade.\",\"publisher\":{\"@id\":\"https:\/\/noticiasdefato.net\/#organization\"},\"potentialAction\":[{\"@type\":\"SearchAction\",\"target\":{\"@type\":\"EntryPoint\",\"urlTemplate\":\"https:\/\/noticiasdefato.net\/?s={search_term_string}\"},\"query-input\":\"required name=search_term_string\"}],\"inLanguage\":\"pt-BR\"},{\"@type\":\"Organization\",\"@id\":\"https:\/\/noticiasdefato.net\/#organization\",\"name\":\"Not\u00edcias de Fato\",\"url\":\"https:\/\/noticiasdefato.net\/\",\"logo\":{\"@type\":\"ImageObject\",\"inLanguage\":\"pt-BR\",\"@id\":\"https:\/\/noticiasdefato.net\/#\/schema\/logo\/image\/\",\"url\":\"https:\/\/noticiasdefato.net\/wp-content\/uploads\/2024\/02\/cropped-logo_topo.png\",\"contentUrl\":\"https:\/\/noticiasdefato.net\/wp-content\/uploads\/2024\/02\/cropped-logo_topo.png\",\"width\":1948,\"height\":665,\"caption\":\"Not\u00edcias de Fato\"},\"image\":{\"@id\":\"https:\/\/noticiasdefato.net\/#\/schema\/logo\/image\/\"},\"sameAs\":[\"https:\/\/fb.com\/noticiasdefato.jornal\",\"https:\/\/x.com\/noticiasdefato_\",\"https:\/\/instagram.com\/noticiasdefato.jornal\",\"https:\/\/youtube.com\/@JornalNoticiasDeFato\"]},{\"@type\":\"Person\",\"@id\":\"https:\/\/noticiasdefato.net\/#\/schema\/person\/982ce60211d95acf059cd702aa260d08\",\"name\":\"Noticias de Fato\",\"image\":{\"@type\":\"ImageObject\",\"inLanguage\":\"pt-BR\",\"@id\":\"https:\/\/noticiasdefato.net\/#\/schema\/person\/image\/\",\"url\":\"https:\/\/secure.gravatar.com\/avatar\/700227fab2316f0366a1b5d4988d10f847249cf13293450527ac9553c994611a?s=96&d=mm&r=g\",\"contentUrl\":\"https:\/\/secure.gravatar.com\/avatar\/700227fab2316f0366a1b5d4988d10f847249cf13293450527ac9553c994611a?s=96&d=mm&r=g\",\"caption\":\"Noticias de Fato\"},\"sameAs\":[\"https:\/\/noticiasdefato.net\",\"http:\/\/fb.com\/\/noticiasdefato.jornal\",\"https:\/\/x.com\/https:\/\/twitter.com\/NoticiasDeFato_\"],\"url\":\"https:\/\/noticiasdefato.net\/?author=1\"}]}<\/script>\n<!-- \/ Yoast SEO plugin. -->","yoast_head_json":{"title":"PODER DE COMPRA DOS MAIS POBRES DEVER\u00c1 CAIR EM 2025 - Not\u00edcias de Fato","description":"Itens b\u00e1sicos de alimenta\u00e7\u00e3o, conta de luz, g\u00e1s de cozinha e gasolina ficaram mais caros. Picanha e as viagens de avi\u00e3o prometidas por Lula se tornam inacess\u00edveis para os mais pobres.","robots":{"index":"index","follow":"follow","max-snippet":"max-snippet:-1","max-image-preview":"max-image-preview:large","max-video-preview":"max-video-preview:-1"},"canonical":"https:\/\/noticiasdefato.net\/?p=2272","og_locale":"pt_BR","og_type":"article","og_title":"PODER DE COMPRA DOS MAIS POBRES DEVER\u00c1 CAIR EM 2025 - Not\u00edcias de Fato","og_description":"Itens b\u00e1sicos de alimenta\u00e7\u00e3o, conta de luz, g\u00e1s de cozinha e gasolina ficaram mais caros. Picanha e as viagens de avi\u00e3o prometidas por Lula se tornam inacess\u00edveis para os mais pobres.","og_url":"https:\/\/noticiasdefato.net\/?p=2272","og_site_name":"Not\u00edcias de Fato","article_publisher":"https:\/\/fb.com\/noticiasdefato.jornal","article_author":"http:\/\/fb.com\/\/noticiasdefato.jornal","article_published_time":"2024-12-17T15:44:07+00:00","article_modified_time":"2024-12-17T15:54:13+00:00","og_image":[{"width":690,"height":518,"url":"https:\/\/noticiasdefato.net\/wp-content\/uploads\/2024\/12\/image-27.png","type":"image\/png"}],"author":"Noticias de Fato","twitter_card":"summary_large_image","twitter_creator":"@https:\/\/twitter.com\/NoticiasDeFato_","twitter_site":"@noticiasdefato_","twitter_misc":{"Escrito por":"Noticias de Fato","Est. tempo de leitura":"3 minutos"},"schema":{"@context":"https:\/\/schema.org","@graph":[{"@type":"Article","@id":"https:\/\/noticiasdefato.net\/?p=2272#article","isPartOf":{"@id":"https:\/\/noticiasdefato.net\/?p=2272"},"author":{"name":"Noticias de Fato","@id":"https:\/\/noticiasdefato.net\/#\/schema\/person\/982ce60211d95acf059cd702aa260d08"},"headline":"PODER DE COMPRA DOS MAIS POBRES DEVER\u00c1 CAIR EM 2025","datePublished":"2024-12-17T15:44:07+00:00","dateModified":"2024-12-17T15:54:13+00:00","mainEntityOfPage":{"@id":"https:\/\/noticiasdefato.net\/?p=2272"},"wordCount":464,"commentCount":0,"publisher":{"@id":"https:\/\/noticiasdefato.net\/#organization"},"image":{"@id":"https:\/\/noticiasdefato.net\/?p=2272#primaryimage"},"thumbnailUrl":"https:\/\/noticiasdefato.net\/wp-content\/uploads\/2024\/12\/image-27.png","articleSection":["Geral"],"inLanguage":"pt-BR","potentialAction":[{"@type":"CommentAction","name":"Comment","target":["https:\/\/noticiasdefato.net\/?p=2272#respond"]}]},{"@type":"WebPage","@id":"https:\/\/noticiasdefato.net\/?p=2272","url":"https:\/\/noticiasdefato.net\/?p=2272","name":"PODER DE COMPRA DOS MAIS POBRES DEVER\u00c1 CAIR EM 2025 - Not\u00edcias de Fato","isPartOf":{"@id":"https:\/\/noticiasdefato.net\/#website"},"primaryImageOfPage":{"@id":"https:\/\/noticiasdefato.net\/?p=2272#primaryimage"},"image":{"@id":"https:\/\/noticiasdefato.net\/?p=2272#primaryimage"},"thumbnailUrl":"https:\/\/noticiasdefato.net\/wp-content\/uploads\/2024\/12\/image-27.png","datePublished":"2024-12-17T15:44:07+00:00","dateModified":"2024-12-17T15:54:13+00:00","description":"Itens b\u00e1sicos de alimenta\u00e7\u00e3o, conta de luz, g\u00e1s de cozinha e gasolina ficaram mais caros. Picanha e as viagens de avi\u00e3o prometidas por Lula se tornam inacess\u00edveis para os mais pobres.","breadcrumb":{"@id":"https:\/\/noticiasdefato.net\/?p=2272#breadcrumb"},"inLanguage":"pt-BR","potentialAction":[{"@type":"ReadAction","target":["https:\/\/noticiasdefato.net\/?p=2272"]}]},{"@type":"ImageObject","inLanguage":"pt-BR","@id":"https:\/\/noticiasdefato.net\/?p=2272#primaryimage","url":"https:\/\/noticiasdefato.net\/wp-content\/uploads\/2024\/12\/image-27.png","contentUrl":"https:\/\/noticiasdefato.net\/wp-content\/uploads\/2024\/12\/image-27.png","width":690,"height":518},{"@type":"BreadcrumbList","@id":"https:\/\/noticiasdefato.net\/?p=2272#breadcrumb","itemListElement":[{"@type":"ListItem","position":1,"name":"In\u00edcio","item":"https:\/\/noticiasdefato.net\/"},{"@type":"ListItem","position":2,"name":"PODER DE COMPRA DOS MAIS POBRES DEVER\u00c1 CAIR EM 2025"}]},{"@type":"WebSite","@id":"https:\/\/noticiasdefato.net\/#website","url":"https:\/\/noticiasdefato.net\/","name":"Not\u00edcias de Fato","description":"Trabalhamos com honestidade, seriedade e com a verdade.","publisher":{"@id":"https:\/\/noticiasdefato.net\/#organization"},"potentialAction":[{"@type":"SearchAction","target":{"@type":"EntryPoint","urlTemplate":"https:\/\/noticiasdefato.net\/?s={search_term_string}"},"query-input":"required name=search_term_string"}],"inLanguage":"pt-BR"},{"@type":"Organization","@id":"https:\/\/noticiasdefato.net\/#organization","name":"Not\u00edcias de Fato","url":"https:\/\/noticiasdefato.net\/","logo":{"@type":"ImageObject","inLanguage":"pt-BR","@id":"https:\/\/noticiasdefato.net\/#\/schema\/logo\/image\/","url":"https:\/\/noticiasdefato.net\/wp-content\/uploads\/2024\/02\/cropped-logo_topo.png","contentUrl":"https:\/\/noticiasdefato.net\/wp-content\/uploads\/2024\/02\/cropped-logo_topo.png","width":1948,"height":665,"caption":"Not\u00edcias de Fato"},"image":{"@id":"https:\/\/noticiasdefato.net\/#\/schema\/logo\/image\/"},"sameAs":["https:\/\/fb.com\/noticiasdefato.jornal","https:\/\/x.com\/noticiasdefato_","https:\/\/instagram.com\/noticiasdefato.jornal","https:\/\/youtube.com\/@JornalNoticiasDeFato"]},{"@type":"Person","@id":"https:\/\/noticiasdefato.net\/#\/schema\/person\/982ce60211d95acf059cd702aa260d08","name":"Noticias de Fato","image":{"@type":"ImageObject","inLanguage":"pt-BR","@id":"https:\/\/noticiasdefato.net\/#\/schema\/person\/image\/","url":"https:\/\/secure.gravatar.com\/avatar\/700227fab2316f0366a1b5d4988d10f847249cf13293450527ac9553c994611a?s=96&d=mm&r=g","contentUrl":"https:\/\/secure.gravatar.com\/avatar\/700227fab2316f0366a1b5d4988d10f847249cf13293450527ac9553c994611a?s=96&d=mm&r=g","caption":"Noticias de Fato"},"sameAs":["https:\/\/noticiasdefato.net","http:\/\/fb.com\/\/noticiasdefato.jornal","https:\/\/x.com\/https:\/\/twitter.com\/NoticiasDeFato_"],"url":"https:\/\/noticiasdefato.net\/?author=1"}]}},"_links":{"self":[{"href":"https:\/\/noticiasdefato.net\/index.php?rest_route=\/wp\/v2\/posts\/2272","targetHints":{"allow":["GET"]}}],"collection":[{"href":"https:\/\/noticiasdefato.net\/index.php?rest_route=\/wp\/v2\/posts"}],"about":[{"href":"https:\/\/noticiasdefato.net\/index.php?rest_route=\/wp\/v2\/types\/post"}],"author":[{"embeddable":true,"href":"https:\/\/noticiasdefato.net\/index.php?rest_route=\/wp\/v2\/users\/1"}],"replies":[{"embeddable":true,"href":"https:\/\/noticiasdefato.net\/index.php?rest_route=%2Fwp%2Fv2%2Fcomments&post=2272"}],"version-history":[{"count":2,"href":"https:\/\/noticiasdefato.net\/index.php?rest_route=\/wp\/v2\/posts\/2272\/revisions"}],"predecessor-version":[{"id":2277,"href":"https:\/\/noticiasdefato.net\/index.php?rest_route=\/wp\/v2\/posts\/2272\/revisions\/2277"}],"wp:featuredmedia":[{"embeddable":true,"href":"https:\/\/noticiasdefato.net\/index.php?rest_route=\/wp\/v2\/media\/2274"}],"wp:attachment":[{"href":"https:\/\/noticiasdefato.net\/index.php?rest_route=%2Fwp%2Fv2%2Fmedia&parent=2272"}],"wp:term":[{"taxonomy":"category","embeddable":true,"href":"https:\/\/noticiasdefato.net\/index.php?rest_route=%2Fwp%2Fv2%2Fcategories&post=2272"},{"taxonomy":"post_tag","embeddable":true,"href":"https:\/\/noticiasdefato.net\/index.php?rest_route=%2Fwp%2Fv2%2Ftags&post=2272"}],"curies":[{"name":"wp","href":"https:\/\/api.w.org\/{rel}","templated":true}]}}