{"id":2278,"date":"2024-12-19T14:43:02","date_gmt":"2024-12-19T17:43:02","guid":{"rendered":"https:\/\/noticiasdefato.net\/?p=2278"},"modified":"2024-12-19T15:11:14","modified_gmt":"2024-12-19T18:11:14","slug":"alfenas-tera-dificuldade-orcamentaria-revela-estudo","status":"publish","type":"post","link":"https:\/\/noticiasdefato.net\/?p=2278","title":{"rendered":"ALFENAS TER\u00c1 DIFICULDADE OR\u00c7AMENT\u00c1RIA, REVELA ESTUDO"},"content":{"rendered":"\n<p><em>A popula\u00e7\u00e3o mais pobre seria a mais afetada com falta de medicamentos e atraso no fornecimento de cestas b\u00e1sicas. An\u00e1lise realizada pelo Instituto de Ci\u00eancias Sociais Aplicadas da Unifal, campus Varginha, analizou as 10 cidades mais populosas do sul de Minas.<\/em><\/p>\n\n\n\n<p><a href=\"https:\/\/jornal.unifal-mg.edu.br\/wp-content\/uploads\/2024\/11\/Relatorio-Condicao-Financeira-Final.pdf\">Um estudo<\/a> produzido pelo Instituto de Ci\u00eancias Sociais Aplicadas (ICSA) da Unifal, campus de Varginha, traz dados preocupantes sobre a sa\u00fade financeira de Alfenas. O levantamento apontou que&nbsp;a cidade apresentou a menor pontua\u00e7\u00e3o de condi\u00e7\u00e3o financeira dentre os 10 munic\u00edpios mais populosos do sul de Minas, registrando \u00edndice negativo de <strong>-3,4 pontos<\/strong>.<\/p>\n\n\n\n<p><strong>ALFENAS NA LANTERNA<\/strong><\/p>\n\n\n\n<p>Para a avalia\u00e7\u00e3o realizada no estudo, as cidades foram classificadas com base em dez indicadores financeiros. A an\u00e1lise considerou fatores como receitas, despesas, estrutura de endividamento, capacidade de gera\u00e7\u00e3o de receita pr\u00f3pria, disponibilidade financeira, dentre outros pontos.<\/p>\n\n\n<div class=\"wp-block-image\">\n<figure class=\"aligncenter size-full\"><img fetchpriority=\"high\" decoding=\"async\" width=\"529\" height=\"429\" src=\"https:\/\/noticiasdefato.net\/wp-content\/uploads\/2024\/12\/image-31.png\" alt=\"\" class=\"wp-image-2282\" srcset=\"https:\/\/noticiasdefato.net\/wp-content\/uploads\/2024\/12\/image-31.png 529w, https:\/\/noticiasdefato.net\/wp-content\/uploads\/2024\/12\/image-31-300x243.png 300w, https:\/\/noticiasdefato.net\/wp-content\/uploads\/2024\/12\/image-31-111x90.png 111w\" sizes=\"(max-width: 529px) 100vw, 529px\" \/><\/figure>\n<\/div>\n\n\n<p><\/p>\n\n\n\n<p>Segundo o professor Cl\u00e1udio Roberto Car\u00edssimo \u201cA an\u00e1lise da condi\u00e7\u00e3o financeira representa a capacidade dos governos em gerar caixa suficiente para pagar as suas contas, cumprir com o or\u00e7amento planejado e ofertar o n\u00edvel de servi\u00e7os proposto\u201d, explica.<\/p>\n\n\n\n<p>Cl\u00e1udio Car\u00edssimo tamb\u00e9m destaca que &#8220;Uma boa condi\u00e7\u00e3o financeira suporta per\u00edodos de crise, mant\u00e9m o equil\u00edbrio fiscal e conduz para uma gest\u00e3o fiscal respons\u00e1vel.&#8221;<\/p>\n\n\n\n<p><strong>OS MUNIC\u00cdPIOS ANALISADOS<\/strong><\/p>\n\n\n\n<p>Os munic\u00edpios analisados foram Po\u00e7os de Caldas, Pouso Alegre, Varginha, Passos, Lavras, Itajub\u00e1, <strong>Alfenas<\/strong>, Tr\u00eas Cora\u00e7\u00f5es, S\u00e3o Sebasti\u00e3o do Para\u00edso e Tr\u00eas Pontas. \u201cOs resultados mostram que munic\u00edpios com menor popula\u00e7\u00e3o, como Tr\u00eas Pontas, podem alcan\u00e7ar indicadores financeiros s\u00f3lidos, equivalentes ou at\u00e9 superiores aos dos maiores munic\u00edpios\u201d, destaca o professor Cl\u00e1udio Roberto Car\u00edssimo.<\/p>\n\n\n<div class=\"wp-block-image\">\n<figure class=\"aligncenter size-full\"><img decoding=\"async\" width=\"447\" height=\"459\" src=\"https:\/\/noticiasdefato.net\/wp-content\/uploads\/2024\/12\/image-32.png\" alt=\"\" class=\"wp-image-2283\" srcset=\"https:\/\/noticiasdefato.net\/wp-content\/uploads\/2024\/12\/image-32.png 447w, https:\/\/noticiasdefato.net\/wp-content\/uploads\/2024\/12\/image-32-292x300.png 292w, https:\/\/noticiasdefato.net\/wp-content\/uploads\/2024\/12\/image-32-88x90.png 88w\" sizes=\"(max-width: 447px) 100vw, 447px\" \/><\/figure>\n<\/div>\n\n\n<p><\/p>\n\n\n\n<p><strong>ALFENAS BEIRA O DESEQUIL\u00cdBRIO FISCAL<\/strong><\/p>\n\n\n\n<p>O estudo evidencia munic\u00edpios tendo em v\u00e1rios anos a pontua\u00e7\u00e3o C, que pode ser considerada uma pontua\u00e7\u00e3o fraca. As pontua\u00e7\u00f5es v\u00e3o de A (excelente) a D (situa\u00e7\u00e3o de desequil\u00edbrio fiscal). Nesse aspecto, Alfenas aparece na lanterna, tendo apresentado \u00edndice C nos \u00faltimos 5 anos.<\/p>\n\n\n<div class=\"wp-block-image\">\n<figure class=\"aligncenter size-full\"><img decoding=\"async\" width=\"574\" height=\"357\" src=\"https:\/\/noticiasdefato.net\/wp-content\/uploads\/2024\/12\/image-33.png\" alt=\"\" class=\"wp-image-2284\" srcset=\"https:\/\/noticiasdefato.net\/wp-content\/uploads\/2024\/12\/image-33.png 574w, https:\/\/noticiasdefato.net\/wp-content\/uploads\/2024\/12\/image-33-300x187.png 300w, https:\/\/noticiasdefato.net\/wp-content\/uploads\/2024\/12\/image-33-145x90.png 145w\" sizes=\"(max-width: 574px) 100vw, 574px\" \/><\/figure>\n<\/div>\n\n\n<p><\/p>\n\n\n\n<p><strong>ALFENAS N\u00c3O TERIA CONDI\u00c7\u00c3O PARA ENFRENTAR UMA CRISE<\/strong><\/p>\n\n\n\n<p>O agravamento da crise fiscal tem gerado temores de que a cidade sofra com atrasos no pagamento de fornecedores e at\u00e9 mesmo de servidores p\u00fablicos, o que pode afetar diretamente a qualidade de vida da popula\u00e7\u00e3o. Isso tende a piorar \u00e0 partir de 2025 pois, segundo analistas do mercado financeiro, o cen\u00e1rio econ\u00f4mico nacional caminha para uma piora significativa das contas p\u00fablicas, de modo que o governo central (presidido por Lula) possa efetuar atraso ou at\u00e9 redu\u00e7\u00e3o no repasse aos munic\u00edpios.<\/p>\n\n\n\n<p>Especialistas alertam que, al\u00e9m dos impactos no pagamento de sal\u00e1rios dos funcion\u00e1rios p\u00fablicos, os atrasos podem prejudicar a compra de insumos essenciais, como medicamentos, fundamentais para o atendimento de sa\u00fade da popula\u00e7\u00e3o. Recentemente, j\u00e1 foram observados relatos de desabastecimento de rem\u00e9dios em unidades de sa\u00fade, uma situa\u00e7\u00e3o que pode piorar nos pr\u00f3ximos meses caso a gest\u00e3o municipal n\u00e3o consiga reverter sua grave situa\u00e7\u00e3o financeira.<\/p>\n\n\n\n<p><strong>OS MAIS POBRES PAGAM A CONTA<\/strong><\/p>\n\n\n\n<p>A crise or\u00e7ament\u00e1ria tamb\u00e9m afeta outros servi\u00e7os essenciais que dependem de contratos com fornecedores e do funcionamento regular das finan\u00e7as p\u00fablicas. O atraso nos repasses financeiros da Prefeitura pode resultar na suspens\u00e3o tempor\u00e1ria desses servi\u00e7os, deixando a popula\u00e7\u00e3o sem assist\u00eancia do poder p\u00fablico.<\/p>\n\n\n\n<p>Moradores da cidade que j\u00e1 vivenciam os efeitos dessa crise j\u00e1 reclamaram nas redes sociais a falta de medicamentos no CDM, atraso de meses na entrega de cesta b\u00e1sica, e vinculam os atrasos na coleta de lixo com a falta de pagamento da empresa terceirizada, respons\u00e1vel pela coleta de lixo na cidade, conforme mat\u00e9rias <a href=\"https:\/\/noticiasdefato.net\/?p=2169\">[1]<\/a> e <a href=\"https:\/\/noticiasdefato.net\/?p=2181\">[2]<\/a> publicada pelo NF (Not\u00edcias de Fato).<\/p>\n\n\n\n<p><\/p>\n","protected":false},"excerpt":{"rendered":"<p>A popula\u00e7\u00e3o mais pobre seria a mais afetada com falta de medicamentos e atraso no fornecimento de cestas b\u00e1sicas. An\u00e1lise realizada pelo Instituto de Ci\u00eancias Sociais Aplicadas da Unifal, campus Varginha, analizou as 10 cidades mais populosas do sul de Minas. <a href=\"https:\/\/noticiasdefato.net\/?p=2278\" class=\"more-link\">Continuar lendo <span class=\"screen-reader-text\">ALFENAS TER\u00c1 DIFICULDADE OR\u00c7AMENT\u00c1RIA, REVELA ESTUDO<\/span><\/a><\/p>\n","protected":false},"author":1,"featured_media":1878,"comment_status":"open","ping_status":"open","sticky":false,"template":"","format":"standard","meta":{"footnotes":""},"categories":[15,17],"tags":[],"class_list":["post-2278","post","type-post","status-publish","format-standard","has-post-thumbnail","hentry","category-destaques","category-economia"],"yoast_head":"<!-- This site is optimized with the Yoast SEO plugin v23.2 - https:\/\/yoast.com\/wordpress\/plugins\/seo\/ -->\n<title>ALFENAS TER\u00c1 DIFICULDADE OR\u00c7AMENT\u00c1RIA, REVELA ESTUDO - Not\u00edcias de Fato<\/title>\n<meta name=\"description\" content=\"A popula\u00e7\u00e3o mais pobre seria a mais afetada com falta de medicamentos e atraso no fornecimento de cestas b\u00e1sicas. An\u00e1lise realizada pelo Instituto de Ci\u00eancias Sociais Aplicadas da Unifal, campus Varginha, analizou as 10 cidades mais populosas do sul de Minas.\" \/>\n<meta name=\"robots\" content=\"index, follow, max-snippet:-1, max-image-preview:large, max-video-preview:-1\" \/>\n<link rel=\"canonical\" href=\"https:\/\/noticiasdefato.net\/?p=2278\" \/>\n<meta property=\"og:locale\" content=\"pt_BR\" \/>\n<meta property=\"og:type\" content=\"article\" \/>\n<meta property=\"og:title\" content=\"ALFENAS TER\u00c1 DIFICULDADE OR\u00c7AMENT\u00c1RIA, REVELA ESTUDO - Not\u00edcias de Fato\" \/>\n<meta property=\"og:description\" content=\"A popula\u00e7\u00e3o mais pobre seria a mais afetada com falta de medicamentos e atraso no fornecimento de cestas b\u00e1sicas. An\u00e1lise realizada pelo Instituto de Ci\u00eancias Sociais Aplicadas da Unifal, campus Varginha, analizou as 10 cidades mais populosas do sul de Minas.\" \/>\n<meta property=\"og:url\" content=\"https:\/\/noticiasdefato.net\/?p=2278\" \/>\n<meta property=\"og:site_name\" content=\"Not\u00edcias de Fato\" \/>\n<meta property=\"article:publisher\" content=\"https:\/\/fb.com\/noticiasdefato.jornal\" \/>\n<meta property=\"article:author\" content=\"http:\/\/fb.com\/\/noticiasdefato.jornal\" \/>\n<meta property=\"article:published_time\" content=\"2024-12-19T17:43:02+00:00\" \/>\n<meta property=\"article:modified_time\" content=\"2024-12-19T18:11:14+00:00\" \/>\n<meta property=\"og:image\" content=\"https:\/\/noticiasdefato.net\/wp-content\/uploads\/2024\/10\/Alfenas.jpg\" \/>\n\t<meta property=\"og:image:width\" content=\"656\" \/>\n\t<meta property=\"og:image:height\" content=\"437\" \/>\n\t<meta property=\"og:image:type\" content=\"image\/jpeg\" \/>\n<meta name=\"author\" content=\"Noticias de Fato\" \/>\n<meta name=\"twitter:card\" content=\"summary_large_image\" \/>\n<meta name=\"twitter:creator\" content=\"@https:\/\/twitter.com\/NoticiasDeFato_\" \/>\n<meta name=\"twitter:site\" content=\"@noticiasdefato_\" \/>\n<meta name=\"twitter:label1\" content=\"Escrito por\" \/>\n\t<meta name=\"twitter:data1\" content=\"Noticias de Fato\" \/>\n\t<meta name=\"twitter:label2\" content=\"Est. tempo de leitura\" \/>\n\t<meta name=\"twitter:data2\" content=\"4 minutos\" \/>\n<script type=\"application\/ld+json\" class=\"yoast-schema-graph\">{\"@context\":\"https:\/\/schema.org\",\"@graph\":[{\"@type\":\"Article\",\"@id\":\"https:\/\/noticiasdefato.net\/?p=2278#article\",\"isPartOf\":{\"@id\":\"https:\/\/noticiasdefato.net\/?p=2278\"},\"author\":{\"name\":\"Noticias de Fato\",\"@id\":\"https:\/\/noticiasdefato.net\/#\/schema\/person\/982ce60211d95acf059cd702aa260d08\"},\"headline\":\"ALFENAS TER\u00c1 DIFICULDADE OR\u00c7AMENT\u00c1RIA, REVELA ESTUDO\",\"datePublished\":\"2024-12-19T17:43:02+00:00\",\"dateModified\":\"2024-12-19T18:11:14+00:00\",\"mainEntityOfPage\":{\"@id\":\"https:\/\/noticiasdefato.net\/?p=2278\"},\"wordCount\":661,\"commentCount\":3,\"publisher\":{\"@id\":\"https:\/\/noticiasdefato.net\/#organization\"},\"image\":{\"@id\":\"https:\/\/noticiasdefato.net\/?p=2278#primaryimage\"},\"thumbnailUrl\":\"https:\/\/noticiasdefato.net\/wp-content\/uploads\/2024\/10\/Alfenas.jpg\",\"articleSection\":[\"Destaques\",\"Economia\"],\"inLanguage\":\"pt-BR\",\"potentialAction\":[{\"@type\":\"CommentAction\",\"name\":\"Comment\",\"target\":[\"https:\/\/noticiasdefato.net\/?p=2278#respond\"]}]},{\"@type\":\"WebPage\",\"@id\":\"https:\/\/noticiasdefato.net\/?p=2278\",\"url\":\"https:\/\/noticiasdefato.net\/?p=2278\",\"name\":\"ALFENAS TER\u00c1 DIFICULDADE OR\u00c7AMENT\u00c1RIA, REVELA ESTUDO - Not\u00edcias de Fato\",\"isPartOf\":{\"@id\":\"https:\/\/noticiasdefato.net\/#website\"},\"primaryImageOfPage\":{\"@id\":\"https:\/\/noticiasdefato.net\/?p=2278#primaryimage\"},\"image\":{\"@id\":\"https:\/\/noticiasdefato.net\/?p=2278#primaryimage\"},\"thumbnailUrl\":\"https:\/\/noticiasdefato.net\/wp-content\/uploads\/2024\/10\/Alfenas.jpg\",\"datePublished\":\"2024-12-19T17:43:02+00:00\",\"dateModified\":\"2024-12-19T18:11:14+00:00\",\"description\":\"A popula\u00e7\u00e3o mais pobre seria a mais afetada com falta de medicamentos e atraso no fornecimento de cestas b\u00e1sicas. An\u00e1lise realizada pelo Instituto de Ci\u00eancias Sociais Aplicadas da Unifal, campus Varginha, analizou as 10 cidades mais populosas do sul de Minas.\",\"breadcrumb\":{\"@id\":\"https:\/\/noticiasdefato.net\/?p=2278#breadcrumb\"},\"inLanguage\":\"pt-BR\",\"potentialAction\":[{\"@type\":\"ReadAction\",\"target\":[\"https:\/\/noticiasdefato.net\/?p=2278\"]}]},{\"@type\":\"ImageObject\",\"inLanguage\":\"pt-BR\",\"@id\":\"https:\/\/noticiasdefato.net\/?p=2278#primaryimage\",\"url\":\"https:\/\/noticiasdefato.net\/wp-content\/uploads\/2024\/10\/Alfenas.jpg\",\"contentUrl\":\"https:\/\/noticiasdefato.net\/wp-content\/uploads\/2024\/10\/Alfenas.jpg\",\"width\":656,\"height\":437},{\"@type\":\"BreadcrumbList\",\"@id\":\"https:\/\/noticiasdefato.net\/?p=2278#breadcrumb\",\"itemListElement\":[{\"@type\":\"ListItem\",\"position\":1,\"name\":\"In\u00edcio\",\"item\":\"https:\/\/noticiasdefato.net\/\"},{\"@type\":\"ListItem\",\"position\":2,\"name\":\"ALFENAS TER\u00c1 DIFICULDADE OR\u00c7AMENT\u00c1RIA, REVELA ESTUDO\"}]},{\"@type\":\"WebSite\",\"@id\":\"https:\/\/noticiasdefato.net\/#website\",\"url\":\"https:\/\/noticiasdefato.net\/\",\"name\":\"Not\u00edcias de Fato\",\"description\":\"Trabalhamos com honestidade, seriedade e com a verdade.\",\"publisher\":{\"@id\":\"https:\/\/noticiasdefato.net\/#organization\"},\"potentialAction\":[{\"@type\":\"SearchAction\",\"target\":{\"@type\":\"EntryPoint\",\"urlTemplate\":\"https:\/\/noticiasdefato.net\/?s={search_term_string}\"},\"query-input\":\"required name=search_term_string\"}],\"inLanguage\":\"pt-BR\"},{\"@type\":\"Organization\",\"@id\":\"https:\/\/noticiasdefato.net\/#organization\",\"name\":\"Not\u00edcias de Fato\",\"url\":\"https:\/\/noticiasdefato.net\/\",\"logo\":{\"@type\":\"ImageObject\",\"inLanguage\":\"pt-BR\",\"@id\":\"https:\/\/noticiasdefato.net\/#\/schema\/logo\/image\/\",\"url\":\"https:\/\/noticiasdefato.net\/wp-content\/uploads\/2024\/02\/cropped-logo_topo.png\",\"contentUrl\":\"https:\/\/noticiasdefato.net\/wp-content\/uploads\/2024\/02\/cropped-logo_topo.png\",\"width\":1948,\"height\":665,\"caption\":\"Not\u00edcias de Fato\"},\"image\":{\"@id\":\"https:\/\/noticiasdefato.net\/#\/schema\/logo\/image\/\"},\"sameAs\":[\"https:\/\/fb.com\/noticiasdefato.jornal\",\"https:\/\/x.com\/noticiasdefato_\",\"https:\/\/instagram.com\/noticiasdefato.jornal\",\"https:\/\/youtube.com\/@JornalNoticiasDeFato\"]},{\"@type\":\"Person\",\"@id\":\"https:\/\/noticiasdefato.net\/#\/schema\/person\/982ce60211d95acf059cd702aa260d08\",\"name\":\"Noticias de Fato\",\"image\":{\"@type\":\"ImageObject\",\"inLanguage\":\"pt-BR\",\"@id\":\"https:\/\/noticiasdefato.net\/#\/schema\/person\/image\/\",\"url\":\"https:\/\/secure.gravatar.com\/avatar\/700227fab2316f0366a1b5d4988d10f847249cf13293450527ac9553c994611a?s=96&d=mm&r=g\",\"contentUrl\":\"https:\/\/secure.gravatar.com\/avatar\/700227fab2316f0366a1b5d4988d10f847249cf13293450527ac9553c994611a?s=96&d=mm&r=g\",\"caption\":\"Noticias de Fato\"},\"sameAs\":[\"https:\/\/noticiasdefato.net\",\"http:\/\/fb.com\/\/noticiasdefato.jornal\",\"https:\/\/x.com\/https:\/\/twitter.com\/NoticiasDeFato_\"],\"url\":\"https:\/\/noticiasdefato.net\/?author=1\"}]}<\/script>\n<!-- \/ Yoast SEO plugin. -->","yoast_head_json":{"title":"ALFENAS TER\u00c1 DIFICULDADE OR\u00c7AMENT\u00c1RIA, REVELA ESTUDO - Not\u00edcias de Fato","description":"A popula\u00e7\u00e3o mais pobre seria a mais afetada com falta de medicamentos e atraso no fornecimento de cestas b\u00e1sicas. An\u00e1lise realizada pelo Instituto de Ci\u00eancias Sociais Aplicadas da Unifal, campus Varginha, analizou as 10 cidades mais populosas do sul de Minas.","robots":{"index":"index","follow":"follow","max-snippet":"max-snippet:-1","max-image-preview":"max-image-preview:large","max-video-preview":"max-video-preview:-1"},"canonical":"https:\/\/noticiasdefato.net\/?p=2278","og_locale":"pt_BR","og_type":"article","og_title":"ALFENAS TER\u00c1 DIFICULDADE OR\u00c7AMENT\u00c1RIA, REVELA ESTUDO - Not\u00edcias de Fato","og_description":"A popula\u00e7\u00e3o mais pobre seria a mais afetada com falta de medicamentos e atraso no fornecimento de cestas b\u00e1sicas. An\u00e1lise realizada pelo Instituto de Ci\u00eancias Sociais Aplicadas da Unifal, campus Varginha, analizou as 10 cidades mais populosas do sul de Minas.","og_url":"https:\/\/noticiasdefato.net\/?p=2278","og_site_name":"Not\u00edcias de Fato","article_publisher":"https:\/\/fb.com\/noticiasdefato.jornal","article_author":"http:\/\/fb.com\/\/noticiasdefato.jornal","article_published_time":"2024-12-19T17:43:02+00:00","article_modified_time":"2024-12-19T18:11:14+00:00","og_image":[{"width":656,"height":437,"url":"https:\/\/noticiasdefato.net\/wp-content\/uploads\/2024\/10\/Alfenas.jpg","type":"image\/jpeg"}],"author":"Noticias de Fato","twitter_card":"summary_large_image","twitter_creator":"@https:\/\/twitter.com\/NoticiasDeFato_","twitter_site":"@noticiasdefato_","twitter_misc":{"Escrito por":"Noticias de Fato","Est. tempo de leitura":"4 minutos"},"schema":{"@context":"https:\/\/schema.org","@graph":[{"@type":"Article","@id":"https:\/\/noticiasdefato.net\/?p=2278#article","isPartOf":{"@id":"https:\/\/noticiasdefato.net\/?p=2278"},"author":{"name":"Noticias de Fato","@id":"https:\/\/noticiasdefato.net\/#\/schema\/person\/982ce60211d95acf059cd702aa260d08"},"headline":"ALFENAS TER\u00c1 DIFICULDADE OR\u00c7AMENT\u00c1RIA, REVELA ESTUDO","datePublished":"2024-12-19T17:43:02+00:00","dateModified":"2024-12-19T18:11:14+00:00","mainEntityOfPage":{"@id":"https:\/\/noticiasdefato.net\/?p=2278"},"wordCount":661,"commentCount":3,"publisher":{"@id":"https:\/\/noticiasdefato.net\/#organization"},"image":{"@id":"https:\/\/noticiasdefato.net\/?p=2278#primaryimage"},"thumbnailUrl":"https:\/\/noticiasdefato.net\/wp-content\/uploads\/2024\/10\/Alfenas.jpg","articleSection":["Destaques","Economia"],"inLanguage":"pt-BR","potentialAction":[{"@type":"CommentAction","name":"Comment","target":["https:\/\/noticiasdefato.net\/?p=2278#respond"]}]},{"@type":"WebPage","@id":"https:\/\/noticiasdefato.net\/?p=2278","url":"https:\/\/noticiasdefato.net\/?p=2278","name":"ALFENAS TER\u00c1 DIFICULDADE OR\u00c7AMENT\u00c1RIA, REVELA ESTUDO - Not\u00edcias de Fato","isPartOf":{"@id":"https:\/\/noticiasdefato.net\/#website"},"primaryImageOfPage":{"@id":"https:\/\/noticiasdefato.net\/?p=2278#primaryimage"},"image":{"@id":"https:\/\/noticiasdefato.net\/?p=2278#primaryimage"},"thumbnailUrl":"https:\/\/noticiasdefato.net\/wp-content\/uploads\/2024\/10\/Alfenas.jpg","datePublished":"2024-12-19T17:43:02+00:00","dateModified":"2024-12-19T18:11:14+00:00","description":"A popula\u00e7\u00e3o mais pobre seria a mais afetada com falta de medicamentos e atraso no fornecimento de cestas b\u00e1sicas. An\u00e1lise realizada pelo Instituto de Ci\u00eancias Sociais Aplicadas da Unifal, campus Varginha, analizou as 10 cidades mais populosas do sul de Minas.","breadcrumb":{"@id":"https:\/\/noticiasdefato.net\/?p=2278#breadcrumb"},"inLanguage":"pt-BR","potentialAction":[{"@type":"ReadAction","target":["https:\/\/noticiasdefato.net\/?p=2278"]}]},{"@type":"ImageObject","inLanguage":"pt-BR","@id":"https:\/\/noticiasdefato.net\/?p=2278#primaryimage","url":"https:\/\/noticiasdefato.net\/wp-content\/uploads\/2024\/10\/Alfenas.jpg","contentUrl":"https:\/\/noticiasdefato.net\/wp-content\/uploads\/2024\/10\/Alfenas.jpg","width":656,"height":437},{"@type":"BreadcrumbList","@id":"https:\/\/noticiasdefato.net\/?p=2278#breadcrumb","itemListElement":[{"@type":"ListItem","position":1,"name":"In\u00edcio","item":"https:\/\/noticiasdefato.net\/"},{"@type":"ListItem","position":2,"name":"ALFENAS TER\u00c1 DIFICULDADE OR\u00c7AMENT\u00c1RIA, REVELA ESTUDO"}]},{"@type":"WebSite","@id":"https:\/\/noticiasdefato.net\/#website","url":"https:\/\/noticiasdefato.net\/","name":"Not\u00edcias de Fato","description":"Trabalhamos com honestidade, seriedade e com a verdade.","publisher":{"@id":"https:\/\/noticiasdefato.net\/#organization"},"potentialAction":[{"@type":"SearchAction","target":{"@type":"EntryPoint","urlTemplate":"https:\/\/noticiasdefato.net\/?s={search_term_string}"},"query-input":"required name=search_term_string"}],"inLanguage":"pt-BR"},{"@type":"Organization","@id":"https:\/\/noticiasdefato.net\/#organization","name":"Not\u00edcias de Fato","url":"https:\/\/noticiasdefato.net\/","logo":{"@type":"ImageObject","inLanguage":"pt-BR","@id":"https:\/\/noticiasdefato.net\/#\/schema\/logo\/image\/","url":"https:\/\/noticiasdefato.net\/wp-content\/uploads\/2024\/02\/cropped-logo_topo.png","contentUrl":"https:\/\/noticiasdefato.net\/wp-content\/uploads\/2024\/02\/cropped-logo_topo.png","width":1948,"height":665,"caption":"Not\u00edcias de Fato"},"image":{"@id":"https:\/\/noticiasdefato.net\/#\/schema\/logo\/image\/"},"sameAs":["https:\/\/fb.com\/noticiasdefato.jornal","https:\/\/x.com\/noticiasdefato_","https:\/\/instagram.com\/noticiasdefato.jornal","https:\/\/youtube.com\/@JornalNoticiasDeFato"]},{"@type":"Person","@id":"https:\/\/noticiasdefato.net\/#\/schema\/person\/982ce60211d95acf059cd702aa260d08","name":"Noticias de Fato","image":{"@type":"ImageObject","inLanguage":"pt-BR","@id":"https:\/\/noticiasdefato.net\/#\/schema\/person\/image\/","url":"https:\/\/secure.gravatar.com\/avatar\/700227fab2316f0366a1b5d4988d10f847249cf13293450527ac9553c994611a?s=96&d=mm&r=g","contentUrl":"https:\/\/secure.gravatar.com\/avatar\/700227fab2316f0366a1b5d4988d10f847249cf13293450527ac9553c994611a?s=96&d=mm&r=g","caption":"Noticias de Fato"},"sameAs":["https:\/\/noticiasdefato.net","http:\/\/fb.com\/\/noticiasdefato.jornal","https:\/\/x.com\/https:\/\/twitter.com\/NoticiasDeFato_"],"url":"https:\/\/noticiasdefato.net\/?author=1"}]}},"_links":{"self":[{"href":"https:\/\/noticiasdefato.net\/index.php?rest_route=\/wp\/v2\/posts\/2278","targetHints":{"allow":["GET"]}}],"collection":[{"href":"https:\/\/noticiasdefato.net\/index.php?rest_route=\/wp\/v2\/posts"}],"about":[{"href":"https:\/\/noticiasdefato.net\/index.php?rest_route=\/wp\/v2\/types\/post"}],"author":[{"embeddable":true,"href":"https:\/\/noticiasdefato.net\/index.php?rest_route=\/wp\/v2\/users\/1"}],"replies":[{"embeddable":true,"href":"https:\/\/noticiasdefato.net\/index.php?rest_route=%2Fwp%2Fv2%2Fcomments&post=2278"}],"version-history":[{"count":7,"href":"https:\/\/noticiasdefato.net\/index.php?rest_route=\/wp\/v2\/posts\/2278\/revisions"}],"predecessor-version":[{"id":2291,"href":"https:\/\/noticiasdefato.net\/index.php?rest_route=\/wp\/v2\/posts\/2278\/revisions\/2291"}],"wp:featuredmedia":[{"embeddable":true,"href":"https:\/\/noticiasdefato.net\/index.php?rest_route=\/wp\/v2\/media\/1878"}],"wp:attachment":[{"href":"https:\/\/noticiasdefato.net\/index.php?rest_route=%2Fwp%2Fv2%2Fmedia&parent=2278"}],"wp:term":[{"taxonomy":"category","embeddable":true,"href":"https:\/\/noticiasdefato.net\/index.php?rest_route=%2Fwp%2Fv2%2Fcategories&post=2278"},{"taxonomy":"post_tag","embeddable":true,"href":"https:\/\/noticiasdefato.net\/index.php?rest_route=%2Fwp%2Fv2%2Ftags&post=2278"}],"curies":[{"name":"wp","href":"https:\/\/api.w.org\/{rel}","templated":true}]}}