{"id":2292,"date":"2024-12-19T17:11:06","date_gmt":"2024-12-19T20:11:06","guid":{"rendered":"https:\/\/noticiasdefato.net\/?p=2292"},"modified":"2024-12-19T17:21:03","modified_gmt":"2024-12-19T20:21:03","slug":"na-contramao-prefeitura-fecha-parque-nas-ferias","status":"publish","type":"post","link":"https:\/\/noticiasdefato.net\/?p=2292","title":{"rendered":"NA CONTRAM\u00c3O: PREFEITURA FECHA PARQUE NAS F\u00c9RIAS"},"content":{"rendered":"\n<p><em>Prefeitura fecha o parque em per\u00edodo de f\u00e9rias. Op\u00e7\u00f5es de lazer est\u00e3o reduzidas na cidade, j\u00e1 que as \u00e1reas verdes est\u00e3o tomadas por mato.<\/em><\/p>\n\n\n\n<p>Uma decis\u00e3o inusitada foi tomara pelo governo do prefeito F\u00e1bio Flor\u00eancio (PT). Em comunicado que foi publicado no perfil oficial da prefeitura, no Facebook, a prefeitura avisa que o Parque Municipal foi fechado desde ontem, 18.<\/p>\n\n\n\n<p><strong>SEM DATA PARA REABERTURA<\/strong><\/p>\n\n\n\n<p>Al\u00e9m de fechar o parque em per\u00edodo de f\u00e9rias, a prefeitura n\u00e3o diz qual ser\u00e1 a data de reabertura. O comunicado oficial diz que &#8220;em breve&#8221; o parque ser\u00e1 reaberto. A justificativa \u00e9 &#8220;manuten\u00e7\u00e3o&#8221; do parque, que foi inaugurado a toque de caixa, ainda em obras. Na \u00e9poca, populares disseram ser obra eleitoreira para conquistar votos para o ex-vereador Luciano Solar, e para o prefeito e ex-candidato \u00e0 reelei\u00e7\u00e3o Fabio Flor\u00eancio.<\/p>\n\n\n<div class=\"wp-block-image\">\n<figure class=\"aligncenter size-full\"><img fetchpriority=\"high\" decoding=\"async\" width=\"526\" height=\"526\" src=\"https:\/\/noticiasdefato.net\/wp-content\/uploads\/2024\/12\/image-34.png\" alt=\"\" class=\"wp-image-2293\" srcset=\"https:\/\/noticiasdefato.net\/wp-content\/uploads\/2024\/12\/image-34.png 526w, https:\/\/noticiasdefato.net\/wp-content\/uploads\/2024\/12\/image-34-300x300.png 300w, https:\/\/noticiasdefato.net\/wp-content\/uploads\/2024\/12\/image-34-150x150.png 150w, https:\/\/noticiasdefato.net\/wp-content\/uploads\/2024\/12\/image-34-90x90.png 90w\" sizes=\"(max-width: 526px) 100vw, 526px\" \/><\/figure>\n<\/div>\n\n\n<p><\/p>\n\n\n\n<p><strong>\u00c1REAS VERDES EST\u00c3O ABANDONADAS<\/strong><\/p>\n\n\n\n<p>Al\u00e9m de n\u00e3o ter o Parque Municipal \u00e0 disposi\u00e7\u00e3o durante o per\u00edodo de f\u00e9rias, o Alfenense tamb\u00e9m n\u00e3o possui as \u00e1reas verdes. Isso porque, hoje, o jornalista Sargento Alexandre Bombeiro constatou o abandono desssas \u00e1reas por parte da prefeitura. Em v\u00eddeo que circula pelas redes sociais, Alexandre exibe como o mato est\u00e1 alto, e como a grama foi tomada pelo mato.<\/p>\n\n\n\n<p>Vale lembrar que a grama adquirida pela prefeitura, ainda no governo Luizinho (PT), faz parte das investiga\u00e7\u00f5es do GAECO por suposto superfaturamento na aquisi\u00e7\u00e3o dos itens das \u00e1reas verdes, dentre os quais, est\u00e1 a grama, que hoje est\u00e1 tomada por mato.<\/p>\n\n\n\n<p>Confira, abaixo, a situ\u00e7\u00e3o da \u00e1rea verde:<\/p>\n\n\n\n<figure class=\"wp-block-embed is-type-video is-provider-youtube wp-block-embed-youtube wp-embed-aspect-16-9 wp-has-aspect-ratio\"><div class=\"wp-block-embed__wrapper\">\n<iframe title=\"\u00c1reas verdes abandonadas em Alfenas\" width=\"720\" height=\"405\" src=\"https:\/\/www.youtube.com\/embed\/PMgzeX6eCrc?feature=oembed\" frameborder=\"0\" allow=\"accelerometer; autoplay; clipboard-write; encrypted-media; gyroscope; picture-in-picture; web-share\" referrerpolicy=\"strict-origin-when-cross-origin\" allowfullscreen><\/iframe>\n<\/div><\/figure>\n","protected":false},"excerpt":{"rendered":"<p>Prefeitura fecha o parque em per\u00edodo de f\u00e9rias. Op\u00e7\u00f5es de lazer est\u00e3o reduzidas na cidade, j\u00e1 que as \u00e1reas verdes est\u00e3o tomadas por mato. <a href=\"https:\/\/noticiasdefato.net\/?p=2292\" class=\"more-link\">Continuar lendo <span class=\"screen-reader-text\">NA CONTRAM\u00c3O: PREFEITURA FECHA PARQUE NAS F\u00c9RIAS<\/span><\/a><\/p>\n","protected":false},"author":1,"featured_media":2253,"comment_status":"open","ping_status":"open","sticky":false,"template":"","format":"standard","meta":{"footnotes":""},"categories":[15,34],"tags":[],"class_list":["post-2292","post","type-post","status-publish","format-standard","has-post-thumbnail","hentry","category-destaques","category-meio-ambiente"],"yoast_head":"<!-- This site is optimized with the Yoast SEO plugin v23.2 - https:\/\/yoast.com\/wordpress\/plugins\/seo\/ -->\n<title>NA CONTRAM\u00c3O: PREFEITURA FECHA PARQUE NAS F\u00c9RIAS - Not\u00edcias de Fato<\/title>\n<meta name=\"description\" content=\"Prefeitura fecha o parque em per\u00edodo de f\u00e9rias. Op\u00e7\u00f5es de lazer est\u00e3o reduzidas na cidade, j\u00e1 que as \u00e1reas verdes est\u00e3o tomadas por mato.\" \/>\n<meta name=\"robots\" content=\"index, follow, max-snippet:-1, max-image-preview:large, max-video-preview:-1\" \/>\n<link rel=\"canonical\" href=\"https:\/\/noticiasdefato.net\/?p=2292\" \/>\n<meta property=\"og:locale\" content=\"pt_BR\" \/>\n<meta property=\"og:type\" content=\"article\" \/>\n<meta property=\"og:title\" content=\"NA CONTRAM\u00c3O: PREFEITURA FECHA PARQUE NAS F\u00c9RIAS - Not\u00edcias de Fato\" \/>\n<meta property=\"og:description\" content=\"Prefeitura fecha o parque em per\u00edodo de f\u00e9rias. Op\u00e7\u00f5es de lazer est\u00e3o reduzidas na cidade, j\u00e1 que as \u00e1reas verdes est\u00e3o tomadas por mato.\" \/>\n<meta property=\"og:url\" content=\"https:\/\/noticiasdefato.net\/?p=2292\" \/>\n<meta property=\"og:site_name\" content=\"Not\u00edcias de Fato\" \/>\n<meta property=\"article:publisher\" content=\"https:\/\/fb.com\/noticiasdefato.jornal\" \/>\n<meta property=\"article:author\" content=\"http:\/\/fb.com\/\/noticiasdefato.jornal\" \/>\n<meta property=\"article:published_time\" content=\"2024-12-19T20:11:06+00:00\" \/>\n<meta property=\"article:modified_time\" content=\"2024-12-19T20:21:03+00:00\" \/>\n<meta property=\"og:image\" content=\"https:\/\/noticiasdefato.net\/wp-content\/uploads\/2024\/12\/image-20.png\" \/>\n\t<meta property=\"og:image:width\" content=\"1000\" \/>\n\t<meta property=\"og:image:height\" content=\"600\" \/>\n\t<meta property=\"og:image:type\" content=\"image\/png\" \/>\n<meta name=\"author\" content=\"Noticias de Fato\" \/>\n<meta name=\"twitter:card\" content=\"summary_large_image\" \/>\n<meta name=\"twitter:creator\" content=\"@https:\/\/twitter.com\/NoticiasDeFato_\" \/>\n<meta name=\"twitter:site\" content=\"@noticiasdefato_\" \/>\n<meta name=\"twitter:label1\" content=\"Escrito por\" \/>\n\t<meta name=\"twitter:data1\" content=\"Noticias de Fato\" \/>\n\t<meta name=\"twitter:label2\" content=\"Est. tempo de leitura\" \/>\n\t<meta name=\"twitter:data2\" content=\"2 minutos\" \/>\n<script type=\"application\/ld+json\" class=\"yoast-schema-graph\">{\"@context\":\"https:\/\/schema.org\",\"@graph\":[{\"@type\":\"Article\",\"@id\":\"https:\/\/noticiasdefato.net\/?p=2292#article\",\"isPartOf\":{\"@id\":\"https:\/\/noticiasdefato.net\/?p=2292\"},\"author\":{\"name\":\"Noticias de Fato\",\"@id\":\"https:\/\/noticiasdefato.net\/#\/schema\/person\/982ce60211d95acf059cd702aa260d08\"},\"headline\":\"NA CONTRAM\u00c3O: PREFEITURA FECHA PARQUE NAS F\u00c9RIAS\",\"datePublished\":\"2024-12-19T20:11:06+00:00\",\"dateModified\":\"2024-12-19T20:21:03+00:00\",\"mainEntityOfPage\":{\"@id\":\"https:\/\/noticiasdefato.net\/?p=2292\"},\"wordCount\":288,\"commentCount\":1,\"publisher\":{\"@id\":\"https:\/\/noticiasdefato.net\/#organization\"},\"image\":{\"@id\":\"https:\/\/noticiasdefato.net\/?p=2292#primaryimage\"},\"thumbnailUrl\":\"https:\/\/noticiasdefato.net\/wp-content\/uploads\/2024\/12\/image-20.png\",\"articleSection\":[\"Destaques\",\"Meio ambiente\"],\"inLanguage\":\"pt-BR\",\"potentialAction\":[{\"@type\":\"CommentAction\",\"name\":\"Comment\",\"target\":[\"https:\/\/noticiasdefato.net\/?p=2292#respond\"]}]},{\"@type\":\"WebPage\",\"@id\":\"https:\/\/noticiasdefato.net\/?p=2292\",\"url\":\"https:\/\/noticiasdefato.net\/?p=2292\",\"name\":\"NA CONTRAM\u00c3O: PREFEITURA FECHA PARQUE NAS F\u00c9RIAS - Not\u00edcias de Fato\",\"isPartOf\":{\"@id\":\"https:\/\/noticiasdefato.net\/#website\"},\"primaryImageOfPage\":{\"@id\":\"https:\/\/noticiasdefato.net\/?p=2292#primaryimage\"},\"image\":{\"@id\":\"https:\/\/noticiasdefato.net\/?p=2292#primaryimage\"},\"thumbnailUrl\":\"https:\/\/noticiasdefato.net\/wp-content\/uploads\/2024\/12\/image-20.png\",\"datePublished\":\"2024-12-19T20:11:06+00:00\",\"dateModified\":\"2024-12-19T20:21:03+00:00\",\"description\":\"Prefeitura fecha o parque em per\u00edodo de f\u00e9rias. Op\u00e7\u00f5es de lazer est\u00e3o reduzidas na cidade, j\u00e1 que as \u00e1reas verdes est\u00e3o tomadas por mato.\",\"breadcrumb\":{\"@id\":\"https:\/\/noticiasdefato.net\/?p=2292#breadcrumb\"},\"inLanguage\":\"pt-BR\",\"potentialAction\":[{\"@type\":\"ReadAction\",\"target\":[\"https:\/\/noticiasdefato.net\/?p=2292\"]}]},{\"@type\":\"ImageObject\",\"inLanguage\":\"pt-BR\",\"@id\":\"https:\/\/noticiasdefato.net\/?p=2292#primaryimage\",\"url\":\"https:\/\/noticiasdefato.net\/wp-content\/uploads\/2024\/12\/image-20.png\",\"contentUrl\":\"https:\/\/noticiasdefato.net\/wp-content\/uploads\/2024\/12\/image-20.png\",\"width\":1000,\"height\":600},{\"@type\":\"BreadcrumbList\",\"@id\":\"https:\/\/noticiasdefato.net\/?p=2292#breadcrumb\",\"itemListElement\":[{\"@type\":\"ListItem\",\"position\":1,\"name\":\"In\u00edcio\",\"item\":\"https:\/\/noticiasdefato.net\/\"},{\"@type\":\"ListItem\",\"position\":2,\"name\":\"NA CONTRAM\u00c3O: PREFEITURA FECHA PARQUE NAS F\u00c9RIAS\"}]},{\"@type\":\"WebSite\",\"@id\":\"https:\/\/noticiasdefato.net\/#website\",\"url\":\"https:\/\/noticiasdefato.net\/\",\"name\":\"Not\u00edcias de Fato\",\"description\":\"Trabalhamos com honestidade, seriedade e com a verdade.\",\"publisher\":{\"@id\":\"https:\/\/noticiasdefato.net\/#organization\"},\"potentialAction\":[{\"@type\":\"SearchAction\",\"target\":{\"@type\":\"EntryPoint\",\"urlTemplate\":\"https:\/\/noticiasdefato.net\/?s={search_term_string}\"},\"query-input\":\"required name=search_term_string\"}],\"inLanguage\":\"pt-BR\"},{\"@type\":\"Organization\",\"@id\":\"https:\/\/noticiasdefato.net\/#organization\",\"name\":\"Not\u00edcias de Fato\",\"url\":\"https:\/\/noticiasdefato.net\/\",\"logo\":{\"@type\":\"ImageObject\",\"inLanguage\":\"pt-BR\",\"@id\":\"https:\/\/noticiasdefato.net\/#\/schema\/logo\/image\/\",\"url\":\"https:\/\/noticiasdefato.net\/wp-content\/uploads\/2024\/02\/cropped-logo_topo.png\",\"contentUrl\":\"https:\/\/noticiasdefato.net\/wp-content\/uploads\/2024\/02\/cropped-logo_topo.png\",\"width\":1948,\"height\":665,\"caption\":\"Not\u00edcias de Fato\"},\"image\":{\"@id\":\"https:\/\/noticiasdefato.net\/#\/schema\/logo\/image\/\"},\"sameAs\":[\"https:\/\/fb.com\/noticiasdefato.jornal\",\"https:\/\/x.com\/noticiasdefato_\",\"https:\/\/instagram.com\/noticiasdefato.jornal\",\"https:\/\/youtube.com\/@JornalNoticiasDeFato\"]},{\"@type\":\"Person\",\"@id\":\"https:\/\/noticiasdefato.net\/#\/schema\/person\/982ce60211d95acf059cd702aa260d08\",\"name\":\"Noticias de Fato\",\"image\":{\"@type\":\"ImageObject\",\"inLanguage\":\"pt-BR\",\"@id\":\"https:\/\/noticiasdefato.net\/#\/schema\/person\/image\/\",\"url\":\"https:\/\/secure.gravatar.com\/avatar\/700227fab2316f0366a1b5d4988d10f847249cf13293450527ac9553c994611a?s=96&d=mm&r=g\",\"contentUrl\":\"https:\/\/secure.gravatar.com\/avatar\/700227fab2316f0366a1b5d4988d10f847249cf13293450527ac9553c994611a?s=96&d=mm&r=g\",\"caption\":\"Noticias de Fato\"},\"sameAs\":[\"https:\/\/noticiasdefato.net\",\"http:\/\/fb.com\/\/noticiasdefato.jornal\",\"https:\/\/x.com\/https:\/\/twitter.com\/NoticiasDeFato_\"],\"url\":\"https:\/\/noticiasdefato.net\/?author=1\"}]}<\/script>\n<!-- \/ Yoast SEO plugin. -->","yoast_head_json":{"title":"NA CONTRAM\u00c3O: PREFEITURA FECHA PARQUE NAS F\u00c9RIAS - Not\u00edcias de Fato","description":"Prefeitura fecha o parque em per\u00edodo de f\u00e9rias. Op\u00e7\u00f5es de lazer est\u00e3o reduzidas na cidade, j\u00e1 que as \u00e1reas verdes est\u00e3o tomadas por mato.","robots":{"index":"index","follow":"follow","max-snippet":"max-snippet:-1","max-image-preview":"max-image-preview:large","max-video-preview":"max-video-preview:-1"},"canonical":"https:\/\/noticiasdefato.net\/?p=2292","og_locale":"pt_BR","og_type":"article","og_title":"NA CONTRAM\u00c3O: PREFEITURA FECHA PARQUE NAS F\u00c9RIAS - Not\u00edcias de Fato","og_description":"Prefeitura fecha o parque em per\u00edodo de f\u00e9rias. Op\u00e7\u00f5es de lazer est\u00e3o reduzidas na cidade, j\u00e1 que as \u00e1reas verdes est\u00e3o tomadas por mato.","og_url":"https:\/\/noticiasdefato.net\/?p=2292","og_site_name":"Not\u00edcias de Fato","article_publisher":"https:\/\/fb.com\/noticiasdefato.jornal","article_author":"http:\/\/fb.com\/\/noticiasdefato.jornal","article_published_time":"2024-12-19T20:11:06+00:00","article_modified_time":"2024-12-19T20:21:03+00:00","og_image":[{"width":1000,"height":600,"url":"https:\/\/noticiasdefato.net\/wp-content\/uploads\/2024\/12\/image-20.png","type":"image\/png"}],"author":"Noticias de Fato","twitter_card":"summary_large_image","twitter_creator":"@https:\/\/twitter.com\/NoticiasDeFato_","twitter_site":"@noticiasdefato_","twitter_misc":{"Escrito por":"Noticias de Fato","Est. tempo de leitura":"2 minutos"},"schema":{"@context":"https:\/\/schema.org","@graph":[{"@type":"Article","@id":"https:\/\/noticiasdefato.net\/?p=2292#article","isPartOf":{"@id":"https:\/\/noticiasdefato.net\/?p=2292"},"author":{"name":"Noticias de Fato","@id":"https:\/\/noticiasdefato.net\/#\/schema\/person\/982ce60211d95acf059cd702aa260d08"},"headline":"NA CONTRAM\u00c3O: PREFEITURA FECHA PARQUE NAS F\u00c9RIAS","datePublished":"2024-12-19T20:11:06+00:00","dateModified":"2024-12-19T20:21:03+00:00","mainEntityOfPage":{"@id":"https:\/\/noticiasdefato.net\/?p=2292"},"wordCount":288,"commentCount":1,"publisher":{"@id":"https:\/\/noticiasdefato.net\/#organization"},"image":{"@id":"https:\/\/noticiasdefato.net\/?p=2292#primaryimage"},"thumbnailUrl":"https:\/\/noticiasdefato.net\/wp-content\/uploads\/2024\/12\/image-20.png","articleSection":["Destaques","Meio ambiente"],"inLanguage":"pt-BR","potentialAction":[{"@type":"CommentAction","name":"Comment","target":["https:\/\/noticiasdefato.net\/?p=2292#respond"]}]},{"@type":"WebPage","@id":"https:\/\/noticiasdefato.net\/?p=2292","url":"https:\/\/noticiasdefato.net\/?p=2292","name":"NA CONTRAM\u00c3O: PREFEITURA FECHA PARQUE NAS F\u00c9RIAS - Not\u00edcias de Fato","isPartOf":{"@id":"https:\/\/noticiasdefato.net\/#website"},"primaryImageOfPage":{"@id":"https:\/\/noticiasdefato.net\/?p=2292#primaryimage"},"image":{"@id":"https:\/\/noticiasdefato.net\/?p=2292#primaryimage"},"thumbnailUrl":"https:\/\/noticiasdefato.net\/wp-content\/uploads\/2024\/12\/image-20.png","datePublished":"2024-12-19T20:11:06+00:00","dateModified":"2024-12-19T20:21:03+00:00","description":"Prefeitura fecha o parque em per\u00edodo de f\u00e9rias. Op\u00e7\u00f5es de lazer est\u00e3o reduzidas na cidade, j\u00e1 que as \u00e1reas verdes est\u00e3o tomadas por mato.","breadcrumb":{"@id":"https:\/\/noticiasdefato.net\/?p=2292#breadcrumb"},"inLanguage":"pt-BR","potentialAction":[{"@type":"ReadAction","target":["https:\/\/noticiasdefato.net\/?p=2292"]}]},{"@type":"ImageObject","inLanguage":"pt-BR","@id":"https:\/\/noticiasdefato.net\/?p=2292#primaryimage","url":"https:\/\/noticiasdefato.net\/wp-content\/uploads\/2024\/12\/image-20.png","contentUrl":"https:\/\/noticiasdefato.net\/wp-content\/uploads\/2024\/12\/image-20.png","width":1000,"height":600},{"@type":"BreadcrumbList","@id":"https:\/\/noticiasdefato.net\/?p=2292#breadcrumb","itemListElement":[{"@type":"ListItem","position":1,"name":"In\u00edcio","item":"https:\/\/noticiasdefato.net\/"},{"@type":"ListItem","position":2,"name":"NA CONTRAM\u00c3O: PREFEITURA FECHA PARQUE NAS F\u00c9RIAS"}]},{"@type":"WebSite","@id":"https:\/\/noticiasdefato.net\/#website","url":"https:\/\/noticiasdefato.net\/","name":"Not\u00edcias de Fato","description":"Trabalhamos com honestidade, seriedade e com a verdade.","publisher":{"@id":"https:\/\/noticiasdefato.net\/#organization"},"potentialAction":[{"@type":"SearchAction","target":{"@type":"EntryPoint","urlTemplate":"https:\/\/noticiasdefato.net\/?s={search_term_string}"},"query-input":"required name=search_term_string"}],"inLanguage":"pt-BR"},{"@type":"Organization","@id":"https:\/\/noticiasdefato.net\/#organization","name":"Not\u00edcias de Fato","url":"https:\/\/noticiasdefato.net\/","logo":{"@type":"ImageObject","inLanguage":"pt-BR","@id":"https:\/\/noticiasdefato.net\/#\/schema\/logo\/image\/","url":"https:\/\/noticiasdefato.net\/wp-content\/uploads\/2024\/02\/cropped-logo_topo.png","contentUrl":"https:\/\/noticiasdefato.net\/wp-content\/uploads\/2024\/02\/cropped-logo_topo.png","width":1948,"height":665,"caption":"Not\u00edcias de Fato"},"image":{"@id":"https:\/\/noticiasdefato.net\/#\/schema\/logo\/image\/"},"sameAs":["https:\/\/fb.com\/noticiasdefato.jornal","https:\/\/x.com\/noticiasdefato_","https:\/\/instagram.com\/noticiasdefato.jornal","https:\/\/youtube.com\/@JornalNoticiasDeFato"]},{"@type":"Person","@id":"https:\/\/noticiasdefato.net\/#\/schema\/person\/982ce60211d95acf059cd702aa260d08","name":"Noticias de Fato","image":{"@type":"ImageObject","inLanguage":"pt-BR","@id":"https:\/\/noticiasdefato.net\/#\/schema\/person\/image\/","url":"https:\/\/secure.gravatar.com\/avatar\/700227fab2316f0366a1b5d4988d10f847249cf13293450527ac9553c994611a?s=96&d=mm&r=g","contentUrl":"https:\/\/secure.gravatar.com\/avatar\/700227fab2316f0366a1b5d4988d10f847249cf13293450527ac9553c994611a?s=96&d=mm&r=g","caption":"Noticias de Fato"},"sameAs":["https:\/\/noticiasdefato.net","http:\/\/fb.com\/\/noticiasdefato.jornal","https:\/\/x.com\/https:\/\/twitter.com\/NoticiasDeFato_"],"url":"https:\/\/noticiasdefato.net\/?author=1"}]}},"_links":{"self":[{"href":"https:\/\/noticiasdefato.net\/index.php?rest_route=\/wp\/v2\/posts\/2292","targetHints":{"allow":["GET"]}}],"collection":[{"href":"https:\/\/noticiasdefato.net\/index.php?rest_route=\/wp\/v2\/posts"}],"about":[{"href":"https:\/\/noticiasdefato.net\/index.php?rest_route=\/wp\/v2\/types\/post"}],"author":[{"embeddable":true,"href":"https:\/\/noticiasdefato.net\/index.php?rest_route=\/wp\/v2\/users\/1"}],"replies":[{"embeddable":true,"href":"https:\/\/noticiasdefato.net\/index.php?rest_route=%2Fwp%2Fv2%2Fcomments&post=2292"}],"version-history":[{"count":4,"href":"https:\/\/noticiasdefato.net\/index.php?rest_route=\/wp\/v2\/posts\/2292\/revisions"}],"predecessor-version":[{"id":2297,"href":"https:\/\/noticiasdefato.net\/index.php?rest_route=\/wp\/v2\/posts\/2292\/revisions\/2297"}],"wp:featuredmedia":[{"embeddable":true,"href":"https:\/\/noticiasdefato.net\/index.php?rest_route=\/wp\/v2\/media\/2253"}],"wp:attachment":[{"href":"https:\/\/noticiasdefato.net\/index.php?rest_route=%2Fwp%2Fv2%2Fmedia&parent=2292"}],"wp:term":[{"taxonomy":"category","embeddable":true,"href":"https:\/\/noticiasdefato.net\/index.php?rest_route=%2Fwp%2Fv2%2Fcategories&post=2292"},{"taxonomy":"post_tag","embeddable":true,"href":"https:\/\/noticiasdefato.net\/index.php?rest_route=%2Fwp%2Fv2%2Ftags&post=2292"}],"curies":[{"name":"wp","href":"https:\/\/api.w.org\/{rel}","templated":true}]}}