{"id":2313,"date":"2025-01-06T09:55:02","date_gmt":"2025-01-06T12:55:02","guid":{"rendered":"https:\/\/noticiasdefato.net\/?p=2313"},"modified":"2025-01-06T10:16:01","modified_gmt":"2025-01-06T13:16:01","slug":"lula-tira-cafe-e-carne-da-mesa-dos-mais-pobres","status":"publish","type":"post","link":"https:\/\/noticiasdefato.net\/?p=2313","title":{"rendered":"LULA TIRA CAF\u00c9 E CARNE DA MESA DOS MAIS POBRES"},"content":{"rendered":"\n<p><em>Pre\u00e7o do p\u00e3ozinho e do p\u00f3 de caf\u00e9 dispararam devido a desvaloriza\u00e7\u00e3o do real frente ao d\u00f3lar. Pre\u00e7o da carne atinge m\u00e1xima hist\u00f3rica, superando pre\u00e7os da pandemia.<\/em><\/p>\n\n\n\n<p>Uma das promessas de campanha do ex-presidi\u00e1rio e atual presidente, Lu\u00eds In\u00e1cio Lula da Silva, era de que a infla\u00e7\u00e3o da cesta b\u00e1sica iria cair, e de que as carnes nobres, como a picanha, estariam acess\u00edveis aos mais pobres. Entretanto, com 2 anos do regime Lula, a popula\u00e7\u00e3o experimenta algo bem amargo: itens b\u00e1sicos da alimenta\u00e7\u00e3o dos brasileiros com pre\u00e7os muito elevados.<\/p>\n\n\n\n<p><strong>CAF\u00c9 DA MANH\u00c3 SALGADO<\/strong><\/p>\n\n\n\n<p>Para quem est\u00e1 acostumado a tomar o bom caf\u00e9zinho e comer um p\u00e3o com manteiga, \u00e9 melhor preparar o bolso. Durante a pandemia, um pacote de 500g de caf\u00e9 chegou a custar R$ 16,00. Hoje, o mesmo pacote de caf\u00e9 custa R$ 26,00, e com previs\u00e3o de alta ainda em janeiro de 2025.<\/p>\n\n\n\n<p>J\u00e1 o p\u00e3o sofre com a desvaloriza\u00e7\u00e3o do real frente ao d\u00f3lar, j\u00e1 que um dos seus ingredientes, o trigo, \u00e9 cotado em d\u00f3lar. Com isso, um p\u00e3ozinho chegou a superar R$1,00 cada.<\/p>\n\n\n\n<div class=\"wp-block-columns is-layout-flex wp-container-core-columns-is-layout-9d6595d7 wp-block-columns-is-layout-flex\">\n<div class=\"wp-block-column is-layout-flow wp-block-column-is-layout-flow\" style=\"flex-basis:50%\">\n<figure class=\"wp-block-image size-large\"><img fetchpriority=\"high\" decoding=\"async\" width=\"1024\" height=\"708\" src=\"https:\/\/noticiasdefato.net\/wp-content\/uploads\/2025\/01\/IMG-20250106-WA0303-1024x708.jpg\" alt=\"\" class=\"wp-image-2320\" srcset=\"https:\/\/noticiasdefato.net\/wp-content\/uploads\/2025\/01\/IMG-20250106-WA0303-1024x708.jpg 1024w, https:\/\/noticiasdefato.net\/wp-content\/uploads\/2025\/01\/IMG-20250106-WA0303-300x208.jpg 300w, https:\/\/noticiasdefato.net\/wp-content\/uploads\/2025\/01\/IMG-20250106-WA0303-768x531.jpg 768w, https:\/\/noticiasdefato.net\/wp-content\/uploads\/2025\/01\/IMG-20250106-WA0303-130x90.jpg 130w, https:\/\/noticiasdefato.net\/wp-content\/uploads\/2025\/01\/IMG-20250106-WA0303.jpg 1080w\" sizes=\"(max-width: 1024px) 100vw, 1024px\" \/><\/figure>\n<\/div>\n\n\n\n<div class=\"wp-block-column is-layout-flow wp-block-column-is-layout-flow\" style=\"flex-basis:50%\">\n<figure class=\"wp-block-image size-large\"><img decoding=\"async\" width=\"1024\" height=\"958\" src=\"https:\/\/noticiasdefato.net\/wp-content\/uploads\/2025\/01\/IMG-20250106-WA0305-1024x958.jpg\" alt=\"\" class=\"wp-image-2321\" srcset=\"https:\/\/noticiasdefato.net\/wp-content\/uploads\/2025\/01\/IMG-20250106-WA0305-1024x958.jpg 1024w, https:\/\/noticiasdefato.net\/wp-content\/uploads\/2025\/01\/IMG-20250106-WA0305-300x281.jpg 300w, https:\/\/noticiasdefato.net\/wp-content\/uploads\/2025\/01\/IMG-20250106-WA0305-768x718.jpg 768w, https:\/\/noticiasdefato.net\/wp-content\/uploads\/2025\/01\/IMG-20250106-WA0305-96x90.jpg 96w, https:\/\/noticiasdefato.net\/wp-content\/uploads\/2025\/01\/IMG-20250106-WA0305.jpg 1080w\" sizes=\"(max-width: 1024px) 100vw, 1024px\" \/><\/figure>\n<\/div>\n<\/div>\n\n\n\n<p><strong>ARROZ E FEIJ\u00c3O N\u00c3O ESCAPARAM<\/strong><\/p>\n\n\n\n<p>O arroz, presente diariamente na mesa dos brasileiros, supera R$30,00 para o pacote de 5 KG. Outro item no prato di\u00e1rio do brasileiro \u00e9 o feij\u00e3o, que hoje custa entre R$7,50 &#8211; R$9,50 por kg. J\u00e1 o litro do \u00f3leo de soja, passou da casa dos R$ 8,00.<\/p>\n\n\n\n<div class=\"wp-block-columns is-layout-flex wp-container-core-columns-is-layout-9d6595d7 wp-block-columns-is-layout-flex\">\n<div class=\"wp-block-column is-layout-flow wp-block-column-is-layout-flow\" style=\"flex-basis:50%\">\n<figure class=\"wp-block-image size-large is-resized\"><img decoding=\"async\" width=\"1024\" height=\"713\" src=\"https:\/\/noticiasdefato.net\/wp-content\/uploads\/2025\/01\/IMG-20250106-WA0299-1024x713.jpg\" alt=\"\" class=\"wp-image-2314\" style=\"width:424px;height:auto\" srcset=\"https:\/\/noticiasdefato.net\/wp-content\/uploads\/2025\/01\/IMG-20250106-WA0299-1024x713.jpg 1024w, https:\/\/noticiasdefato.net\/wp-content\/uploads\/2025\/01\/IMG-20250106-WA0299-300x209.jpg 300w, https:\/\/noticiasdefato.net\/wp-content\/uploads\/2025\/01\/IMG-20250106-WA0299-768x535.jpg 768w, https:\/\/noticiasdefato.net\/wp-content\/uploads\/2025\/01\/IMG-20250106-WA0299-129x90.jpg 129w, https:\/\/noticiasdefato.net\/wp-content\/uploads\/2025\/01\/IMG-20250106-WA0299.jpg 1080w\" sizes=\"(max-width: 1024px) 100vw, 1024px\" \/><\/figure>\n<\/div>\n\n\n\n<div class=\"wp-block-column is-layout-flow wp-block-column-is-layout-flow\" style=\"flex-basis:50%\">\n<figure class=\"wp-block-image size-large\"><img loading=\"lazy\" decoding=\"async\" width=\"1024\" height=\"702\" src=\"https:\/\/noticiasdefato.net\/wp-content\/uploads\/2025\/01\/IMG-20250106-WA0301-1024x702.jpg\" alt=\"\" class=\"wp-image-2316\" srcset=\"https:\/\/noticiasdefato.net\/wp-content\/uploads\/2025\/01\/IMG-20250106-WA0301-1024x702.jpg 1024w, https:\/\/noticiasdefato.net\/wp-content\/uploads\/2025\/01\/IMG-20250106-WA0301-300x206.jpg 300w, https:\/\/noticiasdefato.net\/wp-content\/uploads\/2025\/01\/IMG-20250106-WA0301-768x526.jpg 768w, https:\/\/noticiasdefato.net\/wp-content\/uploads\/2025\/01\/IMG-20250106-WA0301-131x90.jpg 131w, https:\/\/noticiasdefato.net\/wp-content\/uploads\/2025\/01\/IMG-20250106-WA0301.jpg 1080w\" sizes=\"(max-width: 1024px) 100vw, 1024px\" \/><\/figure>\n<\/div>\n<\/div>\n\n\n<div class=\"wp-block-image\">\n<figure class=\"aligncenter size-large is-resized\"><img loading=\"lazy\" decoding=\"async\" width=\"1024\" height=\"715\" src=\"https:\/\/noticiasdefato.net\/wp-content\/uploads\/2025\/01\/IMG-20250106-WA0306-1024x715.jpg\" alt=\"\" class=\"wp-image-2322\" style=\"width:417px;height:auto\" srcset=\"https:\/\/noticiasdefato.net\/wp-content\/uploads\/2025\/01\/IMG-20250106-WA0306-1024x715.jpg 1024w, https:\/\/noticiasdefato.net\/wp-content\/uploads\/2025\/01\/IMG-20250106-WA0306-300x209.jpg 300w, https:\/\/noticiasdefato.net\/wp-content\/uploads\/2025\/01\/IMG-20250106-WA0306-768x536.jpg 768w, https:\/\/noticiasdefato.net\/wp-content\/uploads\/2025\/01\/IMG-20250106-WA0306-129x90.jpg 129w, https:\/\/noticiasdefato.net\/wp-content\/uploads\/2025\/01\/IMG-20250106-WA0306.jpg 1080w\" sizes=\"(max-width: 1024px) 100vw, 1024px\" \/><\/figure>\n<\/div>\n\n\n<p><strong>PROMETEU PICANHA, MAS N\u00c3O ENTREGA NEM M\u00daSCULO<\/strong><\/p>\n\n\n\n<p>O m\u00fasculo bovino, carne considerada &#8220;de segunda&#8221;, hoje custa o mesmo valor que o contra-fil\u00e9 custava durante a pandemia, R$ 35,00.<\/p>\n\n\n<div class=\"wp-block-image\">\n<figure class=\"aligncenter size-full is-resized\"><img loading=\"lazy\" decoding=\"async\" width=\"510\" height=\"716\" src=\"https:\/\/noticiasdefato.net\/wp-content\/uploads\/2025\/01\/IMG-20250106-WA0302.jpg\" alt=\"\" class=\"wp-image-2317\" style=\"width:313px;height:auto\" srcset=\"https:\/\/noticiasdefato.net\/wp-content\/uploads\/2025\/01\/IMG-20250106-WA0302.jpg 510w, https:\/\/noticiasdefato.net\/wp-content\/uploads\/2025\/01\/IMG-20250106-WA0302-214x300.jpg 214w, https:\/\/noticiasdefato.net\/wp-content\/uploads\/2025\/01\/IMG-20250106-WA0302-64x90.jpg 64w\" sizes=\"(max-width: 510px) 100vw, 510px\" \/><\/figure>\n<\/div>\n\n\n<p><strong>NEM O FRANGO ESCAPOU<\/strong><\/p>\n\n\n\n<p>O peito de frango congelado, que durante a pandemia chegou a custar ousados R$ 19,90, hoje custa na casa dos R$ 25,00.<\/p>\n\n\n<div class=\"wp-block-image\">\n<figure class=\"aligncenter size-large\"><img loading=\"lazy\" decoding=\"async\" width=\"1024\" height=\"672\" src=\"https:\/\/noticiasdefato.net\/wp-content\/uploads\/2025\/01\/IMG-20250106-WA0300-1-1024x672.jpg\" alt=\"\" class=\"wp-image-2319\" srcset=\"https:\/\/noticiasdefato.net\/wp-content\/uploads\/2025\/01\/IMG-20250106-WA0300-1-1024x672.jpg 1024w, https:\/\/noticiasdefato.net\/wp-content\/uploads\/2025\/01\/IMG-20250106-WA0300-1-300x197.jpg 300w, https:\/\/noticiasdefato.net\/wp-content\/uploads\/2025\/01\/IMG-20250106-WA0300-1-768x504.jpg 768w, https:\/\/noticiasdefato.net\/wp-content\/uploads\/2025\/01\/IMG-20250106-WA0300-1-137x90.jpg 137w, https:\/\/noticiasdefato.net\/wp-content\/uploads\/2025\/01\/IMG-20250106-WA0300-1.jpg 1080w\" sizes=\"(max-width: 1024px) 100vw, 1024px\" \/><\/figure>\n<\/div>\n\n\n<p><strong>HIPOCRISIA DA ESQUERDA<\/strong><\/p>\n\n\n\n<p>Durante a pandemia, adebtos do socialismo e do comunismo criticaram os pre\u00e7os dos alimentos que experimentavam alta no mundo inteiro. Entretanto, agora em 2025, nenhum deles se incomoda com o pre\u00e7o dos alimentos.<\/p>\n\n\n\n<p>Essa indigna\u00e7\u00e3o seletiva, s\u00f3 comprova como as pessoas de esquerda jamais se preocupam com os mais pobres, mas apenas com a narrativa que os favore\u00e7a. Como agora em 2025 o pre\u00e7o est\u00e1 alto sob um governo de esquerda, SEM PANDEMIA, eles sequer se d\u00e3o ao trabalho de fazer protesto por pre\u00e7o alto de alimentos b\u00e1sicos. Ou seja, o pobre pode pagar caro na comida que eles n\u00e3o est\u00e3o nem a\u00ed.<\/p>\n\n\n\n<p>Ser\u00e1 que Bolsonaro ter\u00e1 que voltar a ser presidente para os hip\u00f3critas de esquerda voltarem a se preocupar com o pre\u00e7o dos alimentos para os mais pobres? <\/p>\n\n\n\n<div class=\"wp-block-columns is-layout-flex wp-container-core-columns-is-layout-9d6595d7 wp-block-columns-is-layout-flex\">\n<div class=\"wp-block-column is-layout-flow wp-block-column-is-layout-flow\" style=\"flex-basis:100%\">\n<figure class=\"wp-block-image size-full\"><img loading=\"lazy\" decoding=\"async\" width=\"774\" height=\"774\" src=\"https:\/\/noticiasdefato.net\/wp-content\/uploads\/2025\/01\/image.png\" alt=\"\" class=\"wp-image-2325\" srcset=\"https:\/\/noticiasdefato.net\/wp-content\/uploads\/2025\/01\/image.png 774w, https:\/\/noticiasdefato.net\/wp-content\/uploads\/2025\/01\/image-300x300.png 300w, https:\/\/noticiasdefato.net\/wp-content\/uploads\/2025\/01\/image-150x150.png 150w, https:\/\/noticiasdefato.net\/wp-content\/uploads\/2025\/01\/image-768x768.png 768w, https:\/\/noticiasdefato.net\/wp-content\/uploads\/2025\/01\/image-90x90.png 90w\" sizes=\"(max-width: 774px) 100vw, 774px\" \/><\/figure>\n\n\n\n<figure class=\"wp-block-image size-full\"><img loading=\"lazy\" decoding=\"async\" width=\"864\" height=\"864\" src=\"https:\/\/noticiasdefato.net\/wp-content\/uploads\/2025\/01\/image-1.png\" alt=\"\" class=\"wp-image-2329\" srcset=\"https:\/\/noticiasdefato.net\/wp-content\/uploads\/2025\/01\/image-1.png 864w, https:\/\/noticiasdefato.net\/wp-content\/uploads\/2025\/01\/image-1-300x300.png 300w, https:\/\/noticiasdefato.net\/wp-content\/uploads\/2025\/01\/image-1-150x150.png 150w, https:\/\/noticiasdefato.net\/wp-content\/uploads\/2025\/01\/image-1-768x768.png 768w, https:\/\/noticiasdefato.net\/wp-content\/uploads\/2025\/01\/image-1-90x90.png 90w\" sizes=\"(max-width: 864px) 100vw, 864px\" \/><\/figure>\n<\/div>\n<\/div>\n\n\n\n<p><\/p>\n","protected":false},"excerpt":{"rendered":"<p>Pre\u00e7o do p\u00e3ozinho e do p\u00f3 de caf\u00e9 dispararam devido a desvaloriza\u00e7\u00e3o do real frente ao d\u00f3lar. Pre\u00e7o da carne atinge m\u00e1xima hist\u00f3ria, superando pre\u00e7os da pandemia. <a href=\"https:\/\/noticiasdefato.net\/?p=2313\" class=\"more-link\">Continuar lendo <span class=\"screen-reader-text\">LULA TIRA CAF\u00c9 E CARNE DA MESA DOS MAIS POBRES<\/span><\/a><\/p>\n","protected":false},"author":1,"featured_media":2223,"comment_status":"open","ping_status":"open","sticky":false,"template":"","format":"standard","meta":{"footnotes":""},"categories":[15,17],"tags":[],"class_list":["post-2313","post","type-post","status-publish","format-standard","has-post-thumbnail","hentry","category-destaques","category-economia"],"yoast_head":"<!-- This site is optimized with the Yoast SEO plugin v23.2 - https:\/\/yoast.com\/wordpress\/plugins\/seo\/ -->\n<title>LULA TIRA CAF\u00c9 E CARNE DA MESA DOS MAIS POBRES - Not\u00edcias de Fato<\/title>\n<meta name=\"description\" content=\"Pre\u00e7o do p\u00e3ozinho e do p\u00f3 de caf\u00e9 dispararam devido a desvaloriza\u00e7\u00e3o do real frente ao d\u00f3lar. Pre\u00e7o da carne atinge m\u00e1xima hist\u00f3ria, superando pre\u00e7os da pandemia.\" \/>\n<meta name=\"robots\" content=\"index, follow, max-snippet:-1, max-image-preview:large, max-video-preview:-1\" \/>\n<link rel=\"canonical\" href=\"https:\/\/noticiasdefato.net\/?p=2313\" \/>\n<meta property=\"og:locale\" content=\"pt_BR\" \/>\n<meta property=\"og:type\" content=\"article\" \/>\n<meta property=\"og:title\" content=\"LULA TIRA CAF\u00c9 E CARNE DA MESA DOS MAIS POBRES - Not\u00edcias de Fato\" \/>\n<meta property=\"og:description\" content=\"Pre\u00e7o do p\u00e3ozinho e do p\u00f3 de caf\u00e9 dispararam devido a desvaloriza\u00e7\u00e3o do real frente ao d\u00f3lar. Pre\u00e7o da carne atinge m\u00e1xima hist\u00f3ria, superando pre\u00e7os da pandemia.\" \/>\n<meta property=\"og:url\" content=\"https:\/\/noticiasdefato.net\/?p=2313\" \/>\n<meta property=\"og:site_name\" content=\"Not\u00edcias de Fato\" \/>\n<meta property=\"article:publisher\" content=\"https:\/\/fb.com\/noticiasdefato.jornal\" \/>\n<meta property=\"article:author\" content=\"http:\/\/fb.com\/\/noticiasdefato.jornal\" \/>\n<meta property=\"article:published_time\" content=\"2025-01-06T12:55:02+00:00\" \/>\n<meta property=\"article:modified_time\" content=\"2025-01-06T13:16:01+00:00\" \/>\n<meta property=\"og:image\" content=\"https:\/\/noticiasdefato.net\/wp-content\/uploads\/2024\/12\/image-12.png\" \/>\n\t<meta property=\"og:image:width\" content=\"848\" \/>\n\t<meta property=\"og:image:height\" content=\"477\" \/>\n\t<meta property=\"og:image:type\" content=\"image\/png\" \/>\n<meta name=\"author\" content=\"Noticias de Fato\" \/>\n<meta name=\"twitter:card\" content=\"summary_large_image\" \/>\n<meta name=\"twitter:creator\" content=\"@https:\/\/twitter.com\/NoticiasDeFato_\" \/>\n<meta name=\"twitter:site\" content=\"@noticiasdefato_\" \/>\n<meta name=\"twitter:label1\" content=\"Escrito por\" \/>\n\t<meta name=\"twitter:data1\" content=\"Noticias de Fato\" \/>\n\t<meta name=\"twitter:label2\" content=\"Est. tempo de leitura\" \/>\n\t<meta name=\"twitter:data2\" content=\"5 minutos\" \/>\n<script type=\"application\/ld+json\" class=\"yoast-schema-graph\">{\"@context\":\"https:\/\/schema.org\",\"@graph\":[{\"@type\":\"Article\",\"@id\":\"https:\/\/noticiasdefato.net\/?p=2313#article\",\"isPartOf\":{\"@id\":\"https:\/\/noticiasdefato.net\/?p=2313\"},\"author\":{\"name\":\"Noticias de Fato\",\"@id\":\"https:\/\/noticiasdefato.net\/#\/schema\/person\/982ce60211d95acf059cd702aa260d08\"},\"headline\":\"LULA TIRA CAF\u00c9 E CARNE DA MESA DOS MAIS POBRES\",\"datePublished\":\"2025-01-06T12:55:02+00:00\",\"dateModified\":\"2025-01-06T13:16:01+00:00\",\"mainEntityOfPage\":{\"@id\":\"https:\/\/noticiasdefato.net\/?p=2313\"},\"wordCount\":460,\"commentCount\":0,\"publisher\":{\"@id\":\"https:\/\/noticiasdefato.net\/#organization\"},\"image\":{\"@id\":\"https:\/\/noticiasdefato.net\/?p=2313#primaryimage\"},\"thumbnailUrl\":\"https:\/\/noticiasdefato.net\/wp-content\/uploads\/2024\/12\/image-12.png\",\"articleSection\":[\"Destaques\",\"Economia\"],\"inLanguage\":\"pt-BR\",\"potentialAction\":[{\"@type\":\"CommentAction\",\"name\":\"Comment\",\"target\":[\"https:\/\/noticiasdefato.net\/?p=2313#respond\"]}]},{\"@type\":\"WebPage\",\"@id\":\"https:\/\/noticiasdefato.net\/?p=2313\",\"url\":\"https:\/\/noticiasdefato.net\/?p=2313\",\"name\":\"LULA TIRA CAF\u00c9 E CARNE DA MESA DOS MAIS POBRES - Not\u00edcias de Fato\",\"isPartOf\":{\"@id\":\"https:\/\/noticiasdefato.net\/#website\"},\"primaryImageOfPage\":{\"@id\":\"https:\/\/noticiasdefato.net\/?p=2313#primaryimage\"},\"image\":{\"@id\":\"https:\/\/noticiasdefato.net\/?p=2313#primaryimage\"},\"thumbnailUrl\":\"https:\/\/noticiasdefato.net\/wp-content\/uploads\/2024\/12\/image-12.png\",\"datePublished\":\"2025-01-06T12:55:02+00:00\",\"dateModified\":\"2025-01-06T13:16:01+00:00\",\"description\":\"Pre\u00e7o do p\u00e3ozinho e do p\u00f3 de caf\u00e9 dispararam devido a desvaloriza\u00e7\u00e3o do real frente ao d\u00f3lar. Pre\u00e7o da carne atinge m\u00e1xima hist\u00f3ria, superando pre\u00e7os da pandemia.\",\"breadcrumb\":{\"@id\":\"https:\/\/noticiasdefato.net\/?p=2313#breadcrumb\"},\"inLanguage\":\"pt-BR\",\"potentialAction\":[{\"@type\":\"ReadAction\",\"target\":[\"https:\/\/noticiasdefato.net\/?p=2313\"]}]},{\"@type\":\"ImageObject\",\"inLanguage\":\"pt-BR\",\"@id\":\"https:\/\/noticiasdefato.net\/?p=2313#primaryimage\",\"url\":\"https:\/\/noticiasdefato.net\/wp-content\/uploads\/2024\/12\/image-12.png\",\"contentUrl\":\"https:\/\/noticiasdefato.net\/wp-content\/uploads\/2024\/12\/image-12.png\",\"width\":848,\"height\":477},{\"@type\":\"BreadcrumbList\",\"@id\":\"https:\/\/noticiasdefato.net\/?p=2313#breadcrumb\",\"itemListElement\":[{\"@type\":\"ListItem\",\"position\":1,\"name\":\"In\u00edcio\",\"item\":\"https:\/\/noticiasdefato.net\/\"},{\"@type\":\"ListItem\",\"position\":2,\"name\":\"LULA TIRA CAF\u00c9 E CARNE DA MESA DOS MAIS POBRES\"}]},{\"@type\":\"WebSite\",\"@id\":\"https:\/\/noticiasdefato.net\/#website\",\"url\":\"https:\/\/noticiasdefato.net\/\",\"name\":\"Not\u00edcias de Fato\",\"description\":\"Trabalhamos com honestidade, seriedade e com a verdade.\",\"publisher\":{\"@id\":\"https:\/\/noticiasdefato.net\/#organization\"},\"potentialAction\":[{\"@type\":\"SearchAction\",\"target\":{\"@type\":\"EntryPoint\",\"urlTemplate\":\"https:\/\/noticiasdefato.net\/?s={search_term_string}\"},\"query-input\":\"required name=search_term_string\"}],\"inLanguage\":\"pt-BR\"},{\"@type\":\"Organization\",\"@id\":\"https:\/\/noticiasdefato.net\/#organization\",\"name\":\"Not\u00edcias de Fato\",\"url\":\"https:\/\/noticiasdefato.net\/\",\"logo\":{\"@type\":\"ImageObject\",\"inLanguage\":\"pt-BR\",\"@id\":\"https:\/\/noticiasdefato.net\/#\/schema\/logo\/image\/\",\"url\":\"https:\/\/noticiasdefato.net\/wp-content\/uploads\/2024\/02\/cropped-logo_topo.png\",\"contentUrl\":\"https:\/\/noticiasdefato.net\/wp-content\/uploads\/2024\/02\/cropped-logo_topo.png\",\"width\":1948,\"height\":665,\"caption\":\"Not\u00edcias de Fato\"},\"image\":{\"@id\":\"https:\/\/noticiasdefato.net\/#\/schema\/logo\/image\/\"},\"sameAs\":[\"https:\/\/fb.com\/noticiasdefato.jornal\",\"https:\/\/x.com\/noticiasdefato_\",\"https:\/\/instagram.com\/noticiasdefato.jornal\",\"https:\/\/youtube.com\/@JornalNoticiasDeFato\"]},{\"@type\":\"Person\",\"@id\":\"https:\/\/noticiasdefato.net\/#\/schema\/person\/982ce60211d95acf059cd702aa260d08\",\"name\":\"Noticias de Fato\",\"image\":{\"@type\":\"ImageObject\",\"inLanguage\":\"pt-BR\",\"@id\":\"https:\/\/noticiasdefato.net\/#\/schema\/person\/image\/\",\"url\":\"https:\/\/secure.gravatar.com\/avatar\/700227fab2316f0366a1b5d4988d10f847249cf13293450527ac9553c994611a?s=96&d=mm&r=g\",\"contentUrl\":\"https:\/\/secure.gravatar.com\/avatar\/700227fab2316f0366a1b5d4988d10f847249cf13293450527ac9553c994611a?s=96&d=mm&r=g\",\"caption\":\"Noticias de Fato\"},\"sameAs\":[\"https:\/\/noticiasdefato.net\",\"http:\/\/fb.com\/\/noticiasdefato.jornal\",\"https:\/\/x.com\/https:\/\/twitter.com\/NoticiasDeFato_\"],\"url\":\"https:\/\/noticiasdefato.net\/?author=1\"}]}<\/script>\n<!-- \/ Yoast SEO plugin. -->","yoast_head_json":{"title":"LULA TIRA CAF\u00c9 E CARNE DA MESA DOS MAIS POBRES - Not\u00edcias de Fato","description":"Pre\u00e7o do p\u00e3ozinho e do p\u00f3 de caf\u00e9 dispararam devido a desvaloriza\u00e7\u00e3o do real frente ao d\u00f3lar. Pre\u00e7o da carne atinge m\u00e1xima hist\u00f3ria, superando pre\u00e7os da pandemia.","robots":{"index":"index","follow":"follow","max-snippet":"max-snippet:-1","max-image-preview":"max-image-preview:large","max-video-preview":"max-video-preview:-1"},"canonical":"https:\/\/noticiasdefato.net\/?p=2313","og_locale":"pt_BR","og_type":"article","og_title":"LULA TIRA CAF\u00c9 E CARNE DA MESA DOS MAIS POBRES - Not\u00edcias de Fato","og_description":"Pre\u00e7o do p\u00e3ozinho e do p\u00f3 de caf\u00e9 dispararam devido a desvaloriza\u00e7\u00e3o do real frente ao d\u00f3lar. Pre\u00e7o da carne atinge m\u00e1xima hist\u00f3ria, superando pre\u00e7os da pandemia.","og_url":"https:\/\/noticiasdefato.net\/?p=2313","og_site_name":"Not\u00edcias de Fato","article_publisher":"https:\/\/fb.com\/noticiasdefato.jornal","article_author":"http:\/\/fb.com\/\/noticiasdefato.jornal","article_published_time":"2025-01-06T12:55:02+00:00","article_modified_time":"2025-01-06T13:16:01+00:00","og_image":[{"width":848,"height":477,"url":"https:\/\/noticiasdefato.net\/wp-content\/uploads\/2024\/12\/image-12.png","type":"image\/png"}],"author":"Noticias de Fato","twitter_card":"summary_large_image","twitter_creator":"@https:\/\/twitter.com\/NoticiasDeFato_","twitter_site":"@noticiasdefato_","twitter_misc":{"Escrito por":"Noticias de Fato","Est. tempo de leitura":"5 minutos"},"schema":{"@context":"https:\/\/schema.org","@graph":[{"@type":"Article","@id":"https:\/\/noticiasdefato.net\/?p=2313#article","isPartOf":{"@id":"https:\/\/noticiasdefato.net\/?p=2313"},"author":{"name":"Noticias de Fato","@id":"https:\/\/noticiasdefato.net\/#\/schema\/person\/982ce60211d95acf059cd702aa260d08"},"headline":"LULA TIRA CAF\u00c9 E CARNE DA MESA DOS MAIS POBRES","datePublished":"2025-01-06T12:55:02+00:00","dateModified":"2025-01-06T13:16:01+00:00","mainEntityOfPage":{"@id":"https:\/\/noticiasdefato.net\/?p=2313"},"wordCount":460,"commentCount":0,"publisher":{"@id":"https:\/\/noticiasdefato.net\/#organization"},"image":{"@id":"https:\/\/noticiasdefato.net\/?p=2313#primaryimage"},"thumbnailUrl":"https:\/\/noticiasdefato.net\/wp-content\/uploads\/2024\/12\/image-12.png","articleSection":["Destaques","Economia"],"inLanguage":"pt-BR","potentialAction":[{"@type":"CommentAction","name":"Comment","target":["https:\/\/noticiasdefato.net\/?p=2313#respond"]}]},{"@type":"WebPage","@id":"https:\/\/noticiasdefato.net\/?p=2313","url":"https:\/\/noticiasdefato.net\/?p=2313","name":"LULA TIRA CAF\u00c9 E CARNE DA MESA DOS MAIS POBRES - Not\u00edcias de Fato","isPartOf":{"@id":"https:\/\/noticiasdefato.net\/#website"},"primaryImageOfPage":{"@id":"https:\/\/noticiasdefato.net\/?p=2313#primaryimage"},"image":{"@id":"https:\/\/noticiasdefato.net\/?p=2313#primaryimage"},"thumbnailUrl":"https:\/\/noticiasdefato.net\/wp-content\/uploads\/2024\/12\/image-12.png","datePublished":"2025-01-06T12:55:02+00:00","dateModified":"2025-01-06T13:16:01+00:00","description":"Pre\u00e7o do p\u00e3ozinho e do p\u00f3 de caf\u00e9 dispararam devido a desvaloriza\u00e7\u00e3o do real frente ao d\u00f3lar. Pre\u00e7o da carne atinge m\u00e1xima hist\u00f3ria, superando pre\u00e7os da pandemia.","breadcrumb":{"@id":"https:\/\/noticiasdefato.net\/?p=2313#breadcrumb"},"inLanguage":"pt-BR","potentialAction":[{"@type":"ReadAction","target":["https:\/\/noticiasdefato.net\/?p=2313"]}]},{"@type":"ImageObject","inLanguage":"pt-BR","@id":"https:\/\/noticiasdefato.net\/?p=2313#primaryimage","url":"https:\/\/noticiasdefato.net\/wp-content\/uploads\/2024\/12\/image-12.png","contentUrl":"https:\/\/noticiasdefato.net\/wp-content\/uploads\/2024\/12\/image-12.png","width":848,"height":477},{"@type":"BreadcrumbList","@id":"https:\/\/noticiasdefato.net\/?p=2313#breadcrumb","itemListElement":[{"@type":"ListItem","position":1,"name":"In\u00edcio","item":"https:\/\/noticiasdefato.net\/"},{"@type":"ListItem","position":2,"name":"LULA TIRA CAF\u00c9 E CARNE DA MESA DOS MAIS POBRES"}]},{"@type":"WebSite","@id":"https:\/\/noticiasdefato.net\/#website","url":"https:\/\/noticiasdefato.net\/","name":"Not\u00edcias de Fato","description":"Trabalhamos com honestidade, seriedade e com a verdade.","publisher":{"@id":"https:\/\/noticiasdefato.net\/#organization"},"potentialAction":[{"@type":"SearchAction","target":{"@type":"EntryPoint","urlTemplate":"https:\/\/noticiasdefato.net\/?s={search_term_string}"},"query-input":"required name=search_term_string"}],"inLanguage":"pt-BR"},{"@type":"Organization","@id":"https:\/\/noticiasdefato.net\/#organization","name":"Not\u00edcias de Fato","url":"https:\/\/noticiasdefato.net\/","logo":{"@type":"ImageObject","inLanguage":"pt-BR","@id":"https:\/\/noticiasdefato.net\/#\/schema\/logo\/image\/","url":"https:\/\/noticiasdefato.net\/wp-content\/uploads\/2024\/02\/cropped-logo_topo.png","contentUrl":"https:\/\/noticiasdefato.net\/wp-content\/uploads\/2024\/02\/cropped-logo_topo.png","width":1948,"height":665,"caption":"Not\u00edcias de Fato"},"image":{"@id":"https:\/\/noticiasdefato.net\/#\/schema\/logo\/image\/"},"sameAs":["https:\/\/fb.com\/noticiasdefato.jornal","https:\/\/x.com\/noticiasdefato_","https:\/\/instagram.com\/noticiasdefato.jornal","https:\/\/youtube.com\/@JornalNoticiasDeFato"]},{"@type":"Person","@id":"https:\/\/noticiasdefato.net\/#\/schema\/person\/982ce60211d95acf059cd702aa260d08","name":"Noticias de Fato","image":{"@type":"ImageObject","inLanguage":"pt-BR","@id":"https:\/\/noticiasdefato.net\/#\/schema\/person\/image\/","url":"https:\/\/secure.gravatar.com\/avatar\/700227fab2316f0366a1b5d4988d10f847249cf13293450527ac9553c994611a?s=96&d=mm&r=g","contentUrl":"https:\/\/secure.gravatar.com\/avatar\/700227fab2316f0366a1b5d4988d10f847249cf13293450527ac9553c994611a?s=96&d=mm&r=g","caption":"Noticias de Fato"},"sameAs":["https:\/\/noticiasdefato.net","http:\/\/fb.com\/\/noticiasdefato.jornal","https:\/\/x.com\/https:\/\/twitter.com\/NoticiasDeFato_"],"url":"https:\/\/noticiasdefato.net\/?author=1"}]}},"_links":{"self":[{"href":"https:\/\/noticiasdefato.net\/index.php?rest_route=\/wp\/v2\/posts\/2313","targetHints":{"allow":["GET"]}}],"collection":[{"href":"https:\/\/noticiasdefato.net\/index.php?rest_route=\/wp\/v2\/posts"}],"about":[{"href":"https:\/\/noticiasdefato.net\/index.php?rest_route=\/wp\/v2\/types\/post"}],"author":[{"embeddable":true,"href":"https:\/\/noticiasdefato.net\/index.php?rest_route=\/wp\/v2\/users\/1"}],"replies":[{"embeddable":true,"href":"https:\/\/noticiasdefato.net\/index.php?rest_route=%2Fwp%2Fv2%2Fcomments&post=2313"}],"version-history":[{"count":5,"href":"https:\/\/noticiasdefato.net\/index.php?rest_route=\/wp\/v2\/posts\/2313\/revisions"}],"predecessor-version":[{"id":2332,"href":"https:\/\/noticiasdefato.net\/index.php?rest_route=\/wp\/v2\/posts\/2313\/revisions\/2332"}],"wp:featuredmedia":[{"embeddable":true,"href":"https:\/\/noticiasdefato.net\/index.php?rest_route=\/wp\/v2\/media\/2223"}],"wp:attachment":[{"href":"https:\/\/noticiasdefato.net\/index.php?rest_route=%2Fwp%2Fv2%2Fmedia&parent=2313"}],"wp:term":[{"taxonomy":"category","embeddable":true,"href":"https:\/\/noticiasdefato.net\/index.php?rest_route=%2Fwp%2Fv2%2Fcategories&post=2313"},{"taxonomy":"post_tag","embeddable":true,"href":"https:\/\/noticiasdefato.net\/index.php?rest_route=%2Fwp%2Fv2%2Ftags&post=2313"}],"curies":[{"name":"wp","href":"https:\/\/api.w.org\/{rel}","templated":true}]}}