{"id":2340,"date":"2025-01-07T16:33:46","date_gmt":"2025-01-07T19:33:46","guid":{"rendered":"https:\/\/noticiasdefato.net\/?p=2340"},"modified":"2025-01-07T16:33:47","modified_gmt":"2025-01-07T19:33:47","slug":"acabou-a-eleicao-acabou-a-zeladoria","status":"publish","type":"post","link":"https:\/\/noticiasdefato.net\/?p=2340","title":{"rendered":"ACABOU A ELEI\u00c7\u00c3O, ACABOU A ZELADORIA?"},"content":{"rendered":"\n<p><em>Moradores reclamam de m\u00e1 conserva\u00e7\u00e3o dos bairros por parte da prefeitura de Alfenas.<\/em><\/p>\n\n\n\n<p>Antes das elei\u00e7\u00f5es a cidade de Alfenas parecia estar com a zeladoria impec\u00e1vel. Por\u00e9m, a vit\u00f3ria do prefeito F\u00e1bio Flor\u00eancio (PT) parece n\u00e3o ter &#8216;ca\u00eddo bem&#8217;. Isso porque h\u00e1 reclama\u00e7\u00f5es das mais diversas poss\u00edveis, como buraco nas vias dos bairros, falta de poda e capina nas ruas, falta de medicamentos b\u00e1sicos no CDM.<\/p>\n\n\n\n<p>Conhecido como &#8220;Prefeito das Notas&#8221;, F\u00e1bio Flor\u00eancio provavelmente emitir\u00e1 alguma nota nas redes sociais da prefeitura justificando a falta de cuidados com a cidade. Uma poss\u00edvel justificativa talvez seria o recesso de final de ano da prefeitura. Entretanto, a cidade, as demandas da popula\u00e7\u00e3o e os impostos n\u00e3o param durante esse per\u00edodo.<\/p>\n\n\n\n<p>Veja, abaixo, algumas das reclama\u00e7\u00f5es da popula\u00e7\u00e3o:<\/p>\n\n\n\n<p><strong>FALTA DE VARRI\u00c7\u00c3O <\/strong><\/p>\n\n\n\n<figure class=\"wp-block-image size-full\"><img fetchpriority=\"high\" decoding=\"async\" width=\"654\" height=\"104\" src=\"https:\/\/noticiasdefato.net\/wp-content\/uploads\/2025\/01\/image-2.png\" alt=\"\" class=\"wp-image-2341\" srcset=\"https:\/\/noticiasdefato.net\/wp-content\/uploads\/2025\/01\/image-2.png 654w, https:\/\/noticiasdefato.net\/wp-content\/uploads\/2025\/01\/image-2-300x48.png 300w, https:\/\/noticiasdefato.net\/wp-content\/uploads\/2025\/01\/image-2-400x64.png 400w\" sizes=\"(max-width: 654px) 100vw, 654px\" \/><\/figure>\n\n\n\n<p><\/p>\n\n\n\n<p><strong>BURACOS NAS RUAS<\/strong><\/p>\n\n\n\n<figure class=\"wp-block-image size-full\"><img decoding=\"async\" width=\"455\" height=\"91\" src=\"https:\/\/noticiasdefato.net\/wp-content\/uploads\/2025\/01\/image-3.png\" alt=\"\" class=\"wp-image-2342\" srcset=\"https:\/\/noticiasdefato.net\/wp-content\/uploads\/2025\/01\/image-3.png 455w, https:\/\/noticiasdefato.net\/wp-content\/uploads\/2025\/01\/image-3-300x60.png 300w, https:\/\/noticiasdefato.net\/wp-content\/uploads\/2025\/01\/image-3-400x80.png 400w\" sizes=\"(max-width: 455px) 100vw, 455px\" \/><\/figure>\n\n\n\n<p><\/p>\n\n\n\n<p><strong>FALTA DE MEDICA\u00c7\u00c3O B\u00c1SICA NO CDM<\/strong><\/p>\n\n\n\n<p>Vereador Thales Gomes comenta sobre a falta de medicamentos b\u00e1sicos: https:\/\/www.facebook.com\/reel\/970517231593771<\/p>\n\n\n\n<p><strong>CEMIT\u00c9RIO ABANDONADO<\/strong><\/p>\n\n\n\n<div class=\"wp-block-columns is-layout-flex wp-container-core-columns-is-layout-9d6595d7 wp-block-columns-is-layout-flex\">\n<div class=\"wp-block-column is-layout-flow wp-block-column-is-layout-flow\" style=\"flex-basis:50%\">\n<figure class=\"wp-block-image size-full\"><img decoding=\"async\" width=\"313\" height=\"502\" src=\"https:\/\/noticiasdefato.net\/wp-content\/uploads\/2025\/01\/image-4.png\" alt=\"\" class=\"wp-image-2343\" srcset=\"https:\/\/noticiasdefato.net\/wp-content\/uploads\/2025\/01\/image-4.png 313w, https:\/\/noticiasdefato.net\/wp-content\/uploads\/2025\/01\/image-4-187x300.png 187w, https:\/\/noticiasdefato.net\/wp-content\/uploads\/2025\/01\/image-4-56x90.png 56w\" sizes=\"(max-width: 313px) 100vw, 313px\" \/><\/figure>\n<\/div>\n\n\n\n<div class=\"wp-block-column is-layout-flow wp-block-column-is-layout-flow\" style=\"flex-basis:50%\">\n<figure class=\"wp-block-image size-full\"><img loading=\"lazy\" decoding=\"async\" width=\"310\" height=\"402\" src=\"https:\/\/noticiasdefato.net\/wp-content\/uploads\/2025\/01\/image-5.png\" alt=\"\" class=\"wp-image-2344\" srcset=\"https:\/\/noticiasdefato.net\/wp-content\/uploads\/2025\/01\/image-5.png 310w, https:\/\/noticiasdefato.net\/wp-content\/uploads\/2025\/01\/image-5-231x300.png 231w, https:\/\/noticiasdefato.net\/wp-content\/uploads\/2025\/01\/image-5-69x90.png 69w\" sizes=\"(max-width: 310px) 100vw, 310px\" \/><\/figure>\n<\/div>\n<\/div>\n","protected":false},"excerpt":{"rendered":"<p>Moradores reclamam de m\u00e1 conserva\u00e7\u00e3o dos bairros por parte da prefeitura de Alfenas. <a href=\"https:\/\/noticiasdefato.net\/?p=2340\" class=\"more-link\">Continuar lendo <span class=\"screen-reader-text\">ACABOU A ELEI\u00c7\u00c3O, ACABOU A ZELADORIA?<\/span><\/a><\/p>\n","protected":false},"author":1,"featured_media":2253,"comment_status":"open","ping_status":"open","sticky":false,"template":"","format":"standard","meta":{"footnotes":""},"categories":[15,1],"tags":[],"class_list":["post-2340","post","type-post","status-publish","format-standard","has-post-thumbnail","hentry","category-destaques","category-geral"],"yoast_head":"<!-- This site is optimized with the Yoast SEO plugin v23.2 - https:\/\/yoast.com\/wordpress\/plugins\/seo\/ -->\n<title>ACABOU A ELEI\u00c7\u00c3O, ACABOU A ZELADORIA? - Not\u00edcias de Fato<\/title>\n<meta name=\"description\" content=\"Moradores reclamam de m\u00e1 conserva\u00e7\u00e3o dos bairros por parte da prefeitura de Alfenas.\" \/>\n<meta name=\"robots\" content=\"index, follow, max-snippet:-1, max-image-preview:large, max-video-preview:-1\" \/>\n<link rel=\"canonical\" href=\"https:\/\/noticiasdefato.net\/?p=2340\" \/>\n<meta property=\"og:locale\" content=\"pt_BR\" \/>\n<meta property=\"og:type\" content=\"article\" \/>\n<meta property=\"og:title\" content=\"ACABOU A ELEI\u00c7\u00c3O, ACABOU A ZELADORIA? - Not\u00edcias de Fato\" \/>\n<meta property=\"og:description\" content=\"Moradores reclamam de m\u00e1 conserva\u00e7\u00e3o dos bairros por parte da prefeitura de Alfenas.\" \/>\n<meta property=\"og:url\" content=\"https:\/\/noticiasdefato.net\/?p=2340\" \/>\n<meta property=\"og:site_name\" content=\"Not\u00edcias de Fato\" \/>\n<meta property=\"article:publisher\" content=\"https:\/\/fb.com\/noticiasdefato.jornal\" \/>\n<meta property=\"article:author\" content=\"http:\/\/fb.com\/\/noticiasdefato.jornal\" \/>\n<meta property=\"article:published_time\" content=\"2025-01-07T19:33:46+00:00\" \/>\n<meta property=\"article:modified_time\" content=\"2025-01-07T19:33:47+00:00\" \/>\n<meta property=\"og:image\" content=\"https:\/\/noticiasdefato.net\/wp-content\/uploads\/2024\/12\/image-20.png\" \/>\n\t<meta property=\"og:image:width\" content=\"1000\" \/>\n\t<meta property=\"og:image:height\" content=\"600\" \/>\n\t<meta property=\"og:image:type\" content=\"image\/png\" \/>\n<meta name=\"author\" content=\"Noticias de Fato\" \/>\n<meta name=\"twitter:card\" content=\"summary_large_image\" \/>\n<meta name=\"twitter:creator\" content=\"@https:\/\/twitter.com\/NoticiasDeFato_\" \/>\n<meta name=\"twitter:site\" content=\"@noticiasdefato_\" \/>\n<meta name=\"twitter:label1\" content=\"Escrito por\" \/>\n\t<meta name=\"twitter:data1\" content=\"Noticias de Fato\" \/>\n\t<meta name=\"twitter:label2\" content=\"Est. tempo de leitura\" \/>\n\t<meta name=\"twitter:data2\" content=\"2 minutos\" \/>\n<script type=\"application\/ld+json\" class=\"yoast-schema-graph\">{\"@context\":\"https:\/\/schema.org\",\"@graph\":[{\"@type\":\"Article\",\"@id\":\"https:\/\/noticiasdefato.net\/?p=2340#article\",\"isPartOf\":{\"@id\":\"https:\/\/noticiasdefato.net\/?p=2340\"},\"author\":{\"name\":\"Noticias de Fato\",\"@id\":\"https:\/\/noticiasdefato.net\/#\/schema\/person\/982ce60211d95acf059cd702aa260d08\"},\"headline\":\"ACABOU A ELEI\u00c7\u00c3O, ACABOU A ZELADORIA?\",\"datePublished\":\"2025-01-07T19:33:46+00:00\",\"dateModified\":\"2025-01-07T19:33:47+00:00\",\"mainEntityOfPage\":{\"@id\":\"https:\/\/noticiasdefato.net\/?p=2340\"},\"wordCount\":186,\"commentCount\":3,\"publisher\":{\"@id\":\"https:\/\/noticiasdefato.net\/#organization\"},\"image\":{\"@id\":\"https:\/\/noticiasdefato.net\/?p=2340#primaryimage\"},\"thumbnailUrl\":\"https:\/\/noticiasdefato.net\/wp-content\/uploads\/2024\/12\/image-20.png\",\"articleSection\":[\"Destaques\",\"Geral\"],\"inLanguage\":\"pt-BR\",\"potentialAction\":[{\"@type\":\"CommentAction\",\"name\":\"Comment\",\"target\":[\"https:\/\/noticiasdefato.net\/?p=2340#respond\"]}]},{\"@type\":\"WebPage\",\"@id\":\"https:\/\/noticiasdefato.net\/?p=2340\",\"url\":\"https:\/\/noticiasdefato.net\/?p=2340\",\"name\":\"ACABOU A ELEI\u00c7\u00c3O, ACABOU A ZELADORIA? - Not\u00edcias de Fato\",\"isPartOf\":{\"@id\":\"https:\/\/noticiasdefato.net\/#website\"},\"primaryImageOfPage\":{\"@id\":\"https:\/\/noticiasdefato.net\/?p=2340#primaryimage\"},\"image\":{\"@id\":\"https:\/\/noticiasdefato.net\/?p=2340#primaryimage\"},\"thumbnailUrl\":\"https:\/\/noticiasdefato.net\/wp-content\/uploads\/2024\/12\/image-20.png\",\"datePublished\":\"2025-01-07T19:33:46+00:00\",\"dateModified\":\"2025-01-07T19:33:47+00:00\",\"description\":\"Moradores reclamam de m\u00e1 conserva\u00e7\u00e3o dos bairros por parte da prefeitura de Alfenas.\",\"breadcrumb\":{\"@id\":\"https:\/\/noticiasdefato.net\/?p=2340#breadcrumb\"},\"inLanguage\":\"pt-BR\",\"potentialAction\":[{\"@type\":\"ReadAction\",\"target\":[\"https:\/\/noticiasdefato.net\/?p=2340\"]}]},{\"@type\":\"ImageObject\",\"inLanguage\":\"pt-BR\",\"@id\":\"https:\/\/noticiasdefato.net\/?p=2340#primaryimage\",\"url\":\"https:\/\/noticiasdefato.net\/wp-content\/uploads\/2024\/12\/image-20.png\",\"contentUrl\":\"https:\/\/noticiasdefato.net\/wp-content\/uploads\/2024\/12\/image-20.png\",\"width\":1000,\"height\":600},{\"@type\":\"BreadcrumbList\",\"@id\":\"https:\/\/noticiasdefato.net\/?p=2340#breadcrumb\",\"itemListElement\":[{\"@type\":\"ListItem\",\"position\":1,\"name\":\"In\u00edcio\",\"item\":\"https:\/\/noticiasdefato.net\/\"},{\"@type\":\"ListItem\",\"position\":2,\"name\":\"ACABOU A ELEI\u00c7\u00c3O, ACABOU A ZELADORIA?\"}]},{\"@type\":\"WebSite\",\"@id\":\"https:\/\/noticiasdefato.net\/#website\",\"url\":\"https:\/\/noticiasdefato.net\/\",\"name\":\"Not\u00edcias de Fato\",\"description\":\"Trabalhamos com honestidade, seriedade e com a verdade.\",\"publisher\":{\"@id\":\"https:\/\/noticiasdefato.net\/#organization\"},\"potentialAction\":[{\"@type\":\"SearchAction\",\"target\":{\"@type\":\"EntryPoint\",\"urlTemplate\":\"https:\/\/noticiasdefato.net\/?s={search_term_string}\"},\"query-input\":\"required name=search_term_string\"}],\"inLanguage\":\"pt-BR\"},{\"@type\":\"Organization\",\"@id\":\"https:\/\/noticiasdefato.net\/#organization\",\"name\":\"Not\u00edcias de Fato\",\"url\":\"https:\/\/noticiasdefato.net\/\",\"logo\":{\"@type\":\"ImageObject\",\"inLanguage\":\"pt-BR\",\"@id\":\"https:\/\/noticiasdefato.net\/#\/schema\/logo\/image\/\",\"url\":\"https:\/\/noticiasdefato.net\/wp-content\/uploads\/2024\/02\/cropped-logo_topo.png\",\"contentUrl\":\"https:\/\/noticiasdefato.net\/wp-content\/uploads\/2024\/02\/cropped-logo_topo.png\",\"width\":1948,\"height\":665,\"caption\":\"Not\u00edcias de Fato\"},\"image\":{\"@id\":\"https:\/\/noticiasdefato.net\/#\/schema\/logo\/image\/\"},\"sameAs\":[\"https:\/\/fb.com\/noticiasdefato.jornal\",\"https:\/\/x.com\/noticiasdefato_\",\"https:\/\/instagram.com\/noticiasdefato.jornal\",\"https:\/\/youtube.com\/@JornalNoticiasDeFato\"]},{\"@type\":\"Person\",\"@id\":\"https:\/\/noticiasdefato.net\/#\/schema\/person\/982ce60211d95acf059cd702aa260d08\",\"name\":\"Noticias de Fato\",\"image\":{\"@type\":\"ImageObject\",\"inLanguage\":\"pt-BR\",\"@id\":\"https:\/\/noticiasdefato.net\/#\/schema\/person\/image\/\",\"url\":\"https:\/\/secure.gravatar.com\/avatar\/700227fab2316f0366a1b5d4988d10f847249cf13293450527ac9553c994611a?s=96&d=mm&r=g\",\"contentUrl\":\"https:\/\/secure.gravatar.com\/avatar\/700227fab2316f0366a1b5d4988d10f847249cf13293450527ac9553c994611a?s=96&d=mm&r=g\",\"caption\":\"Noticias de Fato\"},\"sameAs\":[\"https:\/\/noticiasdefato.net\",\"http:\/\/fb.com\/\/noticiasdefato.jornal\",\"https:\/\/x.com\/https:\/\/twitter.com\/NoticiasDeFato_\"],\"url\":\"https:\/\/noticiasdefato.net\/?author=1\"}]}<\/script>\n<!-- \/ Yoast SEO plugin. -->","yoast_head_json":{"title":"ACABOU A ELEI\u00c7\u00c3O, ACABOU A ZELADORIA? - Not\u00edcias de Fato","description":"Moradores reclamam de m\u00e1 conserva\u00e7\u00e3o dos bairros por parte da prefeitura de Alfenas.","robots":{"index":"index","follow":"follow","max-snippet":"max-snippet:-1","max-image-preview":"max-image-preview:large","max-video-preview":"max-video-preview:-1"},"canonical":"https:\/\/noticiasdefato.net\/?p=2340","og_locale":"pt_BR","og_type":"article","og_title":"ACABOU A ELEI\u00c7\u00c3O, ACABOU A ZELADORIA? - Not\u00edcias de Fato","og_description":"Moradores reclamam de m\u00e1 conserva\u00e7\u00e3o dos bairros por parte da prefeitura de Alfenas.","og_url":"https:\/\/noticiasdefato.net\/?p=2340","og_site_name":"Not\u00edcias de Fato","article_publisher":"https:\/\/fb.com\/noticiasdefato.jornal","article_author":"http:\/\/fb.com\/\/noticiasdefato.jornal","article_published_time":"2025-01-07T19:33:46+00:00","article_modified_time":"2025-01-07T19:33:47+00:00","og_image":[{"width":1000,"height":600,"url":"https:\/\/noticiasdefato.net\/wp-content\/uploads\/2024\/12\/image-20.png","type":"image\/png"}],"author":"Noticias de Fato","twitter_card":"summary_large_image","twitter_creator":"@https:\/\/twitter.com\/NoticiasDeFato_","twitter_site":"@noticiasdefato_","twitter_misc":{"Escrito por":"Noticias de Fato","Est. tempo de leitura":"2 minutos"},"schema":{"@context":"https:\/\/schema.org","@graph":[{"@type":"Article","@id":"https:\/\/noticiasdefato.net\/?p=2340#article","isPartOf":{"@id":"https:\/\/noticiasdefato.net\/?p=2340"},"author":{"name":"Noticias de Fato","@id":"https:\/\/noticiasdefato.net\/#\/schema\/person\/982ce60211d95acf059cd702aa260d08"},"headline":"ACABOU A ELEI\u00c7\u00c3O, ACABOU A ZELADORIA?","datePublished":"2025-01-07T19:33:46+00:00","dateModified":"2025-01-07T19:33:47+00:00","mainEntityOfPage":{"@id":"https:\/\/noticiasdefato.net\/?p=2340"},"wordCount":186,"commentCount":3,"publisher":{"@id":"https:\/\/noticiasdefato.net\/#organization"},"image":{"@id":"https:\/\/noticiasdefato.net\/?p=2340#primaryimage"},"thumbnailUrl":"https:\/\/noticiasdefato.net\/wp-content\/uploads\/2024\/12\/image-20.png","articleSection":["Destaques","Geral"],"inLanguage":"pt-BR","potentialAction":[{"@type":"CommentAction","name":"Comment","target":["https:\/\/noticiasdefato.net\/?p=2340#respond"]}]},{"@type":"WebPage","@id":"https:\/\/noticiasdefato.net\/?p=2340","url":"https:\/\/noticiasdefato.net\/?p=2340","name":"ACABOU A ELEI\u00c7\u00c3O, ACABOU A ZELADORIA? - Not\u00edcias de Fato","isPartOf":{"@id":"https:\/\/noticiasdefato.net\/#website"},"primaryImageOfPage":{"@id":"https:\/\/noticiasdefato.net\/?p=2340#primaryimage"},"image":{"@id":"https:\/\/noticiasdefato.net\/?p=2340#primaryimage"},"thumbnailUrl":"https:\/\/noticiasdefato.net\/wp-content\/uploads\/2024\/12\/image-20.png","datePublished":"2025-01-07T19:33:46+00:00","dateModified":"2025-01-07T19:33:47+00:00","description":"Moradores reclamam de m\u00e1 conserva\u00e7\u00e3o dos bairros por parte da prefeitura de Alfenas.","breadcrumb":{"@id":"https:\/\/noticiasdefato.net\/?p=2340#breadcrumb"},"inLanguage":"pt-BR","potentialAction":[{"@type":"ReadAction","target":["https:\/\/noticiasdefato.net\/?p=2340"]}]},{"@type":"ImageObject","inLanguage":"pt-BR","@id":"https:\/\/noticiasdefato.net\/?p=2340#primaryimage","url":"https:\/\/noticiasdefato.net\/wp-content\/uploads\/2024\/12\/image-20.png","contentUrl":"https:\/\/noticiasdefato.net\/wp-content\/uploads\/2024\/12\/image-20.png","width":1000,"height":600},{"@type":"BreadcrumbList","@id":"https:\/\/noticiasdefato.net\/?p=2340#breadcrumb","itemListElement":[{"@type":"ListItem","position":1,"name":"In\u00edcio","item":"https:\/\/noticiasdefato.net\/"},{"@type":"ListItem","position":2,"name":"ACABOU A ELEI\u00c7\u00c3O, ACABOU A ZELADORIA?"}]},{"@type":"WebSite","@id":"https:\/\/noticiasdefato.net\/#website","url":"https:\/\/noticiasdefato.net\/","name":"Not\u00edcias de Fato","description":"Trabalhamos com honestidade, seriedade e com a verdade.","publisher":{"@id":"https:\/\/noticiasdefato.net\/#organization"},"potentialAction":[{"@type":"SearchAction","target":{"@type":"EntryPoint","urlTemplate":"https:\/\/noticiasdefato.net\/?s={search_term_string}"},"query-input":"required name=search_term_string"}],"inLanguage":"pt-BR"},{"@type":"Organization","@id":"https:\/\/noticiasdefato.net\/#organization","name":"Not\u00edcias de Fato","url":"https:\/\/noticiasdefato.net\/","logo":{"@type":"ImageObject","inLanguage":"pt-BR","@id":"https:\/\/noticiasdefato.net\/#\/schema\/logo\/image\/","url":"https:\/\/noticiasdefato.net\/wp-content\/uploads\/2024\/02\/cropped-logo_topo.png","contentUrl":"https:\/\/noticiasdefato.net\/wp-content\/uploads\/2024\/02\/cropped-logo_topo.png","width":1948,"height":665,"caption":"Not\u00edcias de Fato"},"image":{"@id":"https:\/\/noticiasdefato.net\/#\/schema\/logo\/image\/"},"sameAs":["https:\/\/fb.com\/noticiasdefato.jornal","https:\/\/x.com\/noticiasdefato_","https:\/\/instagram.com\/noticiasdefato.jornal","https:\/\/youtube.com\/@JornalNoticiasDeFato"]},{"@type":"Person","@id":"https:\/\/noticiasdefato.net\/#\/schema\/person\/982ce60211d95acf059cd702aa260d08","name":"Noticias de Fato","image":{"@type":"ImageObject","inLanguage":"pt-BR","@id":"https:\/\/noticiasdefato.net\/#\/schema\/person\/image\/","url":"https:\/\/secure.gravatar.com\/avatar\/700227fab2316f0366a1b5d4988d10f847249cf13293450527ac9553c994611a?s=96&d=mm&r=g","contentUrl":"https:\/\/secure.gravatar.com\/avatar\/700227fab2316f0366a1b5d4988d10f847249cf13293450527ac9553c994611a?s=96&d=mm&r=g","caption":"Noticias de Fato"},"sameAs":["https:\/\/noticiasdefato.net","http:\/\/fb.com\/\/noticiasdefato.jornal","https:\/\/x.com\/https:\/\/twitter.com\/NoticiasDeFato_"],"url":"https:\/\/noticiasdefato.net\/?author=1"}]}},"_links":{"self":[{"href":"https:\/\/noticiasdefato.net\/index.php?rest_route=\/wp\/v2\/posts\/2340","targetHints":{"allow":["GET"]}}],"collection":[{"href":"https:\/\/noticiasdefato.net\/index.php?rest_route=\/wp\/v2\/posts"}],"about":[{"href":"https:\/\/noticiasdefato.net\/index.php?rest_route=\/wp\/v2\/types\/post"}],"author":[{"embeddable":true,"href":"https:\/\/noticiasdefato.net\/index.php?rest_route=\/wp\/v2\/users\/1"}],"replies":[{"embeddable":true,"href":"https:\/\/noticiasdefato.net\/index.php?rest_route=%2Fwp%2Fv2%2Fcomments&post=2340"}],"version-history":[{"count":1,"href":"https:\/\/noticiasdefato.net\/index.php?rest_route=\/wp\/v2\/posts\/2340\/revisions"}],"predecessor-version":[{"id":2345,"href":"https:\/\/noticiasdefato.net\/index.php?rest_route=\/wp\/v2\/posts\/2340\/revisions\/2345"}],"wp:featuredmedia":[{"embeddable":true,"href":"https:\/\/noticiasdefato.net\/index.php?rest_route=\/wp\/v2\/media\/2253"}],"wp:attachment":[{"href":"https:\/\/noticiasdefato.net\/index.php?rest_route=%2Fwp%2Fv2%2Fmedia&parent=2340"}],"wp:term":[{"taxonomy":"category","embeddable":true,"href":"https:\/\/noticiasdefato.net\/index.php?rest_route=%2Fwp%2Fv2%2Fcategories&post=2340"},{"taxonomy":"post_tag","embeddable":true,"href":"https:\/\/noticiasdefato.net\/index.php?rest_route=%2Fwp%2Fv2%2Ftags&post=2340"}],"curies":[{"name":"wp","href":"https:\/\/api.w.org\/{rel}","templated":true}]}}