{"id":2346,"date":"2025-01-08T08:46:56","date_gmt":"2025-01-08T11:46:56","guid":{"rendered":"https:\/\/noticiasdefato.net\/?p=2346"},"modified":"2025-01-09T10:21:37","modified_gmt":"2025-01-09T13:21:37","slug":"alfenas-barranco-alto-esta-abandonado-pelo-prefeito","status":"publish","type":"post","link":"https:\/\/noticiasdefato.net\/?p=2346","title":{"rendered":"ALFENAS: &#8220;BARRANCO ALTO EST\u00c1 ABANDONADO PELO PREFEITO&#8221;"},"content":{"rendered":"\n<p><em>Moradores reclamam de estrada de acesso ao bairo em p\u00e9ssimo estado de conserva\u00e7\u00e3o, e de obra de postinho de sa\u00fade que est\u00e1 abandonada.<\/em><\/p>\n\n\n\n<p>O distrito de Barranco Alto, em Alfenas, desfruta de uma bel\u00edssima paisagem as margens do Lago de Furnas. Esse fato motiva turistas a frequentarem o local, gerando renda aos moradores atrav\u00e9s do com\u00e9rcio, servi\u00e7os e alugu\u00e9is.<\/p>\n\n\n\n<p>Infelizmente, desde o ano passado, moradores do bairro t\u00eam reclamado reiteradamente do abandono por parte do governo municipal do prefeito F\u00e1bio Flor\u00eancio (PT). O \u00e1pice ocorreu com crian\u00e7as perdendo aula devido ve\u00edculos de transporte escolar quebrarem no percurso.<\/p>\n\n\n\n<p><strong>PROBLEMAS PERSISTEM EM 2025<\/strong><\/p>\n\n\n\n<p>No novo mandato do prefeito F\u00e1bio Flor\u00eancio (PT) a popula\u00e7\u00e3o do Barranco Alto continua reclamando da aus\u00eancia do poder p\u00fablico. Um dos problemas relatados \u00e9 a estrada que da acesso ao bairro. Segundo moradores, a falta de cascalho faz com que carros fiquem atolados em lama, gerando insatisfa\u00e7\u00e3o de turistas, que optam por n\u00e3o retornar ao local.<\/p>\n\n\n\n<figure class=\"wp-block-image size-full\"><img fetchpriority=\"high\" decoding=\"async\" width=\"384\" height=\"194\" src=\"https:\/\/noticiasdefato.net\/wp-content\/uploads\/2025\/01\/image-7.png\" alt=\"\" class=\"wp-image-2348\" srcset=\"https:\/\/noticiasdefato.net\/wp-content\/uploads\/2025\/01\/image-7.png 384w, https:\/\/noticiasdefato.net\/wp-content\/uploads\/2025\/01\/image-7-300x152.png 300w, https:\/\/noticiasdefato.net\/wp-content\/uploads\/2025\/01\/image-7-178x90.png 178w\" sizes=\"(max-width: 384px) 100vw, 384px\" \/><\/figure>\n\n\n\n<p><\/p>\n\n\n\n<p><strong>OBRA PARADA H\u00c1 4 ANOS<\/strong><\/p>\n\n\n\n<p>Segundo um morador, o prefeito F\u00e1bio Flor\u00eancio iniciou a obra de um postinho de sa\u00fade para atender os moradores do bairro rural Coruja, pr\u00f3ximo ao Barranco Alto. Por\u00e9m, a obra est\u00e1 abandonada, conforme imagens fornecidas pelo morador que s\u00e3o exibidas abaixo:<\/p>\n\n\n\n<div class=\"wp-block-columns is-layout-flex wp-container-core-columns-is-layout-9d6595d7 wp-block-columns-is-layout-flex\">\n<div class=\"wp-block-column is-layout-flow wp-block-column-is-layout-flow\" style=\"flex-basis:50%\">\n<figure class=\"wp-block-image size-large\"><img decoding=\"async\" width=\"768\" height=\"1024\" src=\"https:\/\/noticiasdefato.net\/wp-content\/uploads\/2025\/01\/Imagem-do-WhatsApp-de-2025-01-08-as-08.09.06_236af267-768x1024.jpg\" alt=\"\" class=\"wp-image-2350\" srcset=\"https:\/\/noticiasdefato.net\/wp-content\/uploads\/2025\/01\/Imagem-do-WhatsApp-de-2025-01-08-as-08.09.06_236af267-768x1024.jpg 768w, https:\/\/noticiasdefato.net\/wp-content\/uploads\/2025\/01\/Imagem-do-WhatsApp-de-2025-01-08-as-08.09.06_236af267-225x300.jpg 225w, https:\/\/noticiasdefato.net\/wp-content\/uploads\/2025\/01\/Imagem-do-WhatsApp-de-2025-01-08-as-08.09.06_236af267-68x90.jpg 68w, https:\/\/noticiasdefato.net\/wp-content\/uploads\/2025\/01\/Imagem-do-WhatsApp-de-2025-01-08-as-08.09.06_236af267.jpg 864w\" sizes=\"(max-width: 768px) 100vw, 768px\" \/><\/figure>\n<\/div>\n\n\n\n<div class=\"wp-block-column is-layout-flow wp-block-column-is-layout-flow\" style=\"flex-basis:50%\">\n<figure class=\"wp-block-image size-large\"><img decoding=\"async\" width=\"1024\" height=\"768\" src=\"https:\/\/noticiasdefato.net\/wp-content\/uploads\/2025\/01\/Imagem-do-WhatsApp-de-2025-01-08-as-08.09.06_06d327a2-1024x768.jpg\" alt=\"\" class=\"wp-image-2351\" srcset=\"https:\/\/noticiasdefato.net\/wp-content\/uploads\/2025\/01\/Imagem-do-WhatsApp-de-2025-01-08-as-08.09.06_06d327a2-1024x768.jpg 1024w, https:\/\/noticiasdefato.net\/wp-content\/uploads\/2025\/01\/Imagem-do-WhatsApp-de-2025-01-08-as-08.09.06_06d327a2-300x225.jpg 300w, https:\/\/noticiasdefato.net\/wp-content\/uploads\/2025\/01\/Imagem-do-WhatsApp-de-2025-01-08-as-08.09.06_06d327a2-768x576.jpg 768w, https:\/\/noticiasdefato.net\/wp-content\/uploads\/2025\/01\/Imagem-do-WhatsApp-de-2025-01-08-as-08.09.06_06d327a2-120x90.jpg 120w, https:\/\/noticiasdefato.net\/wp-content\/uploads\/2025\/01\/Imagem-do-WhatsApp-de-2025-01-08-as-08.09.06_06d327a2.jpg 1152w\" sizes=\"(max-width: 1024px) 100vw, 1024px\" \/><\/figure>\n<\/div>\n<\/div>\n\n\n\n<figure class=\"wp-block-image size-large\"><img loading=\"lazy\" decoding=\"async\" width=\"1024\" height=\"768\" src=\"https:\/\/noticiasdefato.net\/wp-content\/uploads\/2025\/01\/Imagem-do-WhatsApp-de-2025-01-08-as-08.09.07_a394b809-1024x768.jpg\" alt=\"\" class=\"wp-image-2349\" srcset=\"https:\/\/noticiasdefato.net\/wp-content\/uploads\/2025\/01\/Imagem-do-WhatsApp-de-2025-01-08-as-08.09.07_a394b809-1024x768.jpg 1024w, https:\/\/noticiasdefato.net\/wp-content\/uploads\/2025\/01\/Imagem-do-WhatsApp-de-2025-01-08-as-08.09.07_a394b809-300x225.jpg 300w, https:\/\/noticiasdefato.net\/wp-content\/uploads\/2025\/01\/Imagem-do-WhatsApp-de-2025-01-08-as-08.09.07_a394b809-768x576.jpg 768w, https:\/\/noticiasdefato.net\/wp-content\/uploads\/2025\/01\/Imagem-do-WhatsApp-de-2025-01-08-as-08.09.07_a394b809-120x90.jpg 120w, https:\/\/noticiasdefato.net\/wp-content\/uploads\/2025\/01\/Imagem-do-WhatsApp-de-2025-01-08-as-08.09.07_a394b809.jpg 1152w\" sizes=\"(max-width: 1024px) 100vw, 1024px\" \/><\/figure>\n","protected":false},"excerpt":{"rendered":"<p>Moradores reclamam de estrada de acesso ao bairo em p\u00e9ssimo estado de conserva\u00e7\u00e3o, e de obra de postinho de sa\u00fade que est\u00e1 abandonada. <a href=\"https:\/\/noticiasdefato.net\/?p=2346\" class=\"more-link\">Continuar lendo <span class=\"screen-reader-text\">ALFENAS: &#8220;BARRANCO ALTO EST\u00c1 ABANDONADO PELO PREFEITO&#8221;<\/span><\/a><\/p>\n","protected":false},"author":1,"featured_media":2349,"comment_status":"open","ping_status":"open","sticky":false,"template":"","format":"standard","meta":{"footnotes":""},"categories":[15,1],"tags":[],"class_list":["post-2346","post","type-post","status-publish","format-standard","has-post-thumbnail","hentry","category-destaques","category-geral"],"yoast_head":"<!-- This site is optimized with the Yoast SEO plugin v23.2 - https:\/\/yoast.com\/wordpress\/plugins\/seo\/ -->\n<title>ALFENAS: &quot;BARRANCO ALTO EST\u00c1 ABANDONADO PELO PREFEITO&quot; - Not\u00edcias de Fato<\/title>\n<meta name=\"description\" content=\"Moradores reclamam de estrada de acesso ao bairo em p\u00e9ssimo estado de conserva\u00e7\u00e3o, e de obra de postinho de sa\u00fade que est\u00e1 abandonada.\" \/>\n<meta name=\"robots\" content=\"index, follow, max-snippet:-1, max-image-preview:large, max-video-preview:-1\" \/>\n<link rel=\"canonical\" href=\"https:\/\/noticiasdefato.net\/?p=2346\" \/>\n<meta property=\"og:locale\" content=\"pt_BR\" \/>\n<meta property=\"og:type\" content=\"article\" \/>\n<meta property=\"og:title\" content=\"ALFENAS: &quot;BARRANCO ALTO EST\u00c1 ABANDONADO PELO PREFEITO&quot; - Not\u00edcias de Fato\" \/>\n<meta property=\"og:description\" content=\"Moradores reclamam de estrada de acesso ao bairo em p\u00e9ssimo estado de conserva\u00e7\u00e3o, e de obra de postinho de sa\u00fade que est\u00e1 abandonada.\" \/>\n<meta property=\"og:url\" content=\"https:\/\/noticiasdefato.net\/?p=2346\" \/>\n<meta property=\"og:site_name\" content=\"Not\u00edcias de Fato\" \/>\n<meta property=\"article:publisher\" content=\"https:\/\/fb.com\/noticiasdefato.jornal\" \/>\n<meta property=\"article:author\" content=\"http:\/\/fb.com\/\/noticiasdefato.jornal\" \/>\n<meta property=\"article:published_time\" content=\"2025-01-08T11:46:56+00:00\" \/>\n<meta property=\"article:modified_time\" content=\"2025-01-09T13:21:37+00:00\" \/>\n<meta property=\"og:image\" content=\"https:\/\/noticiasdefato.net\/wp-content\/uploads\/2025\/01\/Imagem-do-WhatsApp-de-2025-01-08-as-08.09.07_a394b809.jpg\" \/>\n\t<meta property=\"og:image:width\" content=\"1152\" \/>\n\t<meta property=\"og:image:height\" content=\"864\" \/>\n\t<meta property=\"og:image:type\" content=\"image\/jpeg\" \/>\n<meta name=\"author\" content=\"Noticias de Fato\" \/>\n<meta name=\"twitter:card\" content=\"summary_large_image\" \/>\n<meta name=\"twitter:creator\" content=\"@https:\/\/twitter.com\/NoticiasDeFato_\" \/>\n<meta name=\"twitter:site\" content=\"@noticiasdefato_\" \/>\n<meta name=\"twitter:label1\" content=\"Escrito por\" \/>\n\t<meta name=\"twitter:data1\" content=\"Noticias de Fato\" \/>\n\t<meta name=\"twitter:label2\" content=\"Est. tempo de leitura\" \/>\n\t<meta name=\"twitter:data2\" content=\"3 minutos\" \/>\n<script type=\"application\/ld+json\" class=\"yoast-schema-graph\">{\"@context\":\"https:\/\/schema.org\",\"@graph\":[{\"@type\":\"Article\",\"@id\":\"https:\/\/noticiasdefato.net\/?p=2346#article\",\"isPartOf\":{\"@id\":\"https:\/\/noticiasdefato.net\/?p=2346\"},\"author\":{\"name\":\"Noticias de Fato\",\"@id\":\"https:\/\/noticiasdefato.net\/#\/schema\/person\/982ce60211d95acf059cd702aa260d08\"},\"headline\":\"ALFENAS: &#8220;BARRANCO ALTO EST\u00c1 ABANDONADO PELO PREFEITO&#8221;\",\"datePublished\":\"2025-01-08T11:46:56+00:00\",\"dateModified\":\"2025-01-09T13:21:37+00:00\",\"mainEntityOfPage\":{\"@id\":\"https:\/\/noticiasdefato.net\/?p=2346\"},\"wordCount\":234,\"commentCount\":0,\"publisher\":{\"@id\":\"https:\/\/noticiasdefato.net\/#organization\"},\"image\":{\"@id\":\"https:\/\/noticiasdefato.net\/?p=2346#primaryimage\"},\"thumbnailUrl\":\"https:\/\/noticiasdefato.net\/wp-content\/uploads\/2025\/01\/Imagem-do-WhatsApp-de-2025-01-08-as-08.09.07_a394b809.jpg\",\"articleSection\":[\"Destaques\",\"Geral\"],\"inLanguage\":\"pt-BR\",\"potentialAction\":[{\"@type\":\"CommentAction\",\"name\":\"Comment\",\"target\":[\"https:\/\/noticiasdefato.net\/?p=2346#respond\"]}]},{\"@type\":\"WebPage\",\"@id\":\"https:\/\/noticiasdefato.net\/?p=2346\",\"url\":\"https:\/\/noticiasdefato.net\/?p=2346\",\"name\":\"ALFENAS: \\\"BARRANCO ALTO EST\u00c1 ABANDONADO PELO PREFEITO\\\" - Not\u00edcias de Fato\",\"isPartOf\":{\"@id\":\"https:\/\/noticiasdefato.net\/#website\"},\"primaryImageOfPage\":{\"@id\":\"https:\/\/noticiasdefato.net\/?p=2346#primaryimage\"},\"image\":{\"@id\":\"https:\/\/noticiasdefato.net\/?p=2346#primaryimage\"},\"thumbnailUrl\":\"https:\/\/noticiasdefato.net\/wp-content\/uploads\/2025\/01\/Imagem-do-WhatsApp-de-2025-01-08-as-08.09.07_a394b809.jpg\",\"datePublished\":\"2025-01-08T11:46:56+00:00\",\"dateModified\":\"2025-01-09T13:21:37+00:00\",\"description\":\"Moradores reclamam de estrada de acesso ao bairo em p\u00e9ssimo estado de conserva\u00e7\u00e3o, e de obra de postinho de sa\u00fade que est\u00e1 abandonada.\",\"breadcrumb\":{\"@id\":\"https:\/\/noticiasdefato.net\/?p=2346#breadcrumb\"},\"inLanguage\":\"pt-BR\",\"potentialAction\":[{\"@type\":\"ReadAction\",\"target\":[\"https:\/\/noticiasdefato.net\/?p=2346\"]}]},{\"@type\":\"ImageObject\",\"inLanguage\":\"pt-BR\",\"@id\":\"https:\/\/noticiasdefato.net\/?p=2346#primaryimage\",\"url\":\"https:\/\/noticiasdefato.net\/wp-content\/uploads\/2025\/01\/Imagem-do-WhatsApp-de-2025-01-08-as-08.09.07_a394b809.jpg\",\"contentUrl\":\"https:\/\/noticiasdefato.net\/wp-content\/uploads\/2025\/01\/Imagem-do-WhatsApp-de-2025-01-08-as-08.09.07_a394b809.jpg\",\"width\":1152,\"height\":864},{\"@type\":\"BreadcrumbList\",\"@id\":\"https:\/\/noticiasdefato.net\/?p=2346#breadcrumb\",\"itemListElement\":[{\"@type\":\"ListItem\",\"position\":1,\"name\":\"In\u00edcio\",\"item\":\"https:\/\/noticiasdefato.net\/\"},{\"@type\":\"ListItem\",\"position\":2,\"name\":\"ALFENAS: &#8220;BARRANCO ALTO EST\u00c1 ABANDONADO PELO PREFEITO&#8221;\"}]},{\"@type\":\"WebSite\",\"@id\":\"https:\/\/noticiasdefato.net\/#website\",\"url\":\"https:\/\/noticiasdefato.net\/\",\"name\":\"Not\u00edcias de Fato\",\"description\":\"Trabalhamos com honestidade, seriedade e com a verdade.\",\"publisher\":{\"@id\":\"https:\/\/noticiasdefato.net\/#organization\"},\"potentialAction\":[{\"@type\":\"SearchAction\",\"target\":{\"@type\":\"EntryPoint\",\"urlTemplate\":\"https:\/\/noticiasdefato.net\/?s={search_term_string}\"},\"query-input\":\"required name=search_term_string\"}],\"inLanguage\":\"pt-BR\"},{\"@type\":\"Organization\",\"@id\":\"https:\/\/noticiasdefato.net\/#organization\",\"name\":\"Not\u00edcias de Fato\",\"url\":\"https:\/\/noticiasdefato.net\/\",\"logo\":{\"@type\":\"ImageObject\",\"inLanguage\":\"pt-BR\",\"@id\":\"https:\/\/noticiasdefato.net\/#\/schema\/logo\/image\/\",\"url\":\"https:\/\/noticiasdefato.net\/wp-content\/uploads\/2024\/02\/cropped-logo_topo.png\",\"contentUrl\":\"https:\/\/noticiasdefato.net\/wp-content\/uploads\/2024\/02\/cropped-logo_topo.png\",\"width\":1948,\"height\":665,\"caption\":\"Not\u00edcias de Fato\"},\"image\":{\"@id\":\"https:\/\/noticiasdefato.net\/#\/schema\/logo\/image\/\"},\"sameAs\":[\"https:\/\/fb.com\/noticiasdefato.jornal\",\"https:\/\/x.com\/noticiasdefato_\",\"https:\/\/instagram.com\/noticiasdefato.jornal\",\"https:\/\/youtube.com\/@JornalNoticiasDeFato\"]},{\"@type\":\"Person\",\"@id\":\"https:\/\/noticiasdefato.net\/#\/schema\/person\/982ce60211d95acf059cd702aa260d08\",\"name\":\"Noticias de Fato\",\"image\":{\"@type\":\"ImageObject\",\"inLanguage\":\"pt-BR\",\"@id\":\"https:\/\/noticiasdefato.net\/#\/schema\/person\/image\/\",\"url\":\"https:\/\/secure.gravatar.com\/avatar\/700227fab2316f0366a1b5d4988d10f847249cf13293450527ac9553c994611a?s=96&d=mm&r=g\",\"contentUrl\":\"https:\/\/secure.gravatar.com\/avatar\/700227fab2316f0366a1b5d4988d10f847249cf13293450527ac9553c994611a?s=96&d=mm&r=g\",\"caption\":\"Noticias de Fato\"},\"sameAs\":[\"https:\/\/noticiasdefato.net\",\"http:\/\/fb.com\/\/noticiasdefato.jornal\",\"https:\/\/x.com\/https:\/\/twitter.com\/NoticiasDeFato_\"],\"url\":\"https:\/\/noticiasdefato.net\/?author=1\"}]}<\/script>\n<!-- \/ Yoast SEO plugin. -->","yoast_head_json":{"title":"ALFENAS: \"BARRANCO ALTO EST\u00c1 ABANDONADO PELO PREFEITO\" - Not\u00edcias de Fato","description":"Moradores reclamam de estrada de acesso ao bairo em p\u00e9ssimo estado de conserva\u00e7\u00e3o, e de obra de postinho de sa\u00fade que est\u00e1 abandonada.","robots":{"index":"index","follow":"follow","max-snippet":"max-snippet:-1","max-image-preview":"max-image-preview:large","max-video-preview":"max-video-preview:-1"},"canonical":"https:\/\/noticiasdefato.net\/?p=2346","og_locale":"pt_BR","og_type":"article","og_title":"ALFENAS: \"BARRANCO ALTO EST\u00c1 ABANDONADO PELO PREFEITO\" - Not\u00edcias de Fato","og_description":"Moradores reclamam de estrada de acesso ao bairo em p\u00e9ssimo estado de conserva\u00e7\u00e3o, e de obra de postinho de sa\u00fade que est\u00e1 abandonada.","og_url":"https:\/\/noticiasdefato.net\/?p=2346","og_site_name":"Not\u00edcias de Fato","article_publisher":"https:\/\/fb.com\/noticiasdefato.jornal","article_author":"http:\/\/fb.com\/\/noticiasdefato.jornal","article_published_time":"2025-01-08T11:46:56+00:00","article_modified_time":"2025-01-09T13:21:37+00:00","og_image":[{"width":1152,"height":864,"url":"https:\/\/noticiasdefato.net\/wp-content\/uploads\/2025\/01\/Imagem-do-WhatsApp-de-2025-01-08-as-08.09.07_a394b809.jpg","type":"image\/jpeg"}],"author":"Noticias de Fato","twitter_card":"summary_large_image","twitter_creator":"@https:\/\/twitter.com\/NoticiasDeFato_","twitter_site":"@noticiasdefato_","twitter_misc":{"Escrito por":"Noticias de Fato","Est. tempo de leitura":"3 minutos"},"schema":{"@context":"https:\/\/schema.org","@graph":[{"@type":"Article","@id":"https:\/\/noticiasdefato.net\/?p=2346#article","isPartOf":{"@id":"https:\/\/noticiasdefato.net\/?p=2346"},"author":{"name":"Noticias de Fato","@id":"https:\/\/noticiasdefato.net\/#\/schema\/person\/982ce60211d95acf059cd702aa260d08"},"headline":"ALFENAS: &#8220;BARRANCO ALTO EST\u00c1 ABANDONADO PELO PREFEITO&#8221;","datePublished":"2025-01-08T11:46:56+00:00","dateModified":"2025-01-09T13:21:37+00:00","mainEntityOfPage":{"@id":"https:\/\/noticiasdefato.net\/?p=2346"},"wordCount":234,"commentCount":0,"publisher":{"@id":"https:\/\/noticiasdefato.net\/#organization"},"image":{"@id":"https:\/\/noticiasdefato.net\/?p=2346#primaryimage"},"thumbnailUrl":"https:\/\/noticiasdefato.net\/wp-content\/uploads\/2025\/01\/Imagem-do-WhatsApp-de-2025-01-08-as-08.09.07_a394b809.jpg","articleSection":["Destaques","Geral"],"inLanguage":"pt-BR","potentialAction":[{"@type":"CommentAction","name":"Comment","target":["https:\/\/noticiasdefato.net\/?p=2346#respond"]}]},{"@type":"WebPage","@id":"https:\/\/noticiasdefato.net\/?p=2346","url":"https:\/\/noticiasdefato.net\/?p=2346","name":"ALFENAS: \"BARRANCO ALTO EST\u00c1 ABANDONADO PELO PREFEITO\" - Not\u00edcias de Fato","isPartOf":{"@id":"https:\/\/noticiasdefato.net\/#website"},"primaryImageOfPage":{"@id":"https:\/\/noticiasdefato.net\/?p=2346#primaryimage"},"image":{"@id":"https:\/\/noticiasdefato.net\/?p=2346#primaryimage"},"thumbnailUrl":"https:\/\/noticiasdefato.net\/wp-content\/uploads\/2025\/01\/Imagem-do-WhatsApp-de-2025-01-08-as-08.09.07_a394b809.jpg","datePublished":"2025-01-08T11:46:56+00:00","dateModified":"2025-01-09T13:21:37+00:00","description":"Moradores reclamam de estrada de acesso ao bairo em p\u00e9ssimo estado de conserva\u00e7\u00e3o, e de obra de postinho de sa\u00fade que est\u00e1 abandonada.","breadcrumb":{"@id":"https:\/\/noticiasdefato.net\/?p=2346#breadcrumb"},"inLanguage":"pt-BR","potentialAction":[{"@type":"ReadAction","target":["https:\/\/noticiasdefato.net\/?p=2346"]}]},{"@type":"ImageObject","inLanguage":"pt-BR","@id":"https:\/\/noticiasdefato.net\/?p=2346#primaryimage","url":"https:\/\/noticiasdefato.net\/wp-content\/uploads\/2025\/01\/Imagem-do-WhatsApp-de-2025-01-08-as-08.09.07_a394b809.jpg","contentUrl":"https:\/\/noticiasdefato.net\/wp-content\/uploads\/2025\/01\/Imagem-do-WhatsApp-de-2025-01-08-as-08.09.07_a394b809.jpg","width":1152,"height":864},{"@type":"BreadcrumbList","@id":"https:\/\/noticiasdefato.net\/?p=2346#breadcrumb","itemListElement":[{"@type":"ListItem","position":1,"name":"In\u00edcio","item":"https:\/\/noticiasdefato.net\/"},{"@type":"ListItem","position":2,"name":"ALFENAS: &#8220;BARRANCO ALTO EST\u00c1 ABANDONADO PELO PREFEITO&#8221;"}]},{"@type":"WebSite","@id":"https:\/\/noticiasdefato.net\/#website","url":"https:\/\/noticiasdefato.net\/","name":"Not\u00edcias de Fato","description":"Trabalhamos com honestidade, seriedade e com a verdade.","publisher":{"@id":"https:\/\/noticiasdefato.net\/#organization"},"potentialAction":[{"@type":"SearchAction","target":{"@type":"EntryPoint","urlTemplate":"https:\/\/noticiasdefato.net\/?s={search_term_string}"},"query-input":"required name=search_term_string"}],"inLanguage":"pt-BR"},{"@type":"Organization","@id":"https:\/\/noticiasdefato.net\/#organization","name":"Not\u00edcias de Fato","url":"https:\/\/noticiasdefato.net\/","logo":{"@type":"ImageObject","inLanguage":"pt-BR","@id":"https:\/\/noticiasdefato.net\/#\/schema\/logo\/image\/","url":"https:\/\/noticiasdefato.net\/wp-content\/uploads\/2024\/02\/cropped-logo_topo.png","contentUrl":"https:\/\/noticiasdefato.net\/wp-content\/uploads\/2024\/02\/cropped-logo_topo.png","width":1948,"height":665,"caption":"Not\u00edcias de Fato"},"image":{"@id":"https:\/\/noticiasdefato.net\/#\/schema\/logo\/image\/"},"sameAs":["https:\/\/fb.com\/noticiasdefato.jornal","https:\/\/x.com\/noticiasdefato_","https:\/\/instagram.com\/noticiasdefato.jornal","https:\/\/youtube.com\/@JornalNoticiasDeFato"]},{"@type":"Person","@id":"https:\/\/noticiasdefato.net\/#\/schema\/person\/982ce60211d95acf059cd702aa260d08","name":"Noticias de Fato","image":{"@type":"ImageObject","inLanguage":"pt-BR","@id":"https:\/\/noticiasdefato.net\/#\/schema\/person\/image\/","url":"https:\/\/secure.gravatar.com\/avatar\/700227fab2316f0366a1b5d4988d10f847249cf13293450527ac9553c994611a?s=96&d=mm&r=g","contentUrl":"https:\/\/secure.gravatar.com\/avatar\/700227fab2316f0366a1b5d4988d10f847249cf13293450527ac9553c994611a?s=96&d=mm&r=g","caption":"Noticias de Fato"},"sameAs":["https:\/\/noticiasdefato.net","http:\/\/fb.com\/\/noticiasdefato.jornal","https:\/\/x.com\/https:\/\/twitter.com\/NoticiasDeFato_"],"url":"https:\/\/noticiasdefato.net\/?author=1"}]}},"_links":{"self":[{"href":"https:\/\/noticiasdefato.net\/index.php?rest_route=\/wp\/v2\/posts\/2346","targetHints":{"allow":["GET"]}}],"collection":[{"href":"https:\/\/noticiasdefato.net\/index.php?rest_route=\/wp\/v2\/posts"}],"about":[{"href":"https:\/\/noticiasdefato.net\/index.php?rest_route=\/wp\/v2\/types\/post"}],"author":[{"embeddable":true,"href":"https:\/\/noticiasdefato.net\/index.php?rest_route=\/wp\/v2\/users\/1"}],"replies":[{"embeddable":true,"href":"https:\/\/noticiasdefato.net\/index.php?rest_route=%2Fwp%2Fv2%2Fcomments&post=2346"}],"version-history":[{"count":2,"href":"https:\/\/noticiasdefato.net\/index.php?rest_route=\/wp\/v2\/posts\/2346\/revisions"}],"predecessor-version":[{"id":2377,"href":"https:\/\/noticiasdefato.net\/index.php?rest_route=\/wp\/v2\/posts\/2346\/revisions\/2377"}],"wp:featuredmedia":[{"embeddable":true,"href":"https:\/\/noticiasdefato.net\/index.php?rest_route=\/wp\/v2\/media\/2349"}],"wp:attachment":[{"href":"https:\/\/noticiasdefato.net\/index.php?rest_route=%2Fwp%2Fv2%2Fmedia&parent=2346"}],"wp:term":[{"taxonomy":"category","embeddable":true,"href":"https:\/\/noticiasdefato.net\/index.php?rest_route=%2Fwp%2Fv2%2Fcategories&post=2346"},{"taxonomy":"post_tag","embeddable":true,"href":"https:\/\/noticiasdefato.net\/index.php?rest_route=%2Fwp%2Fv2%2Ftags&post=2346"}],"curies":[{"name":"wp","href":"https:\/\/api.w.org\/{rel}","templated":true}]}}